{"id":12936,"date":"2009-12-07T13:05:10","date_gmt":"2009-12-07T16:05:10","guid":{"rendered":"http:\/\/www.inclusive.org.br\/?p=12936"},"modified":"2009-12-07T13:05:10","modified_gmt":"2009-12-07T16:05:10","slug":"stevie-wonder-recebe-titulo-de-mensageiro-da-paz","status":"publish","type":"post","link":"https:\/\/inclusivenews.com.br\/?p=12936","title":{"rendered":"Stevie Wonder recebe t\u00edtulo de Mensageiro da Paz"},"content":{"rendered":"<p><em><\/p>\n<figure style=\"width: 175px\" class=\"wp-caption alignleft\"><img loading=\"lazy\" decoding=\"async\" title=\"Stevie Wonder\" src=\"http:\/\/downloads.unmultimedia.org\/cms\/radio\/content\/uploads\/2009\/12\/full\/stevie-wonder.jpg\" alt=\"Stevie Wonder\" width=\"175\" height=\"150\" \/><figcaption class=\"wp-caption-text\"> <\/figcaption><\/figure>\n<p style=\"text-align: justify;\">Daniela Traldi, da R\u00e1dio ONU em Nova York.<\/p>\n<p><\/em><\/p>\n<p style=\"text-align: justify;\">O cantor e compositor americano Stevie Wonder foi nomeado oficialmente nesta quinta-feira Mensageiro da Paz das Na\u00e7\u00f5es Unidas, em cerim\u00f4nia na sede da organiza\u00e7\u00e3o em Nova York.<\/p>\n<p style=\"text-align: justify;\">O evento, realizado no Dia Internacional das Pessoas com Defici\u00eancias, teve a participa\u00e7\u00e3o de representantes de governos, de ONGs, do Secret\u00e1rio-Geral da ONU, Ban Ki-moon, e da Alta Comiss\u00e1ria das Na\u00e7\u00f5es Unidas para Direitos Humanos, Navi Pillay.<\/p>\n<p><strong>Honra<\/strong><\/p>\n<p style=\"text-align: justify;\">Durante a cerim\u00f4nia Ban Ki-moon afirmou que Stevie Wonder \u00e9 amado ao redor do mundo e lembrou que ele \u00e9 muito mais do que uma estrela da m\u00fasica, com seu trabalho humanit\u00e1rio e como ativista.<\/p>\n<p>Wonder respondeu que estava honrado, que nunca imaginou receber a nomea\u00e7\u00e3o e que isso o inspira a trabalhar e fazer mais.<\/p>\n<p style=\"text-align: justify;\">Ele tamb\u00e9m disse que o momento atual \u00e9 de tristeza porque neste novo mil\u00eanio ainda existem pessoas que s\u00e3o tratadas injustamente por serem portadoras de defici\u00eancias.<\/p>\n<p style=\"text-align: justify;\">Crian\u00e7as de um coral de Nova York fizeram uma homenagem durante a nomea\u00e7\u00e3o e cantaram m\u00fasicas do artista.<\/p>\n<p><strong>Mensageiro<\/strong><\/p>\n<p style=\"text-align: justify;\">Stevie Wonder \u00e9 o 11\u00ba Mensageiro da Paz da ONU, ao lado de outros artistas, atletas, intelectuais e do escritor Paulo Coelho, \u00fanico brasileiro a integrar o grupo.<\/p>\n<p style=\"text-align: justify;\">Wonder \u00e9 cego desde o nascimento e ir\u00e1 advogar em benef\u00edcio das pessoas com defici\u00eancia, que somam 650 milh\u00f5es no mundo, de acordo com estimativa das Na\u00e7\u00f5es Unidas.<\/p>\n<p style=\"text-align: justify;\">_______________________________<\/p>\n<p style=\"text-align: justify;\"><strong>Fonte de informa\u00e7\u00e3o:<\/strong> <a href=\"http:\/\/www.unmultimedia.org\/radio\/portuguese\/detail\/173520.html\" target=\"_blank\" rel=\"noopener\">R\u00e1dio ONU <img loading=\"lazy\" decoding=\"async\" title=\"Link abrir\u00e1 em uma nova janela ou aba.\" src=\"http:\/\/www.inclusive.org.br\/images\/new_window.gif\" alt=\"Link abrir\u00e1 em uma nova janela ou aba.\" width=\"16\" height=\"14\" \/><\/a><\/p>\n","protected":false},"excerpt":{"rendered":"<p>Artista americano disse estar honrado com nomea\u00e7\u00e3o; cerim\u00f4nia oficial foi realizada nesta quinta-feira em Nova York, Dia Internacional das Pessoas com Defici\u00eancias.<\/p>\n","protected":false},"author":1,"featured_media":0,"comment_status":"open","ping_status":"open","sticky":false,"template":"","format":"standard","meta":{"site-container-style":"default","site-container-layout":"default","site-sidebar-layout":"default","disable-article-header":"default","disable-site-header":"default","disable-site-footer":"default","disable-content-area-spacing":"default","footnotes":""},"categories":[38,4],"tags":[],"class_list":["post-12936","post","type-post","status-publish","format-standard","hentry","category-deficiencia","category-noticias"],"yoast_head":"<!-- This site is optimized with the Yoast SEO plugin v27.4 - https:\/\/yoast.com\/product\/yoast-seo-wordpress\/ -->\n<title>Stevie Wonder recebe t\u00edtulo de Mensageiro da Paz -<\/title>\n<meta name=\"robots\" content=\"index, follow, max-snippet:-1, max-image-preview:large, max-video-preview:-1\" \/>\n<link rel=\"canonical\" href=\"https:\/\/inclusivenews.com.br\/?p=12936\" \/>\n<meta property=\"og:locale\" content=\"pt_PT\" \/>\n<meta property=\"og:type\" content=\"article\" \/>\n<meta property=\"og:title\" content=\"Stevie Wonder recebe t\u00edtulo de Mensageiro da Paz -\" \/>\n<meta property=\"og:description\" content=\"Artista americano disse estar honrado com nomea\u00e7\u00e3o; cerim\u00f4nia oficial foi realizada nesta quinta-feira em Nova York, Dia Internacional das Pessoas com Defici\u00eancias.\" \/>\n<meta property=\"og:url\" content=\"https:\/\/inclusivenews.com.br\/?p=12936\" \/>\n<meta property=\"article:publisher\" content=\"https:\/\/www.facebook.com\/agenciainclusive\/\" \/>\n<meta property=\"article:published_time\" content=\"2009-12-07T16:05:10+00:00\" \/>\n<meta property=\"og:image\" content=\"http:\/\/downloads.unmultimedia.org\/cms\/radio\/content\/uploads\/2009\/12\/full\/stevie-wonder.jpg\" \/>\n<meta name=\"author\" content=\"inclusivenews2024\" \/>\n<meta name=\"twitter:card\" content=\"summary_large_image\" \/>\n<meta name=\"twitter:label1\" content=\"Escrito por\" \/>\n\t<meta name=\"twitter:data1\" content=\"inclusivenews2024\" \/>\n\t<meta name=\"twitter:label2\" content=\"Tempo estimado de leitura\" \/>\n\t<meta name=\"twitter:data2\" content=\"1 minuto\" \/>\n<script type=\"application\/ld+json\" class=\"yoast-schema-graph\">{\"@context\":\"https:\\\/\\\/schema.org\",\"@graph\":[{\"@type\":\"Article\",\"@id\":\"https:\\\/\\\/inclusivenews.com.br\\\/?p=12936#article\",\"isPartOf\":{\"@id\":\"https:\\\/\\\/inclusivenews.com.br\\\/?p=12936\"},\"author\":{\"name\":\"inclusivenews2024\",\"@id\":\"https:\\\/\\\/inclusivenews.com.br\\\/#\\\/schema\\\/person\\\/ae4ec7087559b8692fb33b6fffd2273b\"},\"headline\":\"Stevie Wonder recebe t\u00edtulo de Mensageiro da Paz\",\"datePublished\":\"2009-12-07T16:05:10+00:00\",\"mainEntityOfPage\":{\"@id\":\"https:\\\/\\\/inclusivenews.com.br\\\/?p=12936\"},\"wordCount\":270,\"commentCount\":0,\"publisher\":{\"@id\":\"https:\\\/\\\/inclusivenews.com.br\\\/#organization\"},\"image\":{\"@id\":\"https:\\\/\\\/inclusivenews.com.br\\\/?p=12936#primaryimage\"},\"thumbnailUrl\":\"http:\\\/\\\/downloads.unmultimedia.org\\\/cms\\\/radio\\\/content\\\/uploads\\\/2009\\\/12\\\/full\\\/stevie-wonder.jpg\",\"articleSection\":[\"Defici\u00eancia\",\"NOT\u00cdCIAS\"],\"inLanguage\":\"pt-PT\",\"potentialAction\":[{\"@type\":\"CommentAction\",\"name\":\"Comment\",\"target\":[\"https:\\\/\\\/inclusivenews.com.br\\\/?p=12936#respond\"]}]},{\"@type\":\"WebPage\",\"@id\":\"https:\\\/\\\/inclusivenews.com.br\\\/?p=12936\",\"url\":\"https:\\\/\\\/inclusivenews.com.br\\\/?p=12936\",\"name\":\"Stevie Wonder recebe t\u00edtulo de Mensageiro da Paz -\",\"isPartOf\":{\"@id\":\"https:\\\/\\\/inclusivenews.com.br\\\/#website\"},\"primaryImageOfPage\":{\"@id\":\"https:\\\/\\\/inclusivenews.com.br\\\/?p=12936#primaryimage\"},\"image\":{\"@id\":\"https:\\\/\\\/inclusivenews.com.br\\\/?p=12936#primaryimage\"},\"thumbnailUrl\":\"http:\\\/\\\/downloads.unmultimedia.org\\\/cms\\\/radio\\\/content\\\/uploads\\\/2009\\\/12\\\/full\\\/stevie-wonder.jpg\",\"datePublished\":\"2009-12-07T16:05:10+00:00\",\"breadcrumb\":{\"@id\":\"https:\\\/\\\/inclusivenews.com.br\\\/?p=12936#breadcrumb\"},\"inLanguage\":\"pt-PT\",\"potentialAction\":[{\"@type\":\"ReadAction\",\"target\":[\"https:\\\/\\\/inclusivenews.com.br\\\/?p=12936\"]}]},{\"@type\":\"ImageObject\",\"inLanguage\":\"pt-PT\",\"@id\":\"https:\\\/\\\/inclusivenews.com.br\\\/?p=12936#primaryimage\",\"url\":\"http:\\\/\\\/downloads.unmultimedia.org\\\/cms\\\/radio\\\/content\\\/uploads\\\/2009\\\/12\\\/full\\\/stevie-wonder.jpg\",\"contentUrl\":\"http:\\\/\\\/downloads.unmultimedia.org\\\/cms\\\/radio\\\/content\\\/uploads\\\/2009\\\/12\\\/full\\\/stevie-wonder.jpg\"},{\"@type\":\"BreadcrumbList\",\"@id\":\"https:\\\/\\\/inclusivenews.com.br\\\/?p=12936#breadcrumb\",\"itemListElement\":[{\"@type\":\"ListItem\",\"position\":1,\"name\":\"In\u00edcio\",\"item\":\"https:\\\/\\\/inclusivenews.com.br\\\/\"},{\"@type\":\"ListItem\",\"position\":2,\"name\":\"Stevie Wonder recebe t\u00edtulo de Mensageiro da Paz\"}]},{\"@type\":\"WebSite\",\"@id\":\"https:\\\/\\\/inclusivenews.com.br\\\/#website\",\"url\":\"https:\\\/\\\/inclusivenews.com.br\\\/\",\"name\":\"Inclusive News\",\"description\":\"Inclusive News\",\"publisher\":{\"@id\":\"https:\\\/\\\/inclusivenews.com.br\\\/#organization\"},\"potentialAction\":[{\"@type\":\"SearchAction\",\"target\":{\"@type\":\"EntryPoint\",\"urlTemplate\":\"https:\\\/\\\/inclusivenews.com.br\\\/?s={search_term_string}\"},\"query-input\":{\"@type\":\"PropertyValueSpecification\",\"valueRequired\":true,\"valueName\":\"search_term_string\"}}],\"inLanguage\":\"pt-PT\"},{\"@type\":\"Organization\",\"@id\":\"https:\\\/\\\/inclusivenews.com.br\\\/#organization\",\"name\":\"Inclusive - inclus\u00e3o e cidadania\",\"url\":\"https:\\\/\\\/inclusivenews.com.br\\\/\",\"logo\":{\"@type\":\"ImageObject\",\"inLanguage\":\"pt-PT\",\"@id\":\"https:\\\/\\\/inclusivenews.com.br\\\/#\\\/schema\\\/logo\\\/image\\\/\",\"url\":\"https:\\\/\\\/inclusivenews.com.br\\\/wp-content\\\/uploads\\\/2024\\\/03\\\/@grandesite.png\",\"contentUrl\":\"https:\\\/\\\/inclusivenews.com.br\\\/wp-content\\\/uploads\\\/2024\\\/03\\\/@grandesite.png\",\"width\":1080,\"height\":1080,\"caption\":\"Inclusive - inclus\u00e3o e cidadania\"},\"image\":{\"@id\":\"https:\\\/\\\/inclusivenews.com.br\\\/#\\\/schema\\\/logo\\\/image\\\/\"},\"sameAs\":[\"https:\\\/\\\/www.facebook.com\\\/agenciainclusive\\\/\",\"https:\\\/\\\/www.instagram.com\\\/newsinclusive\\\/\"]},{\"@type\":\"Person\",\"@id\":\"https:\\\/\\\/inclusivenews.com.br\\\/#\\\/schema\\\/person\\\/ae4ec7087559b8692fb33b6fffd2273b\",\"name\":\"inclusivenews2024\",\"image\":{\"@type\":\"ImageObject\",\"inLanguage\":\"pt-PT\",\"@id\":\"https:\\\/\\\/secure.gravatar.com\\\/avatar\\\/c5a7ef84c66fa914f55bc4f7ce26cfa275a3b9a1c5568b907bd184fb4dde7b40?s=96&d=mm&r=g\",\"url\":\"https:\\\/\\\/secure.gravatar.com\\\/avatar\\\/c5a7ef84c66fa914f55bc4f7ce26cfa275a3b9a1c5568b907bd184fb4dde7b40?s=96&d=mm&r=g\",\"contentUrl\":\"https:\\\/\\\/secure.gravatar.com\\\/avatar\\\/c5a7ef84c66fa914f55bc4f7ce26cfa275a3b9a1c5568b907bd184fb4dde7b40?s=96&d=mm&r=g\",\"caption\":\"inclusivenews2024\"},\"sameAs\":[\"https:\\\/\\\/inclusivenews.com.br\"],\"url\":\"https:\\\/\\\/inclusivenews.com.br\\\/?author=1\"}]}<\/script>\n<!-- \/ Yoast SEO plugin. -->","yoast_head_json":{"title":"Stevie Wonder recebe t\u00edtulo de Mensageiro da Paz -","robots":{"index":"index","follow":"follow","max-snippet":"max-snippet:-1","max-image-preview":"max-image-preview:large","max-video-preview":"max-video-preview:-1"},"canonical":"https:\/\/inclusivenews.com.br\/?p=12936","og_locale":"pt_PT","og_type":"article","og_title":"Stevie Wonder recebe t\u00edtulo de Mensageiro da Paz -","og_description":"Artista americano disse estar honrado com nomea\u00e7\u00e3o; cerim\u00f4nia oficial foi realizada nesta quinta-feira em Nova York, Dia Internacional das Pessoas com Defici\u00eancias.","og_url":"https:\/\/inclusivenews.com.br\/?p=12936","article_publisher":"https:\/\/www.facebook.com\/agenciainclusive\/","article_published_time":"2009-12-07T16:05:10+00:00","og_image":[{"url":"http:\/\/downloads.unmultimedia.org\/cms\/radio\/content\/uploads\/2009\/12\/full\/stevie-wonder.jpg","type":"","width":"","height":""}],"author":"inclusivenews2024","twitter_card":"summary_large_image","twitter_misc":{"Escrito por":"inclusivenews2024","Tempo estimado de leitura":"1 minuto"},"schema":{"@context":"https:\/\/schema.org","@graph":[{"@type":"Article","@id":"https:\/\/inclusivenews.com.br\/?p=12936#article","isPartOf":{"@id":"https:\/\/inclusivenews.com.br\/?p=12936"},"author":{"name":"inclusivenews2024","@id":"https:\/\/inclusivenews.com.br\/#\/schema\/person\/ae4ec7087559b8692fb33b6fffd2273b"},"headline":"Stevie Wonder recebe t\u00edtulo de Mensageiro da Paz","datePublished":"2009-12-07T16:05:10+00:00","mainEntityOfPage":{"@id":"https:\/\/inclusivenews.com.br\/?p=12936"},"wordCount":270,"commentCount":0,"publisher":{"@id":"https:\/\/inclusivenews.com.br\/#organization"},"image":{"@id":"https:\/\/inclusivenews.com.br\/?p=12936#primaryimage"},"thumbnailUrl":"http:\/\/downloads.unmultimedia.org\/cms\/radio\/content\/uploads\/2009\/12\/full\/stevie-wonder.jpg","articleSection":["Defici\u00eancia","NOT\u00cdCIAS"],"inLanguage":"pt-PT","potentialAction":[{"@type":"CommentAction","name":"Comment","target":["https:\/\/inclusivenews.com.br\/?p=12936#respond"]}]},{"@type":"WebPage","@id":"https:\/\/inclusivenews.com.br\/?p=12936","url":"https:\/\/inclusivenews.com.br\/?p=12936","name":"Stevie Wonder recebe t\u00edtulo de Mensageiro da Paz -","isPartOf":{"@id":"https:\/\/inclusivenews.com.br\/#website"},"primaryImageOfPage":{"@id":"https:\/\/inclusivenews.com.br\/?p=12936#primaryimage"},"image":{"@id":"https:\/\/inclusivenews.com.br\/?p=12936#primaryimage"},"thumbnailUrl":"http:\/\/downloads.unmultimedia.org\/cms\/radio\/content\/uploads\/2009\/12\/full\/stevie-wonder.jpg","datePublished":"2009-12-07T16:05:10+00:00","breadcrumb":{"@id":"https:\/\/inclusivenews.com.br\/?p=12936#breadcrumb"},"inLanguage":"pt-PT","potentialAction":[{"@type":"ReadAction","target":["https:\/\/inclusivenews.com.br\/?p=12936"]}]},{"@type":"ImageObject","inLanguage":"pt-PT","@id":"https:\/\/inclusivenews.com.br\/?p=12936#primaryimage","url":"http:\/\/downloads.unmultimedia.org\/cms\/radio\/content\/uploads\/2009\/12\/full\/stevie-wonder.jpg","contentUrl":"http:\/\/downloads.unmultimedia.org\/cms\/radio\/content\/uploads\/2009\/12\/full\/stevie-wonder.jpg"},{"@type":"BreadcrumbList","@id":"https:\/\/inclusivenews.com.br\/?p=12936#breadcrumb","itemListElement":[{"@type":"ListItem","position":1,"name":"In\u00edcio","item":"https:\/\/inclusivenews.com.br\/"},{"@type":"ListItem","position":2,"name":"Stevie Wonder recebe t\u00edtulo de Mensageiro da Paz"}]},{"@type":"WebSite","@id":"https:\/\/inclusivenews.com.br\/#website","url":"https:\/\/inclusivenews.com.br\/","name":"Inclusive News","description":"Inclusive News","publisher":{"@id":"https:\/\/inclusivenews.com.br\/#organization"},"potentialAction":[{"@type":"SearchAction","target":{"@type":"EntryPoint","urlTemplate":"https:\/\/inclusivenews.com.br\/?s={search_term_string}"},"query-input":{"@type":"PropertyValueSpecification","valueRequired":true,"valueName":"search_term_string"}}],"inLanguage":"pt-PT"},{"@type":"Organization","@id":"https:\/\/inclusivenews.com.br\/#organization","name":"Inclusive - inclus\u00e3o e cidadania","url":"https:\/\/inclusivenews.com.br\/","logo":{"@type":"ImageObject","inLanguage":"pt-PT","@id":"https:\/\/inclusivenews.com.br\/#\/schema\/logo\/image\/","url":"https:\/\/inclusivenews.com.br\/wp-content\/uploads\/2024\/03\/@grandesite.png","contentUrl":"https:\/\/inclusivenews.com.br\/wp-content\/uploads\/2024\/03\/@grandesite.png","width":1080,"height":1080,"caption":"Inclusive - inclus\u00e3o e cidadania"},"image":{"@id":"https:\/\/inclusivenews.com.br\/#\/schema\/logo\/image\/"},"sameAs":["https:\/\/www.facebook.com\/agenciainclusive\/","https:\/\/www.instagram.com\/newsinclusive\/"]},{"@type":"Person","@id":"https:\/\/inclusivenews.com.br\/#\/schema\/person\/ae4ec7087559b8692fb33b6fffd2273b","name":"inclusivenews2024","image":{"@type":"ImageObject","inLanguage":"pt-PT","@id":"https:\/\/secure.gravatar.com\/avatar\/c5a7ef84c66fa914f55bc4f7ce26cfa275a3b9a1c5568b907bd184fb4dde7b40?s=96&d=mm&r=g","url":"https:\/\/secure.gravatar.com\/avatar\/c5a7ef84c66fa914f55bc4f7ce26cfa275a3b9a1c5568b907bd184fb4dde7b40?s=96&d=mm&r=g","contentUrl":"https:\/\/secure.gravatar.com\/avatar\/c5a7ef84c66fa914f55bc4f7ce26cfa275a3b9a1c5568b907bd184fb4dde7b40?s=96&d=mm&r=g","caption":"inclusivenews2024"},"sameAs":["https:\/\/inclusivenews.com.br"],"url":"https:\/\/inclusivenews.com.br\/?author=1"}]}},"_links":{"self":[{"href":"https:\/\/inclusivenews.com.br\/index.php?rest_route=\/wp\/v2\/posts\/12936","targetHints":{"allow":["GET"]}}],"collection":[{"href":"https:\/\/inclusivenews.com.br\/index.php?rest_route=\/wp\/v2\/posts"}],"about":[{"href":"https:\/\/inclusivenews.com.br\/index.php?rest_route=\/wp\/v2\/types\/post"}],"author":[{"embeddable":true,"href":"https:\/\/inclusivenews.com.br\/index.php?rest_route=\/wp\/v2\/users\/1"}],"replies":[{"embeddable":true,"href":"https:\/\/inclusivenews.com.br\/index.php?rest_route=%2Fwp%2Fv2%2Fcomments&post=12936"}],"version-history":[{"count":0,"href":"https:\/\/inclusivenews.com.br\/index.php?rest_route=\/wp\/v2\/posts\/12936\/revisions"}],"wp:attachment":[{"href":"https:\/\/inclusivenews.com.br\/index.php?rest_route=%2Fwp%2Fv2%2Fmedia&parent=12936"}],"wp:term":[{"taxonomy":"category","embeddable":true,"href":"https:\/\/inclusivenews.com.br\/index.php?rest_route=%2Fwp%2Fv2%2Fcategories&post=12936"},{"taxonomy":"post_tag","embeddable":true,"href":"https:\/\/inclusivenews.com.br\/index.php?rest_route=%2Fwp%2Fv2%2Ftags&post=12936"}],"curies":[{"name":"wp","href":"https:\/\/api.w.org\/{rel}","templated":true}]}}