{"id":12947,"date":"2009-12-08T07:00:34","date_gmt":"2009-12-08T10:00:34","guid":{"rendered":"http:\/\/www.inclusive.org.br\/?p=12947"},"modified":"2009-12-08T07:00:34","modified_gmt":"2009-12-08T10:00:34","slug":"o-caso-da-personagem-luciana-da-novela-viver-a-vida-reabilitacao-como-base-para-a-inclusao-da-pessoa-com-deficiencia","status":"publish","type":"post","link":"https:\/\/inclusivenews.com.br\/?p=12947","title":{"rendered":"O caso da personagem Luciana da novela \u201cViver a Vida\u201d \u2013 reabilita\u00e7\u00e3o como base para a inclus\u00e3o da pessoa com defici\u00eancia"},"content":{"rendered":"<figure id=\"attachment_12948\" aria-describedby=\"caption-attachment-12948\" style=\"width: 200px\" class=\"wp-caption alignleft\"><a href=\"http:\/\/www.inclusivenews.com.br\/wp-content\/uploads\/2009\/12\/paradigma.jpg\"><img loading=\"lazy\" decoding=\"async\" class=\"size-full wp-image-12948\" title=\"Instituto Paradigma = pessoas incluindo pessoas.\" src=\"http:\/\/inclusivenews.com.br\/wp-content\/uploads\/2009\/12\/paradigma.jpg\" alt=\"Instituto Paradigma = pessoas incluindo pessoas.\" width=\"200\" height=\"200\" \/><\/a><figcaption id=\"caption-attachment-12948\" class=\"wp-caption-text\"> <\/figcaption><\/figure>\n<p><strong>Fabiano Puhlmann Di Girolamo *<\/strong><\/p>\n<p style=\"text-align: justify;\">A personagem Luciana, da novela Viver a Vida, da Rede Globo, interpretada pela atriz Aline Moraes, tem de lidar com a tetraplegia ap\u00f3s um acidente de carro, trazendo para o hor\u00e1rio nobre da televis\u00e3o o tema da Inclus\u00e3o da Pessoa com Defici\u00eancia.<\/p>\n<p style=\"text-align: justify;\">Toda pessoa que tem uma incapacidade f\u00edsica ou problemas variados de locomo\u00e7\u00e3o e sensibilidade, em decorr\u00eancia de um acidente ou trauma, \u00e9 genericamente chamada de pessoa com defici\u00eancia f\u00edsica e deve buscar o maior grau poss\u00edvel de autonomia em todas as atividades que realiza.  Elevados graus de depend\u00eancia f\u00edsica somente s\u00e3o tolerados no per\u00edodo de interna\u00e7\u00e3o hospitalar.<\/p>\n<p style=\"text-align: justify;\">No caso da personagem Luciana, ela teve uma les\u00e3o medular na altura da quinta v\u00e9rtebra cervical, que comprimia o canal medular, comprometendo o movimento e a sensibilidade dos quatro membros.<\/p>\n<p style=\"text-align: justify;\">No momento em que escrevo este artigo, ela j\u00e1 foi operada para estabilizar a coluna e desobstruir o canal cervical, por\u00e9m, a regi\u00e3o da medula est\u00e1 muito inchada.<\/p>\n<p style=\"text-align: justify;\">Nesta fase, ela vai funcionar como tetrapl\u00e9gica e, at\u00e9 que o edema diminua, nenhum exame pode afirmar como de fato ficar\u00e1 sua medula e, consequentemente, como ficar\u00e3o sua sensibilidade, seus movimentos e seu grau de autonomia nas AVDS e AVPS (Atividades da vida di\u00e1ria e pr\u00e1tica como higiene, alimenta\u00e7\u00e3o, vestu\u00e1rio, etc. ).<\/p>\n<p style=\"text-align: justify;\">Estas inc\u00f3gnitas levam a pessoa a altos graus de ansiedade e frustra\u00e7\u00e3o, com estados variados de agressividade e depress\u00e3o. N\u00e3o \u00e9 nada f\u00e1cil ansiar por respostas que ningu\u00e9m tem.<\/p>\n<p style=\"text-align: justify;\">Na fase hospitalar, logo ap\u00f3s uma les\u00e3o medular cervical (fratura de pesco\u00e7o) a pessoa mergulha em um per\u00edodo muito turbulento de dor, sofrimento e frustra\u00e7\u00e3o.<\/p>\n<p style=\"text-align: justify;\">A bexiga e o intestino t\u00eam de ser estimulados a funcionar, a pessoa pode experimentar crises hipertensivas, infec\u00e7\u00f5es , desconforto, dor intensa na regi\u00e3o da fratura, dificuldade de respirar, pesadelos v\u00cdvidos alternados por epis\u00f3dios de ins\u00f4nia e uma sensa\u00e7\u00e3o de estranheza em rela\u00e7\u00e3o ao corpo.<\/p>\n<p style=\"text-align: justify;\">Luciana \u00e9 uma modelo. Vai ser uma experi\u00eancia dif\u00edcil ver seu t\u00f4nus muscular desaparecer, suas unhas ficarem quebradi\u00e7as, sua pele ficar seca e junto com tudo isto n\u00e3o conseguir se mexer sozinha. Esta fase \u00e9 um verdadeiro teste de resist\u00eancia para a pessoa e sua fam\u00edlia .<\/p>\n<p style=\"text-align: justify;\">Ainda n\u00e3o chegou a hora de fazer o luto, o indiv\u00edduo ainda n\u00e3o sabe o que perdeu e o que pode recuperar.  A melhor forma de lidar com esta fase \u00e9 tentar manter o corpo e a mente saud\u00e1veis atrav\u00e9s da reabilita\u00e7\u00e3o. A pessoa n\u00e3o pode ficar parada, deve fazer fisioterapia respirat\u00f3ria, cinesiologia e alongamento conduzido, terapia ocupacional para trabalhar o controle de tronco e readquirir habilidade para autonomia na higiene, alimenta\u00e7\u00e3o e vestu\u00e1rio.<\/p>\n<p style=\"text-align: justify;\">O t\u00f4nus muscular pode se mantido, por exemplo, com o uso frequente do FES (estimula\u00e7\u00e3o el\u00e9trica funcional), aparelho que estimula os m\u00fasculos a se contra\u00edrem, mantendo a tonicidade, por meio de impulsos el\u00e9tricos.<\/p>\n<p style=\"text-align: justify;\">H\u00e1 tamb\u00e9m o tratamento com t\u00e9cnicas do biofeedback (usado por fisioterapeutas e psic\u00f3logos para a pessoa reaprender a controlar movimentos  e restabelecer o contato profundo com o corpo via sistema nervoso central e aut\u00f4nomo).<\/p>\n<p style=\"text-align: justify;\">A terapia no meio liquido, mais conhecida como hidroterapia, al\u00e9m de trabalhar o corpo inteiro, ir\u00e1 potencializar a recupera\u00e7\u00e3o, trazendo ganhos emocionais devido \u00e0 capacidade de relaxamento que a \u00e1gua quente propicia.<\/p>\n<p style=\"text-align: justify;\">\u00c9 muito comum que a pessoa acidentada busque respostas na dimens\u00e3o espiritual e religiosa. Esta procura por respostas e at\u00e9 por al\u00edvio emocional-espiritual pode at\u00e9 ser ben\u00e9fica, desde que a pessoa se mantenha serena, confiante e com os p\u00e9s no ch\u00e3o. Dependendo da vontade e necessidade, a pessoa deve retomar sua rotina, estudar, trabalhar, passear, encontrar amigos.<\/p>\n<p style=\"text-align: justify;\">Tudo ser\u00e1 feito de forma gradual, usando de ajudas t\u00e9cnicas e apoios sempre que necess\u00e1rio.  Ajudas t\u00e9cnicas ou tecnologia assistiva  s\u00e3o compostas de recursos tecnol\u00f3gicos ou servi\u00e7os que proporcionam ou ampliam habilidades funcionais de pessoas com defici\u00eancia, promovendo a equipara\u00e7\u00e3o de oportunidades.  Englobam as \u00e1reas de higiene, vestu\u00e1rio, alimenta\u00e7\u00e3o (por exemplo: barras de transfer\u00eancia para sanit\u00e1rios, adaptadores para utens\u00edlios dom\u00e9sticos).<\/p>\n<p style=\"text-align: justify;\">Uma pessoa com defici\u00eancia sonha com a aquisi\u00e7\u00e3o de autonomia e uma ajuda t\u00e9cnica pode aumentar sua autoestima e facilitar a conviv\u00eancia. Uma t\u00e1bua de transfer\u00eancia, por exemplo, cria condi\u00e7\u00f5es para a pessoa sair de casa, passar para a cama sozinho ou com pouca ajuda, fazer viagens .<\/p>\n<p style=\"text-align: justify;\">Com o tempo e a autonomia conquistada depois de muita luta, valorizando suas pequenas e grandes aquisi\u00e7\u00f5es, com muito apoio da fam\u00edlia e da sociedade, a pessoa com defici\u00eancia f\u00edsica, como a personagem da novela, encara as limita\u00e7\u00f5es de modo positivo.<\/p>\n<p style=\"text-align: justify;\"><strong>CADEIRA DE RODAS: PONTE PARA A AUTONOMIA<\/strong><\/p>\n<p style=\"text-align: justify;\">Como exemplo, podemos falar da cadeira de rodas.  As pessoas, de  modo geral, t\u00eam uma vis\u00e3o distorcida da cadeira de rodas. Quando olham uma pessoa na cadeira de rodas, pensam que a pessoa est\u00e1 presa, e n\u00e3o percebem  que com a cadeira de rodas \u00e9 que a pessoa adquire a liberdade de ir e vir, dada a sua import\u00e2ncia para autonomia, liberdade e inclus\u00e3o econ\u00f4mica e educacional da pessoa com defici\u00eancia .<\/p>\n<p style=\"text-align: justify;\">Uma cadeira de rodas segue normas de ergonomia e prescri\u00e7\u00f5es terap\u00eauticas unindo ci\u00eancias da sa\u00fade e tecnologia da reabilita\u00e7\u00e3o. Quando as medidas est\u00e3o corretas, melhora a postura,  favorece os movimentos e evita dores e inc\u00f4modos.<\/p>\n<p style=\"text-align: justify;\">Estar bem sentado em uma cadeira de rodas favorece a autoestima, pois a pessoa com defici\u00eancia f\u00edsica expressa uma postura saud\u00e1vel e confort\u00e1vel.<\/p>\n<p style=\"text-align: justify;\">Hoje as cadeiras de rodas podem ser coloridas, expressando melhor os sentimentos e escolhas das pessoas. Existem cadeiras tipicamente femininas, cadeiras infantis, cadeiras radicais e cadeiras para ocasi\u00f5es formais.<\/p>\n<p style=\"text-align: justify;\">Quando temos uma cadeira de rodas  podemos sair, dan\u00e7ar, trabalhar, estudar. Quando n\u00e3o temos, restringimos nossos movimentos e, neste caso, estamos realmente presos, mesmo quando temos a condi\u00e7\u00e3o de usar muletas, bengalas e andadores, ainda sim n\u00e3o conseguimos a liberdade que a velocidade das rodas proporcionam.<\/p>\n<p style=\"text-align: justify;\">Com a cadeira de rodas nossas m\u00e3os est\u00e3o livres para abra\u00e7ar  e cumprimentar. Mesmo quando n\u00e3o temos movimento nas m\u00e3os, temos a possibilidade de ser tocados e manipulados melhor em uma cadeira de rodas.<\/p>\n<p style=\"text-align: justify;\">A cadeira de rodas \u00e9 a ponte para autonomia, para quem precisa se transportar sobre 4 rodas, \u00e9 a express\u00e3o da liberdade.<\/p>\n<p style=\"text-align: justify;\">Conduzir uma cadeira de rodas, seja pelo aro de propuls\u00e3o das rodas traseiras, seja pelas manoplas de uma bicicleta para cadeirantes, ou por  um acionador autom\u00e1tico, no caso das cadeiras motorizadas, \u00e9 sempre uma experi\u00eancia de express\u00e3o, movimento e vida independente.<\/p>\n<p style=\"text-align: justify;\">Somente depois de muito lutar pela recupera\u00e7\u00e3o plena &#8211; no m\u00ednimo dois anos &#8211; a pr\u00f3pria pessoa vai tendo no\u00e7\u00e3o de seus limites atuais, de suas sequelas definitivas, suas perdas irrecuper\u00e1veis e a necessidade de se despedir do passado, n\u00e3o se incomodando com os olhares de compaix\u00e3o e piedade que muitas pessoas continuam a direcionar para ela.<\/p>\n<p style=\"text-align: justify;\">Com o aprendizado di\u00e1rio do enfrentamento da vida, a pessoa com defici\u00eancia f\u00edsica percebe que o olhar das pessoas reflete o seu, que cada um de n\u00f3s  espelha no outro sua autoimagem: se estiver com pena de si pr\u00f3prio ,ser\u00e1 tratado como um coitado, um perdedor um derrotado.<\/p>\n<p style=\"text-align: justify;\">A supera\u00e7\u00e3o cont\u00ednua dos desafios di\u00e1rios cria uma aura de vencedor que cativa as pessoas, pois reflete uma pessoa com defici\u00eancia que conseguiu redefinir seus objetivos, sair \u00e0s ruas para ir atr\u00e1s de seus sonhos.<\/p>\n<p style=\"text-align: justify;\">Para uma pessoa com defici\u00eancia f\u00edsica, como a personagem Luciana,  possa ter melhor qualidade de vida ela ter\u00e1 que se dedicar \u00e0 Reabilita\u00e7\u00e3o, inclus\u00e3o profissional, educacional e afetivo- sexual.<\/p>\n<p style=\"text-align: justify;\"><strong>Viver a Vida<\/strong> com intensidade, vontade e a certeza de que se est\u00e1  sempre progredindo e que as limita\u00e7\u00f5es f\u00edsicas chegar\u00e3o para todos, mais cedo ou mais tarde, na maturidade.<\/p>\n<p style=\"text-align: justify;\">O importante \u00e9 n\u00e3o deixar os sonhos engavetados e n\u00e3o desistir de se superar continuamente.<\/p>\n<p style=\"text-align: justify;\"><strong>___________________________<\/strong><\/p>\n<p style=\"text-align: justify;\"><strong>* Fabiano Puhlmann Di Girolamo<\/strong><\/p>\n<p style=\"text-align: justify;\">Psic\u00f3logo formado pela Universidade S\u00e3o Marcos; Psicoterapeuta Junguiano pela EPPA ; Especialista em Psicologia Hospitalar da Reabilita\u00e7\u00e3o pela Faculdade de Medicina da USP; Master em Integra\u00e7\u00e3o de pessoas com Defici\u00eancia, pela Universidade  de Salamanca, Espanha; Especialista em Reabilita\u00e7\u00e3o pela Secretaria de Sa\u00fade do Estado de S\u00e3o Paulo; Especialista em Sexualidade Humana pelo Instituto H. Ellis e Instituto Kaplan; Coordenador do servi\u00e7o de Psicologia da IBNL (Instituto Beneficente Nosso Lar); Educador Sexual pela Sociedade Brasileira de Sexualidade Humana e Faculdade de Medicina do ABC; Membro do Corpo Docente do Curso de P\u00f3s-gradua\u00e7\u00e3o da SBRASH e da Faculdade de Medicina do ABC; Consultor do Instituto Paradigma na \u00e1rea de Inclus\u00e3o social da pessoa com defici\u00eancia; MBA em Gest\u00e3o de Entidades do Terceiro Setor pelo GESC-USP<\/p>\n","protected":false},"excerpt":{"rendered":"<p>A personagem Luciana, da novela Viver a Vida, da Rede Globo, interpretada pela atriz Aline Moraes, tem de lidar com a tetraplegia ap\u00f3s um acidente de carro, trazendo para o hor\u00e1rio nobre da televis\u00e3o o tema da inclus\u00e3o da pessoa com defici\u00eancia.<\/p>\n","protected":false},"author":1,"featured_media":0,"comment_status":"open","ping_status":"open","sticky":false,"template":"","format":"standard","meta":{"site-container-style":"default","site-container-layout":"default","site-sidebar-layout":"default","disable-article-header":"default","disable-site-header":"default","disable-site-footer":"default","disable-content-area-spacing":"default","footnotes":""},"categories":[36,38,48,8],"tags":[],"class_list":["post-12947","post","type-post","status-publish","format-standard","hentry","category-colunas-especiais","category-deficiencia","category-inclusao","category-textos-e-artigos"],"yoast_head":"<!-- This site is optimized with the Yoast SEO plugin v27.4 - https:\/\/yoast.com\/product\/yoast-seo-wordpress\/ -->\n<title>O caso da personagem Luciana da novela \u201cViver a Vida\u201d \u2013 reabilita\u00e7\u00e3o como base para a inclus\u00e3o da pessoa com defici\u00eancia -<\/title>\n<meta name=\"robots\" content=\"index, follow, max-snippet:-1, max-image-preview:large, max-video-preview:-1\" \/>\n<link rel=\"canonical\" href=\"https:\/\/inclusivenews.com.br\/?p=12947\" \/>\n<meta property=\"og:locale\" content=\"pt_PT\" \/>\n<meta property=\"og:type\" content=\"article\" \/>\n<meta property=\"og:title\" content=\"O caso da personagem Luciana da novela \u201cViver a Vida\u201d \u2013 reabilita\u00e7\u00e3o como base para a inclus\u00e3o da pessoa com defici\u00eancia -\" \/>\n<meta property=\"og:description\" content=\"A personagem Luciana, da novela Viver a Vida, da Rede Globo, interpretada pela atriz Aline Moraes, tem de lidar com a tetraplegia ap\u00f3s um acidente de carro, trazendo para o hor\u00e1rio nobre da televis\u00e3o o tema da inclus\u00e3o da pessoa com defici\u00eancia.\" \/>\n<meta property=\"og:url\" content=\"https:\/\/inclusivenews.com.br\/?p=12947\" \/>\n<meta property=\"article:publisher\" content=\"https:\/\/www.facebook.com\/agenciainclusive\/\" \/>\n<meta property=\"article:published_time\" content=\"2009-12-08T10:00:34+00:00\" \/>\n<meta property=\"og:image\" content=\"http:\/\/inclusivenews.com.br\/wp-content\/uploads\/2009\/12\/paradigma.jpg\" \/>\n<meta name=\"author\" content=\"inclusivenews2024\" \/>\n<meta name=\"twitter:card\" content=\"summary_large_image\" \/>\n<meta name=\"twitter:label1\" content=\"Escrito por\" \/>\n\t<meta name=\"twitter:data1\" content=\"inclusivenews2024\" \/>\n\t<meta name=\"twitter:label2\" content=\"Tempo estimado de leitura\" \/>\n\t<meta name=\"twitter:data2\" content=\"8 minutos\" \/>\n<script type=\"application\/ld+json\" class=\"yoast-schema-graph\">{\"@context\":\"https:\\\/\\\/schema.org\",\"@graph\":[{\"@type\":\"Article\",\"@id\":\"https:\\\/\\\/inclusivenews.com.br\\\/?p=12947#article\",\"isPartOf\":{\"@id\":\"https:\\\/\\\/inclusivenews.com.br\\\/?p=12947\"},\"author\":{\"name\":\"inclusivenews2024\",\"@id\":\"https:\\\/\\\/inclusivenews.com.br\\\/#\\\/schema\\\/person\\\/ae4ec7087559b8692fb33b6fffd2273b\"},\"headline\":\"O caso da personagem Luciana da novela \u201cViver a Vida\u201d \u2013 reabilita\u00e7\u00e3o como base para a inclus\u00e3o da pessoa com defici\u00eancia\",\"datePublished\":\"2009-12-08T10:00:34+00:00\",\"mainEntityOfPage\":{\"@id\":\"https:\\\/\\\/inclusivenews.com.br\\\/?p=12947\"},\"wordCount\":1577,\"commentCount\":3,\"publisher\":{\"@id\":\"https:\\\/\\\/inclusivenews.com.br\\\/#organization\"},\"image\":{\"@id\":\"https:\\\/\\\/inclusivenews.com.br\\\/?p=12947#primaryimage\"},\"thumbnailUrl\":\"http:\\\/\\\/inclusivenews.com.br\\\/wp-content\\\/uploads\\\/2009\\\/12\\\/paradigma.jpg\",\"articleSection\":[\"Colunas especiais\",\"Defici\u00eancia\",\"INCLUS\u00c3O SOCIAL\",\"OPINI\u00c3O\"],\"inLanguage\":\"pt-PT\",\"potentialAction\":[{\"@type\":\"CommentAction\",\"name\":\"Comment\",\"target\":[\"https:\\\/\\\/inclusivenews.com.br\\\/?p=12947#respond\"]}]},{\"@type\":\"WebPage\",\"@id\":\"https:\\\/\\\/inclusivenews.com.br\\\/?p=12947\",\"url\":\"https:\\\/\\\/inclusivenews.com.br\\\/?p=12947\",\"name\":\"O caso da personagem Luciana da novela \u201cViver a Vida\u201d \u2013 reabilita\u00e7\u00e3o como base para a inclus\u00e3o da pessoa com defici\u00eancia -\",\"isPartOf\":{\"@id\":\"https:\\\/\\\/inclusivenews.com.br\\\/#website\"},\"primaryImageOfPage\":{\"@id\":\"https:\\\/\\\/inclusivenews.com.br\\\/?p=12947#primaryimage\"},\"image\":{\"@id\":\"https:\\\/\\\/inclusivenews.com.br\\\/?p=12947#primaryimage\"},\"thumbnailUrl\":\"http:\\\/\\\/inclusivenews.com.br\\\/wp-content\\\/uploads\\\/2009\\\/12\\\/paradigma.jpg\",\"datePublished\":\"2009-12-08T10:00:34+00:00\",\"breadcrumb\":{\"@id\":\"https:\\\/\\\/inclusivenews.com.br\\\/?p=12947#breadcrumb\"},\"inLanguage\":\"pt-PT\",\"potentialAction\":[{\"@type\":\"ReadAction\",\"target\":[\"https:\\\/\\\/inclusivenews.com.br\\\/?p=12947\"]}]},{\"@type\":\"ImageObject\",\"inLanguage\":\"pt-PT\",\"@id\":\"https:\\\/\\\/inclusivenews.com.br\\\/?p=12947#primaryimage\",\"url\":\"\",\"contentUrl\":\"\"},{\"@type\":\"BreadcrumbList\",\"@id\":\"https:\\\/\\\/inclusivenews.com.br\\\/?p=12947#breadcrumb\",\"itemListElement\":[{\"@type\":\"ListItem\",\"position\":1,\"name\":\"In\u00edcio\",\"item\":\"https:\\\/\\\/inclusivenews.com.br\\\/\"},{\"@type\":\"ListItem\",\"position\":2,\"name\":\"O caso da personagem Luciana da novela \u201cViver a Vida\u201d \u2013 reabilita\u00e7\u00e3o como base para a inclus\u00e3o da pessoa com defici\u00eancia\"}]},{\"@type\":\"WebSite\",\"@id\":\"https:\\\/\\\/inclusivenews.com.br\\\/#website\",\"url\":\"https:\\\/\\\/inclusivenews.com.br\\\/\",\"name\":\"Inclusive News\",\"description\":\"Inclusive News\",\"publisher\":{\"@id\":\"https:\\\/\\\/inclusivenews.com.br\\\/#organization\"},\"potentialAction\":[{\"@type\":\"SearchAction\",\"target\":{\"@type\":\"EntryPoint\",\"urlTemplate\":\"https:\\\/\\\/inclusivenews.com.br\\\/?s={search_term_string}\"},\"query-input\":{\"@type\":\"PropertyValueSpecification\",\"valueRequired\":true,\"valueName\":\"search_term_string\"}}],\"inLanguage\":\"pt-PT\"},{\"@type\":\"Organization\",\"@id\":\"https:\\\/\\\/inclusivenews.com.br\\\/#organization\",\"name\":\"Inclusive - inclus\u00e3o e cidadania\",\"url\":\"https:\\\/\\\/inclusivenews.com.br\\\/\",\"logo\":{\"@type\":\"ImageObject\",\"inLanguage\":\"pt-PT\",\"@id\":\"https:\\\/\\\/inclusivenews.com.br\\\/#\\\/schema\\\/logo\\\/image\\\/\",\"url\":\"https:\\\/\\\/inclusivenews.com.br\\\/wp-content\\\/uploads\\\/2024\\\/03\\\/@grandesite.png\",\"contentUrl\":\"https:\\\/\\\/inclusivenews.com.br\\\/wp-content\\\/uploads\\\/2024\\\/03\\\/@grandesite.png\",\"width\":1080,\"height\":1080,\"caption\":\"Inclusive - inclus\u00e3o e cidadania\"},\"image\":{\"@id\":\"https:\\\/\\\/inclusivenews.com.br\\\/#\\\/schema\\\/logo\\\/image\\\/\"},\"sameAs\":[\"https:\\\/\\\/www.facebook.com\\\/agenciainclusive\\\/\",\"https:\\\/\\\/www.instagram.com\\\/newsinclusive\\\/\"]},{\"@type\":\"Person\",\"@id\":\"https:\\\/\\\/inclusivenews.com.br\\\/#\\\/schema\\\/person\\\/ae4ec7087559b8692fb33b6fffd2273b\",\"name\":\"inclusivenews2024\",\"image\":{\"@type\":\"ImageObject\",\"inLanguage\":\"pt-PT\",\"@id\":\"https:\\\/\\\/secure.gravatar.com\\\/avatar\\\/c5a7ef84c66fa914f55bc4f7ce26cfa275a3b9a1c5568b907bd184fb4dde7b40?s=96&d=mm&r=g\",\"url\":\"https:\\\/\\\/secure.gravatar.com\\\/avatar\\\/c5a7ef84c66fa914f55bc4f7ce26cfa275a3b9a1c5568b907bd184fb4dde7b40?s=96&d=mm&r=g\",\"contentUrl\":\"https:\\\/\\\/secure.gravatar.com\\\/avatar\\\/c5a7ef84c66fa914f55bc4f7ce26cfa275a3b9a1c5568b907bd184fb4dde7b40?s=96&d=mm&r=g\",\"caption\":\"inclusivenews2024\"},\"sameAs\":[\"https:\\\/\\\/inclusivenews.com.br\"],\"url\":\"https:\\\/\\\/inclusivenews.com.br\\\/?author=1\"}]}<\/script>\n<!-- \/ Yoast SEO plugin. -->","yoast_head_json":{"title":"O caso da personagem Luciana da novela \u201cViver a Vida\u201d \u2013 reabilita\u00e7\u00e3o como base para a inclus\u00e3o da pessoa com defici\u00eancia -","robots":{"index":"index","follow":"follow","max-snippet":"max-snippet:-1","max-image-preview":"max-image-preview:large","max-video-preview":"max-video-preview:-1"},"canonical":"https:\/\/inclusivenews.com.br\/?p=12947","og_locale":"pt_PT","og_type":"article","og_title":"O caso da personagem Luciana da novela \u201cViver a Vida\u201d \u2013 reabilita\u00e7\u00e3o como base para a inclus\u00e3o da pessoa com defici\u00eancia -","og_description":"A personagem Luciana, da novela Viver a Vida, da Rede Globo, interpretada pela atriz Aline Moraes, tem de lidar com a tetraplegia ap\u00f3s um acidente de carro, trazendo para o hor\u00e1rio nobre da televis\u00e3o o tema da inclus\u00e3o da pessoa com defici\u00eancia.","og_url":"https:\/\/inclusivenews.com.br\/?p=12947","article_publisher":"https:\/\/www.facebook.com\/agenciainclusive\/","article_published_time":"2009-12-08T10:00:34+00:00","og_image":[{"url":"http:\/\/inclusivenews.com.br\/wp-content\/uploads\/2009\/12\/paradigma.jpg","type":"","width":"","height":""}],"author":"inclusivenews2024","twitter_card":"summary_large_image","twitter_misc":{"Escrito por":"inclusivenews2024","Tempo estimado de leitura":"8 minutos"},"schema":{"@context":"https:\/\/schema.org","@graph":[{"@type":"Article","@id":"https:\/\/inclusivenews.com.br\/?p=12947#article","isPartOf":{"@id":"https:\/\/inclusivenews.com.br\/?p=12947"},"author":{"name":"inclusivenews2024","@id":"https:\/\/inclusivenews.com.br\/#\/schema\/person\/ae4ec7087559b8692fb33b6fffd2273b"},"headline":"O caso da personagem Luciana da novela \u201cViver a Vida\u201d \u2013 reabilita\u00e7\u00e3o como base para a inclus\u00e3o da pessoa com defici\u00eancia","datePublished":"2009-12-08T10:00:34+00:00","mainEntityOfPage":{"@id":"https:\/\/inclusivenews.com.br\/?p=12947"},"wordCount":1577,"commentCount":3,"publisher":{"@id":"https:\/\/inclusivenews.com.br\/#organization"},"image":{"@id":"https:\/\/inclusivenews.com.br\/?p=12947#primaryimage"},"thumbnailUrl":"http:\/\/inclusivenews.com.br\/wp-content\/uploads\/2009\/12\/paradigma.jpg","articleSection":["Colunas especiais","Defici\u00eancia","INCLUS\u00c3O SOCIAL","OPINI\u00c3O"],"inLanguage":"pt-PT","potentialAction":[{"@type":"CommentAction","name":"Comment","target":["https:\/\/inclusivenews.com.br\/?p=12947#respond"]}]},{"@type":"WebPage","@id":"https:\/\/inclusivenews.com.br\/?p=12947","url":"https:\/\/inclusivenews.com.br\/?p=12947","name":"O caso da personagem Luciana da novela \u201cViver a Vida\u201d \u2013 reabilita\u00e7\u00e3o como base para a inclus\u00e3o da pessoa com defici\u00eancia -","isPartOf":{"@id":"https:\/\/inclusivenews.com.br\/#website"},"primaryImageOfPage":{"@id":"https:\/\/inclusivenews.com.br\/?p=12947#primaryimage"},"image":{"@id":"https:\/\/inclusivenews.com.br\/?p=12947#primaryimage"},"thumbnailUrl":"http:\/\/inclusivenews.com.br\/wp-content\/uploads\/2009\/12\/paradigma.jpg","datePublished":"2009-12-08T10:00:34+00:00","breadcrumb":{"@id":"https:\/\/inclusivenews.com.br\/?p=12947#breadcrumb"},"inLanguage":"pt-PT","potentialAction":[{"@type":"ReadAction","target":["https:\/\/inclusivenews.com.br\/?p=12947"]}]},{"@type":"ImageObject","inLanguage":"pt-PT","@id":"https:\/\/inclusivenews.com.br\/?p=12947#primaryimage","url":"","contentUrl":""},{"@type":"BreadcrumbList","@id":"https:\/\/inclusivenews.com.br\/?p=12947#breadcrumb","itemListElement":[{"@type":"ListItem","position":1,"name":"In\u00edcio","item":"https:\/\/inclusivenews.com.br\/"},{"@type":"ListItem","position":2,"name":"O caso da personagem Luciana da novela \u201cViver a Vida\u201d \u2013 reabilita\u00e7\u00e3o como base para a inclus\u00e3o da pessoa com defici\u00eancia"}]},{"@type":"WebSite","@id":"https:\/\/inclusivenews.com.br\/#website","url":"https:\/\/inclusivenews.com.br\/","name":"Inclusive News","description":"Inclusive News","publisher":{"@id":"https:\/\/inclusivenews.com.br\/#organization"},"potentialAction":[{"@type":"SearchAction","target":{"@type":"EntryPoint","urlTemplate":"https:\/\/inclusivenews.com.br\/?s={search_term_string}"},"query-input":{"@type":"PropertyValueSpecification","valueRequired":true,"valueName":"search_term_string"}}],"inLanguage":"pt-PT"},{"@type":"Organization","@id":"https:\/\/inclusivenews.com.br\/#organization","name":"Inclusive - inclus\u00e3o e cidadania","url":"https:\/\/inclusivenews.com.br\/","logo":{"@type":"ImageObject","inLanguage":"pt-PT","@id":"https:\/\/inclusivenews.com.br\/#\/schema\/logo\/image\/","url":"https:\/\/inclusivenews.com.br\/wp-content\/uploads\/2024\/03\/@grandesite.png","contentUrl":"https:\/\/inclusivenews.com.br\/wp-content\/uploads\/2024\/03\/@grandesite.png","width":1080,"height":1080,"caption":"Inclusive - inclus\u00e3o e cidadania"},"image":{"@id":"https:\/\/inclusivenews.com.br\/#\/schema\/logo\/image\/"},"sameAs":["https:\/\/www.facebook.com\/agenciainclusive\/","https:\/\/www.instagram.com\/newsinclusive\/"]},{"@type":"Person","@id":"https:\/\/inclusivenews.com.br\/#\/schema\/person\/ae4ec7087559b8692fb33b6fffd2273b","name":"inclusivenews2024","image":{"@type":"ImageObject","inLanguage":"pt-PT","@id":"https:\/\/secure.gravatar.com\/avatar\/c5a7ef84c66fa914f55bc4f7ce26cfa275a3b9a1c5568b907bd184fb4dde7b40?s=96&d=mm&r=g","url":"https:\/\/secure.gravatar.com\/avatar\/c5a7ef84c66fa914f55bc4f7ce26cfa275a3b9a1c5568b907bd184fb4dde7b40?s=96&d=mm&r=g","contentUrl":"https:\/\/secure.gravatar.com\/avatar\/c5a7ef84c66fa914f55bc4f7ce26cfa275a3b9a1c5568b907bd184fb4dde7b40?s=96&d=mm&r=g","caption":"inclusivenews2024"},"sameAs":["https:\/\/inclusivenews.com.br"],"url":"https:\/\/inclusivenews.com.br\/?author=1"}]}},"_links":{"self":[{"href":"https:\/\/inclusivenews.com.br\/index.php?rest_route=\/wp\/v2\/posts\/12947","targetHints":{"allow":["GET"]}}],"collection":[{"href":"https:\/\/inclusivenews.com.br\/index.php?rest_route=\/wp\/v2\/posts"}],"about":[{"href":"https:\/\/inclusivenews.com.br\/index.php?rest_route=\/wp\/v2\/types\/post"}],"author":[{"embeddable":true,"href":"https:\/\/inclusivenews.com.br\/index.php?rest_route=\/wp\/v2\/users\/1"}],"replies":[{"embeddable":true,"href":"https:\/\/inclusivenews.com.br\/index.php?rest_route=%2Fwp%2Fv2%2Fcomments&post=12947"}],"version-history":[{"count":0,"href":"https:\/\/inclusivenews.com.br\/index.php?rest_route=\/wp\/v2\/posts\/12947\/revisions"}],"wp:attachment":[{"href":"https:\/\/inclusivenews.com.br\/index.php?rest_route=%2Fwp%2Fv2%2Fmedia&parent=12947"}],"wp:term":[{"taxonomy":"category","embeddable":true,"href":"https:\/\/inclusivenews.com.br\/index.php?rest_route=%2Fwp%2Fv2%2Fcategories&post=12947"},{"taxonomy":"post_tag","embeddable":true,"href":"https:\/\/inclusivenews.com.br\/index.php?rest_route=%2Fwp%2Fv2%2Ftags&post=12947"}],"curies":[{"name":"wp","href":"https:\/\/api.w.org\/{rel}","templated":true}]}}