{"id":12950,"date":"2009-12-07T16:59:49","date_gmt":"2009-12-07T19:59:49","guid":{"rendered":"http:\/\/www.inclusive.org.br\/?p=12950"},"modified":"2009-12-07T16:59:49","modified_gmt":"2009-12-07T19:59:49","slug":"vamos-zerar-deficit-de-equipamentos-para-pessoas-com-deficiencia-ate-2011-diz-subsecretaria-nacional","status":"publish","type":"post","link":"https:\/\/inclusivenews.com.br\/?p=12950","title":{"rendered":"Vamos zerar d\u00e9ficit de equipamentos para pessoas com defici\u00eancia at\u00e9 2011, diz subsecret\u00e1ria nacional"},"content":{"rendered":"<figure style=\"width: 210px\" class=\"wp-caption alignleft\"><img loading=\"lazy\" decoding=\"async\" title=\"Izabel Maior\" src=\"http:\/\/n.i.uol.com.br\/ultnot\/0911\/izabel.jpg\" alt=\"Izabel Maior\" width=\"210\" height=\"321\" \/><figcaption class=\"wp-caption-text\"> <\/figcaption><\/figure>\n<p style=\"text-align: justify;\">Na semana passada houve uma mudan\u00e7a no organograma da Secretaria Especial de Direitos Humanos.<\/p>\n<p style=\"text-align: justify;\">A Coordenadoria para a Integra\u00e7\u00e3o da Pessoa portadora de Defici\u00eancia mudou de nome e de status: perdeu a palavra &#8220;portadora&#8221; e ganhou um degrau na escala de poder, passando a ser uma subsecretaria.<\/p>\n<p style=\"text-align: justify;\">No comando da nova subsecretaria est\u00e1 a m\u00e9dica Izabel Maior. Izabel, deficiente f\u00edsica, resultado de uma les\u00e3o na medula h\u00e1 tr\u00eas d\u00e9cadas, \u00e9 usu\u00e1ria de cadeira de rodas (embora consiga tamb\u00e9m se locomover com apoio de uma bengala, eventualmente).<\/p>\n<p style=\"text-align: justify;\">Izabel afirma que a situa\u00e7\u00e3o dos deficientes melhorou muito nos \u00faltimos anos. Entre os marcos dessa mudan\u00e7a, ela aponta a Constitui\u00e7\u00e3o de 1988, que concedeu uma s\u00e9rie de direitos \u00e0s pessoas com defici\u00eancia, o ano de 1993, quando o pa\u00eds come\u00e7ou a fabricar cadeira de rodas, e a agenda social para a \u00e1rea, de 2007.<\/p>\n<p style=\"text-align: justify;\">A agenda de 2007 identificou um n\u00famero de 1,058 milh\u00e3o de pessoas esperando equipamentos de sa\u00fade para deficientes f\u00edsicos &#8211; como cadeiras de rodas, apoios para cabe\u00e7a, lupas e aparelhos auditivos, entre outros &#8211; no Sistema \u00danico de Sa\u00fade. Segundo ela, os n\u00fameros apontam que esse d\u00e9ficit deve ser zerado at\u00e9 2011.<\/p>\n<p style=\"text-align: justify;\">Embora n\u00e3o seja respons\u00e1vel pela distribui\u00e7\u00e3o de equipamentos, a subsecretaria comandada por Izabel tem o papel de acompanhar e articular as pol\u00edticas para deficientes em diversas \u00e1reas do governo federal.<\/p>\n<p style=\"text-align: justify;\">Em entrevista ao UOL Not\u00edcias, Izabel Maior falou sobre a mudan\u00e7a de status da \u00e1rea, as dificuldades que enfrenta e a situa\u00e7\u00e3o das pol\u00edticas p\u00fablicas para deficientes f\u00edsicos na educa\u00e7\u00e3o, no mercado de trabalho, na previd\u00eancia social e na \u00e1rea da sa\u00fade.<\/p>\n<p style=\"text-align: justify;\"><strong><a href=\"http:\/\/noticias.bol.uol.com.br\/brasil\/2009\/12\/07\/vamos-zerar-deficit-de-equipamentos-para-pessoas-com-deficiencia-ate-2011-diz-subsecretaria-nacional.jhtm\" target=\"_blank\" rel=\"noopener\">Leia neste link a entrevista com Izabel Maior. <img loading=\"lazy\" decoding=\"async\" title=\"Link abrir\u00e1 em uma nova janela ou aba.\" src=\"http:\/\/www.inclusive.org.br\/images\/new_window.gif\" alt=\"Link abrir\u00e1 em uma nova janela ou aba.\" width=\"16\" height=\"14\" \/><\/a><\/strong><\/p>\n","protected":false},"excerpt":{"rendered":"<p>Em entrevista ao UOL Not\u00edcias, Izabel Maior falou sobre a mudan\u00e7a de status da \u00e1rea, as dificuldades que enfrenta e a situa\u00e7\u00e3o das pol\u00edticas p\u00fablicas para deficientes f\u00edsicos na educa\u00e7\u00e3o, no mercado de trabalho, na previd\u00eancia social e na \u00e1rea da sa\u00fade.<\/p>\n","protected":false},"author":1,"featured_media":0,"comment_status":"open","ping_status":"open","sticky":false,"template":"","format":"standard","meta":{"site-container-style":"default","site-container-layout":"default","site-sidebar-layout":"default","disable-article-header":"default","disable-site-header":"default","disable-site-footer":"default","disable-content-area-spacing":"default","footnotes":""},"categories":[38,42,48,4],"tags":[],"class_list":["post-12950","post","type-post","status-publish","format-standard","hentry","category-deficiencia","category-entrevista","category-inclusao","category-noticias"],"yoast_head":"<!-- This site is optimized with the Yoast SEO plugin v27.4 - https:\/\/yoast.com\/product\/yoast-seo-wordpress\/ -->\n<title>Vamos zerar d\u00e9ficit de equipamentos para pessoas com defici\u00eancia at\u00e9 2011, diz subsecret\u00e1ria nacional -<\/title>\n<meta name=\"robots\" content=\"index, follow, max-snippet:-1, max-image-preview:large, max-video-preview:-1\" \/>\n<link rel=\"canonical\" href=\"https:\/\/inclusivenews.com.br\/?p=12950\" \/>\n<meta property=\"og:locale\" content=\"pt_PT\" \/>\n<meta property=\"og:type\" content=\"article\" \/>\n<meta property=\"og:title\" content=\"Vamos zerar d\u00e9ficit de equipamentos para pessoas com defici\u00eancia at\u00e9 2011, diz subsecret\u00e1ria nacional -\" \/>\n<meta property=\"og:description\" content=\"Em entrevista ao UOL Not\u00edcias, Izabel Maior falou sobre a mudan\u00e7a de status da \u00e1rea, as dificuldades que enfrenta e a situa\u00e7\u00e3o das pol\u00edticas p\u00fablicas para deficientes f\u00edsicos na educa\u00e7\u00e3o, no mercado de trabalho, na previd\u00eancia social e na \u00e1rea da sa\u00fade.\" \/>\n<meta property=\"og:url\" content=\"https:\/\/inclusivenews.com.br\/?p=12950\" \/>\n<meta property=\"article:publisher\" content=\"https:\/\/www.facebook.com\/agenciainclusive\/\" \/>\n<meta property=\"article:published_time\" content=\"2009-12-07T19:59:49+00:00\" \/>\n<meta property=\"og:image\" content=\"http:\/\/n.i.uol.com.br\/ultnot\/0911\/izabel.jpg\" \/>\n<meta name=\"author\" content=\"inclusivenews2024\" \/>\n<meta name=\"twitter:card\" content=\"summary_large_image\" \/>\n<meta name=\"twitter:label1\" content=\"Escrito por\" \/>\n\t<meta name=\"twitter:data1\" content=\"inclusivenews2024\" \/>\n\t<meta name=\"twitter:label2\" content=\"Tempo estimado de leitura\" \/>\n\t<meta name=\"twitter:data2\" content=\"2 minutos\" \/>\n<script type=\"application\/ld+json\" class=\"yoast-schema-graph\">{\"@context\":\"https:\\\/\\\/schema.org\",\"@graph\":[{\"@type\":\"Article\",\"@id\":\"https:\\\/\\\/inclusivenews.com.br\\\/?p=12950#article\",\"isPartOf\":{\"@id\":\"https:\\\/\\\/inclusivenews.com.br\\\/?p=12950\"},\"author\":{\"name\":\"inclusivenews2024\",\"@id\":\"https:\\\/\\\/inclusivenews.com.br\\\/#\\\/schema\\\/person\\\/ae4ec7087559b8692fb33b6fffd2273b\"},\"headline\":\"Vamos zerar d\u00e9ficit de equipamentos para pessoas com defici\u00eancia at\u00e9 2011, diz subsecret\u00e1ria nacional\",\"datePublished\":\"2009-12-07T19:59:49+00:00\",\"mainEntityOfPage\":{\"@id\":\"https:\\\/\\\/inclusivenews.com.br\\\/?p=12950\"},\"wordCount\":327,\"commentCount\":0,\"publisher\":{\"@id\":\"https:\\\/\\\/inclusivenews.com.br\\\/#organization\"},\"image\":{\"@id\":\"https:\\\/\\\/inclusivenews.com.br\\\/?p=12950#primaryimage\"},\"thumbnailUrl\":\"http:\\\/\\\/n.i.uol.com.br\\\/ultnot\\\/0911\\\/izabel.jpg\",\"articleSection\":[\"Defici\u00eancia\",\"ENTREVISTAS\",\"INCLUS\u00c3O SOCIAL\",\"NOT\u00cdCIAS\"],\"inLanguage\":\"pt-PT\",\"potentialAction\":[{\"@type\":\"CommentAction\",\"name\":\"Comment\",\"target\":[\"https:\\\/\\\/inclusivenews.com.br\\\/?p=12950#respond\"]}]},{\"@type\":\"WebPage\",\"@id\":\"https:\\\/\\\/inclusivenews.com.br\\\/?p=12950\",\"url\":\"https:\\\/\\\/inclusivenews.com.br\\\/?p=12950\",\"name\":\"Vamos zerar d\u00e9ficit de equipamentos para pessoas com defici\u00eancia at\u00e9 2011, diz subsecret\u00e1ria nacional -\",\"isPartOf\":{\"@id\":\"https:\\\/\\\/inclusivenews.com.br\\\/#website\"},\"primaryImageOfPage\":{\"@id\":\"https:\\\/\\\/inclusivenews.com.br\\\/?p=12950#primaryimage\"},\"image\":{\"@id\":\"https:\\\/\\\/inclusivenews.com.br\\\/?p=12950#primaryimage\"},\"thumbnailUrl\":\"http:\\\/\\\/n.i.uol.com.br\\\/ultnot\\\/0911\\\/izabel.jpg\",\"datePublished\":\"2009-12-07T19:59:49+00:00\",\"breadcrumb\":{\"@id\":\"https:\\\/\\\/inclusivenews.com.br\\\/?p=12950#breadcrumb\"},\"inLanguage\":\"pt-PT\",\"potentialAction\":[{\"@type\":\"ReadAction\",\"target\":[\"https:\\\/\\\/inclusivenews.com.br\\\/?p=12950\"]}]},{\"@type\":\"ImageObject\",\"inLanguage\":\"pt-PT\",\"@id\":\"https:\\\/\\\/inclusivenews.com.br\\\/?p=12950#primaryimage\",\"url\":\"http:\\\/\\\/n.i.uol.com.br\\\/ultnot\\\/0911\\\/izabel.jpg\",\"contentUrl\":\"http:\\\/\\\/n.i.uol.com.br\\\/ultnot\\\/0911\\\/izabel.jpg\"},{\"@type\":\"BreadcrumbList\",\"@id\":\"https:\\\/\\\/inclusivenews.com.br\\\/?p=12950#breadcrumb\",\"itemListElement\":[{\"@type\":\"ListItem\",\"position\":1,\"name\":\"In\u00edcio\",\"item\":\"https:\\\/\\\/inclusivenews.com.br\\\/\"},{\"@type\":\"ListItem\",\"position\":2,\"name\":\"Vamos zerar d\u00e9ficit de equipamentos para pessoas com defici\u00eancia at\u00e9 2011, diz subsecret\u00e1ria nacional\"}]},{\"@type\":\"WebSite\",\"@id\":\"https:\\\/\\\/inclusivenews.com.br\\\/#website\",\"url\":\"https:\\\/\\\/inclusivenews.com.br\\\/\",\"name\":\"Inclusive News\",\"description\":\"Inclusive News\",\"publisher\":{\"@id\":\"https:\\\/\\\/inclusivenews.com.br\\\/#organization\"},\"potentialAction\":[{\"@type\":\"SearchAction\",\"target\":{\"@type\":\"EntryPoint\",\"urlTemplate\":\"https:\\\/\\\/inclusivenews.com.br\\\/?s={search_term_string}\"},\"query-input\":{\"@type\":\"PropertyValueSpecification\",\"valueRequired\":true,\"valueName\":\"search_term_string\"}}],\"inLanguage\":\"pt-PT\"},{\"@type\":\"Organization\",\"@id\":\"https:\\\/\\\/inclusivenews.com.br\\\/#organization\",\"name\":\"Inclusive - inclus\u00e3o e cidadania\",\"url\":\"https:\\\/\\\/inclusivenews.com.br\\\/\",\"logo\":{\"@type\":\"ImageObject\",\"inLanguage\":\"pt-PT\",\"@id\":\"https:\\\/\\\/inclusivenews.com.br\\\/#\\\/schema\\\/logo\\\/image\\\/\",\"url\":\"https:\\\/\\\/inclusivenews.com.br\\\/wp-content\\\/uploads\\\/2024\\\/03\\\/@grandesite.png\",\"contentUrl\":\"https:\\\/\\\/inclusivenews.com.br\\\/wp-content\\\/uploads\\\/2024\\\/03\\\/@grandesite.png\",\"width\":1080,\"height\":1080,\"caption\":\"Inclusive - inclus\u00e3o e cidadania\"},\"image\":{\"@id\":\"https:\\\/\\\/inclusivenews.com.br\\\/#\\\/schema\\\/logo\\\/image\\\/\"},\"sameAs\":[\"https:\\\/\\\/www.facebook.com\\\/agenciainclusive\\\/\",\"https:\\\/\\\/www.instagram.com\\\/newsinclusive\\\/\"]},{\"@type\":\"Person\",\"@id\":\"https:\\\/\\\/inclusivenews.com.br\\\/#\\\/schema\\\/person\\\/ae4ec7087559b8692fb33b6fffd2273b\",\"name\":\"inclusivenews2024\",\"image\":{\"@type\":\"ImageObject\",\"inLanguage\":\"pt-PT\",\"@id\":\"https:\\\/\\\/secure.gravatar.com\\\/avatar\\\/c5a7ef84c66fa914f55bc4f7ce26cfa275a3b9a1c5568b907bd184fb4dde7b40?s=96&d=mm&r=g\",\"url\":\"https:\\\/\\\/secure.gravatar.com\\\/avatar\\\/c5a7ef84c66fa914f55bc4f7ce26cfa275a3b9a1c5568b907bd184fb4dde7b40?s=96&d=mm&r=g\",\"contentUrl\":\"https:\\\/\\\/secure.gravatar.com\\\/avatar\\\/c5a7ef84c66fa914f55bc4f7ce26cfa275a3b9a1c5568b907bd184fb4dde7b40?s=96&d=mm&r=g\",\"caption\":\"inclusivenews2024\"},\"sameAs\":[\"https:\\\/\\\/inclusivenews.com.br\"],\"url\":\"https:\\\/\\\/inclusivenews.com.br\\\/?author=1\"}]}<\/script>\n<!-- \/ Yoast SEO plugin. -->","yoast_head_json":{"title":"Vamos zerar d\u00e9ficit de equipamentos para pessoas com defici\u00eancia at\u00e9 2011, diz subsecret\u00e1ria nacional -","robots":{"index":"index","follow":"follow","max-snippet":"max-snippet:-1","max-image-preview":"max-image-preview:large","max-video-preview":"max-video-preview:-1"},"canonical":"https:\/\/inclusivenews.com.br\/?p=12950","og_locale":"pt_PT","og_type":"article","og_title":"Vamos zerar d\u00e9ficit de equipamentos para pessoas com defici\u00eancia at\u00e9 2011, diz subsecret\u00e1ria nacional -","og_description":"Em entrevista ao UOL Not\u00edcias, Izabel Maior falou sobre a mudan\u00e7a de status da \u00e1rea, as dificuldades que enfrenta e a situa\u00e7\u00e3o das pol\u00edticas p\u00fablicas para deficientes f\u00edsicos na educa\u00e7\u00e3o, no mercado de trabalho, na previd\u00eancia social e na \u00e1rea da sa\u00fade.","og_url":"https:\/\/inclusivenews.com.br\/?p=12950","article_publisher":"https:\/\/www.facebook.com\/agenciainclusive\/","article_published_time":"2009-12-07T19:59:49+00:00","og_image":[{"url":"http:\/\/n.i.uol.com.br\/ultnot\/0911\/izabel.jpg","type":"","width":"","height":""}],"author":"inclusivenews2024","twitter_card":"summary_large_image","twitter_misc":{"Escrito por":"inclusivenews2024","Tempo estimado de leitura":"2 minutos"},"schema":{"@context":"https:\/\/schema.org","@graph":[{"@type":"Article","@id":"https:\/\/inclusivenews.com.br\/?p=12950#article","isPartOf":{"@id":"https:\/\/inclusivenews.com.br\/?p=12950"},"author":{"name":"inclusivenews2024","@id":"https:\/\/inclusivenews.com.br\/#\/schema\/person\/ae4ec7087559b8692fb33b6fffd2273b"},"headline":"Vamos zerar d\u00e9ficit de equipamentos para pessoas com defici\u00eancia at\u00e9 2011, diz subsecret\u00e1ria nacional","datePublished":"2009-12-07T19:59:49+00:00","mainEntityOfPage":{"@id":"https:\/\/inclusivenews.com.br\/?p=12950"},"wordCount":327,"commentCount":0,"publisher":{"@id":"https:\/\/inclusivenews.com.br\/#organization"},"image":{"@id":"https:\/\/inclusivenews.com.br\/?p=12950#primaryimage"},"thumbnailUrl":"http:\/\/n.i.uol.com.br\/ultnot\/0911\/izabel.jpg","articleSection":["Defici\u00eancia","ENTREVISTAS","INCLUS\u00c3O SOCIAL","NOT\u00cdCIAS"],"inLanguage":"pt-PT","potentialAction":[{"@type":"CommentAction","name":"Comment","target":["https:\/\/inclusivenews.com.br\/?p=12950#respond"]}]},{"@type":"WebPage","@id":"https:\/\/inclusivenews.com.br\/?p=12950","url":"https:\/\/inclusivenews.com.br\/?p=12950","name":"Vamos zerar d\u00e9ficit de equipamentos para pessoas com defici\u00eancia at\u00e9 2011, diz subsecret\u00e1ria nacional -","isPartOf":{"@id":"https:\/\/inclusivenews.com.br\/#website"},"primaryImageOfPage":{"@id":"https:\/\/inclusivenews.com.br\/?p=12950#primaryimage"},"image":{"@id":"https:\/\/inclusivenews.com.br\/?p=12950#primaryimage"},"thumbnailUrl":"http:\/\/n.i.uol.com.br\/ultnot\/0911\/izabel.jpg","datePublished":"2009-12-07T19:59:49+00:00","breadcrumb":{"@id":"https:\/\/inclusivenews.com.br\/?p=12950#breadcrumb"},"inLanguage":"pt-PT","potentialAction":[{"@type":"ReadAction","target":["https:\/\/inclusivenews.com.br\/?p=12950"]}]},{"@type":"ImageObject","inLanguage":"pt-PT","@id":"https:\/\/inclusivenews.com.br\/?p=12950#primaryimage","url":"http:\/\/n.i.uol.com.br\/ultnot\/0911\/izabel.jpg","contentUrl":"http:\/\/n.i.uol.com.br\/ultnot\/0911\/izabel.jpg"},{"@type":"BreadcrumbList","@id":"https:\/\/inclusivenews.com.br\/?p=12950#breadcrumb","itemListElement":[{"@type":"ListItem","position":1,"name":"In\u00edcio","item":"https:\/\/inclusivenews.com.br\/"},{"@type":"ListItem","position":2,"name":"Vamos zerar d\u00e9ficit de equipamentos para pessoas com defici\u00eancia at\u00e9 2011, diz subsecret\u00e1ria nacional"}]},{"@type":"WebSite","@id":"https:\/\/inclusivenews.com.br\/#website","url":"https:\/\/inclusivenews.com.br\/","name":"Inclusive News","description":"Inclusive News","publisher":{"@id":"https:\/\/inclusivenews.com.br\/#organization"},"potentialAction":[{"@type":"SearchAction","target":{"@type":"EntryPoint","urlTemplate":"https:\/\/inclusivenews.com.br\/?s={search_term_string}"},"query-input":{"@type":"PropertyValueSpecification","valueRequired":true,"valueName":"search_term_string"}}],"inLanguage":"pt-PT"},{"@type":"Organization","@id":"https:\/\/inclusivenews.com.br\/#organization","name":"Inclusive - inclus\u00e3o e cidadania","url":"https:\/\/inclusivenews.com.br\/","logo":{"@type":"ImageObject","inLanguage":"pt-PT","@id":"https:\/\/inclusivenews.com.br\/#\/schema\/logo\/image\/","url":"https:\/\/inclusivenews.com.br\/wp-content\/uploads\/2024\/03\/@grandesite.png","contentUrl":"https:\/\/inclusivenews.com.br\/wp-content\/uploads\/2024\/03\/@grandesite.png","width":1080,"height":1080,"caption":"Inclusive - inclus\u00e3o e cidadania"},"image":{"@id":"https:\/\/inclusivenews.com.br\/#\/schema\/logo\/image\/"},"sameAs":["https:\/\/www.facebook.com\/agenciainclusive\/","https:\/\/www.instagram.com\/newsinclusive\/"]},{"@type":"Person","@id":"https:\/\/inclusivenews.com.br\/#\/schema\/person\/ae4ec7087559b8692fb33b6fffd2273b","name":"inclusivenews2024","image":{"@type":"ImageObject","inLanguage":"pt-PT","@id":"https:\/\/secure.gravatar.com\/avatar\/c5a7ef84c66fa914f55bc4f7ce26cfa275a3b9a1c5568b907bd184fb4dde7b40?s=96&d=mm&r=g","url":"https:\/\/secure.gravatar.com\/avatar\/c5a7ef84c66fa914f55bc4f7ce26cfa275a3b9a1c5568b907bd184fb4dde7b40?s=96&d=mm&r=g","contentUrl":"https:\/\/secure.gravatar.com\/avatar\/c5a7ef84c66fa914f55bc4f7ce26cfa275a3b9a1c5568b907bd184fb4dde7b40?s=96&d=mm&r=g","caption":"inclusivenews2024"},"sameAs":["https:\/\/inclusivenews.com.br"],"url":"https:\/\/inclusivenews.com.br\/?author=1"}]}},"_links":{"self":[{"href":"https:\/\/inclusivenews.com.br\/index.php?rest_route=\/wp\/v2\/posts\/12950","targetHints":{"allow":["GET"]}}],"collection":[{"href":"https:\/\/inclusivenews.com.br\/index.php?rest_route=\/wp\/v2\/posts"}],"about":[{"href":"https:\/\/inclusivenews.com.br\/index.php?rest_route=\/wp\/v2\/types\/post"}],"author":[{"embeddable":true,"href":"https:\/\/inclusivenews.com.br\/index.php?rest_route=\/wp\/v2\/users\/1"}],"replies":[{"embeddable":true,"href":"https:\/\/inclusivenews.com.br\/index.php?rest_route=%2Fwp%2Fv2%2Fcomments&post=12950"}],"version-history":[{"count":0,"href":"https:\/\/inclusivenews.com.br\/index.php?rest_route=\/wp\/v2\/posts\/12950\/revisions"}],"wp:attachment":[{"href":"https:\/\/inclusivenews.com.br\/index.php?rest_route=%2Fwp%2Fv2%2Fmedia&parent=12950"}],"wp:term":[{"taxonomy":"category","embeddable":true,"href":"https:\/\/inclusivenews.com.br\/index.php?rest_route=%2Fwp%2Fv2%2Fcategories&post=12950"},{"taxonomy":"post_tag","embeddable":true,"href":"https:\/\/inclusivenews.com.br\/index.php?rest_route=%2Fwp%2Fv2%2Ftags&post=12950"}],"curies":[{"name":"wp","href":"https:\/\/api.w.org\/{rel}","templated":true}]}}