{"id":12955,"date":"2009-12-08T07:03:59","date_gmt":"2009-12-08T10:03:59","guid":{"rendered":"http:\/\/www.inclusive.org.br\/?p=12955"},"modified":"2009-12-08T07:03:59","modified_gmt":"2009-12-08T10:03:59","slug":"geracao-mudamundo-estimula-jovens-a-desenvolverem-projetos-sociais","status":"publish","type":"post","link":"https:\/\/inclusivenews.com.br\/?p=12955","title":{"rendered":"Gera\u00e7\u00e3o MudaMundo estimula jovens a desenvolverem projetos sociais"},"content":{"rendered":"<div id=\"mudaFonte\" style=\"text-align: justify;\"><a href=\"http:\/\/www.inclusivenews.com.br\/wp-content\/uploads\/2009\/12\/logo_front_pt-br.jpg\"><img loading=\"lazy\" decoding=\"async\" class=\"alignleft size-full wp-image-12956\" title=\"GERA\u00c7\u00c2O MUDAMUNDO\" src=\"http:\/\/inclusivenews.com.br\/wp-content\/uploads\/2009\/12\/logo_front_pt-br.jpg\" alt=\"GERA\u00c7\u00c2O MUDAMUNDO\" width=\"140\" height=\"110\" \/><\/a>Consolidado h\u00e1 tr\u00eas anos e atingindo todas as regi\u00f5es do Brasil, o projeto Gera\u00e7\u00e3o MudaMundo beneficia e d\u00e1 apoio aos jovens que tenham a transforma\u00e7\u00e3o social, como um desejos de suas vidas. A Ashoka, institui\u00e7\u00e3o idealizadora do projeto, busca parceria com empresas e outras entidades governamentais ou n\u00e3o, para atender a juventude, com idade entre 14 e 24 anos.Segundo Mafoane Odara Santos, Coordenadora Pedag\u00f3gica do MudaMundo, jovens de qualquer condi\u00e7\u00e3o social e financeira podem participar do projeto. &#8220;Qualquer jovem que tenha uma ideia de transforma\u00e7\u00e3o social. Apostamos na diversidade, pois ela \u00e9 uma riqueza&#8221;, afirma.<\/div>\n<p style=\"text-align: justify;\">O programa se desenvolve baseado em cinco pilares. O primeiro \u00e9 o educacional e o segundo \u00e9 o fortalecimento do protagonismo juvenil. No terceiro eixo s\u00e3o estimuladas e desenvolvidas as habilidades e compet\u00eancias. No quarto, diferentes atores trabalham juntos para fortalecerem a sociedade e, por fim, no quinto, como os jovens s\u00e3o percebidos pela sociedade.<\/p>\n<p style=\"text-align: justify;\">A partir desses pontos, a coordenadora diz que percebem que o desenvolvimento e o apoio dado aos jovens contribuem para eles aprenderem novos conhecimentos, ampliando sua rede de contato e amigos. &#8220;Os jovens acabam sendo mais conscientes de suas habilidades&#8221;, define.Por meio do est\u00edmulo das a\u00e7\u00f5es sociais transformadoras, o projeto atua em dez estados brasileiros. Atualmente, 4 mil jovens s\u00e3o beneficiados em cerca de 850 empreendimentos. Mafoane diz que a maioria dos jovens est\u00e1 concentrada no Nordeste. &#8220;Quase tr\u00eas mil jovens que participam do MudaMundo est\u00e3o no Nordeste&#8221;, informa.<\/p>\n<p style=\"text-align: justify;\">Os beneficiados s\u00e3o acompanhados por um per\u00edodo de um ano. Na primeira fase, que dura de cinco a seis meses, eles recebem aulas de prepara\u00e7\u00e3o e fazem o planejamento de seus projetos sociais. &#8220;O projeto pode ser para gerar renda ou n\u00e3o&#8221;, explica a coordenadora. Depois, eles apresentam seu projeto para uma banca e, se aprovado, recebem um financiamento de at\u00e9 R$ 1.200.<\/p>\n<p style=\"text-align: justify;\">Para 2010 outros estados devem compartilhar essa experi\u00eancia, como a Bahia, no Nordeste, e o Paran\u00e1, no Sul do Pa\u00eds. Mafoane finaliza dizendo que o MudaMundo \u00e9 &#8220;uma porta de conhecimento de novas experi\u00eancias, compet\u00eancias e habilidades&#8221;.<\/p>\n<p style=\"text-align: justify;\">Mais informa\u00e7\u00f5es pelo site: <a href=\"http:\/\/www.ashoka.org.br\">www.ashoka.org.br<\/a>.<\/p>\n<p style=\"text-align: justify;\">_______________________________<\/p>\n<p style=\"text-align: justify;\"><strong>Fonte de informa\u00e7\u00e3o:<\/strong> <a onclick=\"pageTracker._trackPageview('\/outbound\/article\/www.unmultimedia.org');\" href=\"http:\/\/www.adital.org.br\/site\/noticia.asp?lang=PT&amp;cod=43665\" target=\"_blank\" rel=\"noopener\">ADITAL<img loading=\"lazy\" decoding=\"async\" title=\"Link abrir\u00e1 em uma nova janela ou aba.\" src=\"http:\/\/www.inclusive.org.br\/images\/new_window.gif\" alt=\"Link abrir\u00e1 em uma nova janela ou aba.\" width=\"16\" height=\"14\" \/><\/a><\/p>\n","protected":false},"excerpt":{"rendered":"<p>&#8220;Qualquer jovem que tenha uma ideia de transforma\u00e7\u00e3o social. Apostamos na diversidade, pois ela \u00e9 uma riqueza&#8221;.<\/p>\n","protected":false},"author":1,"featured_media":0,"comment_status":"open","ping_status":"open","sticky":false,"template":"","format":"standard","meta":{"site-container-style":"default","site-container-layout":"default","site-sidebar-layout":"default","disable-article-header":"default","disable-site-header":"default","disable-site-footer":"default","disable-content-area-spacing":"default","footnotes":""},"categories":[56,4,49],"tags":[],"class_list":["post-12955","post","type-post","status-publish","format-standard","hentry","category-acoes-afirmativas","category-noticias","category-politicas-publicas"],"yoast_head":"<!-- This site is optimized with the Yoast SEO plugin v27.4 - https:\/\/yoast.com\/product\/yoast-seo-wordpress\/ -->\n<title>Gera\u00e7\u00e3o MudaMundo estimula jovens a desenvolverem projetos sociais -<\/title>\n<meta name=\"robots\" content=\"index, follow, max-snippet:-1, max-image-preview:large, max-video-preview:-1\" \/>\n<link rel=\"canonical\" href=\"https:\/\/inclusivenews.com.br\/?p=12955\" \/>\n<meta property=\"og:locale\" content=\"pt_PT\" \/>\n<meta property=\"og:type\" content=\"article\" \/>\n<meta property=\"og:title\" content=\"Gera\u00e7\u00e3o MudaMundo estimula jovens a desenvolverem projetos sociais -\" \/>\n<meta property=\"og:description\" content=\"&quot;Qualquer jovem que tenha uma ideia de transforma\u00e7\u00e3o social. Apostamos na diversidade, pois ela \u00e9 uma riqueza&quot;.\" \/>\n<meta property=\"og:url\" content=\"https:\/\/inclusivenews.com.br\/?p=12955\" \/>\n<meta property=\"article:publisher\" content=\"https:\/\/www.facebook.com\/agenciainclusive\/\" \/>\n<meta property=\"article:published_time\" content=\"2009-12-08T10:03:59+00:00\" \/>\n<meta property=\"og:image\" content=\"http:\/\/inclusivenews.com.br\/wp-content\/uploads\/2009\/12\/logo_front_pt-br.jpg\" \/>\n<meta name=\"author\" content=\"inclusivenews2024\" \/>\n<meta name=\"twitter:card\" content=\"summary_large_image\" \/>\n<meta name=\"twitter:label1\" content=\"Escrito por\" \/>\n\t<meta name=\"twitter:data1\" content=\"inclusivenews2024\" \/>\n\t<meta name=\"twitter:label2\" content=\"Tempo estimado de leitura\" \/>\n\t<meta name=\"twitter:data2\" content=\"2 minutos\" \/>\n<script type=\"application\/ld+json\" class=\"yoast-schema-graph\">{\"@context\":\"https:\\\/\\\/schema.org\",\"@graph\":[{\"@type\":\"Article\",\"@id\":\"https:\\\/\\\/inclusivenews.com.br\\\/?p=12955#article\",\"isPartOf\":{\"@id\":\"https:\\\/\\\/inclusivenews.com.br\\\/?p=12955\"},\"author\":{\"name\":\"inclusivenews2024\",\"@id\":\"https:\\\/\\\/inclusivenews.com.br\\\/#\\\/schema\\\/person\\\/ae4ec7087559b8692fb33b6fffd2273b\"},\"headline\":\"Gera\u00e7\u00e3o MudaMundo estimula jovens a desenvolverem projetos sociais\",\"datePublished\":\"2009-12-08T10:03:59+00:00\",\"mainEntityOfPage\":{\"@id\":\"https:\\\/\\\/inclusivenews.com.br\\\/?p=12955\"},\"wordCount\":379,\"commentCount\":0,\"publisher\":{\"@id\":\"https:\\\/\\\/inclusivenews.com.br\\\/#organization\"},\"image\":{\"@id\":\"https:\\\/\\\/inclusivenews.com.br\\\/?p=12955#primaryimage\"},\"thumbnailUrl\":\"http:\\\/\\\/inclusivenews.com.br\\\/wp-content\\\/uploads\\\/2009\\\/12\\\/logo_front_pt-br.jpg\",\"articleSection\":[\"A\u00e7\u00f5es afirmativas\",\"NOT\u00cdCIAS\",\"Pol\u00edticas p\u00fablicas\"],\"inLanguage\":\"pt-PT\",\"potentialAction\":[{\"@type\":\"CommentAction\",\"name\":\"Comment\",\"target\":[\"https:\\\/\\\/inclusivenews.com.br\\\/?p=12955#respond\"]}]},{\"@type\":\"WebPage\",\"@id\":\"https:\\\/\\\/inclusivenews.com.br\\\/?p=12955\",\"url\":\"https:\\\/\\\/inclusivenews.com.br\\\/?p=12955\",\"name\":\"Gera\u00e7\u00e3o MudaMundo estimula jovens a desenvolverem projetos sociais -\",\"isPartOf\":{\"@id\":\"https:\\\/\\\/inclusivenews.com.br\\\/#website\"},\"primaryImageOfPage\":{\"@id\":\"https:\\\/\\\/inclusivenews.com.br\\\/?p=12955#primaryimage\"},\"image\":{\"@id\":\"https:\\\/\\\/inclusivenews.com.br\\\/?p=12955#primaryimage\"},\"thumbnailUrl\":\"http:\\\/\\\/inclusivenews.com.br\\\/wp-content\\\/uploads\\\/2009\\\/12\\\/logo_front_pt-br.jpg\",\"datePublished\":\"2009-12-08T10:03:59+00:00\",\"breadcrumb\":{\"@id\":\"https:\\\/\\\/inclusivenews.com.br\\\/?p=12955#breadcrumb\"},\"inLanguage\":\"pt-PT\",\"potentialAction\":[{\"@type\":\"ReadAction\",\"target\":[\"https:\\\/\\\/inclusivenews.com.br\\\/?p=12955\"]}]},{\"@type\":\"ImageObject\",\"inLanguage\":\"pt-PT\",\"@id\":\"https:\\\/\\\/inclusivenews.com.br\\\/?p=12955#primaryimage\",\"url\":\"\",\"contentUrl\":\"\"},{\"@type\":\"BreadcrumbList\",\"@id\":\"https:\\\/\\\/inclusivenews.com.br\\\/?p=12955#breadcrumb\",\"itemListElement\":[{\"@type\":\"ListItem\",\"position\":1,\"name\":\"In\u00edcio\",\"item\":\"https:\\\/\\\/inclusivenews.com.br\\\/\"},{\"@type\":\"ListItem\",\"position\":2,\"name\":\"Gera\u00e7\u00e3o MudaMundo estimula jovens a desenvolverem projetos sociais\"}]},{\"@type\":\"WebSite\",\"@id\":\"https:\\\/\\\/inclusivenews.com.br\\\/#website\",\"url\":\"https:\\\/\\\/inclusivenews.com.br\\\/\",\"name\":\"Inclusive News\",\"description\":\"Inclusive News\",\"publisher\":{\"@id\":\"https:\\\/\\\/inclusivenews.com.br\\\/#organization\"},\"potentialAction\":[{\"@type\":\"SearchAction\",\"target\":{\"@type\":\"EntryPoint\",\"urlTemplate\":\"https:\\\/\\\/inclusivenews.com.br\\\/?s={search_term_string}\"},\"query-input\":{\"@type\":\"PropertyValueSpecification\",\"valueRequired\":true,\"valueName\":\"search_term_string\"}}],\"inLanguage\":\"pt-PT\"},{\"@type\":\"Organization\",\"@id\":\"https:\\\/\\\/inclusivenews.com.br\\\/#organization\",\"name\":\"Inclusive - inclus\u00e3o e cidadania\",\"url\":\"https:\\\/\\\/inclusivenews.com.br\\\/\",\"logo\":{\"@type\":\"ImageObject\",\"inLanguage\":\"pt-PT\",\"@id\":\"https:\\\/\\\/inclusivenews.com.br\\\/#\\\/schema\\\/logo\\\/image\\\/\",\"url\":\"https:\\\/\\\/inclusivenews.com.br\\\/wp-content\\\/uploads\\\/2024\\\/03\\\/@grandesite.png\",\"contentUrl\":\"https:\\\/\\\/inclusivenews.com.br\\\/wp-content\\\/uploads\\\/2024\\\/03\\\/@grandesite.png\",\"width\":1080,\"height\":1080,\"caption\":\"Inclusive - inclus\u00e3o e cidadania\"},\"image\":{\"@id\":\"https:\\\/\\\/inclusivenews.com.br\\\/#\\\/schema\\\/logo\\\/image\\\/\"},\"sameAs\":[\"https:\\\/\\\/www.facebook.com\\\/agenciainclusive\\\/\",\"https:\\\/\\\/www.instagram.com\\\/newsinclusive\\\/\"]},{\"@type\":\"Person\",\"@id\":\"https:\\\/\\\/inclusivenews.com.br\\\/#\\\/schema\\\/person\\\/ae4ec7087559b8692fb33b6fffd2273b\",\"name\":\"inclusivenews2024\",\"image\":{\"@type\":\"ImageObject\",\"inLanguage\":\"pt-PT\",\"@id\":\"https:\\\/\\\/secure.gravatar.com\\\/avatar\\\/c5a7ef84c66fa914f55bc4f7ce26cfa275a3b9a1c5568b907bd184fb4dde7b40?s=96&d=mm&r=g\",\"url\":\"https:\\\/\\\/secure.gravatar.com\\\/avatar\\\/c5a7ef84c66fa914f55bc4f7ce26cfa275a3b9a1c5568b907bd184fb4dde7b40?s=96&d=mm&r=g\",\"contentUrl\":\"https:\\\/\\\/secure.gravatar.com\\\/avatar\\\/c5a7ef84c66fa914f55bc4f7ce26cfa275a3b9a1c5568b907bd184fb4dde7b40?s=96&d=mm&r=g\",\"caption\":\"inclusivenews2024\"},\"sameAs\":[\"https:\\\/\\\/inclusivenews.com.br\"],\"url\":\"https:\\\/\\\/inclusivenews.com.br\\\/?author=1\"}]}<\/script>\n<!-- \/ Yoast SEO plugin. -->","yoast_head_json":{"title":"Gera\u00e7\u00e3o MudaMundo estimula jovens a desenvolverem projetos sociais -","robots":{"index":"index","follow":"follow","max-snippet":"max-snippet:-1","max-image-preview":"max-image-preview:large","max-video-preview":"max-video-preview:-1"},"canonical":"https:\/\/inclusivenews.com.br\/?p=12955","og_locale":"pt_PT","og_type":"article","og_title":"Gera\u00e7\u00e3o MudaMundo estimula jovens a desenvolverem projetos sociais -","og_description":"\"Qualquer jovem que tenha uma ideia de transforma\u00e7\u00e3o social. Apostamos na diversidade, pois ela \u00e9 uma riqueza\".","og_url":"https:\/\/inclusivenews.com.br\/?p=12955","article_publisher":"https:\/\/www.facebook.com\/agenciainclusive\/","article_published_time":"2009-12-08T10:03:59+00:00","og_image":[{"url":"http:\/\/inclusivenews.com.br\/wp-content\/uploads\/2009\/12\/logo_front_pt-br.jpg","type":"","width":"","height":""}],"author":"inclusivenews2024","twitter_card":"summary_large_image","twitter_misc":{"Escrito por":"inclusivenews2024","Tempo estimado de leitura":"2 minutos"},"schema":{"@context":"https:\/\/schema.org","@graph":[{"@type":"Article","@id":"https:\/\/inclusivenews.com.br\/?p=12955#article","isPartOf":{"@id":"https:\/\/inclusivenews.com.br\/?p=12955"},"author":{"name":"inclusivenews2024","@id":"https:\/\/inclusivenews.com.br\/#\/schema\/person\/ae4ec7087559b8692fb33b6fffd2273b"},"headline":"Gera\u00e7\u00e3o MudaMundo estimula jovens a desenvolverem projetos sociais","datePublished":"2009-12-08T10:03:59+00:00","mainEntityOfPage":{"@id":"https:\/\/inclusivenews.com.br\/?p=12955"},"wordCount":379,"commentCount":0,"publisher":{"@id":"https:\/\/inclusivenews.com.br\/#organization"},"image":{"@id":"https:\/\/inclusivenews.com.br\/?p=12955#primaryimage"},"thumbnailUrl":"http:\/\/inclusivenews.com.br\/wp-content\/uploads\/2009\/12\/logo_front_pt-br.jpg","articleSection":["A\u00e7\u00f5es afirmativas","NOT\u00cdCIAS","Pol\u00edticas p\u00fablicas"],"inLanguage":"pt-PT","potentialAction":[{"@type":"CommentAction","name":"Comment","target":["https:\/\/inclusivenews.com.br\/?p=12955#respond"]}]},{"@type":"WebPage","@id":"https:\/\/inclusivenews.com.br\/?p=12955","url":"https:\/\/inclusivenews.com.br\/?p=12955","name":"Gera\u00e7\u00e3o MudaMundo estimula jovens a desenvolverem projetos sociais -","isPartOf":{"@id":"https:\/\/inclusivenews.com.br\/#website"},"primaryImageOfPage":{"@id":"https:\/\/inclusivenews.com.br\/?p=12955#primaryimage"},"image":{"@id":"https:\/\/inclusivenews.com.br\/?p=12955#primaryimage"},"thumbnailUrl":"http:\/\/inclusivenews.com.br\/wp-content\/uploads\/2009\/12\/logo_front_pt-br.jpg","datePublished":"2009-12-08T10:03:59+00:00","breadcrumb":{"@id":"https:\/\/inclusivenews.com.br\/?p=12955#breadcrumb"},"inLanguage":"pt-PT","potentialAction":[{"@type":"ReadAction","target":["https:\/\/inclusivenews.com.br\/?p=12955"]}]},{"@type":"ImageObject","inLanguage":"pt-PT","@id":"https:\/\/inclusivenews.com.br\/?p=12955#primaryimage","url":"","contentUrl":""},{"@type":"BreadcrumbList","@id":"https:\/\/inclusivenews.com.br\/?p=12955#breadcrumb","itemListElement":[{"@type":"ListItem","position":1,"name":"In\u00edcio","item":"https:\/\/inclusivenews.com.br\/"},{"@type":"ListItem","position":2,"name":"Gera\u00e7\u00e3o MudaMundo estimula jovens a desenvolverem projetos sociais"}]},{"@type":"WebSite","@id":"https:\/\/inclusivenews.com.br\/#website","url":"https:\/\/inclusivenews.com.br\/","name":"Inclusive News","description":"Inclusive News","publisher":{"@id":"https:\/\/inclusivenews.com.br\/#organization"},"potentialAction":[{"@type":"SearchAction","target":{"@type":"EntryPoint","urlTemplate":"https:\/\/inclusivenews.com.br\/?s={search_term_string}"},"query-input":{"@type":"PropertyValueSpecification","valueRequired":true,"valueName":"search_term_string"}}],"inLanguage":"pt-PT"},{"@type":"Organization","@id":"https:\/\/inclusivenews.com.br\/#organization","name":"Inclusive - inclus\u00e3o e cidadania","url":"https:\/\/inclusivenews.com.br\/","logo":{"@type":"ImageObject","inLanguage":"pt-PT","@id":"https:\/\/inclusivenews.com.br\/#\/schema\/logo\/image\/","url":"https:\/\/inclusivenews.com.br\/wp-content\/uploads\/2024\/03\/@grandesite.png","contentUrl":"https:\/\/inclusivenews.com.br\/wp-content\/uploads\/2024\/03\/@grandesite.png","width":1080,"height":1080,"caption":"Inclusive - inclus\u00e3o e cidadania"},"image":{"@id":"https:\/\/inclusivenews.com.br\/#\/schema\/logo\/image\/"},"sameAs":["https:\/\/www.facebook.com\/agenciainclusive\/","https:\/\/www.instagram.com\/newsinclusive\/"]},{"@type":"Person","@id":"https:\/\/inclusivenews.com.br\/#\/schema\/person\/ae4ec7087559b8692fb33b6fffd2273b","name":"inclusivenews2024","image":{"@type":"ImageObject","inLanguage":"pt-PT","@id":"https:\/\/secure.gravatar.com\/avatar\/c5a7ef84c66fa914f55bc4f7ce26cfa275a3b9a1c5568b907bd184fb4dde7b40?s=96&d=mm&r=g","url":"https:\/\/secure.gravatar.com\/avatar\/c5a7ef84c66fa914f55bc4f7ce26cfa275a3b9a1c5568b907bd184fb4dde7b40?s=96&d=mm&r=g","contentUrl":"https:\/\/secure.gravatar.com\/avatar\/c5a7ef84c66fa914f55bc4f7ce26cfa275a3b9a1c5568b907bd184fb4dde7b40?s=96&d=mm&r=g","caption":"inclusivenews2024"},"sameAs":["https:\/\/inclusivenews.com.br"],"url":"https:\/\/inclusivenews.com.br\/?author=1"}]}},"_links":{"self":[{"href":"https:\/\/inclusivenews.com.br\/index.php?rest_route=\/wp\/v2\/posts\/12955","targetHints":{"allow":["GET"]}}],"collection":[{"href":"https:\/\/inclusivenews.com.br\/index.php?rest_route=\/wp\/v2\/posts"}],"about":[{"href":"https:\/\/inclusivenews.com.br\/index.php?rest_route=\/wp\/v2\/types\/post"}],"author":[{"embeddable":true,"href":"https:\/\/inclusivenews.com.br\/index.php?rest_route=\/wp\/v2\/users\/1"}],"replies":[{"embeddable":true,"href":"https:\/\/inclusivenews.com.br\/index.php?rest_route=%2Fwp%2Fv2%2Fcomments&post=12955"}],"version-history":[{"count":0,"href":"https:\/\/inclusivenews.com.br\/index.php?rest_route=\/wp\/v2\/posts\/12955\/revisions"}],"wp:attachment":[{"href":"https:\/\/inclusivenews.com.br\/index.php?rest_route=%2Fwp%2Fv2%2Fmedia&parent=12955"}],"wp:term":[{"taxonomy":"category","embeddable":true,"href":"https:\/\/inclusivenews.com.br\/index.php?rest_route=%2Fwp%2Fv2%2Fcategories&post=12955"},{"taxonomy":"post_tag","embeddable":true,"href":"https:\/\/inclusivenews.com.br\/index.php?rest_route=%2Fwp%2Fv2%2Ftags&post=12955"}],"curies":[{"name":"wp","href":"https:\/\/api.w.org\/{rel}","templated":true}]}}