{"id":12980,"date":"2009-12-09T06:00:04","date_gmt":"2009-12-09T09:00:04","guid":{"rendered":"http:\/\/www.inclusive.org.br\/?p=12980"},"modified":"2009-12-09T06:00:04","modified_gmt":"2009-12-09T09:00:04","slug":"relato-de-experiencia-profissional-com-aluno-com-autismo","status":"publish","type":"post","link":"https:\/\/inclusivenews.com.br\/?p=12980","title":{"rendered":"Relato de experi\u00eancia profissional com aluno com autismo"},"content":{"rendered":"<p><a href=\"http:\/\/www.inclusivenews.com.br\/wp-content\/uploads\/2009\/12\/participacao.jpg\"><img loading=\"lazy\" decoding=\"async\" class=\"size-full wp-image-12981 alignleft\" title=\"Inclusive - alunos fazendo arte e pinturas no ch\u00e3o.\" src=\"http:\/\/inclusivenews.com.br\/wp-content\/uploads\/2009\/12\/participacao.jpg\" alt=\"Inclusive - alunos fazendo arte e pinturas no ch\u00e3o.\" width=\"226\" height=\"168\" \/><\/a>Professora Myrian de Rezende Martins<br \/>\nPrefeitura de Tabo\u00e3o a Serra \u2013 EMI Franjinha\/ Nov-2009<\/p>\n<p style=\"text-align: justify;\">Minha experi\u00eancia com o aluno Pedro (autista) come\u00e7ou em 2008, quando juntamente com a Auxiliar de Desenvolvimento Infantil Ednea (N\u00e9a), recebemos na sala de Jardim II este aluno que, juntamente com os demais, necessitava de nosso carinho, dedica\u00e7\u00e3o, aten\u00e7\u00e3o e ensinamentos.<\/p>\n<p style=\"text-align: justify;\">O Pedro era diferente dos demais do grupo, pois, apesar dos seus 5 anos n\u00e3o falava , fugia da sala e n\u00e3o interagia com os demais colegas, mostrando uma extrema agita\u00e7\u00e3o .<\/p>\n<p style=\"text-align: justify;\">Ao longo do ano letivo eu e a N\u00e9a fomos juntas construindo saberes, pesquisando e conquistando o Pedro para que pudesse avan\u00e7ar, dentro de suas potencialidades. Nossa prioridade era que ele aprendesse a brincar, a interagir com os colegas e tamb\u00e9m que compreendesse as regras sociais  e a rotina da sala e da escola.<\/p>\n<p style=\"text-align: justify;\">Durante este tempo fui dialogando com a m\u00e3e sobre a import\u00e2ncia da integra\u00e7\u00e3o da fam\u00edlia com a escola e ela p\u00f4de me dar importantes dicas de como melhor agir com o Pedro.<\/p>\n<p style=\"text-align: justify;\">Os demais alunos se tornaram pequenos professores do Pedro e colaboravam conosco, ensinando e estimulando o Pedro a se envolver nas brincadeiras e demais atividades e ele a cada dia apresentava progressos e se integrava com as atividades e a rotina da escola.<\/p>\n<p style=\"text-align: justify;\">Ao final do ano, juntamente com a equipe de inclus\u00e3o da Secretaria de Educa\u00e7\u00e3o do munic\u00edpio foi decidido que o Pedro permaneceria por mais um ano na Educa\u00e7\u00e3o Infantil, de modo que pudesse desenvolver a linguagem oral, aperfei\u00e7oar o entrosamento social e tamb\u00e9m pudesse nos dar mais subs\u00eddios para que pud\u00e9ssemos contribuir ainda mais para o seu desenvolvimento cognitivo.<\/p>\n<p style=\"text-align: justify;\">Ao longo de 2009, pudemos colher de fato os frutos de um \u00e1rduo trabalho, envolvendo as pessoas que criaram v\u00ednculos, as a\u00e7\u00f5es \u00e0s vezes intuitivas, \u00e0s vezes pesquisadas, muitas observa\u00e7\u00f5es transformadas em a\u00e7\u00f5es, oferecendo ao aluno caminhos para o seu desenvolvimento. Atualmente o Pedro fala frases simples, interage melhor com os colegas e funcion\u00e1rios, participou da festa junina, dan\u00e7ando com a turma, o que emocionou a todos, reconhece seu nome e conta at\u00e9 10.<\/p>\n<p>Sua m\u00e3e \u00e9 muito participativa.<\/p>\n<p>Enfim, o Pedro \u00e9 um aluno que nos desafiou, mas que tamb\u00e9m nos trouxe a chance de perceber o quanto \u00e9 poss\u00edvel oferecer a estes alunos, que por tantas vezes s\u00e3o discriminados . O Pedro n\u00e3o s\u00f3 nos ofereceu a condi\u00e7\u00e3o de \u00a0 acreditar na inclus\u00e3o como tamb\u00e9m nos fez sentir educadores inclusivos, pois, como educadores somos t\u00e3o capazes que muitas vezes desconhecemos nosso potencial inclusivo. Enfatizo que sou professora sem especializa\u00e7\u00e3o em educa\u00e7\u00e3o especial, apenas acredito que \u00e9 poss\u00edvel dar a todos a mesma oportunidade! Assim como fizemos com o nosso Pedro.<\/p>\n<p>___________________________<\/p>\n<p><a href=\"http:\/\/www.inclusivenews.com.br\/wp-content\/uploads\/2009\/12\/Tabo\u00e3o-da-Serra-cidade-educadora.pdf\" target=\"_blank\" rel=\"noopener\">Saiba mais sobre Tabo\u00e3o da Serra e sua atua\u00e7\u00e3o na \u00e1rea educacional,<br \/>\natrav\u00e9s do relat\u00f3rio (abril de 2009) dispon\u00edvel neste link.\u00a0<img loading=\"lazy\" decoding=\"async\" title=\"Link abrir\u00e1 em uma nova janela ou aba.\" src=\"http:\/\/www.inclusive.org.br\/images\/new_window.gif\" alt=\"Link abrir\u00e1 em uma nova janela ou aba.\" width=\"16\" height=\"14\" \/><\/a><\/p>\n","protected":false},"excerpt":{"rendered":"<p>Conhe\u00e7a aqui o depoimento da Profa. Myrian de Rezende Martins em rela\u00e7\u00e3o a um aluno com autismo que passou a ser seu aluno em 2008 e tudo o que ocorreu a partir da\u00ed.<\/p>\n","protected":false},"author":1,"featured_media":0,"comment_status":"open","ping_status":"open","sticky":false,"template":"","format":"standard","meta":{"site-container-style":"default","site-container-layout":"default","site-sidebar-layout":"default","disable-article-header":"default","disable-site-header":"default","disable-site-footer":"default","disable-content-area-spacing":"default","footnotes":""},"categories":[36,38,48,8],"tags":[34],"class_list":["post-12980","post","type-post","status-publish","format-standard","hentry","category-colunas-especiais","category-deficiencia","category-inclusao","category-textos-e-artigos","tag-autismo"],"yoast_head":"<!-- This site is optimized with the Yoast SEO plugin v27.4 - https:\/\/yoast.com\/product\/yoast-seo-wordpress\/ -->\n<title>Relato de experi\u00eancia profissional com aluno com autismo -<\/title>\n<meta name=\"robots\" content=\"index, follow, max-snippet:-1, max-image-preview:large, max-video-preview:-1\" \/>\n<link rel=\"canonical\" href=\"https:\/\/inclusivenews.com.br\/?p=12980\" \/>\n<meta property=\"og:locale\" content=\"pt_PT\" \/>\n<meta property=\"og:type\" content=\"article\" \/>\n<meta property=\"og:title\" content=\"Relato de experi\u00eancia profissional com aluno com autismo -\" \/>\n<meta property=\"og:description\" content=\"Conhe\u00e7a aqui o depoimento da Profa. Myrian de Rezende Martins em rela\u00e7\u00e3o a um aluno com autismo que passou a ser seu aluno em 2008 e tudo o que ocorreu a partir da\u00ed.\" \/>\n<meta property=\"og:url\" content=\"https:\/\/inclusivenews.com.br\/?p=12980\" \/>\n<meta property=\"article:publisher\" content=\"https:\/\/www.facebook.com\/agenciainclusive\/\" \/>\n<meta property=\"article:published_time\" content=\"2009-12-09T09:00:04+00:00\" \/>\n<meta property=\"og:image\" content=\"http:\/\/inclusivenews.com.br\/wp-content\/uploads\/2009\/12\/participacao.jpg\" \/>\n<meta name=\"author\" content=\"inclusivenews2024\" \/>\n<meta name=\"twitter:card\" content=\"summary_large_image\" \/>\n<meta name=\"twitter:label1\" content=\"Escrito por\" \/>\n\t<meta name=\"twitter:data1\" content=\"inclusivenews2024\" \/>\n\t<meta name=\"twitter:label2\" content=\"Tempo estimado de leitura\" \/>\n\t<meta name=\"twitter:data2\" content=\"3 minutos\" \/>\n<script type=\"application\/ld+json\" class=\"yoast-schema-graph\">{\"@context\":\"https:\\\/\\\/schema.org\",\"@graph\":[{\"@type\":\"Article\",\"@id\":\"https:\\\/\\\/inclusivenews.com.br\\\/?p=12980#article\",\"isPartOf\":{\"@id\":\"https:\\\/\\\/inclusivenews.com.br\\\/?p=12980\"},\"author\":{\"name\":\"inclusivenews2024\",\"@id\":\"https:\\\/\\\/inclusivenews.com.br\\\/#\\\/schema\\\/person\\\/ae4ec7087559b8692fb33b6fffd2273b\"},\"headline\":\"Relato de experi\u00eancia profissional com aluno com autismo\",\"datePublished\":\"2009-12-09T09:00:04+00:00\",\"mainEntityOfPage\":{\"@id\":\"https:\\\/\\\/inclusivenews.com.br\\\/?p=12980\"},\"wordCount\":511,\"commentCount\":9,\"publisher\":{\"@id\":\"https:\\\/\\\/inclusivenews.com.br\\\/#organization\"},\"image\":{\"@id\":\"https:\\\/\\\/inclusivenews.com.br\\\/?p=12980#primaryimage\"},\"thumbnailUrl\":\"http:\\\/\\\/inclusivenews.com.br\\\/wp-content\\\/uploads\\\/2009\\\/12\\\/participacao.jpg\",\"keywords\":[\"Autismo\"],\"articleSection\":[\"Colunas especiais\",\"Defici\u00eancia\",\"INCLUS\u00c3O SOCIAL\",\"OPINI\u00c3O\"],\"inLanguage\":\"pt-PT\",\"potentialAction\":[{\"@type\":\"CommentAction\",\"name\":\"Comment\",\"target\":[\"https:\\\/\\\/inclusivenews.com.br\\\/?p=12980#respond\"]}]},{\"@type\":\"WebPage\",\"@id\":\"https:\\\/\\\/inclusivenews.com.br\\\/?p=12980\",\"url\":\"https:\\\/\\\/inclusivenews.com.br\\\/?p=12980\",\"name\":\"Relato de experi\u00eancia profissional com aluno com autismo -\",\"isPartOf\":{\"@id\":\"https:\\\/\\\/inclusivenews.com.br\\\/#website\"},\"primaryImageOfPage\":{\"@id\":\"https:\\\/\\\/inclusivenews.com.br\\\/?p=12980#primaryimage\"},\"image\":{\"@id\":\"https:\\\/\\\/inclusivenews.com.br\\\/?p=12980#primaryimage\"},\"thumbnailUrl\":\"http:\\\/\\\/inclusivenews.com.br\\\/wp-content\\\/uploads\\\/2009\\\/12\\\/participacao.jpg\",\"datePublished\":\"2009-12-09T09:00:04+00:00\",\"breadcrumb\":{\"@id\":\"https:\\\/\\\/inclusivenews.com.br\\\/?p=12980#breadcrumb\"},\"inLanguage\":\"pt-PT\",\"potentialAction\":[{\"@type\":\"ReadAction\",\"target\":[\"https:\\\/\\\/inclusivenews.com.br\\\/?p=12980\"]}]},{\"@type\":\"ImageObject\",\"inLanguage\":\"pt-PT\",\"@id\":\"https:\\\/\\\/inclusivenews.com.br\\\/?p=12980#primaryimage\",\"url\":\"\",\"contentUrl\":\"\"},{\"@type\":\"BreadcrumbList\",\"@id\":\"https:\\\/\\\/inclusivenews.com.br\\\/?p=12980#breadcrumb\",\"itemListElement\":[{\"@type\":\"ListItem\",\"position\":1,\"name\":\"In\u00edcio\",\"item\":\"https:\\\/\\\/inclusivenews.com.br\\\/\"},{\"@type\":\"ListItem\",\"position\":2,\"name\":\"Relato de experi\u00eancia profissional com aluno com autismo\"}]},{\"@type\":\"WebSite\",\"@id\":\"https:\\\/\\\/inclusivenews.com.br\\\/#website\",\"url\":\"https:\\\/\\\/inclusivenews.com.br\\\/\",\"name\":\"Inclusive News\",\"description\":\"Inclusive News\",\"publisher\":{\"@id\":\"https:\\\/\\\/inclusivenews.com.br\\\/#organization\"},\"potentialAction\":[{\"@type\":\"SearchAction\",\"target\":{\"@type\":\"EntryPoint\",\"urlTemplate\":\"https:\\\/\\\/inclusivenews.com.br\\\/?s={search_term_string}\"},\"query-input\":{\"@type\":\"PropertyValueSpecification\",\"valueRequired\":true,\"valueName\":\"search_term_string\"}}],\"inLanguage\":\"pt-PT\"},{\"@type\":\"Organization\",\"@id\":\"https:\\\/\\\/inclusivenews.com.br\\\/#organization\",\"name\":\"Inclusive - inclus\u00e3o e cidadania\",\"url\":\"https:\\\/\\\/inclusivenews.com.br\\\/\",\"logo\":{\"@type\":\"ImageObject\",\"inLanguage\":\"pt-PT\",\"@id\":\"https:\\\/\\\/inclusivenews.com.br\\\/#\\\/schema\\\/logo\\\/image\\\/\",\"url\":\"https:\\\/\\\/inclusivenews.com.br\\\/wp-content\\\/uploads\\\/2024\\\/03\\\/@grandesite.png\",\"contentUrl\":\"https:\\\/\\\/inclusivenews.com.br\\\/wp-content\\\/uploads\\\/2024\\\/03\\\/@grandesite.png\",\"width\":1080,\"height\":1080,\"caption\":\"Inclusive - inclus\u00e3o e cidadania\"},\"image\":{\"@id\":\"https:\\\/\\\/inclusivenews.com.br\\\/#\\\/schema\\\/logo\\\/image\\\/\"},\"sameAs\":[\"https:\\\/\\\/www.facebook.com\\\/agenciainclusive\\\/\",\"https:\\\/\\\/www.instagram.com\\\/newsinclusive\\\/\"]},{\"@type\":\"Person\",\"@id\":\"https:\\\/\\\/inclusivenews.com.br\\\/#\\\/schema\\\/person\\\/ae4ec7087559b8692fb33b6fffd2273b\",\"name\":\"inclusivenews2024\",\"image\":{\"@type\":\"ImageObject\",\"inLanguage\":\"pt-PT\",\"@id\":\"https:\\\/\\\/secure.gravatar.com\\\/avatar\\\/c5a7ef84c66fa914f55bc4f7ce26cfa275a3b9a1c5568b907bd184fb4dde7b40?s=96&d=mm&r=g\",\"url\":\"https:\\\/\\\/secure.gravatar.com\\\/avatar\\\/c5a7ef84c66fa914f55bc4f7ce26cfa275a3b9a1c5568b907bd184fb4dde7b40?s=96&d=mm&r=g\",\"contentUrl\":\"https:\\\/\\\/secure.gravatar.com\\\/avatar\\\/c5a7ef84c66fa914f55bc4f7ce26cfa275a3b9a1c5568b907bd184fb4dde7b40?s=96&d=mm&r=g\",\"caption\":\"inclusivenews2024\"},\"sameAs\":[\"https:\\\/\\\/inclusivenews.com.br\"],\"url\":\"https:\\\/\\\/inclusivenews.com.br\\\/?author=1\"}]}<\/script>\n<!-- \/ Yoast SEO plugin. -->","yoast_head_json":{"title":"Relato de experi\u00eancia profissional com aluno com autismo -","robots":{"index":"index","follow":"follow","max-snippet":"max-snippet:-1","max-image-preview":"max-image-preview:large","max-video-preview":"max-video-preview:-1"},"canonical":"https:\/\/inclusivenews.com.br\/?p=12980","og_locale":"pt_PT","og_type":"article","og_title":"Relato de experi\u00eancia profissional com aluno com autismo -","og_description":"Conhe\u00e7a aqui o depoimento da Profa. Myrian de Rezende Martins em rela\u00e7\u00e3o a um aluno com autismo que passou a ser seu aluno em 2008 e tudo o que ocorreu a partir da\u00ed.","og_url":"https:\/\/inclusivenews.com.br\/?p=12980","article_publisher":"https:\/\/www.facebook.com\/agenciainclusive\/","article_published_time":"2009-12-09T09:00:04+00:00","og_image":[{"url":"http:\/\/inclusivenews.com.br\/wp-content\/uploads\/2009\/12\/participacao.jpg","type":"","width":"","height":""}],"author":"inclusivenews2024","twitter_card":"summary_large_image","twitter_misc":{"Escrito por":"inclusivenews2024","Tempo estimado de leitura":"3 minutos"},"schema":{"@context":"https:\/\/schema.org","@graph":[{"@type":"Article","@id":"https:\/\/inclusivenews.com.br\/?p=12980#article","isPartOf":{"@id":"https:\/\/inclusivenews.com.br\/?p=12980"},"author":{"name":"inclusivenews2024","@id":"https:\/\/inclusivenews.com.br\/#\/schema\/person\/ae4ec7087559b8692fb33b6fffd2273b"},"headline":"Relato de experi\u00eancia profissional com aluno com autismo","datePublished":"2009-12-09T09:00:04+00:00","mainEntityOfPage":{"@id":"https:\/\/inclusivenews.com.br\/?p=12980"},"wordCount":511,"commentCount":9,"publisher":{"@id":"https:\/\/inclusivenews.com.br\/#organization"},"image":{"@id":"https:\/\/inclusivenews.com.br\/?p=12980#primaryimage"},"thumbnailUrl":"http:\/\/inclusivenews.com.br\/wp-content\/uploads\/2009\/12\/participacao.jpg","keywords":["Autismo"],"articleSection":["Colunas especiais","Defici\u00eancia","INCLUS\u00c3O SOCIAL","OPINI\u00c3O"],"inLanguage":"pt-PT","potentialAction":[{"@type":"CommentAction","name":"Comment","target":["https:\/\/inclusivenews.com.br\/?p=12980#respond"]}]},{"@type":"WebPage","@id":"https:\/\/inclusivenews.com.br\/?p=12980","url":"https:\/\/inclusivenews.com.br\/?p=12980","name":"Relato de experi\u00eancia profissional com aluno com autismo -","isPartOf":{"@id":"https:\/\/inclusivenews.com.br\/#website"},"primaryImageOfPage":{"@id":"https:\/\/inclusivenews.com.br\/?p=12980#primaryimage"},"image":{"@id":"https:\/\/inclusivenews.com.br\/?p=12980#primaryimage"},"thumbnailUrl":"http:\/\/inclusivenews.com.br\/wp-content\/uploads\/2009\/12\/participacao.jpg","datePublished":"2009-12-09T09:00:04+00:00","breadcrumb":{"@id":"https:\/\/inclusivenews.com.br\/?p=12980#breadcrumb"},"inLanguage":"pt-PT","potentialAction":[{"@type":"ReadAction","target":["https:\/\/inclusivenews.com.br\/?p=12980"]}]},{"@type":"ImageObject","inLanguage":"pt-PT","@id":"https:\/\/inclusivenews.com.br\/?p=12980#primaryimage","url":"","contentUrl":""},{"@type":"BreadcrumbList","@id":"https:\/\/inclusivenews.com.br\/?p=12980#breadcrumb","itemListElement":[{"@type":"ListItem","position":1,"name":"In\u00edcio","item":"https:\/\/inclusivenews.com.br\/"},{"@type":"ListItem","position":2,"name":"Relato de experi\u00eancia profissional com aluno com autismo"}]},{"@type":"WebSite","@id":"https:\/\/inclusivenews.com.br\/#website","url":"https:\/\/inclusivenews.com.br\/","name":"Inclusive News","description":"Inclusive News","publisher":{"@id":"https:\/\/inclusivenews.com.br\/#organization"},"potentialAction":[{"@type":"SearchAction","target":{"@type":"EntryPoint","urlTemplate":"https:\/\/inclusivenews.com.br\/?s={search_term_string}"},"query-input":{"@type":"PropertyValueSpecification","valueRequired":true,"valueName":"search_term_string"}}],"inLanguage":"pt-PT"},{"@type":"Organization","@id":"https:\/\/inclusivenews.com.br\/#organization","name":"Inclusive - inclus\u00e3o e cidadania","url":"https:\/\/inclusivenews.com.br\/","logo":{"@type":"ImageObject","inLanguage":"pt-PT","@id":"https:\/\/inclusivenews.com.br\/#\/schema\/logo\/image\/","url":"https:\/\/inclusivenews.com.br\/wp-content\/uploads\/2024\/03\/@grandesite.png","contentUrl":"https:\/\/inclusivenews.com.br\/wp-content\/uploads\/2024\/03\/@grandesite.png","width":1080,"height":1080,"caption":"Inclusive - inclus\u00e3o e cidadania"},"image":{"@id":"https:\/\/inclusivenews.com.br\/#\/schema\/logo\/image\/"},"sameAs":["https:\/\/www.facebook.com\/agenciainclusive\/","https:\/\/www.instagram.com\/newsinclusive\/"]},{"@type":"Person","@id":"https:\/\/inclusivenews.com.br\/#\/schema\/person\/ae4ec7087559b8692fb33b6fffd2273b","name":"inclusivenews2024","image":{"@type":"ImageObject","inLanguage":"pt-PT","@id":"https:\/\/secure.gravatar.com\/avatar\/c5a7ef84c66fa914f55bc4f7ce26cfa275a3b9a1c5568b907bd184fb4dde7b40?s=96&d=mm&r=g","url":"https:\/\/secure.gravatar.com\/avatar\/c5a7ef84c66fa914f55bc4f7ce26cfa275a3b9a1c5568b907bd184fb4dde7b40?s=96&d=mm&r=g","contentUrl":"https:\/\/secure.gravatar.com\/avatar\/c5a7ef84c66fa914f55bc4f7ce26cfa275a3b9a1c5568b907bd184fb4dde7b40?s=96&d=mm&r=g","caption":"inclusivenews2024"},"sameAs":["https:\/\/inclusivenews.com.br"],"url":"https:\/\/inclusivenews.com.br\/?author=1"}]}},"_links":{"self":[{"href":"https:\/\/inclusivenews.com.br\/index.php?rest_route=\/wp\/v2\/posts\/12980","targetHints":{"allow":["GET"]}}],"collection":[{"href":"https:\/\/inclusivenews.com.br\/index.php?rest_route=\/wp\/v2\/posts"}],"about":[{"href":"https:\/\/inclusivenews.com.br\/index.php?rest_route=\/wp\/v2\/types\/post"}],"author":[{"embeddable":true,"href":"https:\/\/inclusivenews.com.br\/index.php?rest_route=\/wp\/v2\/users\/1"}],"replies":[{"embeddable":true,"href":"https:\/\/inclusivenews.com.br\/index.php?rest_route=%2Fwp%2Fv2%2Fcomments&post=12980"}],"version-history":[{"count":0,"href":"https:\/\/inclusivenews.com.br\/index.php?rest_route=\/wp\/v2\/posts\/12980\/revisions"}],"wp:attachment":[{"href":"https:\/\/inclusivenews.com.br\/index.php?rest_route=%2Fwp%2Fv2%2Fmedia&parent=12980"}],"wp:term":[{"taxonomy":"category","embeddable":true,"href":"https:\/\/inclusivenews.com.br\/index.php?rest_route=%2Fwp%2Fv2%2Fcategories&post=12980"},{"taxonomy":"post_tag","embeddable":true,"href":"https:\/\/inclusivenews.com.br\/index.php?rest_route=%2Fwp%2Fv2%2Ftags&post=12980"}],"curies":[{"name":"wp","href":"https:\/\/api.w.org\/{rel}","templated":true}]}}