{"id":12987,"date":"2009-12-09T07:49:28","date_gmt":"2009-12-09T10:49:28","guid":{"rendered":"http:\/\/www.inclusive.org.br\/?p=12987"},"modified":"2009-12-09T07:49:28","modified_gmt":"2009-12-09T10:49:28","slug":"seminario-debate-responsabilidade-ambiental-pos-consumo","status":"publish","type":"post","link":"https:\/\/inclusivenews.com.br\/?p=12987","title":{"rendered":"Semin\u00e1rio debate responsabilidade ambiental p\u00f3s-consumo"},"content":{"rendered":"<p style=\"text-align: center;\"><span style=\"color: #888888;\"><strong><em><a href=\"http:\/\/www.inclusivenews.com.br\/wp-content\/uploads\/2009\/12\/logo-reciclagem.png\"><img loading=\"lazy\" decoding=\"async\" class=\"alignleft size-full wp-image-12988\" title=\"RECICLAGEM\" src=\"http:\/\/inclusivenews.com.br\/wp-content\/uploads\/2009\/12\/logo-reciclagem.png\" alt=\"RECICLAGEM\" width=\"227\" height=\"226\" \/><\/a>Entidades analisam solu\u00e7\u00f5es para os res\u00edduos s\u00f3lidos<\/em><\/strong><\/span><\/p>\n<p style=\"text-align: justify;\">No Brasil, a cada ano, s\u00e3o desperdi\u00e7ados R$ 4,6 bilh\u00f5es porque n\u00e3o se recicla tudo o que poderia, segundo informa\u00e7\u00f5es do Compromisso Empresarial para Reciclagem (Cempre), associa\u00e7\u00e3o sem fins lucrativos dedicada \u00e0 promo\u00e7\u00e3o da reciclagem. O Minist\u00e9rio P\u00fablico e representantes da ind\u00fastria e do com\u00e9rcio estar\u00e3o reunidos nos dias 9 e 10 de dezembro no Semin\u00e1rio sobre Responsabilidade Ambiental P\u00f3s-Consumo, no Rio de Janeiro, para discutir solu\u00e7\u00f5es para a quest\u00e3o dos res\u00edduos s\u00f3lidos no pa\u00eds.<\/p>\n<p style=\"text-align: justify;\">O Semin\u00e1rio promover\u00e1 discuss\u00e3o entre o setor produtivo, o Minist\u00e9rio P\u00fablico e a sociedade organizada sobre a responsabilidade ambiental p\u00f3s-consumo de embalagens de produtos industrializados, os meios e instrumentos utilizados para a prote\u00e7\u00e3o ambiental. Juntas pela primeira vez, as entidades parceiras ter\u00e3o a chance de expor suas dificuldades, experi\u00eancias, boas pr\u00e1ticas e parcerias de comprovado sucesso, a exemplo do recolhimento de pneus inserv\u00edveis e de embalagens de agrot\u00f3xicos. A ideia \u00e9 que, a partir de 2010, o f\u00f3rum seja permanente.<\/p>\n<p style=\"text-align: justify;\">De acordo com a Pesquisa Nacional de Saneamento B\u00e1sico &#8211; PNSB, realizada pelo IBGE, coletam-se, diariamente, cerca de 130 mil toneladas de res\u00edduos domiciliares, sendo que 47,1 % v\u00e3o para aterros sanit\u00e1rios. O restante, 22,3%, segue para aterros ditos controlados, e 30,5% para lix\u00f5es. Uma parcela m\u00ednima (nem contabilizada na pesquisa) \u00e9 coletada seletivamente e destinada \u00e0 reciclagem. Assim, pode-se considerar que 52,8% do total dos res\u00edduos gerados no Pa\u00eds s\u00e3o mal gerenciados.<\/p>\n<p style=\"text-align: justify;\">Objetivos do encontro:<\/p>\n<p style=\"text-align: justify;\">&#8211; Envolver os diferentes atores com responsabilidade ambiental diante dos produtos p\u00f3s-consumo: os fabricantes, comerciantes e distribuidores; a comunidade em geral; os meios de comunica\u00e7\u00e3o, estabelecimentos educacionais, clubes de servi\u00e7os, governos e o Minist\u00e9rio P\u00fablico;<\/p>\n<p style=\"text-align: justify;\">&#8211; Assegurar que os produtos lan\u00e7ados no mercado, ap\u00f3s seu uso e recolhimento, sejam reutilizados, reciclados, recuperados ou eliminados de maneira ambientalmente correta;<\/p>\n<p style=\"text-align: justify;\">&#8211; Difundir entre consumidores os meios utilizados para recolhimento de embalagens e os sistemas de coleta seletiva, tratamento e reciclagem de res\u00edduos s\u00f3lidos;<\/p>\n<p style=\"text-align: justify;\">&#8211; Criar meios de divulgar os conceitos de responsabilidade p\u00f3s-consumo entre a popula\u00e7\u00e3o, despertando a consci\u00eancia de cada um;<\/p>\n<p style=\"text-align: justify;\">S\u00e3o organizadores do evento: o Minist\u00e9rio P\u00fablico do Rio de Janeiro; a Associa\u00e7\u00e3o Brasileira das Ind\u00fastrias de Refrigerantes e de Bebidas N\u00e3o-Alco\u00f3licas (ABIR); a Associa\u00e7\u00e3o Brasileira do Minist\u00e9rio P\u00fablico do Meio Ambiente (Abrampa); a Associa\u00e7\u00e3o Nacional dos Procuradores da Rep\u00fablica (ANPR); a Associa\u00e7\u00e3o Nacional dos Membros do Minist\u00e9rio P\u00fablico (Conamp); a Associa\u00e7\u00e3o Brasileira de Embalagens (Abre); o Sindicato Nacional das Empresas Distribuidoras de Combust\u00edveis e Lubrificantes (Sindicom); a Associa\u00e7\u00e3o Brasileira da Ind\u00fastria do PET (Abipet); o Instituto Nacional de Processamento de Embalagens Vazias (Impev); o Instituto Besc \u2013 Humanidade e Economia; e o Walmart Brasil.<\/p>\n<p style=\"text-align: justify;\">\u00a0<\/p>\n<p style=\"text-align: justify;\"><strong><span style=\"color: #333333;\">PROGRAMA\u00c7\u00c3O<\/span><\/strong><\/p>\n<p>9 de dezembro, quarta-feira<\/p>\n<p>9h &#8211; Caf\u00e9 de boas-vindas<\/p>\n<p>9h30 &#8211; Solenidade de abertura<\/p>\n<p>10h30 &#8211; O direito e o p\u00f3s-consumo<\/p>\n<p>Moderador: Pedro Elias Erthal Sanglard, Procurador de Justi\u00e7a do Estado do Rio de Janeiro<\/p>\n<p>Debatedora: Silvia Cappelli, Procuradora de Justi\u00e7a do Estado do Rio Grande do Sul<\/p>\n<p>O desenvolvimento sustent\u00e1vel na pr\u00e1tica<\/p>\n<p>Palestrante: Haroldo Mattos de Lemos, Presidente do Instituto Brasil PNUMA &#8211; Comit\u00ea Brasileiro do Programa das Na\u00e7\u00f5es Unidas para o Meio Ambiente<\/p>\n<p>Responsabilidade ambiental p\u00f3s-consumo<\/p>\n<p>Palestrante: Luciano Loubet, Promotor de Justi\u00e7a do Estado do Mato Grosso do Sul<\/p>\n<p>12h30- Intervalo<\/p>\n<p>14h &#8211; A realidade da destina\u00e7\u00e3o de res\u00edduos s\u00f3lidos<\/p>\n<p>Moderador: S\u00e1vio Bittencourt, Promotor de Justi\u00e7a do Estado do Rio de Janeiro.<\/p>\n<p>Debatedor: Carlos Ely, Diretor de Rela\u00e7\u00f5es Institucionais do Walmart Brasil<\/p>\n<p>Palestrantes: Andr\u00e9 Vilhena, Diretor Executivo do CEMPRE &#8211; Compromisso Empresarial para a Reciclagem<\/p>\n<p>Carlos R V Silva Filho, Diretor Executivo da ABRELPE &#8211; Associa\u00e7\u00e3o Brasileira das Empresas de Limpeza P\u00fablica e Res\u00edduos Especiais<\/p>\n<p>Gladston de Andrade Figueiredo, Diretor Presidente do INSEA &#8211; Instituto Nenuca de Desenvolvimento Sustent\u00e1vel.<\/p>\n<p>15h50 &#8211; Intervalo<\/p>\n<p>16h10 &#8211; A contribui\u00e7\u00e3o social e ambiental da embalagem para a sociedade contempor\u00e2nea<\/p>\n<p>Moderadora: Renata Neme Cavalcanti, Promotora de Justi\u00e7a do Estado do Rio de Janeiro<\/p>\n<p>Palestrante: Elo\u00edsa Garcia, Gerente do CETEA &#8211; Centro de Tecnologia de Embalagem<\/p>\n<p>17h &#8211; Responsabilidade p\u00f3s-consumo do gerador de res\u00edduos s\u00f3lidos e do consumidor final<\/p>\n<p>Moderadora: Ana Maria Marchesan, Promotora de Justi\u00e7a do Estado do Rio Grande do Sul<\/p>\n<p>Palestrantes: Guido Rog\u00e9rio Macedo Silveira Filho, Diretor Jur\u00eddico do SINDICOM &#8211; Sindicato Nacional das Empresas Distribuidoras de Combust\u00edveis e de Lubrificantes<\/p>\n<p>Jo\u00e3o C\u00e9zar Rando, Presidente do INPEV &#8211; Instituto Nacional de Processamento de Embalagens Vazias<\/p>\n<p>Alex Fernandes Santiago, Promotor de Justi\u00e7a do Estado de Minas Gerais<\/p>\n<p>18h30 &#8211; Encerramento das atividades do dia<\/p>\n<p>10 de dezembro, quinta-feira<\/p>\n<p>9h &#8211; Caf\u00e9 de boas-vindas<\/p>\n<p>9h30 &#8211; A Import\u00e2ncia da Educa\u00e7\u00e3o Ambiental para o Gerenciamento dos Res\u00edduos Urbanos<\/p>\n<p>Moderadora: Annelise Monteiro Steigleder, Promotora de Justi\u00e7a do Estado do Rio Grande do Sul<\/p>\n<p>Debatedores: Renault de Freitas Castro, Diretor Executivo da ABRALATAS &#8211; Associa\u00e7\u00e3o Brasileira dos Fabricantes de Latas de Alta Reciclabilidade.<\/p>\n<p>Vilmar Sidnei Demamam Berna, Superintendente Executivo da REBIA \u2013 Rede Brasileira de Informa\u00e7\u00e3o Ambiental.<\/p>\n<p>Palestrantes: Auri Cesar Mar\u00e7on, Presidente da ABIPET &#8211; Associa\u00e7\u00e3o Brasileira da Ind\u00fastria de PET<\/p>\n<p>Leandro Fraga, S\u00f3cio-fundador da No\u00fbs Consulting.<\/p>\n<p>11h10 &#8211; Inova\u00e7\u00f5es tecnol\u00f3gicas e processos ecoeficientes no mercado imobili\u00e1rio &#8211; da constru\u00e7\u00e3o \u00e0 moradia<\/p>\n<p>Moderadora: Shirley Fenzi Bert\u00e3o, Procuradora de Justi\u00e7a do Estado de Minas Gerais.<\/p>\n<p>Palestrantes: Marcos Alberto Casado Pereira, Gerente T\u00e9cnico da GBC Brasil &#8211; Green Building Council Brasil<\/p>\n<p>Regina Laginestra, Presidente do Instituto Ambientalista Reviverde.<\/p>\n<p>12h30 &#8211; Intervalo<\/p>\n<p>14h &#8211; Perspectivas da Pol\u00edtica Nacional de Res\u00edduos S\u00f3lidos &#8211; Projeto de Leis n\u00ba 203\/91<\/p>\n<p>Moderadora: Sandra Cureau, Subprocuradora-Geral da Rep\u00fablica<\/p>\n<p>Moderador: Paulo Mozart Gama e Silva, Diretor Executivo da ABIR &#8211; Associa\u00e7\u00e3o Brasileira das Ind\u00fastrias de Refrigerantes e de Bebidas N\u00e3o Alco\u00f3licas.<\/p>\n<p>A vis\u00e3o do congresso nacional e o hist\u00f3rico da constru\u00e7\u00e3o da pol\u00edtica nacional de res\u00edduos s\u00f3lidos<\/p>\n<p>Palestrante: Jos\u00e9 Valverde Machado Filho, Secret\u00e1rio Parlamentar do Deputado Federal Arnaldo Jardim<\/p>\n<p>Os impactos nas administra\u00e7\u00f5es municipais e as a\u00e7\u00f5es do governo federal para o equacionamento das disposi\u00e7\u00f5es inadequadas de res\u00edduos s\u00f3lidos<\/p>\n<p>Palestrante: Silvano Silv\u00e9rio da Costa, Diretor de Ambiente Urbano do Minist\u00e9rio do Meio Ambiente<\/p>\n<p>16h10 &#8211; Encerramento do evento<\/p>\n<p style=\"TEXT-ALIGN: justify\">_______________________________<\/p>\n<p style=\"TEXT-ALIGN: justify\"><strong>Fonte de informa\u00e7\u00e3o:<\/strong> <a onclick=\"pageTracker._trackPageview('\/outbound\/article\/www.unmultimedia.org');\" href=\"http:\/\/www.pautasocial.com.br\/pauta.asp?idPauta=28674\" target=\"_blank\" rel=\"noopener\">Pauta Social<img loading=\"lazy\" decoding=\"async\" title=\"Link abrir\u00e1 em uma nova janela ou aba.\" src=\"http:\/\/www.inclusive.org.br\/images\/new_window.gif\" alt=\"Link abrir\u00e1 em uma nova janela ou aba.\" width=\"16\" height=\"14\" \/><\/a><\/p>\n","protected":false},"excerpt":{"rendered":"<p>O Semin\u00e1rio promover\u00e1 discuss\u00e3o entre o setor produtivo, o Minist\u00e9rio P\u00fablico e a sociedade organizada sobre a responsabilidade ambiental p\u00f3s-consumo.<\/p>\n","protected":false},"author":1,"featured_media":0,"comment_status":"open","ping_status":"open","sticky":false,"template":"","format":"standard","meta":{"site-container-style":"default","site-container-layout":"default","site-sidebar-layout":"default","disable-article-header":"default","disable-site-header":"default","disable-site-footer":"default","disable-content-area-spacing":"default","footnotes":""},"categories":[12,4],"tags":[],"class_list":["post-12987","post","type-post","status-publish","format-standard","hentry","category-cursos-e-eventos","category-noticias"],"yoast_head":"<!-- This site is optimized with the Yoast SEO plugin v27.4 - https:\/\/yoast.com\/product\/yoast-seo-wordpress\/ -->\n<title>Semin\u00e1rio debate responsabilidade ambiental p\u00f3s-consumo -<\/title>\n<meta name=\"robots\" content=\"index, follow, max-snippet:-1, max-image-preview:large, max-video-preview:-1\" \/>\n<link rel=\"canonical\" href=\"https:\/\/inclusivenews.com.br\/?p=12987\" \/>\n<meta property=\"og:locale\" content=\"pt_PT\" \/>\n<meta property=\"og:type\" content=\"article\" \/>\n<meta property=\"og:title\" content=\"Semin\u00e1rio debate responsabilidade ambiental p\u00f3s-consumo -\" \/>\n<meta property=\"og:description\" content=\"O Semin\u00e1rio promover\u00e1 discuss\u00e3o entre o setor produtivo, o Minist\u00e9rio P\u00fablico e a sociedade organizada sobre a responsabilidade ambiental p\u00f3s-consumo.\" \/>\n<meta property=\"og:url\" content=\"https:\/\/inclusivenews.com.br\/?p=12987\" \/>\n<meta property=\"article:publisher\" content=\"https:\/\/www.facebook.com\/agenciainclusive\/\" \/>\n<meta property=\"article:published_time\" content=\"2009-12-09T10:49:28+00:00\" \/>\n<meta property=\"og:image\" content=\"http:\/\/inclusivenews.com.br\/wp-content\/uploads\/2009\/12\/logo-reciclagem.png\" \/>\n<meta name=\"author\" content=\"inclusivenews2024\" \/>\n<meta name=\"twitter:card\" content=\"summary_large_image\" \/>\n<meta name=\"twitter:label1\" content=\"Escrito por\" \/>\n\t<meta name=\"twitter:data1\" content=\"inclusivenews2024\" \/>\n\t<meta name=\"twitter:label2\" content=\"Tempo estimado de leitura\" \/>\n\t<meta name=\"twitter:data2\" content=\"6 minutos\" \/>\n<script type=\"application\/ld+json\" class=\"yoast-schema-graph\">{\"@context\":\"https:\\\/\\\/schema.org\",\"@graph\":[{\"@type\":\"Article\",\"@id\":\"https:\\\/\\\/inclusivenews.com.br\\\/?p=12987#article\",\"isPartOf\":{\"@id\":\"https:\\\/\\\/inclusivenews.com.br\\\/?p=12987\"},\"author\":{\"name\":\"inclusivenews2024\",\"@id\":\"https:\\\/\\\/inclusivenews.com.br\\\/#\\\/schema\\\/person\\\/ae4ec7087559b8692fb33b6fffd2273b\"},\"headline\":\"Semin\u00e1rio debate responsabilidade ambiental p\u00f3s-consumo\",\"datePublished\":\"2009-12-09T10:49:28+00:00\",\"mainEntityOfPage\":{\"@id\":\"https:\\\/\\\/inclusivenews.com.br\\\/?p=12987\"},\"wordCount\":1118,\"commentCount\":0,\"publisher\":{\"@id\":\"https:\\\/\\\/inclusivenews.com.br\\\/#organization\"},\"image\":{\"@id\":\"https:\\\/\\\/inclusivenews.com.br\\\/?p=12987#primaryimage\"},\"thumbnailUrl\":\"http:\\\/\\\/inclusivenews.com.br\\\/wp-content\\\/uploads\\\/2009\\\/12\\\/logo-reciclagem.png\",\"articleSection\":[\"Cursos e eventos\",\"NOT\u00cdCIAS\"],\"inLanguage\":\"pt-PT\",\"potentialAction\":[{\"@type\":\"CommentAction\",\"name\":\"Comment\",\"target\":[\"https:\\\/\\\/inclusivenews.com.br\\\/?p=12987#respond\"]}]},{\"@type\":\"WebPage\",\"@id\":\"https:\\\/\\\/inclusivenews.com.br\\\/?p=12987\",\"url\":\"https:\\\/\\\/inclusivenews.com.br\\\/?p=12987\",\"name\":\"Semin\u00e1rio debate responsabilidade ambiental p\u00f3s-consumo -\",\"isPartOf\":{\"@id\":\"https:\\\/\\\/inclusivenews.com.br\\\/#website\"},\"primaryImageOfPage\":{\"@id\":\"https:\\\/\\\/inclusivenews.com.br\\\/?p=12987#primaryimage\"},\"image\":{\"@id\":\"https:\\\/\\\/inclusivenews.com.br\\\/?p=12987#primaryimage\"},\"thumbnailUrl\":\"http:\\\/\\\/inclusivenews.com.br\\\/wp-content\\\/uploads\\\/2009\\\/12\\\/logo-reciclagem.png\",\"datePublished\":\"2009-12-09T10:49:28+00:00\",\"breadcrumb\":{\"@id\":\"https:\\\/\\\/inclusivenews.com.br\\\/?p=12987#breadcrumb\"},\"inLanguage\":\"pt-PT\",\"potentialAction\":[{\"@type\":\"ReadAction\",\"target\":[\"https:\\\/\\\/inclusivenews.com.br\\\/?p=12987\"]}]},{\"@type\":\"ImageObject\",\"inLanguage\":\"pt-PT\",\"@id\":\"https:\\\/\\\/inclusivenews.com.br\\\/?p=12987#primaryimage\",\"url\":\"\",\"contentUrl\":\"\"},{\"@type\":\"BreadcrumbList\",\"@id\":\"https:\\\/\\\/inclusivenews.com.br\\\/?p=12987#breadcrumb\",\"itemListElement\":[{\"@type\":\"ListItem\",\"position\":1,\"name\":\"In\u00edcio\",\"item\":\"https:\\\/\\\/inclusivenews.com.br\\\/\"},{\"@type\":\"ListItem\",\"position\":2,\"name\":\"Semin\u00e1rio debate responsabilidade ambiental p\u00f3s-consumo\"}]},{\"@type\":\"WebSite\",\"@id\":\"https:\\\/\\\/inclusivenews.com.br\\\/#website\",\"url\":\"https:\\\/\\\/inclusivenews.com.br\\\/\",\"name\":\"Inclusive News\",\"description\":\"Inclusive News\",\"publisher\":{\"@id\":\"https:\\\/\\\/inclusivenews.com.br\\\/#organization\"},\"potentialAction\":[{\"@type\":\"SearchAction\",\"target\":{\"@type\":\"EntryPoint\",\"urlTemplate\":\"https:\\\/\\\/inclusivenews.com.br\\\/?s={search_term_string}\"},\"query-input\":{\"@type\":\"PropertyValueSpecification\",\"valueRequired\":true,\"valueName\":\"search_term_string\"}}],\"inLanguage\":\"pt-PT\"},{\"@type\":\"Organization\",\"@id\":\"https:\\\/\\\/inclusivenews.com.br\\\/#organization\",\"name\":\"Inclusive - inclus\u00e3o e cidadania\",\"url\":\"https:\\\/\\\/inclusivenews.com.br\\\/\",\"logo\":{\"@type\":\"ImageObject\",\"inLanguage\":\"pt-PT\",\"@id\":\"https:\\\/\\\/inclusivenews.com.br\\\/#\\\/schema\\\/logo\\\/image\\\/\",\"url\":\"https:\\\/\\\/inclusivenews.com.br\\\/wp-content\\\/uploads\\\/2024\\\/03\\\/@grandesite.png\",\"contentUrl\":\"https:\\\/\\\/inclusivenews.com.br\\\/wp-content\\\/uploads\\\/2024\\\/03\\\/@grandesite.png\",\"width\":1080,\"height\":1080,\"caption\":\"Inclusive - inclus\u00e3o e cidadania\"},\"image\":{\"@id\":\"https:\\\/\\\/inclusivenews.com.br\\\/#\\\/schema\\\/logo\\\/image\\\/\"},\"sameAs\":[\"https:\\\/\\\/www.facebook.com\\\/agenciainclusive\\\/\",\"https:\\\/\\\/www.instagram.com\\\/newsinclusive\\\/\"]},{\"@type\":\"Person\",\"@id\":\"https:\\\/\\\/inclusivenews.com.br\\\/#\\\/schema\\\/person\\\/ae4ec7087559b8692fb33b6fffd2273b\",\"name\":\"inclusivenews2024\",\"image\":{\"@type\":\"ImageObject\",\"inLanguage\":\"pt-PT\",\"@id\":\"https:\\\/\\\/secure.gravatar.com\\\/avatar\\\/c5a7ef84c66fa914f55bc4f7ce26cfa275a3b9a1c5568b907bd184fb4dde7b40?s=96&d=mm&r=g\",\"url\":\"https:\\\/\\\/secure.gravatar.com\\\/avatar\\\/c5a7ef84c66fa914f55bc4f7ce26cfa275a3b9a1c5568b907bd184fb4dde7b40?s=96&d=mm&r=g\",\"contentUrl\":\"https:\\\/\\\/secure.gravatar.com\\\/avatar\\\/c5a7ef84c66fa914f55bc4f7ce26cfa275a3b9a1c5568b907bd184fb4dde7b40?s=96&d=mm&r=g\",\"caption\":\"inclusivenews2024\"},\"sameAs\":[\"https:\\\/\\\/inclusivenews.com.br\"],\"url\":\"https:\\\/\\\/inclusivenews.com.br\\\/?author=1\"}]}<\/script>\n<!-- \/ Yoast SEO plugin. -->","yoast_head_json":{"title":"Semin\u00e1rio debate responsabilidade ambiental p\u00f3s-consumo -","robots":{"index":"index","follow":"follow","max-snippet":"max-snippet:-1","max-image-preview":"max-image-preview:large","max-video-preview":"max-video-preview:-1"},"canonical":"https:\/\/inclusivenews.com.br\/?p=12987","og_locale":"pt_PT","og_type":"article","og_title":"Semin\u00e1rio debate responsabilidade ambiental p\u00f3s-consumo -","og_description":"O Semin\u00e1rio promover\u00e1 discuss\u00e3o entre o setor produtivo, o Minist\u00e9rio P\u00fablico e a sociedade organizada sobre a responsabilidade ambiental p\u00f3s-consumo.","og_url":"https:\/\/inclusivenews.com.br\/?p=12987","article_publisher":"https:\/\/www.facebook.com\/agenciainclusive\/","article_published_time":"2009-12-09T10:49:28+00:00","og_image":[{"url":"http:\/\/inclusivenews.com.br\/wp-content\/uploads\/2009\/12\/logo-reciclagem.png","type":"","width":"","height":""}],"author":"inclusivenews2024","twitter_card":"summary_large_image","twitter_misc":{"Escrito por":"inclusivenews2024","Tempo estimado de leitura":"6 minutos"},"schema":{"@context":"https:\/\/schema.org","@graph":[{"@type":"Article","@id":"https:\/\/inclusivenews.com.br\/?p=12987#article","isPartOf":{"@id":"https:\/\/inclusivenews.com.br\/?p=12987"},"author":{"name":"inclusivenews2024","@id":"https:\/\/inclusivenews.com.br\/#\/schema\/person\/ae4ec7087559b8692fb33b6fffd2273b"},"headline":"Semin\u00e1rio debate responsabilidade ambiental p\u00f3s-consumo","datePublished":"2009-12-09T10:49:28+00:00","mainEntityOfPage":{"@id":"https:\/\/inclusivenews.com.br\/?p=12987"},"wordCount":1118,"commentCount":0,"publisher":{"@id":"https:\/\/inclusivenews.com.br\/#organization"},"image":{"@id":"https:\/\/inclusivenews.com.br\/?p=12987#primaryimage"},"thumbnailUrl":"http:\/\/inclusivenews.com.br\/wp-content\/uploads\/2009\/12\/logo-reciclagem.png","articleSection":["Cursos e eventos","NOT\u00cdCIAS"],"inLanguage":"pt-PT","potentialAction":[{"@type":"CommentAction","name":"Comment","target":["https:\/\/inclusivenews.com.br\/?p=12987#respond"]}]},{"@type":"WebPage","@id":"https:\/\/inclusivenews.com.br\/?p=12987","url":"https:\/\/inclusivenews.com.br\/?p=12987","name":"Semin\u00e1rio debate responsabilidade ambiental p\u00f3s-consumo -","isPartOf":{"@id":"https:\/\/inclusivenews.com.br\/#website"},"primaryImageOfPage":{"@id":"https:\/\/inclusivenews.com.br\/?p=12987#primaryimage"},"image":{"@id":"https:\/\/inclusivenews.com.br\/?p=12987#primaryimage"},"thumbnailUrl":"http:\/\/inclusivenews.com.br\/wp-content\/uploads\/2009\/12\/logo-reciclagem.png","datePublished":"2009-12-09T10:49:28+00:00","breadcrumb":{"@id":"https:\/\/inclusivenews.com.br\/?p=12987#breadcrumb"},"inLanguage":"pt-PT","potentialAction":[{"@type":"ReadAction","target":["https:\/\/inclusivenews.com.br\/?p=12987"]}]},{"@type":"ImageObject","inLanguage":"pt-PT","@id":"https:\/\/inclusivenews.com.br\/?p=12987#primaryimage","url":"","contentUrl":""},{"@type":"BreadcrumbList","@id":"https:\/\/inclusivenews.com.br\/?p=12987#breadcrumb","itemListElement":[{"@type":"ListItem","position":1,"name":"In\u00edcio","item":"https:\/\/inclusivenews.com.br\/"},{"@type":"ListItem","position":2,"name":"Semin\u00e1rio debate responsabilidade ambiental p\u00f3s-consumo"}]},{"@type":"WebSite","@id":"https:\/\/inclusivenews.com.br\/#website","url":"https:\/\/inclusivenews.com.br\/","name":"Inclusive News","description":"Inclusive News","publisher":{"@id":"https:\/\/inclusivenews.com.br\/#organization"},"potentialAction":[{"@type":"SearchAction","target":{"@type":"EntryPoint","urlTemplate":"https:\/\/inclusivenews.com.br\/?s={search_term_string}"},"query-input":{"@type":"PropertyValueSpecification","valueRequired":true,"valueName":"search_term_string"}}],"inLanguage":"pt-PT"},{"@type":"Organization","@id":"https:\/\/inclusivenews.com.br\/#organization","name":"Inclusive - inclus\u00e3o e cidadania","url":"https:\/\/inclusivenews.com.br\/","logo":{"@type":"ImageObject","inLanguage":"pt-PT","@id":"https:\/\/inclusivenews.com.br\/#\/schema\/logo\/image\/","url":"https:\/\/inclusivenews.com.br\/wp-content\/uploads\/2024\/03\/@grandesite.png","contentUrl":"https:\/\/inclusivenews.com.br\/wp-content\/uploads\/2024\/03\/@grandesite.png","width":1080,"height":1080,"caption":"Inclusive - inclus\u00e3o e cidadania"},"image":{"@id":"https:\/\/inclusivenews.com.br\/#\/schema\/logo\/image\/"},"sameAs":["https:\/\/www.facebook.com\/agenciainclusive\/","https:\/\/www.instagram.com\/newsinclusive\/"]},{"@type":"Person","@id":"https:\/\/inclusivenews.com.br\/#\/schema\/person\/ae4ec7087559b8692fb33b6fffd2273b","name":"inclusivenews2024","image":{"@type":"ImageObject","inLanguage":"pt-PT","@id":"https:\/\/secure.gravatar.com\/avatar\/c5a7ef84c66fa914f55bc4f7ce26cfa275a3b9a1c5568b907bd184fb4dde7b40?s=96&d=mm&r=g","url":"https:\/\/secure.gravatar.com\/avatar\/c5a7ef84c66fa914f55bc4f7ce26cfa275a3b9a1c5568b907bd184fb4dde7b40?s=96&d=mm&r=g","contentUrl":"https:\/\/secure.gravatar.com\/avatar\/c5a7ef84c66fa914f55bc4f7ce26cfa275a3b9a1c5568b907bd184fb4dde7b40?s=96&d=mm&r=g","caption":"inclusivenews2024"},"sameAs":["https:\/\/inclusivenews.com.br"],"url":"https:\/\/inclusivenews.com.br\/?author=1"}]}},"_links":{"self":[{"href":"https:\/\/inclusivenews.com.br\/index.php?rest_route=\/wp\/v2\/posts\/12987","targetHints":{"allow":["GET"]}}],"collection":[{"href":"https:\/\/inclusivenews.com.br\/index.php?rest_route=\/wp\/v2\/posts"}],"about":[{"href":"https:\/\/inclusivenews.com.br\/index.php?rest_route=\/wp\/v2\/types\/post"}],"author":[{"embeddable":true,"href":"https:\/\/inclusivenews.com.br\/index.php?rest_route=\/wp\/v2\/users\/1"}],"replies":[{"embeddable":true,"href":"https:\/\/inclusivenews.com.br\/index.php?rest_route=%2Fwp%2Fv2%2Fcomments&post=12987"}],"version-history":[{"count":0,"href":"https:\/\/inclusivenews.com.br\/index.php?rest_route=\/wp\/v2\/posts\/12987\/revisions"}],"wp:attachment":[{"href":"https:\/\/inclusivenews.com.br\/index.php?rest_route=%2Fwp%2Fv2%2Fmedia&parent=12987"}],"wp:term":[{"taxonomy":"category","embeddable":true,"href":"https:\/\/inclusivenews.com.br\/index.php?rest_route=%2Fwp%2Fv2%2Fcategories&post=12987"},{"taxonomy":"post_tag","embeddable":true,"href":"https:\/\/inclusivenews.com.br\/index.php?rest_route=%2Fwp%2Fv2%2Ftags&post=12987"}],"curies":[{"name":"wp","href":"https:\/\/api.w.org\/{rel}","templated":true}]}}