{"id":12992,"date":"2009-12-09T08:45:25","date_gmt":"2009-12-09T11:45:25","guid":{"rendered":"http:\/\/www.inclusive.org.br\/?p=12992"},"modified":"2009-12-09T08:45:25","modified_gmt":"2009-12-09T11:45:25","slug":"seminario-de-acessibilidade-fortalece-dialogo-entre-poder-publico-e-mpcd-em-fortaleza","status":"publish","type":"post","link":"https:\/\/inclusivenews.com.br\/?p=12992","title":{"rendered":"Semin\u00e1rio de Acessibilidade fortalece di\u00e1logo entre poder p\u00fablico e MPcD em Fortaleza"},"content":{"rendered":"<h4 id=\"Subtitulo\" style=\"text-align: center;\"><em><span style=\"color: #888888;\">Evento marca o Dia Internacional das Pessoas com Defici\u00eancia<\/span><\/em><\/h4>\n<p id=\"ResumoNota\" style=\"text-align: justify;\"><a href=\"http:\/\/www.inclusivenews.com.br\/wp-content\/uploads\/2009\/12\/267884.jpg\"><img loading=\"lazy\" decoding=\"async\" class=\"alignleft size-full wp-image-12993\" title=\"Evento - Fortaleza\" src=\"http:\/\/inclusivenews.com.br\/wp-content\/uploads\/2009\/12\/267884.jpg\" alt=\"Evento - Fortaleza\" width=\"200\" height=\"151\" \/><\/a>Fortaleza, cidade acess\u00edvel: realidade ou utopia? Pessoas com defici\u00eancia de v\u00e1rios munic\u00edpios cearenses, representantes de movimentos sociais, do governo do Cear\u00e1 e da Prefeitura de Fortaleza debateram o tema no II Semin\u00e1rio de Acessibilidade e Cidadania de Fortaleza, realizado pela VIDA Brasil\/Fortaleza, no BNB Passar\u00e9, no dia 03\/12. O evento marcou o Dia Internacional das Pessoas com Defici\u00eancia com discuss\u00f5es sobre \u201cAcessibilidade, participa\u00e7\u00e3o e movimentos sociais\u201d e \u201cQual acessibilidade queremos?\u201d<\/p>\n<p style=\"text-align: justify;\">Na primeira mesa redonda, representantes do governo municipal (Nadja de Pinho Pessoa\/Compedef) e estadual (Sebasti\u00e3o Ara\u00fajo\/STDS) apresentaram seus conceitos sobre acessibilidade, o que foi feito at\u00e9 agora e as metas a m\u00e9dio prazo. Ambos admitiram que, apesar de ser prioridade de governo, ainda falta bastante para que Fortaleza se torne uma cidade acess\u00edvel. Arnaldo Fernandes (MPcD) e Alexandre Mapurunga (Presidente do CEDEF) questionaram as a\u00e7\u00f5es do poder p\u00fablico, ainda bastante aqu\u00e9m das demandas, j\u00e1 que o Cear\u00e1 \u00e9 um dos estados com maior n\u00famero de pessoas com defici\u00eancia (17%).<\/p>\n<p style=\"text-align: justify;\">A segunda parte do ciclo de palestras provou que, no Cear\u00e1, pessoas com defici\u00eancia resolveram agir para que a acessibilidade se torne, de fato, um pressuposto para o exerc\u00edcio dos demais direitos humanos. Tr\u00eas entidades cujos projetos foram financiados pela VIDA Brasil, a Associa\u00e7\u00e3o de Moradores do Parque Residencial Almirante Tamandar\u00e9 (Amorat), a Associa\u00e7\u00e3o dos Cegos do Estado do Cear\u00e1 (ACEC) e Centro de Apoio \u00e0s M\u00e3es de Portadores de Efici\u00eancia (CAMPE) apresentaram o resultado positivo de seus trabalhos: avan\u00e7os na conscientiza\u00e7\u00e3o comunit\u00e1ria, esporte\/lazer e educa\u00e7\u00e3o inclusiva, respectivamente. A inclus\u00e3o no mercado de trabalho foi abordada por Jo\u00e3o Monteiro Vasconcelos, coordenador do Laborat\u00f3rio de Inclus\u00e3o e Grupos de Estudos e Apoio \u00e0 Acessibilidade Humana da Secretaria de Trabalho e Desenvolvimento Social.<\/p>\n<p style=\"text-align: justify;\">Com mais de 200 inscritos, o II Semin\u00e1rio de Acessibilidade se destacou pela troca de experi\u00eancias, contatos e novas informa\u00e7\u00f5es sobre o tema da acessibilidade. Ap\u00f3s o evento, os participantes se confraternizaram em um coquetel, quando puderam conversar sobre os temas em quest\u00e3o. O semin\u00e1rio teve o apoio da Uni\u00e3o Europeia, Handicap International, MPcD\/Ce e BNB.\u00a0<\/p>\n<p style=\"TEXT-ALIGN: justify\">_______________________________<\/p>\n<p style=\"TEXT-ALIGN: justify\"><strong>Fonte de informa\u00e7\u00e3o:<\/strong> <a onclick=\"pageTracker._trackPageview('\/outbound\/article\/www.unmultimedia.org');\" href=\"http:\/\/www.vidabrasil.org.br\/oktiva.net\/1355\/nota\/158160\" target=\"_blank\" rel=\"noopener\">Vida Brasil<img loading=\"lazy\" decoding=\"async\" title=\"Link abrir\u00e1 em uma nova janela ou aba.\" src=\"http:\/\/www.inclusive.org.br\/images\/new_window.gif\" alt=\"Link abrir\u00e1 em uma nova janela ou aba.\" width=\"16\" height=\"14\" \/><\/a><\/p>\n","protected":false},"excerpt":{"rendered":"<p>Com mais de 200 inscritos, o II Semin\u00e1rio de Acessibilidade se destacou pela troca de experi\u00eancias, sobre o tema da acessibilidade.<\/p>\n","protected":false},"author":1,"featured_media":0,"comment_status":"open","ping_status":"open","sticky":false,"template":"","format":"standard","meta":{"site-container-style":"default","site-container-layout":"default","site-sidebar-layout":"default","disable-article-header":"default","disable-site-header":"default","disable-site-footer":"default","disable-content-area-spacing":"default","footnotes":""},"categories":[12,38,40,48,4],"tags":[],"class_list":["post-12992","post","type-post","status-publish","format-standard","hentry","category-cursos-e-eventos","category-deficiencia","category-diversidade","category-inclusao","category-noticias"],"yoast_head":"<!-- This site is optimized with the Yoast SEO plugin v27.4 - https:\/\/yoast.com\/product\/yoast-seo-wordpress\/ -->\n<title>Semin\u00e1rio de Acessibilidade fortalece di\u00e1logo entre poder p\u00fablico e MPcD em Fortaleza -<\/title>\n<meta name=\"robots\" content=\"index, follow, max-snippet:-1, max-image-preview:large, max-video-preview:-1\" \/>\n<link rel=\"canonical\" href=\"https:\/\/inclusivenews.com.br\/?p=12992\" \/>\n<meta property=\"og:locale\" content=\"pt_PT\" \/>\n<meta property=\"og:type\" content=\"article\" \/>\n<meta property=\"og:title\" content=\"Semin\u00e1rio de Acessibilidade fortalece di\u00e1logo entre poder p\u00fablico e MPcD em Fortaleza -\" \/>\n<meta property=\"og:description\" content=\"Com mais de 200 inscritos, o II Semin\u00e1rio de Acessibilidade se destacou pela troca de experi\u00eancias, sobre o tema da acessibilidade.\" \/>\n<meta property=\"og:url\" content=\"https:\/\/inclusivenews.com.br\/?p=12992\" \/>\n<meta property=\"article:publisher\" content=\"https:\/\/www.facebook.com\/agenciainclusive\/\" \/>\n<meta property=\"article:published_time\" content=\"2009-12-09T11:45:25+00:00\" \/>\n<meta property=\"og:image\" content=\"http:\/\/inclusivenews.com.br\/wp-content\/uploads\/2009\/12\/267884.jpg\" \/>\n<meta name=\"author\" content=\"inclusivenews2024\" \/>\n<meta name=\"twitter:card\" content=\"summary_large_image\" \/>\n<meta name=\"twitter:label1\" content=\"Escrito por\" \/>\n\t<meta name=\"twitter:data1\" content=\"inclusivenews2024\" \/>\n\t<meta name=\"twitter:label2\" content=\"Tempo estimado de leitura\" \/>\n\t<meta name=\"twitter:data2\" content=\"2 minutos\" \/>\n<script type=\"application\/ld+json\" class=\"yoast-schema-graph\">{\"@context\":\"https:\\\/\\\/schema.org\",\"@graph\":[{\"@type\":\"Article\",\"@id\":\"https:\\\/\\\/inclusivenews.com.br\\\/?p=12992#article\",\"isPartOf\":{\"@id\":\"https:\\\/\\\/inclusivenews.com.br\\\/?p=12992\"},\"author\":{\"name\":\"inclusivenews2024\",\"@id\":\"https:\\\/\\\/inclusivenews.com.br\\\/#\\\/schema\\\/person\\\/ae4ec7087559b8692fb33b6fffd2273b\"},\"headline\":\"Semin\u00e1rio de Acessibilidade fortalece di\u00e1logo entre poder p\u00fablico e MPcD em Fortaleza\",\"datePublished\":\"2009-12-09T11:45:25+00:00\",\"mainEntityOfPage\":{\"@id\":\"https:\\\/\\\/inclusivenews.com.br\\\/?p=12992\"},\"wordCount\":406,\"commentCount\":1,\"publisher\":{\"@id\":\"https:\\\/\\\/inclusivenews.com.br\\\/#organization\"},\"image\":{\"@id\":\"https:\\\/\\\/inclusivenews.com.br\\\/?p=12992#primaryimage\"},\"thumbnailUrl\":\"http:\\\/\\\/inclusivenews.com.br\\\/wp-content\\\/uploads\\\/2009\\\/12\\\/267884.jpg\",\"articleSection\":[\"Cursos e eventos\",\"Defici\u00eancia\",\"Diversidade\",\"INCLUS\u00c3O SOCIAL\",\"NOT\u00cdCIAS\"],\"inLanguage\":\"pt-PT\",\"potentialAction\":[{\"@type\":\"CommentAction\",\"name\":\"Comment\",\"target\":[\"https:\\\/\\\/inclusivenews.com.br\\\/?p=12992#respond\"]}]},{\"@type\":\"WebPage\",\"@id\":\"https:\\\/\\\/inclusivenews.com.br\\\/?p=12992\",\"url\":\"https:\\\/\\\/inclusivenews.com.br\\\/?p=12992\",\"name\":\"Semin\u00e1rio de Acessibilidade fortalece di\u00e1logo entre poder p\u00fablico e MPcD em Fortaleza -\",\"isPartOf\":{\"@id\":\"https:\\\/\\\/inclusivenews.com.br\\\/#website\"},\"primaryImageOfPage\":{\"@id\":\"https:\\\/\\\/inclusivenews.com.br\\\/?p=12992#primaryimage\"},\"image\":{\"@id\":\"https:\\\/\\\/inclusivenews.com.br\\\/?p=12992#primaryimage\"},\"thumbnailUrl\":\"http:\\\/\\\/inclusivenews.com.br\\\/wp-content\\\/uploads\\\/2009\\\/12\\\/267884.jpg\",\"datePublished\":\"2009-12-09T11:45:25+00:00\",\"breadcrumb\":{\"@id\":\"https:\\\/\\\/inclusivenews.com.br\\\/?p=12992#breadcrumb\"},\"inLanguage\":\"pt-PT\",\"potentialAction\":[{\"@type\":\"ReadAction\",\"target\":[\"https:\\\/\\\/inclusivenews.com.br\\\/?p=12992\"]}]},{\"@type\":\"ImageObject\",\"inLanguage\":\"pt-PT\",\"@id\":\"https:\\\/\\\/inclusivenews.com.br\\\/?p=12992#primaryimage\",\"url\":\"\",\"contentUrl\":\"\"},{\"@type\":\"BreadcrumbList\",\"@id\":\"https:\\\/\\\/inclusivenews.com.br\\\/?p=12992#breadcrumb\",\"itemListElement\":[{\"@type\":\"ListItem\",\"position\":1,\"name\":\"In\u00edcio\",\"item\":\"https:\\\/\\\/inclusivenews.com.br\\\/\"},{\"@type\":\"ListItem\",\"position\":2,\"name\":\"Semin\u00e1rio de Acessibilidade fortalece di\u00e1logo entre poder p\u00fablico e MPcD em Fortaleza\"}]},{\"@type\":\"WebSite\",\"@id\":\"https:\\\/\\\/inclusivenews.com.br\\\/#website\",\"url\":\"https:\\\/\\\/inclusivenews.com.br\\\/\",\"name\":\"Inclusive News\",\"description\":\"Inclusive News\",\"publisher\":{\"@id\":\"https:\\\/\\\/inclusivenews.com.br\\\/#organization\"},\"potentialAction\":[{\"@type\":\"SearchAction\",\"target\":{\"@type\":\"EntryPoint\",\"urlTemplate\":\"https:\\\/\\\/inclusivenews.com.br\\\/?s={search_term_string}\"},\"query-input\":{\"@type\":\"PropertyValueSpecification\",\"valueRequired\":true,\"valueName\":\"search_term_string\"}}],\"inLanguage\":\"pt-PT\"},{\"@type\":\"Organization\",\"@id\":\"https:\\\/\\\/inclusivenews.com.br\\\/#organization\",\"name\":\"Inclusive - inclus\u00e3o e cidadania\",\"url\":\"https:\\\/\\\/inclusivenews.com.br\\\/\",\"logo\":{\"@type\":\"ImageObject\",\"inLanguage\":\"pt-PT\",\"@id\":\"https:\\\/\\\/inclusivenews.com.br\\\/#\\\/schema\\\/logo\\\/image\\\/\",\"url\":\"https:\\\/\\\/inclusivenews.com.br\\\/wp-content\\\/uploads\\\/2024\\\/03\\\/@grandesite.png\",\"contentUrl\":\"https:\\\/\\\/inclusivenews.com.br\\\/wp-content\\\/uploads\\\/2024\\\/03\\\/@grandesite.png\",\"width\":1080,\"height\":1080,\"caption\":\"Inclusive - inclus\u00e3o e cidadania\"},\"image\":{\"@id\":\"https:\\\/\\\/inclusivenews.com.br\\\/#\\\/schema\\\/logo\\\/image\\\/\"},\"sameAs\":[\"https:\\\/\\\/www.facebook.com\\\/agenciainclusive\\\/\",\"https:\\\/\\\/www.instagram.com\\\/newsinclusive\\\/\"]},{\"@type\":\"Person\",\"@id\":\"https:\\\/\\\/inclusivenews.com.br\\\/#\\\/schema\\\/person\\\/ae4ec7087559b8692fb33b6fffd2273b\",\"name\":\"inclusivenews2024\",\"image\":{\"@type\":\"ImageObject\",\"inLanguage\":\"pt-PT\",\"@id\":\"https:\\\/\\\/secure.gravatar.com\\\/avatar\\\/c5a7ef84c66fa914f55bc4f7ce26cfa275a3b9a1c5568b907bd184fb4dde7b40?s=96&d=mm&r=g\",\"url\":\"https:\\\/\\\/secure.gravatar.com\\\/avatar\\\/c5a7ef84c66fa914f55bc4f7ce26cfa275a3b9a1c5568b907bd184fb4dde7b40?s=96&d=mm&r=g\",\"contentUrl\":\"https:\\\/\\\/secure.gravatar.com\\\/avatar\\\/c5a7ef84c66fa914f55bc4f7ce26cfa275a3b9a1c5568b907bd184fb4dde7b40?s=96&d=mm&r=g\",\"caption\":\"inclusivenews2024\"},\"sameAs\":[\"https:\\\/\\\/inclusivenews.com.br\"],\"url\":\"https:\\\/\\\/inclusivenews.com.br\\\/?author=1\"}]}<\/script>\n<!-- \/ Yoast SEO plugin. -->","yoast_head_json":{"title":"Semin\u00e1rio de Acessibilidade fortalece di\u00e1logo entre poder p\u00fablico e MPcD em Fortaleza -","robots":{"index":"index","follow":"follow","max-snippet":"max-snippet:-1","max-image-preview":"max-image-preview:large","max-video-preview":"max-video-preview:-1"},"canonical":"https:\/\/inclusivenews.com.br\/?p=12992","og_locale":"pt_PT","og_type":"article","og_title":"Semin\u00e1rio de Acessibilidade fortalece di\u00e1logo entre poder p\u00fablico e MPcD em Fortaleza -","og_description":"Com mais de 200 inscritos, o II Semin\u00e1rio de Acessibilidade se destacou pela troca de experi\u00eancias, sobre o tema da acessibilidade.","og_url":"https:\/\/inclusivenews.com.br\/?p=12992","article_publisher":"https:\/\/www.facebook.com\/agenciainclusive\/","article_published_time":"2009-12-09T11:45:25+00:00","og_image":[{"url":"http:\/\/inclusivenews.com.br\/wp-content\/uploads\/2009\/12\/267884.jpg","type":"","width":"","height":""}],"author":"inclusivenews2024","twitter_card":"summary_large_image","twitter_misc":{"Escrito por":"inclusivenews2024","Tempo estimado de leitura":"2 minutos"},"schema":{"@context":"https:\/\/schema.org","@graph":[{"@type":"Article","@id":"https:\/\/inclusivenews.com.br\/?p=12992#article","isPartOf":{"@id":"https:\/\/inclusivenews.com.br\/?p=12992"},"author":{"name":"inclusivenews2024","@id":"https:\/\/inclusivenews.com.br\/#\/schema\/person\/ae4ec7087559b8692fb33b6fffd2273b"},"headline":"Semin\u00e1rio de Acessibilidade fortalece di\u00e1logo entre poder p\u00fablico e MPcD em Fortaleza","datePublished":"2009-12-09T11:45:25+00:00","mainEntityOfPage":{"@id":"https:\/\/inclusivenews.com.br\/?p=12992"},"wordCount":406,"commentCount":1,"publisher":{"@id":"https:\/\/inclusivenews.com.br\/#organization"},"image":{"@id":"https:\/\/inclusivenews.com.br\/?p=12992#primaryimage"},"thumbnailUrl":"http:\/\/inclusivenews.com.br\/wp-content\/uploads\/2009\/12\/267884.jpg","articleSection":["Cursos e eventos","Defici\u00eancia","Diversidade","INCLUS\u00c3O SOCIAL","NOT\u00cdCIAS"],"inLanguage":"pt-PT","potentialAction":[{"@type":"CommentAction","name":"Comment","target":["https:\/\/inclusivenews.com.br\/?p=12992#respond"]}]},{"@type":"WebPage","@id":"https:\/\/inclusivenews.com.br\/?p=12992","url":"https:\/\/inclusivenews.com.br\/?p=12992","name":"Semin\u00e1rio de Acessibilidade fortalece di\u00e1logo entre poder p\u00fablico e MPcD em Fortaleza -","isPartOf":{"@id":"https:\/\/inclusivenews.com.br\/#website"},"primaryImageOfPage":{"@id":"https:\/\/inclusivenews.com.br\/?p=12992#primaryimage"},"image":{"@id":"https:\/\/inclusivenews.com.br\/?p=12992#primaryimage"},"thumbnailUrl":"http:\/\/inclusivenews.com.br\/wp-content\/uploads\/2009\/12\/267884.jpg","datePublished":"2009-12-09T11:45:25+00:00","breadcrumb":{"@id":"https:\/\/inclusivenews.com.br\/?p=12992#breadcrumb"},"inLanguage":"pt-PT","potentialAction":[{"@type":"ReadAction","target":["https:\/\/inclusivenews.com.br\/?p=12992"]}]},{"@type":"ImageObject","inLanguage":"pt-PT","@id":"https:\/\/inclusivenews.com.br\/?p=12992#primaryimage","url":"","contentUrl":""},{"@type":"BreadcrumbList","@id":"https:\/\/inclusivenews.com.br\/?p=12992#breadcrumb","itemListElement":[{"@type":"ListItem","position":1,"name":"In\u00edcio","item":"https:\/\/inclusivenews.com.br\/"},{"@type":"ListItem","position":2,"name":"Semin\u00e1rio de Acessibilidade fortalece di\u00e1logo entre poder p\u00fablico e MPcD em Fortaleza"}]},{"@type":"WebSite","@id":"https:\/\/inclusivenews.com.br\/#website","url":"https:\/\/inclusivenews.com.br\/","name":"Inclusive News","description":"Inclusive News","publisher":{"@id":"https:\/\/inclusivenews.com.br\/#organization"},"potentialAction":[{"@type":"SearchAction","target":{"@type":"EntryPoint","urlTemplate":"https:\/\/inclusivenews.com.br\/?s={search_term_string}"},"query-input":{"@type":"PropertyValueSpecification","valueRequired":true,"valueName":"search_term_string"}}],"inLanguage":"pt-PT"},{"@type":"Organization","@id":"https:\/\/inclusivenews.com.br\/#organization","name":"Inclusive - inclus\u00e3o e cidadania","url":"https:\/\/inclusivenews.com.br\/","logo":{"@type":"ImageObject","inLanguage":"pt-PT","@id":"https:\/\/inclusivenews.com.br\/#\/schema\/logo\/image\/","url":"https:\/\/inclusivenews.com.br\/wp-content\/uploads\/2024\/03\/@grandesite.png","contentUrl":"https:\/\/inclusivenews.com.br\/wp-content\/uploads\/2024\/03\/@grandesite.png","width":1080,"height":1080,"caption":"Inclusive - inclus\u00e3o e cidadania"},"image":{"@id":"https:\/\/inclusivenews.com.br\/#\/schema\/logo\/image\/"},"sameAs":["https:\/\/www.facebook.com\/agenciainclusive\/","https:\/\/www.instagram.com\/newsinclusive\/"]},{"@type":"Person","@id":"https:\/\/inclusivenews.com.br\/#\/schema\/person\/ae4ec7087559b8692fb33b6fffd2273b","name":"inclusivenews2024","image":{"@type":"ImageObject","inLanguage":"pt-PT","@id":"https:\/\/secure.gravatar.com\/avatar\/c5a7ef84c66fa914f55bc4f7ce26cfa275a3b9a1c5568b907bd184fb4dde7b40?s=96&d=mm&r=g","url":"https:\/\/secure.gravatar.com\/avatar\/c5a7ef84c66fa914f55bc4f7ce26cfa275a3b9a1c5568b907bd184fb4dde7b40?s=96&d=mm&r=g","contentUrl":"https:\/\/secure.gravatar.com\/avatar\/c5a7ef84c66fa914f55bc4f7ce26cfa275a3b9a1c5568b907bd184fb4dde7b40?s=96&d=mm&r=g","caption":"inclusivenews2024"},"sameAs":["https:\/\/inclusivenews.com.br"],"url":"https:\/\/inclusivenews.com.br\/?author=1"}]}},"_links":{"self":[{"href":"https:\/\/inclusivenews.com.br\/index.php?rest_route=\/wp\/v2\/posts\/12992","targetHints":{"allow":["GET"]}}],"collection":[{"href":"https:\/\/inclusivenews.com.br\/index.php?rest_route=\/wp\/v2\/posts"}],"about":[{"href":"https:\/\/inclusivenews.com.br\/index.php?rest_route=\/wp\/v2\/types\/post"}],"author":[{"embeddable":true,"href":"https:\/\/inclusivenews.com.br\/index.php?rest_route=\/wp\/v2\/users\/1"}],"replies":[{"embeddable":true,"href":"https:\/\/inclusivenews.com.br\/index.php?rest_route=%2Fwp%2Fv2%2Fcomments&post=12992"}],"version-history":[{"count":0,"href":"https:\/\/inclusivenews.com.br\/index.php?rest_route=\/wp\/v2\/posts\/12992\/revisions"}],"wp:attachment":[{"href":"https:\/\/inclusivenews.com.br\/index.php?rest_route=%2Fwp%2Fv2%2Fmedia&parent=12992"}],"wp:term":[{"taxonomy":"category","embeddable":true,"href":"https:\/\/inclusivenews.com.br\/index.php?rest_route=%2Fwp%2Fv2%2Fcategories&post=12992"},{"taxonomy":"post_tag","embeddable":true,"href":"https:\/\/inclusivenews.com.br\/index.php?rest_route=%2Fwp%2Fv2%2Ftags&post=12992"}],"curies":[{"name":"wp","href":"https:\/\/api.w.org\/{rel}","templated":true}]}}