{"id":12999,"date":"2009-12-10T05:49:35","date_gmt":"2009-12-10T08:49:35","guid":{"rendered":"http:\/\/www.inclusive.org.br\/?p=12999"},"modified":"2009-12-10T05:49:35","modified_gmt":"2009-12-10T08:49:35","slug":"conferencia-de-abertura-da-8a-conferencia-nacional-dos-direitos-da-crianca-e-do-adolescente","status":"publish","type":"post","link":"https:\/\/inclusivenews.com.br\/?p=12999","title":{"rendered":"Confer\u00eancia de Abertura da 8a Conferencia Nacional dos Direitos da Crian\u00e7a e do Adolescente"},"content":{"rendered":"<figure style=\"width: 210px\" class=\"wp-caption alignleft\"><img loading=\"lazy\" decoding=\"async\" title=\"8a Conferencia Nacional dos Direitos da Crian\u00e7a e do Adolescente\" src=\"http:\/\/www.consec.rn.gov.br\/contentproducao\/aplicacao\/govrn\/galeria\/enviados\/logo8_conf.jpg\" alt=\"8a Conferencia Nacional dos Direitos da Crian\u00e7a e do Adolescente\" width=\"210\" height=\"144\" \/><figcaption class=\"wp-caption-text\"> <\/figcaption><\/figure>\n<p style=\"text-align: justify;\">No segundo dia da 8\u00aa Confer\u00eancia Nacional de Direitos da Crian\u00e7a e do Adolescente, o tema da confer\u00eancia de abertura foi <em>A Conven\u00e7\u00e3o, o ECA e as Pol\u00edticas para Inf\u00e2ncia e Adolesc\u00eancia<\/em>. Paulo S\u00e9rgio Pinheiro, comissionado e relator da crian\u00e7a na Comiss\u00e3o Interamericana de Direitos Humanos da OEA, lembrou que a Conven\u00e7\u00e3o \u00e9 o tratado da ONU com maior n\u00famero de ratifica\u00e7\u00f5es no mundo. Apontou como priorit\u00e1rios tr\u00eas princ\u00edpios referentes ao acordo: o da n\u00e3o discrimina\u00e7\u00e3o, o da participa\u00e7\u00e3o e o da prote\u00e7\u00e3o especial. Focou aten\u00e7\u00e3o neste \u00faltimo, principalmente no que diz respeito aos castigos f\u00edsicos e \u00e0 criminaliza\u00e7\u00e3o da crian\u00e7a e do adolescente. Para ele, n\u00e3o h\u00e1 como coexistir democracia e a cultura dos castigos f\u00edsicos, em que a for\u00e7a \u00e9 empregada para se obter disciplina dos filhos. \u201cIsso \u00e9 uma sobreviv\u00eancia autorit\u00e1ria da nossa democracia\u201d, conclui o relator.<span><\/p>\n<div style=\"margin-top: 0cm; margin-right: 0cm; margin-bottom: 10pt; margin-left: 0cm; text-align: justify;\">Paulo S\u00e9rgio faz refer\u00eancia a pa\u00edses como o Chile, que usa uma \u201cLei anti-terrorsista\u201d para processar crian\u00e7as e adolescentes, e a Argentina, que mant\u00e9m 12 crian\u00e7as cumprindo pris\u00e3o perp\u00e9tua. \u201cE esse \u00e9 o clima de v\u00e1rios pa\u00edses da Am\u00e9rica Central. A moda \u00e9 a dureza contra as crian\u00e7as e adolescentes\u201d. Nesse contexto, ressalta a responsabilidade do Brasil na execu\u00e7\u00e3o de seu papel de lideran\u00e7a.<\/div>\n<div style=\"margin-top: 0cm; margin-right: 0cm; margin-bottom: 10pt; margin-left: 0cm; text-align: justify;\">Em seguida, a palavra \u00e9 de Irene Rizzini, professora da PUC\/RJ, diretora do Centro Internacional de Estudos e Pesquisas sobre a Inf\u00e2ncia (Ciespi) e Presidente da Rede Municipal de pesquisa Childwatch International. Ressalta os avan\u00e7os atingidos com a Conven\u00e7\u00e3o e o ECA, desde a mudan\u00e7a na nomenclatura \u2013 de <em>menor<\/em> a <em>crian\u00e7a e adolescente<\/em> e finalmente <em>sujeitos de direito<\/em> \u2013 at\u00e9 as significativas redu\u00e7\u00f5es nas taxas de mortalidade infantil e analfabetismo. No entanto, lembra tamb\u00e9m dos desafios na garantia de direitos, entre os quais se destacam a minimiza\u00e7\u00e3o da desigualdade (42% das crian\u00e7as e adolescentes abaixo da linha de pobreza) e do \u00edndice de homic\u00eddios entre jovens. \u201cO Rio de Janeiro s\u00f3 perde para Col\u00f4mbia nesse quesito. Uma das taxas de homic\u00eddio mais altas do mundo\u201d, completa Irene.<\/div>\n<p style=\"text-align: justify;\">Irene segue expondo problemas e caminhos na constru\u00e7\u00e3o de uma agenda pol\u00edtica sustent\u00e1vel. Para ela, \u00e9 imprescind\u00edvel a cria\u00e7\u00e3o de mecanismos duradouros para o fortalecimento de processos democr\u00e1ticos e de constru\u00e7\u00e3o coletiva das diretrizes pol\u00edticas. Outro obst\u00e1culo \u00e9 a cultura da \u201cn\u00e3o implementa\u00e7\u00e3o, da descontinuidade, da desarticula\u00e7\u00e3o e da falta de transpar\u00eancia\u201d. Lamenta os freq\u00fcentes cortes or\u00e7ament\u00e1rios que inviabilizam projetos continuados: \u201cSe n\u00e3o h\u00e1 previs\u00e3o or\u00e7ament\u00e1ria clara para cada pol\u00edtica, vamos manter a ret\u00f3rica de que fazemos bons planos, mas n\u00e3o os implementamos\u201d.<\/p>\n<p style=\"text-align: justify;\">Fizeram parte da mesa ainda, o vice-presidente do Conanda, F\u00e1bio Feitosa, e os adolescentes Lu\u00eds Guilherme, da Delega\u00e7\u00e3o de Santa Catarina e Isamara Alves, do Rio Grande do Norte, que encerra as falas com um apelo: \u201cQue realmente essas propostas e objetivos venham a ser cumpridos, para que nossos direitos n\u00e3o sejam violados, e assim tenhamos uma sociedade respons\u00e1vel e justa. N\u00e3o estamos aqui a passeio ou brincando, mas sim fazendo valer nossos direitos\u201d.<\/p>\n<p><\/span><\/p>\n<p style=\"text-align: justify;\"><span><\/p>\n<div style=\"margin: 0cm 0cm 10pt\">\n<p style=\"text-align: justify;\"><em>Reda\u00e7\u00e3o Portal Pr\u00f3-Menino, direto de Bras\u00edlia-DF, por Eduardo Garc\u00eas<span><strong> <\/strong><\/span><\/em><\/p>\n<p style=\"text-align: justify;\">_____________________________________<\/p>\n<p style=\"text-align: justify;\"><span><strong>Fonte de informa\u00e7\u00e3o:<\/strong> <a href=\"http:\/\/www.promenino.org.br\/Ferramentas\/DireitosdasCriancaseAdolescentes\/tabid\/77\/ConteudoId\/ac05bc06-c945-4368-a348-dd28d823e2cc\/Default.aspx\">Portal Pr\u00f3-Menino <img loading=\"lazy\" decoding=\"async\" title=\"Link abrir\u00e1 em uma nova janela ou aba.\" src=\"http:\/\/www.inclusive.org.br\/images\/new_window.gif\" alt=\"Link abrir\u00e1 em uma nova janela ou aba.\" width=\"16\" height=\"14\" \/><\/a><\/span><\/p>\n<\/div>\n<p><\/span><\/p>\n","protected":false},"excerpt":{"rendered":"<p>No segundo dia da Confer\u00eancia, o tom foi o debate sobre discrimina\u00e7\u00e3o, viol\u00eancia, participa\u00e7\u00e3o e prote\u00e7\u00e3o especial. Reportagem do Portal Pr\u00f3-Menino, direto de Bras\u00edlia &#8211; DF.<\/p>\n","protected":false},"author":1,"featured_media":0,"comment_status":"open","ping_status":"open","sticky":false,"template":"","format":"standard","meta":{"site-container-style":"default","site-container-layout":"default","site-sidebar-layout":"default","disable-article-header":"default","disable-site-header":"default","disable-site-footer":"default","disable-content-area-spacing":"default","footnotes":""},"categories":[11,6,4],"tags":[60],"class_list":["post-12999","post","type-post","status-publish","format-standard","hentry","category-direitos-humanos","category-educacao","category-noticias","tag-infancia"],"yoast_head":"<!-- This site is optimized with the Yoast SEO plugin v27.4 - https:\/\/yoast.com\/product\/yoast-seo-wordpress\/ -->\n<title>Confer\u00eancia de Abertura da 8a Conferencia Nacional dos Direitos da Crian\u00e7a e do Adolescente -<\/title>\n<meta name=\"robots\" content=\"index, follow, max-snippet:-1, max-image-preview:large, max-video-preview:-1\" \/>\n<link rel=\"canonical\" href=\"https:\/\/inclusivenews.com.br\/?p=12999\" \/>\n<meta property=\"og:locale\" content=\"pt_PT\" \/>\n<meta property=\"og:type\" content=\"article\" \/>\n<meta property=\"og:title\" content=\"Confer\u00eancia de Abertura da 8a Conferencia Nacional dos Direitos da Crian\u00e7a e do Adolescente -\" \/>\n<meta property=\"og:description\" content=\"No segundo dia da Confer\u00eancia, o tom foi o debate sobre discrimina\u00e7\u00e3o, viol\u00eancia, participa\u00e7\u00e3o e prote\u00e7\u00e3o especial. Reportagem do Portal Pr\u00f3-Menino, direto de Bras\u00edlia - DF.\" \/>\n<meta property=\"og:url\" content=\"https:\/\/inclusivenews.com.br\/?p=12999\" \/>\n<meta property=\"article:publisher\" content=\"https:\/\/www.facebook.com\/agenciainclusive\/\" \/>\n<meta property=\"article:published_time\" content=\"2009-12-10T08:49:35+00:00\" \/>\n<meta property=\"og:image\" content=\"http:\/\/www.consec.rn.gov.br\/contentproducao\/aplicacao\/govrn\/galeria\/enviados\/logo8_conf.jpg\" \/>\n<meta name=\"author\" content=\"inclusivenews2024\" \/>\n<meta name=\"twitter:card\" content=\"summary_large_image\" \/>\n<meta name=\"twitter:label1\" content=\"Escrito por\" \/>\n\t<meta name=\"twitter:data1\" content=\"inclusivenews2024\" \/>\n\t<meta name=\"twitter:label2\" content=\"Tempo estimado de leitura\" \/>\n\t<meta name=\"twitter:data2\" content=\"3 minutos\" \/>\n<script type=\"application\/ld+json\" class=\"yoast-schema-graph\">{\"@context\":\"https:\\\/\\\/schema.org\",\"@graph\":[{\"@type\":\"Article\",\"@id\":\"https:\\\/\\\/inclusivenews.com.br\\\/?p=12999#article\",\"isPartOf\":{\"@id\":\"https:\\\/\\\/inclusivenews.com.br\\\/?p=12999\"},\"author\":{\"name\":\"inclusivenews2024\",\"@id\":\"https:\\\/\\\/inclusivenews.com.br\\\/#\\\/schema\\\/person\\\/ae4ec7087559b8692fb33b6fffd2273b\"},\"headline\":\"Confer\u00eancia de Abertura da 8a Conferencia Nacional dos Direitos da Crian\u00e7a e do Adolescente\",\"datePublished\":\"2009-12-10T08:49:35+00:00\",\"mainEntityOfPage\":{\"@id\":\"https:\\\/\\\/inclusivenews.com.br\\\/?p=12999\"},\"wordCount\":603,\"commentCount\":0,\"publisher\":{\"@id\":\"https:\\\/\\\/inclusivenews.com.br\\\/#organization\"},\"image\":{\"@id\":\"https:\\\/\\\/inclusivenews.com.br\\\/?p=12999#primaryimage\"},\"thumbnailUrl\":\"http:\\\/\\\/www.consec.rn.gov.br\\\/contentproducao\\\/aplicacao\\\/govrn\\\/galeria\\\/enviados\\\/logo8_conf.jpg\",\"keywords\":[\"Inf\u00e2ncia\"],\"articleSection\":[\"DIREITOS HUMANOS\",\"EDUCA\u00c7\u00c3O\",\"NOT\u00cdCIAS\"],\"inLanguage\":\"pt-PT\",\"potentialAction\":[{\"@type\":\"CommentAction\",\"name\":\"Comment\",\"target\":[\"https:\\\/\\\/inclusivenews.com.br\\\/?p=12999#respond\"]}]},{\"@type\":\"WebPage\",\"@id\":\"https:\\\/\\\/inclusivenews.com.br\\\/?p=12999\",\"url\":\"https:\\\/\\\/inclusivenews.com.br\\\/?p=12999\",\"name\":\"Confer\u00eancia de Abertura da 8a Conferencia Nacional dos Direitos da Crian\u00e7a e do Adolescente -\",\"isPartOf\":{\"@id\":\"https:\\\/\\\/inclusivenews.com.br\\\/#website\"},\"primaryImageOfPage\":{\"@id\":\"https:\\\/\\\/inclusivenews.com.br\\\/?p=12999#primaryimage\"},\"image\":{\"@id\":\"https:\\\/\\\/inclusivenews.com.br\\\/?p=12999#primaryimage\"},\"thumbnailUrl\":\"http:\\\/\\\/www.consec.rn.gov.br\\\/contentproducao\\\/aplicacao\\\/govrn\\\/galeria\\\/enviados\\\/logo8_conf.jpg\",\"datePublished\":\"2009-12-10T08:49:35+00:00\",\"breadcrumb\":{\"@id\":\"https:\\\/\\\/inclusivenews.com.br\\\/?p=12999#breadcrumb\"},\"inLanguage\":\"pt-PT\",\"potentialAction\":[{\"@type\":\"ReadAction\",\"target\":[\"https:\\\/\\\/inclusivenews.com.br\\\/?p=12999\"]}]},{\"@type\":\"ImageObject\",\"inLanguage\":\"pt-PT\",\"@id\":\"https:\\\/\\\/inclusivenews.com.br\\\/?p=12999#primaryimage\",\"url\":\"http:\\\/\\\/www.consec.rn.gov.br\\\/contentproducao\\\/aplicacao\\\/govrn\\\/galeria\\\/enviados\\\/logo8_conf.jpg\",\"contentUrl\":\"http:\\\/\\\/www.consec.rn.gov.br\\\/contentproducao\\\/aplicacao\\\/govrn\\\/galeria\\\/enviados\\\/logo8_conf.jpg\"},{\"@type\":\"BreadcrumbList\",\"@id\":\"https:\\\/\\\/inclusivenews.com.br\\\/?p=12999#breadcrumb\",\"itemListElement\":[{\"@type\":\"ListItem\",\"position\":1,\"name\":\"In\u00edcio\",\"item\":\"https:\\\/\\\/inclusivenews.com.br\\\/\"},{\"@type\":\"ListItem\",\"position\":2,\"name\":\"Confer\u00eancia de Abertura da 8a Conferencia Nacional dos Direitos da Crian\u00e7a e do Adolescente\"}]},{\"@type\":\"WebSite\",\"@id\":\"https:\\\/\\\/inclusivenews.com.br\\\/#website\",\"url\":\"https:\\\/\\\/inclusivenews.com.br\\\/\",\"name\":\"Inclusive News\",\"description\":\"Inclusive News\",\"publisher\":{\"@id\":\"https:\\\/\\\/inclusivenews.com.br\\\/#organization\"},\"potentialAction\":[{\"@type\":\"SearchAction\",\"target\":{\"@type\":\"EntryPoint\",\"urlTemplate\":\"https:\\\/\\\/inclusivenews.com.br\\\/?s={search_term_string}\"},\"query-input\":{\"@type\":\"PropertyValueSpecification\",\"valueRequired\":true,\"valueName\":\"search_term_string\"}}],\"inLanguage\":\"pt-PT\"},{\"@type\":\"Organization\",\"@id\":\"https:\\\/\\\/inclusivenews.com.br\\\/#organization\",\"name\":\"Inclusive - inclus\u00e3o e cidadania\",\"url\":\"https:\\\/\\\/inclusivenews.com.br\\\/\",\"logo\":{\"@type\":\"ImageObject\",\"inLanguage\":\"pt-PT\",\"@id\":\"https:\\\/\\\/inclusivenews.com.br\\\/#\\\/schema\\\/logo\\\/image\\\/\",\"url\":\"https:\\\/\\\/inclusivenews.com.br\\\/wp-content\\\/uploads\\\/2024\\\/03\\\/@grandesite.png\",\"contentUrl\":\"https:\\\/\\\/inclusivenews.com.br\\\/wp-content\\\/uploads\\\/2024\\\/03\\\/@grandesite.png\",\"width\":1080,\"height\":1080,\"caption\":\"Inclusive - inclus\u00e3o e cidadania\"},\"image\":{\"@id\":\"https:\\\/\\\/inclusivenews.com.br\\\/#\\\/schema\\\/logo\\\/image\\\/\"},\"sameAs\":[\"https:\\\/\\\/www.facebook.com\\\/agenciainclusive\\\/\",\"https:\\\/\\\/www.instagram.com\\\/newsinclusive\\\/\"]},{\"@type\":\"Person\",\"@id\":\"https:\\\/\\\/inclusivenews.com.br\\\/#\\\/schema\\\/person\\\/ae4ec7087559b8692fb33b6fffd2273b\",\"name\":\"inclusivenews2024\",\"image\":{\"@type\":\"ImageObject\",\"inLanguage\":\"pt-PT\",\"@id\":\"https:\\\/\\\/secure.gravatar.com\\\/avatar\\\/c5a7ef84c66fa914f55bc4f7ce26cfa275a3b9a1c5568b907bd184fb4dde7b40?s=96&d=mm&r=g\",\"url\":\"https:\\\/\\\/secure.gravatar.com\\\/avatar\\\/c5a7ef84c66fa914f55bc4f7ce26cfa275a3b9a1c5568b907bd184fb4dde7b40?s=96&d=mm&r=g\",\"contentUrl\":\"https:\\\/\\\/secure.gravatar.com\\\/avatar\\\/c5a7ef84c66fa914f55bc4f7ce26cfa275a3b9a1c5568b907bd184fb4dde7b40?s=96&d=mm&r=g\",\"caption\":\"inclusivenews2024\"},\"sameAs\":[\"https:\\\/\\\/inclusivenews.com.br\"],\"url\":\"https:\\\/\\\/inclusivenews.com.br\\\/?author=1\"}]}<\/script>\n<!-- \/ Yoast SEO plugin. -->","yoast_head_json":{"title":"Confer\u00eancia de Abertura da 8a Conferencia Nacional dos Direitos da Crian\u00e7a e do Adolescente -","robots":{"index":"index","follow":"follow","max-snippet":"max-snippet:-1","max-image-preview":"max-image-preview:large","max-video-preview":"max-video-preview:-1"},"canonical":"https:\/\/inclusivenews.com.br\/?p=12999","og_locale":"pt_PT","og_type":"article","og_title":"Confer\u00eancia de Abertura da 8a Conferencia Nacional dos Direitos da Crian\u00e7a e do Adolescente -","og_description":"No segundo dia da Confer\u00eancia, o tom foi o debate sobre discrimina\u00e7\u00e3o, viol\u00eancia, participa\u00e7\u00e3o e prote\u00e7\u00e3o especial. Reportagem do Portal Pr\u00f3-Menino, direto de Bras\u00edlia - DF.","og_url":"https:\/\/inclusivenews.com.br\/?p=12999","article_publisher":"https:\/\/www.facebook.com\/agenciainclusive\/","article_published_time":"2009-12-10T08:49:35+00:00","og_image":[{"url":"http:\/\/www.consec.rn.gov.br\/contentproducao\/aplicacao\/govrn\/galeria\/enviados\/logo8_conf.jpg","type":"","width":"","height":""}],"author":"inclusivenews2024","twitter_card":"summary_large_image","twitter_misc":{"Escrito por":"inclusivenews2024","Tempo estimado de leitura":"3 minutos"},"schema":{"@context":"https:\/\/schema.org","@graph":[{"@type":"Article","@id":"https:\/\/inclusivenews.com.br\/?p=12999#article","isPartOf":{"@id":"https:\/\/inclusivenews.com.br\/?p=12999"},"author":{"name":"inclusivenews2024","@id":"https:\/\/inclusivenews.com.br\/#\/schema\/person\/ae4ec7087559b8692fb33b6fffd2273b"},"headline":"Confer\u00eancia de Abertura da 8a Conferencia Nacional dos Direitos da Crian\u00e7a e do Adolescente","datePublished":"2009-12-10T08:49:35+00:00","mainEntityOfPage":{"@id":"https:\/\/inclusivenews.com.br\/?p=12999"},"wordCount":603,"commentCount":0,"publisher":{"@id":"https:\/\/inclusivenews.com.br\/#organization"},"image":{"@id":"https:\/\/inclusivenews.com.br\/?p=12999#primaryimage"},"thumbnailUrl":"http:\/\/www.consec.rn.gov.br\/contentproducao\/aplicacao\/govrn\/galeria\/enviados\/logo8_conf.jpg","keywords":["Inf\u00e2ncia"],"articleSection":["DIREITOS HUMANOS","EDUCA\u00c7\u00c3O","NOT\u00cdCIAS"],"inLanguage":"pt-PT","potentialAction":[{"@type":"CommentAction","name":"Comment","target":["https:\/\/inclusivenews.com.br\/?p=12999#respond"]}]},{"@type":"WebPage","@id":"https:\/\/inclusivenews.com.br\/?p=12999","url":"https:\/\/inclusivenews.com.br\/?p=12999","name":"Confer\u00eancia de Abertura da 8a Conferencia Nacional dos Direitos da Crian\u00e7a e do Adolescente -","isPartOf":{"@id":"https:\/\/inclusivenews.com.br\/#website"},"primaryImageOfPage":{"@id":"https:\/\/inclusivenews.com.br\/?p=12999#primaryimage"},"image":{"@id":"https:\/\/inclusivenews.com.br\/?p=12999#primaryimage"},"thumbnailUrl":"http:\/\/www.consec.rn.gov.br\/contentproducao\/aplicacao\/govrn\/galeria\/enviados\/logo8_conf.jpg","datePublished":"2009-12-10T08:49:35+00:00","breadcrumb":{"@id":"https:\/\/inclusivenews.com.br\/?p=12999#breadcrumb"},"inLanguage":"pt-PT","potentialAction":[{"@type":"ReadAction","target":["https:\/\/inclusivenews.com.br\/?p=12999"]}]},{"@type":"ImageObject","inLanguage":"pt-PT","@id":"https:\/\/inclusivenews.com.br\/?p=12999#primaryimage","url":"http:\/\/www.consec.rn.gov.br\/contentproducao\/aplicacao\/govrn\/galeria\/enviados\/logo8_conf.jpg","contentUrl":"http:\/\/www.consec.rn.gov.br\/contentproducao\/aplicacao\/govrn\/galeria\/enviados\/logo8_conf.jpg"},{"@type":"BreadcrumbList","@id":"https:\/\/inclusivenews.com.br\/?p=12999#breadcrumb","itemListElement":[{"@type":"ListItem","position":1,"name":"In\u00edcio","item":"https:\/\/inclusivenews.com.br\/"},{"@type":"ListItem","position":2,"name":"Confer\u00eancia de Abertura da 8a Conferencia Nacional dos Direitos da Crian\u00e7a e do Adolescente"}]},{"@type":"WebSite","@id":"https:\/\/inclusivenews.com.br\/#website","url":"https:\/\/inclusivenews.com.br\/","name":"Inclusive News","description":"Inclusive News","publisher":{"@id":"https:\/\/inclusivenews.com.br\/#organization"},"potentialAction":[{"@type":"SearchAction","target":{"@type":"EntryPoint","urlTemplate":"https:\/\/inclusivenews.com.br\/?s={search_term_string}"},"query-input":{"@type":"PropertyValueSpecification","valueRequired":true,"valueName":"search_term_string"}}],"inLanguage":"pt-PT"},{"@type":"Organization","@id":"https:\/\/inclusivenews.com.br\/#organization","name":"Inclusive - inclus\u00e3o e cidadania","url":"https:\/\/inclusivenews.com.br\/","logo":{"@type":"ImageObject","inLanguage":"pt-PT","@id":"https:\/\/inclusivenews.com.br\/#\/schema\/logo\/image\/","url":"https:\/\/inclusivenews.com.br\/wp-content\/uploads\/2024\/03\/@grandesite.png","contentUrl":"https:\/\/inclusivenews.com.br\/wp-content\/uploads\/2024\/03\/@grandesite.png","width":1080,"height":1080,"caption":"Inclusive - inclus\u00e3o e cidadania"},"image":{"@id":"https:\/\/inclusivenews.com.br\/#\/schema\/logo\/image\/"},"sameAs":["https:\/\/www.facebook.com\/agenciainclusive\/","https:\/\/www.instagram.com\/newsinclusive\/"]},{"@type":"Person","@id":"https:\/\/inclusivenews.com.br\/#\/schema\/person\/ae4ec7087559b8692fb33b6fffd2273b","name":"inclusivenews2024","image":{"@type":"ImageObject","inLanguage":"pt-PT","@id":"https:\/\/secure.gravatar.com\/avatar\/c5a7ef84c66fa914f55bc4f7ce26cfa275a3b9a1c5568b907bd184fb4dde7b40?s=96&d=mm&r=g","url":"https:\/\/secure.gravatar.com\/avatar\/c5a7ef84c66fa914f55bc4f7ce26cfa275a3b9a1c5568b907bd184fb4dde7b40?s=96&d=mm&r=g","contentUrl":"https:\/\/secure.gravatar.com\/avatar\/c5a7ef84c66fa914f55bc4f7ce26cfa275a3b9a1c5568b907bd184fb4dde7b40?s=96&d=mm&r=g","caption":"inclusivenews2024"},"sameAs":["https:\/\/inclusivenews.com.br"],"url":"https:\/\/inclusivenews.com.br\/?author=1"}]}},"_links":{"self":[{"href":"https:\/\/inclusivenews.com.br\/index.php?rest_route=\/wp\/v2\/posts\/12999","targetHints":{"allow":["GET"]}}],"collection":[{"href":"https:\/\/inclusivenews.com.br\/index.php?rest_route=\/wp\/v2\/posts"}],"about":[{"href":"https:\/\/inclusivenews.com.br\/index.php?rest_route=\/wp\/v2\/types\/post"}],"author":[{"embeddable":true,"href":"https:\/\/inclusivenews.com.br\/index.php?rest_route=\/wp\/v2\/users\/1"}],"replies":[{"embeddable":true,"href":"https:\/\/inclusivenews.com.br\/index.php?rest_route=%2Fwp%2Fv2%2Fcomments&post=12999"}],"version-history":[{"count":0,"href":"https:\/\/inclusivenews.com.br\/index.php?rest_route=\/wp\/v2\/posts\/12999\/revisions"}],"wp:attachment":[{"href":"https:\/\/inclusivenews.com.br\/index.php?rest_route=%2Fwp%2Fv2%2Fmedia&parent=12999"}],"wp:term":[{"taxonomy":"category","embeddable":true,"href":"https:\/\/inclusivenews.com.br\/index.php?rest_route=%2Fwp%2Fv2%2Fcategories&post=12999"},{"taxonomy":"post_tag","embeddable":true,"href":"https:\/\/inclusivenews.com.br\/index.php?rest_route=%2Fwp%2Fv2%2Ftags&post=12999"}],"curies":[{"name":"wp","href":"https:\/\/api.w.org\/{rel}","templated":true}]}}