{"id":13084,"date":"2009-12-15T07:03:25","date_gmt":"2009-12-15T10:03:25","guid":{"rendered":"http:\/\/www.inclusive.org.br\/?p=13084"},"modified":"2009-12-15T07:03:25","modified_gmt":"2009-12-15T10:03:25","slug":"roupas-maquilagem-e-os-direitos-da-mulher","status":"publish","type":"post","link":"https:\/\/inclusivenews.com.br\/?p=13084","title":{"rendered":"Roupas, maquilagem e os direitos da mulher"},"content":{"rendered":"<p style=\"text-align: justify;\"><em><span style=\"color: #888888;\"><strong><a href=\"http:\/\/www.inclusivenews.com.br\/wp-content\/uploads\/2009\/12\/vaidosa.jpg\"><img loading=\"lazy\" decoding=\"async\" class=\"alignleft size-full wp-image-13085\" title=\"Mulher\" src=\"http:\/\/inclusivenews.com.br\/wp-content\/uploads\/2009\/12\/vaidosa.jpg\" alt=\"Mulher\" width=\"188\" height=\"155\" \/><\/a>Por Ligia Martins de Almeida em 8\/12\/2009<\/strong><\/span><\/em><\/p>\n<p style=\"text-align: justify;\">O que ter\u00e1 acontecido com a estudante Geisy Arruda e seu famoso minivestido pink? Nos jornais, ela \u00e9 not\u00edcia de ontem, esquecida e engavetada. Parece que a prometida campanha de lingerie n\u00e3o aconteceu. Possivelmente o p\u00fablico n\u00e3o vai ficar sabendo se ela concluiu o ano letivo e se passou de ano, a menos que alguma revista masculina resolva pagar para ter Geisy em suas p\u00e1ginas \u2013 naturalmente, com menos roupa do que o vestido que a tornou famosa.<\/p>\n<p style=\"text-align: justify;\">Geisy, como se viu em entrevistas a jornais e sites, n\u00e3o tem hist\u00f3ria que justifique uma grande mat\u00e9ria ou perfil em revistas femininas. Nem serve como modelo na escolha de roupas ou maquilagem. \u00c9 apenas mais uma das milhares de jovens brasileiras que estuda e trabalha, ganha pouco e n\u00e3o hesita em usar roupas que valorizam seu corpo. Nada diferente de tantas outras jovens que fazem o mesmo usando modelos de grife, produtos de maquilagem de primeira linha, e que tratam do cabelo nos melhores sal\u00f5es, como as modelos que ilustram as mat\u00e9rias de moda e beleza de revistas femininas.<\/p>\n<p style=\"text-align: justify;\">Mas, embora fora do padr\u00e3o imposto na m\u00eddia \u2013 mulheres mais magras, bonitas e impec\u00e1veis no visual \u2013, a edi\u00e7\u00e3o de dezembro da revista <em>Claudia<\/em> mostrou Geisy em suas p\u00e1ginas. Ela \u00e9 a foto que ilustra o artigo de Nic\u00e9ia Freire (Secretaria Especial de Pol\u00edtica para as Mulheres), que coloca foco no que realmente importa: a situa\u00e7\u00e3o das mulheres no Brasil de hoje.<\/p>\n<p style=\"text-align: justify;\">\n<div><strong>\u00a0<\/strong><\/div>\n<div><strong>Um espa\u00e7o, por menor que seja<\/strong><strong>\u00a0<\/strong><strong>\u00a0<\/strong>\u00a0<\/p>\n<p style=\"text-align: justify;\">Diz Nic\u00e9ia Freire:<\/p>\n<p style=\"text-align: justify;\"><em>&#8220;Geisy Arruda apenas se vestiu. E a roupa que usou n\u00e3o carece de adjetivos. \u00c9 rosa? \u00c9 curto? E o foco da discuss\u00e3o deve ser outro: a quem cabe definir o que \u00e9 pass\u00edvel de ser considerado `normal\u00b4? A quem cabe decidir sobre `comportamento adequado\u00b4? Geisy Arruda \u00e9 uma mulher. Uma mulher brasileira. Uma mulher \u2013 como somos todas \u2013 inserida em uma sociedade conservadora, repressora e machista e educada por ela. Uma mulher como qualquer brasileira, que tenta construir sua vida, que tem desejos e vulnerabilidades&#8230; Ainda bem que h\u00e1 muitas vozes para nos lembrarem que s\u00e3o as mulheres que devem decidir sobre o pr\u00f3prio corpo, suas roupas, suas rela\u00e7\u00f5es de afeto, seu comportamento. Aprender a conviver com as diferen\u00e7as e com a diversidade \u00e9 um exerc\u00edcio que qualquer sociedade que se pretenda democr\u00e1tica precisa fazer cotidianamente. Ou n\u00e3o haver\u00e1 democracia nem liberdade. Nem para as mulheres nem para homens. E mais do que sobre a pertin\u00eancia da roupa de Geisy \u00e9 sobre essa quest\u00e3o de devemos ficar atentos.&#8221;<\/em><\/p>\n<p style=\"text-align: justify;\">Nic\u00e9ia Freire diz que o desafio que fica \u00e9 &#8220;n\u00e3o esquecer o caso&#8221;. Um alerta que serve at\u00e9 para a pr\u00f3pria revista <em>Claudia<\/em> que, em seus primeiros tempos, abria p\u00e1ginas mensais para Carmen da Silva discutir a situa\u00e7\u00e3o da mulher.<\/p>\n<p style=\"text-align: justify;\">Resta torcer para que o artigo da secret\u00e1ria especial de Pol\u00edtica para as Mulheres n\u00e3o seja apenas um arroubo feminista da revista. Espera-se que a situa\u00e7\u00e3o da mulher volte a ter, em <em>Claudia<\/em> e nas revistas femininas do mercado, um espa\u00e7o \u2013 por menor que seja \u2013 entre as centenas de p\u00e1ginas incentivando o consumo e os cuidados com a forma f\u00edsica como forma de realiza\u00e7\u00e3o plena da condi\u00e7\u00e3o feminina.<\/p>\n<p style=\"text-align: justify;\">__________________________<\/p>\n<p style=\"text-align: justify;\"><strong>Fonte de informa\u00e7\u00e3o:<\/strong>\u00a0<a onclick=\"pageTracker._trackPageview('\/outbound\/article\/noticias.pgr.mpf.gov.br');\" href=\"http:\/\/noticias.pgr.mpf.gov.br\/noticias\/noticias-do-site\/direitos-do-cidadao\/08-12-09-mpf-sp-quer-que-unidades-do-201cminha-casa-minha-vida201d-sejam-acessiveis-a-pessoas-com-deficiencia-fisica\" target=\"_blank\" rel=\"noopener\">Observat\u00f3rio da Imprensa\u00a0<img loading=\"lazy\" decoding=\"async\" title=\"Link abrir\u00e1 em uma nova janela ou aba.\" src=\"http:\/\/www.inclusive.org.br\/images\/new_window.gif\" alt=\"Link abrir\u00e1 em uma nova janela ou aba.\" width=\"16\" height=\"14\" \/><\/a><\/p>\n<\/div>\n","protected":false},"excerpt":{"rendered":"<p>Por Ligia Martins de Almeida em 8\/12\/2009 O que ter\u00e1 acontecido com a estudante Geisy Arruda e seu famoso minivestido pink? Nos jornais, ela \u00e9 not\u00edcia de ontem, esquecida e engavetada. Parece que a prometida campanha de lingerie n\u00e3o aconteceu. Possivelmente o p\u00fablico n\u00e3o vai ficar sabendo se ela concluiu o ano letivo e se [&hellip;]<\/p>\n","protected":false},"author":1,"featured_media":0,"comment_status":"open","ping_status":"open","sticky":false,"template":"","format":"standard","meta":{"site-container-style":"default","site-container-layout":"default","site-sidebar-layout":"default","disable-article-header":"default","disable-site-header":"default","disable-site-footer":"default","disable-content-area-spacing":"default","footnotes":""},"categories":[40,4,41],"tags":[],"class_list":["post-13084","post","type-post","status-publish","format-standard","hentry","category-diversidade","category-noticias","category-preconceito"],"yoast_head":"<!-- This site is optimized with the Yoast SEO plugin v27.4 - https:\/\/yoast.com\/product\/yoast-seo-wordpress\/ -->\n<title>Roupas, maquilagem e os direitos da mulher -<\/title>\n<meta name=\"robots\" content=\"index, follow, max-snippet:-1, max-image-preview:large, max-video-preview:-1\" \/>\n<link rel=\"canonical\" href=\"https:\/\/inclusivenews.com.br\/?p=13084\" \/>\n<meta property=\"og:locale\" content=\"pt_PT\" \/>\n<meta property=\"og:type\" content=\"article\" \/>\n<meta property=\"og:title\" content=\"Roupas, maquilagem e os direitos da mulher -\" \/>\n<meta property=\"og:description\" content=\"Por Ligia Martins de Almeida em 8\/12\/2009 O que ter\u00e1 acontecido com a estudante Geisy Arruda e seu famoso minivestido pink? Nos jornais, ela \u00e9 not\u00edcia de ontem, esquecida e engavetada. Parece que a prometida campanha de lingerie n\u00e3o aconteceu. Possivelmente o p\u00fablico n\u00e3o vai ficar sabendo se ela concluiu o ano letivo e se [&hellip;]\" \/>\n<meta property=\"og:url\" content=\"https:\/\/inclusivenews.com.br\/?p=13084\" \/>\n<meta property=\"article:publisher\" content=\"https:\/\/www.facebook.com\/agenciainclusive\/\" \/>\n<meta property=\"article:published_time\" content=\"2009-12-15T10:03:25+00:00\" \/>\n<meta property=\"og:image\" content=\"http:\/\/inclusivenews.com.br\/wp-content\/uploads\/2009\/12\/vaidosa.jpg\" \/>\n<meta name=\"author\" content=\"inclusivenews2024\" \/>\n<meta name=\"twitter:card\" content=\"summary_large_image\" \/>\n<meta name=\"twitter:label1\" content=\"Escrito por\" \/>\n\t<meta name=\"twitter:data1\" content=\"inclusivenews2024\" \/>\n\t<meta name=\"twitter:label2\" content=\"Tempo estimado de leitura\" \/>\n\t<meta name=\"twitter:data2\" content=\"3 minutos\" \/>\n<script type=\"application\/ld+json\" class=\"yoast-schema-graph\">{\"@context\":\"https:\\\/\\\/schema.org\",\"@graph\":[{\"@type\":\"Article\",\"@id\":\"https:\\\/\\\/inclusivenews.com.br\\\/?p=13084#article\",\"isPartOf\":{\"@id\":\"https:\\\/\\\/inclusivenews.com.br\\\/?p=13084\"},\"author\":{\"name\":\"inclusivenews2024\",\"@id\":\"https:\\\/\\\/inclusivenews.com.br\\\/#\\\/schema\\\/person\\\/ae4ec7087559b8692fb33b6fffd2273b\"},\"headline\":\"Roupas, maquilagem e os direitos da mulher\",\"datePublished\":\"2009-12-15T10:03:25+00:00\",\"mainEntityOfPage\":{\"@id\":\"https:\\\/\\\/inclusivenews.com.br\\\/?p=13084\"},\"wordCount\":581,\"commentCount\":0,\"publisher\":{\"@id\":\"https:\\\/\\\/inclusivenews.com.br\\\/#organization\"},\"image\":{\"@id\":\"https:\\\/\\\/inclusivenews.com.br\\\/?p=13084#primaryimage\"},\"thumbnailUrl\":\"http:\\\/\\\/inclusivenews.com.br\\\/wp-content\\\/uploads\\\/2009\\\/12\\\/vaidosa.jpg\",\"articleSection\":[\"Diversidade\",\"NOT\u00cdCIAS\",\"Preconceito\"],\"inLanguage\":\"pt-PT\",\"potentialAction\":[{\"@type\":\"CommentAction\",\"name\":\"Comment\",\"target\":[\"https:\\\/\\\/inclusivenews.com.br\\\/?p=13084#respond\"]}]},{\"@type\":\"WebPage\",\"@id\":\"https:\\\/\\\/inclusivenews.com.br\\\/?p=13084\",\"url\":\"https:\\\/\\\/inclusivenews.com.br\\\/?p=13084\",\"name\":\"Roupas, maquilagem e os direitos da mulher -\",\"isPartOf\":{\"@id\":\"https:\\\/\\\/inclusivenews.com.br\\\/#website\"},\"primaryImageOfPage\":{\"@id\":\"https:\\\/\\\/inclusivenews.com.br\\\/?p=13084#primaryimage\"},\"image\":{\"@id\":\"https:\\\/\\\/inclusivenews.com.br\\\/?p=13084#primaryimage\"},\"thumbnailUrl\":\"http:\\\/\\\/inclusivenews.com.br\\\/wp-content\\\/uploads\\\/2009\\\/12\\\/vaidosa.jpg\",\"datePublished\":\"2009-12-15T10:03:25+00:00\",\"breadcrumb\":{\"@id\":\"https:\\\/\\\/inclusivenews.com.br\\\/?p=13084#breadcrumb\"},\"inLanguage\":\"pt-PT\",\"potentialAction\":[{\"@type\":\"ReadAction\",\"target\":[\"https:\\\/\\\/inclusivenews.com.br\\\/?p=13084\"]}]},{\"@type\":\"ImageObject\",\"inLanguage\":\"pt-PT\",\"@id\":\"https:\\\/\\\/inclusivenews.com.br\\\/?p=13084#primaryimage\",\"url\":\"\",\"contentUrl\":\"\"},{\"@type\":\"BreadcrumbList\",\"@id\":\"https:\\\/\\\/inclusivenews.com.br\\\/?p=13084#breadcrumb\",\"itemListElement\":[{\"@type\":\"ListItem\",\"position\":1,\"name\":\"In\u00edcio\",\"item\":\"https:\\\/\\\/inclusivenews.com.br\\\/\"},{\"@type\":\"ListItem\",\"position\":2,\"name\":\"Roupas, maquilagem e os direitos da mulher\"}]},{\"@type\":\"WebSite\",\"@id\":\"https:\\\/\\\/inclusivenews.com.br\\\/#website\",\"url\":\"https:\\\/\\\/inclusivenews.com.br\\\/\",\"name\":\"Inclusive News\",\"description\":\"Inclusive News\",\"publisher\":{\"@id\":\"https:\\\/\\\/inclusivenews.com.br\\\/#organization\"},\"potentialAction\":[{\"@type\":\"SearchAction\",\"target\":{\"@type\":\"EntryPoint\",\"urlTemplate\":\"https:\\\/\\\/inclusivenews.com.br\\\/?s={search_term_string}\"},\"query-input\":{\"@type\":\"PropertyValueSpecification\",\"valueRequired\":true,\"valueName\":\"search_term_string\"}}],\"inLanguage\":\"pt-PT\"},{\"@type\":\"Organization\",\"@id\":\"https:\\\/\\\/inclusivenews.com.br\\\/#organization\",\"name\":\"Inclusive - inclus\u00e3o e cidadania\",\"url\":\"https:\\\/\\\/inclusivenews.com.br\\\/\",\"logo\":{\"@type\":\"ImageObject\",\"inLanguage\":\"pt-PT\",\"@id\":\"https:\\\/\\\/inclusivenews.com.br\\\/#\\\/schema\\\/logo\\\/image\\\/\",\"url\":\"https:\\\/\\\/inclusivenews.com.br\\\/wp-content\\\/uploads\\\/2024\\\/03\\\/@grandesite.png\",\"contentUrl\":\"https:\\\/\\\/inclusivenews.com.br\\\/wp-content\\\/uploads\\\/2024\\\/03\\\/@grandesite.png\",\"width\":1080,\"height\":1080,\"caption\":\"Inclusive - inclus\u00e3o e cidadania\"},\"image\":{\"@id\":\"https:\\\/\\\/inclusivenews.com.br\\\/#\\\/schema\\\/logo\\\/image\\\/\"},\"sameAs\":[\"https:\\\/\\\/www.facebook.com\\\/agenciainclusive\\\/\",\"https:\\\/\\\/www.instagram.com\\\/newsinclusive\\\/\"]},{\"@type\":\"Person\",\"@id\":\"https:\\\/\\\/inclusivenews.com.br\\\/#\\\/schema\\\/person\\\/ae4ec7087559b8692fb33b6fffd2273b\",\"name\":\"inclusivenews2024\",\"image\":{\"@type\":\"ImageObject\",\"inLanguage\":\"pt-PT\",\"@id\":\"https:\\\/\\\/secure.gravatar.com\\\/avatar\\\/c5a7ef84c66fa914f55bc4f7ce26cfa275a3b9a1c5568b907bd184fb4dde7b40?s=96&d=mm&r=g\",\"url\":\"https:\\\/\\\/secure.gravatar.com\\\/avatar\\\/c5a7ef84c66fa914f55bc4f7ce26cfa275a3b9a1c5568b907bd184fb4dde7b40?s=96&d=mm&r=g\",\"contentUrl\":\"https:\\\/\\\/secure.gravatar.com\\\/avatar\\\/c5a7ef84c66fa914f55bc4f7ce26cfa275a3b9a1c5568b907bd184fb4dde7b40?s=96&d=mm&r=g\",\"caption\":\"inclusivenews2024\"},\"sameAs\":[\"https:\\\/\\\/inclusivenews.com.br\"],\"url\":\"https:\\\/\\\/inclusivenews.com.br\\\/?author=1\"}]}<\/script>\n<!-- \/ Yoast SEO plugin. -->","yoast_head_json":{"title":"Roupas, maquilagem e os direitos da mulher -","robots":{"index":"index","follow":"follow","max-snippet":"max-snippet:-1","max-image-preview":"max-image-preview:large","max-video-preview":"max-video-preview:-1"},"canonical":"https:\/\/inclusivenews.com.br\/?p=13084","og_locale":"pt_PT","og_type":"article","og_title":"Roupas, maquilagem e os direitos da mulher -","og_description":"Por Ligia Martins de Almeida em 8\/12\/2009 O que ter\u00e1 acontecido com a estudante Geisy Arruda e seu famoso minivestido pink? Nos jornais, ela \u00e9 not\u00edcia de ontem, esquecida e engavetada. Parece que a prometida campanha de lingerie n\u00e3o aconteceu. Possivelmente o p\u00fablico n\u00e3o vai ficar sabendo se ela concluiu o ano letivo e se [&hellip;]","og_url":"https:\/\/inclusivenews.com.br\/?p=13084","article_publisher":"https:\/\/www.facebook.com\/agenciainclusive\/","article_published_time":"2009-12-15T10:03:25+00:00","og_image":[{"url":"http:\/\/inclusivenews.com.br\/wp-content\/uploads\/2009\/12\/vaidosa.jpg","type":"","width":"","height":""}],"author":"inclusivenews2024","twitter_card":"summary_large_image","twitter_misc":{"Escrito por":"inclusivenews2024","Tempo estimado de leitura":"3 minutos"},"schema":{"@context":"https:\/\/schema.org","@graph":[{"@type":"Article","@id":"https:\/\/inclusivenews.com.br\/?p=13084#article","isPartOf":{"@id":"https:\/\/inclusivenews.com.br\/?p=13084"},"author":{"name":"inclusivenews2024","@id":"https:\/\/inclusivenews.com.br\/#\/schema\/person\/ae4ec7087559b8692fb33b6fffd2273b"},"headline":"Roupas, maquilagem e os direitos da mulher","datePublished":"2009-12-15T10:03:25+00:00","mainEntityOfPage":{"@id":"https:\/\/inclusivenews.com.br\/?p=13084"},"wordCount":581,"commentCount":0,"publisher":{"@id":"https:\/\/inclusivenews.com.br\/#organization"},"image":{"@id":"https:\/\/inclusivenews.com.br\/?p=13084#primaryimage"},"thumbnailUrl":"http:\/\/inclusivenews.com.br\/wp-content\/uploads\/2009\/12\/vaidosa.jpg","articleSection":["Diversidade","NOT\u00cdCIAS","Preconceito"],"inLanguage":"pt-PT","potentialAction":[{"@type":"CommentAction","name":"Comment","target":["https:\/\/inclusivenews.com.br\/?p=13084#respond"]}]},{"@type":"WebPage","@id":"https:\/\/inclusivenews.com.br\/?p=13084","url":"https:\/\/inclusivenews.com.br\/?p=13084","name":"Roupas, maquilagem e os direitos da mulher -","isPartOf":{"@id":"https:\/\/inclusivenews.com.br\/#website"},"primaryImageOfPage":{"@id":"https:\/\/inclusivenews.com.br\/?p=13084#primaryimage"},"image":{"@id":"https:\/\/inclusivenews.com.br\/?p=13084#primaryimage"},"thumbnailUrl":"http:\/\/inclusivenews.com.br\/wp-content\/uploads\/2009\/12\/vaidosa.jpg","datePublished":"2009-12-15T10:03:25+00:00","breadcrumb":{"@id":"https:\/\/inclusivenews.com.br\/?p=13084#breadcrumb"},"inLanguage":"pt-PT","potentialAction":[{"@type":"ReadAction","target":["https:\/\/inclusivenews.com.br\/?p=13084"]}]},{"@type":"ImageObject","inLanguage":"pt-PT","@id":"https:\/\/inclusivenews.com.br\/?p=13084#primaryimage","url":"","contentUrl":""},{"@type":"BreadcrumbList","@id":"https:\/\/inclusivenews.com.br\/?p=13084#breadcrumb","itemListElement":[{"@type":"ListItem","position":1,"name":"In\u00edcio","item":"https:\/\/inclusivenews.com.br\/"},{"@type":"ListItem","position":2,"name":"Roupas, maquilagem e os direitos da mulher"}]},{"@type":"WebSite","@id":"https:\/\/inclusivenews.com.br\/#website","url":"https:\/\/inclusivenews.com.br\/","name":"Inclusive News","description":"Inclusive News","publisher":{"@id":"https:\/\/inclusivenews.com.br\/#organization"},"potentialAction":[{"@type":"SearchAction","target":{"@type":"EntryPoint","urlTemplate":"https:\/\/inclusivenews.com.br\/?s={search_term_string}"},"query-input":{"@type":"PropertyValueSpecification","valueRequired":true,"valueName":"search_term_string"}}],"inLanguage":"pt-PT"},{"@type":"Organization","@id":"https:\/\/inclusivenews.com.br\/#organization","name":"Inclusive - inclus\u00e3o e cidadania","url":"https:\/\/inclusivenews.com.br\/","logo":{"@type":"ImageObject","inLanguage":"pt-PT","@id":"https:\/\/inclusivenews.com.br\/#\/schema\/logo\/image\/","url":"https:\/\/inclusivenews.com.br\/wp-content\/uploads\/2024\/03\/@grandesite.png","contentUrl":"https:\/\/inclusivenews.com.br\/wp-content\/uploads\/2024\/03\/@grandesite.png","width":1080,"height":1080,"caption":"Inclusive - inclus\u00e3o e cidadania"},"image":{"@id":"https:\/\/inclusivenews.com.br\/#\/schema\/logo\/image\/"},"sameAs":["https:\/\/www.facebook.com\/agenciainclusive\/","https:\/\/www.instagram.com\/newsinclusive\/"]},{"@type":"Person","@id":"https:\/\/inclusivenews.com.br\/#\/schema\/person\/ae4ec7087559b8692fb33b6fffd2273b","name":"inclusivenews2024","image":{"@type":"ImageObject","inLanguage":"pt-PT","@id":"https:\/\/secure.gravatar.com\/avatar\/c5a7ef84c66fa914f55bc4f7ce26cfa275a3b9a1c5568b907bd184fb4dde7b40?s=96&d=mm&r=g","url":"https:\/\/secure.gravatar.com\/avatar\/c5a7ef84c66fa914f55bc4f7ce26cfa275a3b9a1c5568b907bd184fb4dde7b40?s=96&d=mm&r=g","contentUrl":"https:\/\/secure.gravatar.com\/avatar\/c5a7ef84c66fa914f55bc4f7ce26cfa275a3b9a1c5568b907bd184fb4dde7b40?s=96&d=mm&r=g","caption":"inclusivenews2024"},"sameAs":["https:\/\/inclusivenews.com.br"],"url":"https:\/\/inclusivenews.com.br\/?author=1"}]}},"_links":{"self":[{"href":"https:\/\/inclusivenews.com.br\/index.php?rest_route=\/wp\/v2\/posts\/13084","targetHints":{"allow":["GET"]}}],"collection":[{"href":"https:\/\/inclusivenews.com.br\/index.php?rest_route=\/wp\/v2\/posts"}],"about":[{"href":"https:\/\/inclusivenews.com.br\/index.php?rest_route=\/wp\/v2\/types\/post"}],"author":[{"embeddable":true,"href":"https:\/\/inclusivenews.com.br\/index.php?rest_route=\/wp\/v2\/users\/1"}],"replies":[{"embeddable":true,"href":"https:\/\/inclusivenews.com.br\/index.php?rest_route=%2Fwp%2Fv2%2Fcomments&post=13084"}],"version-history":[{"count":0,"href":"https:\/\/inclusivenews.com.br\/index.php?rest_route=\/wp\/v2\/posts\/13084\/revisions"}],"wp:attachment":[{"href":"https:\/\/inclusivenews.com.br\/index.php?rest_route=%2Fwp%2Fv2%2Fmedia&parent=13084"}],"wp:term":[{"taxonomy":"category","embeddable":true,"href":"https:\/\/inclusivenews.com.br\/index.php?rest_route=%2Fwp%2Fv2%2Fcategories&post=13084"},{"taxonomy":"post_tag","embeddable":true,"href":"https:\/\/inclusivenews.com.br\/index.php?rest_route=%2Fwp%2Fv2%2Ftags&post=13084"}],"curies":[{"name":"wp","href":"https:\/\/api.w.org\/{rel}","templated":true}]}}