{"id":13091,"date":"2009-12-15T07:37:51","date_gmt":"2009-12-15T10:37:51","guid":{"rendered":"http:\/\/www.inclusive.org.br\/?p=13091"},"modified":"2009-12-15T07:37:51","modified_gmt":"2009-12-15T10:37:51","slug":"publicidade-infantil-nao","status":"publish","type":"post","link":"https:\/\/inclusivenews.com.br\/?p=13091","title":{"rendered":"Publicidade infantil N\u00c3O"},"content":{"rendered":"<figure id=\"attachment_13092\" aria-describedby=\"caption-attachment-13092\" style=\"width: 160px\" class=\"wp-caption alignnone\"><a href=\"http:\/\/www.publicidadeinfantilnao.org.br\"><img loading=\"lazy\" decoding=\"async\" class=\"size-full wp-image-13092\" title=\"Publicidade Infantil N\u00e3o! www.publicidadeinfantilnao.org.br - link abrir\u00e1 em nova janela\" src=\"http:\/\/inclusivenews.com.br\/wp-content\/uploads\/2009\/12\/publicidade_infantil_nao.jpg\" alt=\"Publicidade Infantil N\u00e3o! www.publicidadeinfantilnao.org.br - link abrir\u00e1 em nova janela\" width=\"160\" height=\"160\" \/><\/a><figcaption id=\"caption-attachment-13092\" class=\"wp-caption-text\"> <\/figcaption><\/figure>\n<p style=\"text-align: justify;\">A <strong>Inclusive<\/strong> participa, divulga e apoia a campanha <strong>Publicidade Infantil N\u00e3o<br \/>\n<\/strong>Participe, divulgue a apoie voc\u00ea tamb\u00e9m!<\/p>\n<p style=\"text-align: justify;\"><object classid=\"clsid:d27cdb6e-ae6d-11cf-96b8-444553540000\" width=\"380\" height=\"300\" codebase=\"http:\/\/download.macromedia.com\/pub\/shockwave\/cabs\/flash\/swflash.cab#version=6,0,40,0\"><param name=\"bgcolor\" value=\"104D75\" \/><param name=\"flashvars\" value=\"file=http%3A%2F%2Fpublicidadeinfantilnao.org.br%2Fmedia%2F10min.flv&amp;level=0&amp;image=http%3A%2F%2Fpublicidadeinfantilnao.org.br%2Fmedia%2F10min.jpeg&amp;backcolor=104D75&amp;screencolor=FFFFFF&amp;frontcolor=FFFFFF&amp;dock=false&amp;bandwidth=1279&amp;plugins=viral-2d\" \/><param name=\"src\" value=\"http:\/\/publicidadeinfantilnao.org.br\/media\/player.swf\" \/><param name=\"allowfullscreen\" value=\"true\" \/><embed type=\"application\/x-shockwave-flash\" width=\"380\" height=\"300\" src=\"http:\/\/publicidadeinfantilnao.org.br\/media\/player.swf\" allowfullscreen=\"true\" flashvars=\"file=http%3A%2F%2Fpublicidadeinfantilnao.org.br%2Fmedia%2F10min.flv&amp;level=0&amp;image=http%3A%2F%2Fpublicidadeinfantilnao.org.br%2Fmedia%2F10min.jpeg&amp;backcolor=104D75&amp;screencolor=FFFFFF&amp;frontcolor=FFFFFF&amp;dock=false&amp;bandwidth=1279&amp;plugins=viral-2d\" bgcolor=\"104D75\"><\/embed><\/object><\/p>\n<p style=\"text-align: justify;\">______________________________<\/p>\n<p style=\"text-align: justify;\"><a href=\"http:\/\/www.publicidadeinfantilnao.org.br\">www.publicidadeinfantilnao.org.br <img loading=\"lazy\" decoding=\"async\" title=\"Link abrir\u00e1 em uma nova janela ou aba.\" src=\"http:\/\/www.inclusive.org.br\/images\/new_window.gif\" alt=\"Link abrir\u00e1 em uma nova janela ou aba.\" width=\"16\" height=\"14\" \/><\/a><\/p>\n<p style=\"text-align: justify;\">Em defesa dos diretos da inf\u00e2ncia, da Justi\u00e7a e da constru\u00e7\u00e3o de um futuro mais solid\u00e1rio e sustent\u00e1vel para a sociedade brasileira, pessoas, organiza\u00e7\u00f5es e entidades abaixo assinadas reafirmam a import\u00e2ncia da prote\u00e7\u00e3o da crian\u00e7a frente aos apelos mercadol\u00f3gicos e pedem o fim das mensagens publicit\u00e1rias dirigidas ao p\u00fablico infantil.<\/p>\n<p style=\"text-align: justify;\">A crian\u00e7a \u00e9 hipervulner\u00e1vel. Ainda est\u00e1 em processo de desenvolvimento bio-f\u00edsico e ps\u00edquico. Por isso, n\u00e3o possui a totalidade das habilidades necess\u00e1rias para o desempenho de uma adequada interpreta\u00e7\u00e3o cr\u00edtica dos in\u00fameros apelos mercadol\u00f3gicos que lhe s\u00e3o especialmente dirigidos.<\/p>\n<p style=\"text-align: justify;\">Consideramos que a publicidade de produtos e servi\u00e7os dirigidos \u00e0 crian\u00e7a deveria ser voltada aos seus pais ou respons\u00e1veis, estes sim, com condi\u00e7\u00f5es muito mais favor\u00e1veis de an\u00e1lise e discernimento. Acreditamos que a utiliza\u00e7\u00e3o da crian\u00e7a como meio para a venda de qualquer produto ou servi\u00e7o constitui pr\u00e1tica anti\u00e9tica e abusiva, principalmente quando se sabe que 27 milh\u00f5es de crian\u00e7as brasileiras vivem em condi\u00e7\u00e3o de mis\u00e9ria e dificilmente t\u00eam atendidos os desejos despertados pelo marketing.<\/p>\n<p style=\"text-align: justify;\">A publicidade voltada \u00e0 crian\u00e7a contribui para a dissemina\u00e7\u00e3o de valores materialistas e para o aumento de problemas sociais como a obesidade infantil, erotiza\u00e7\u00e3o precoce, estresse familiar, viol\u00eancia pela apropria\u00e7\u00e3o indevida de produtos caros e alcoolismo precoce.<\/p>\n<p style=\"text-align: justify;\">Acreditamos que o fim da publicidade dirigida ao p\u00fablico infantil ser\u00e1 um marco importante na hist\u00f3ria de um pa\u00eds que quer honrar suas crian\u00e7as.<\/p>\n<p style=\"text-align: justify;\">Por tudo isso, pedimos, respeitosamente, \u00e0queles que representam os Poderes da Na\u00e7\u00e3o que se comprometam com a inf\u00e2ncia brasileira e efetivamente promovam o fim da publicidade e da comunica\u00e7\u00e3o mercadol\u00f3gica voltada ao p\u00fablico menor de 12 anos de idade.<\/p>\n","protected":false},"excerpt":{"rendered":"<p>A Inclusive participa, divulga e apoia a campanha Publicidade Infantil N\u00e3o! Participe, divulgue a apoie voc\u00ea tamb\u00e9m! www.publicidadeinfantilnao.org.br<\/p>\n","protected":false},"author":1,"featured_media":0,"comment_status":"open","ping_status":"open","sticky":false,"template":"","format":"standard","meta":{"site-container-style":"default","site-container-layout":"default","site-sidebar-layout":"default","disable-article-header":"default","disable-site-header":"default","disable-site-footer":"default","disable-content-area-spacing":"default","footnotes":""},"categories":[35,3,36,11],"tags":[60],"class_list":["post-13091","post","type-post","status-publish","format-standard","hentry","category-de-nossa-parte","category-campanhas","category-colunas-especiais","category-direitos-humanos","tag-infancia"],"yoast_head":"<!-- This site is optimized with the Yoast SEO plugin v27.4 - https:\/\/yoast.com\/product\/yoast-seo-wordpress\/ -->\n<title>Publicidade infantil N\u00c3O -<\/title>\n<meta name=\"robots\" content=\"index, follow, max-snippet:-1, max-image-preview:large, max-video-preview:-1\" \/>\n<link rel=\"canonical\" href=\"https:\/\/inclusivenews.com.br\/?p=13091\" \/>\n<meta property=\"og:locale\" content=\"pt_PT\" \/>\n<meta property=\"og:type\" content=\"article\" \/>\n<meta property=\"og:title\" content=\"Publicidade infantil N\u00c3O -\" \/>\n<meta property=\"og:description\" content=\"A Inclusive participa, divulga e apoia a campanha Publicidade Infantil N\u00e3o! Participe, divulgue a apoie voc\u00ea tamb\u00e9m! www.publicidadeinfantilnao.org.br\" \/>\n<meta property=\"og:url\" content=\"https:\/\/inclusivenews.com.br\/?p=13091\" \/>\n<meta property=\"article:publisher\" content=\"https:\/\/www.facebook.com\/agenciainclusive\/\" \/>\n<meta property=\"article:published_time\" content=\"2009-12-15T10:37:51+00:00\" \/>\n<meta property=\"og:image\" content=\"http:\/\/inclusivenews.com.br\/wp-content\/uploads\/2009\/12\/publicidade_infantil_nao.jpg\" \/>\n<meta name=\"author\" content=\"inclusivenews2024\" \/>\n<meta name=\"twitter:card\" content=\"summary_large_image\" \/>\n<meta name=\"twitter:label1\" content=\"Escrito por\" \/>\n\t<meta name=\"twitter:data1\" content=\"inclusivenews2024\" \/>\n\t<meta name=\"twitter:label2\" content=\"Tempo estimado de leitura\" \/>\n\t<meta name=\"twitter:data2\" content=\"2 minutos\" \/>\n<script type=\"application\/ld+json\" class=\"yoast-schema-graph\">{\"@context\":\"https:\\\/\\\/schema.org\",\"@graph\":[{\"@type\":\"Article\",\"@id\":\"https:\\\/\\\/inclusivenews.com.br\\\/?p=13091#article\",\"isPartOf\":{\"@id\":\"https:\\\/\\\/inclusivenews.com.br\\\/?p=13091\"},\"author\":{\"name\":\"inclusivenews2024\",\"@id\":\"https:\\\/\\\/inclusivenews.com.br\\\/#\\\/schema\\\/person\\\/ae4ec7087559b8692fb33b6fffd2273b\"},\"headline\":\"Publicidade infantil N\u00c3O\",\"datePublished\":\"2009-12-15T10:37:51+00:00\",\"mainEntityOfPage\":{\"@id\":\"https:\\\/\\\/inclusivenews.com.br\\\/?p=13091\"},\"wordCount\":347,\"commentCount\":0,\"publisher\":{\"@id\":\"https:\\\/\\\/inclusivenews.com.br\\\/#organization\"},\"image\":{\"@id\":\"https:\\\/\\\/inclusivenews.com.br\\\/?p=13091#primaryimage\"},\"thumbnailUrl\":\"http:\\\/\\\/inclusivenews.com.br\\\/wp-content\\\/uploads\\\/2009\\\/12\\\/publicidade_infantil_nao.jpg\",\"keywords\":[\"Inf\u00e2ncia\"],\"articleSection\":[\"+ De nossa parte\",\"CAMPANHAS\",\"Colunas especiais\",\"DIREITOS HUMANOS\"],\"inLanguage\":\"pt-PT\",\"potentialAction\":[{\"@type\":\"CommentAction\",\"name\":\"Comment\",\"target\":[\"https:\\\/\\\/inclusivenews.com.br\\\/?p=13091#respond\"]}]},{\"@type\":\"WebPage\",\"@id\":\"https:\\\/\\\/inclusivenews.com.br\\\/?p=13091\",\"url\":\"https:\\\/\\\/inclusivenews.com.br\\\/?p=13091\",\"name\":\"Publicidade infantil N\u00c3O -\",\"isPartOf\":{\"@id\":\"https:\\\/\\\/inclusivenews.com.br\\\/#website\"},\"primaryImageOfPage\":{\"@id\":\"https:\\\/\\\/inclusivenews.com.br\\\/?p=13091#primaryimage\"},\"image\":{\"@id\":\"https:\\\/\\\/inclusivenews.com.br\\\/?p=13091#primaryimage\"},\"thumbnailUrl\":\"http:\\\/\\\/inclusivenews.com.br\\\/wp-content\\\/uploads\\\/2009\\\/12\\\/publicidade_infantil_nao.jpg\",\"datePublished\":\"2009-12-15T10:37:51+00:00\",\"breadcrumb\":{\"@id\":\"https:\\\/\\\/inclusivenews.com.br\\\/?p=13091#breadcrumb\"},\"inLanguage\":\"pt-PT\",\"potentialAction\":[{\"@type\":\"ReadAction\",\"target\":[\"https:\\\/\\\/inclusivenews.com.br\\\/?p=13091\"]}]},{\"@type\":\"ImageObject\",\"inLanguage\":\"pt-PT\",\"@id\":\"https:\\\/\\\/inclusivenews.com.br\\\/?p=13091#primaryimage\",\"url\":\"\",\"contentUrl\":\"\"},{\"@type\":\"BreadcrumbList\",\"@id\":\"https:\\\/\\\/inclusivenews.com.br\\\/?p=13091#breadcrumb\",\"itemListElement\":[{\"@type\":\"ListItem\",\"position\":1,\"name\":\"In\u00edcio\",\"item\":\"https:\\\/\\\/inclusivenews.com.br\\\/\"},{\"@type\":\"ListItem\",\"position\":2,\"name\":\"Publicidade infantil N\u00c3O\"}]},{\"@type\":\"WebSite\",\"@id\":\"https:\\\/\\\/inclusivenews.com.br\\\/#website\",\"url\":\"https:\\\/\\\/inclusivenews.com.br\\\/\",\"name\":\"Inclusive News\",\"description\":\"Inclusive News\",\"publisher\":{\"@id\":\"https:\\\/\\\/inclusivenews.com.br\\\/#organization\"},\"potentialAction\":[{\"@type\":\"SearchAction\",\"target\":{\"@type\":\"EntryPoint\",\"urlTemplate\":\"https:\\\/\\\/inclusivenews.com.br\\\/?s={search_term_string}\"},\"query-input\":{\"@type\":\"PropertyValueSpecification\",\"valueRequired\":true,\"valueName\":\"search_term_string\"}}],\"inLanguage\":\"pt-PT\"},{\"@type\":\"Organization\",\"@id\":\"https:\\\/\\\/inclusivenews.com.br\\\/#organization\",\"name\":\"Inclusive - inclus\u00e3o e cidadania\",\"url\":\"https:\\\/\\\/inclusivenews.com.br\\\/\",\"logo\":{\"@type\":\"ImageObject\",\"inLanguage\":\"pt-PT\",\"@id\":\"https:\\\/\\\/inclusivenews.com.br\\\/#\\\/schema\\\/logo\\\/image\\\/\",\"url\":\"https:\\\/\\\/inclusivenews.com.br\\\/wp-content\\\/uploads\\\/2024\\\/03\\\/@grandesite.png\",\"contentUrl\":\"https:\\\/\\\/inclusivenews.com.br\\\/wp-content\\\/uploads\\\/2024\\\/03\\\/@grandesite.png\",\"width\":1080,\"height\":1080,\"caption\":\"Inclusive - inclus\u00e3o e cidadania\"},\"image\":{\"@id\":\"https:\\\/\\\/inclusivenews.com.br\\\/#\\\/schema\\\/logo\\\/image\\\/\"},\"sameAs\":[\"https:\\\/\\\/www.facebook.com\\\/agenciainclusive\\\/\",\"https:\\\/\\\/www.instagram.com\\\/newsinclusive\\\/\"]},{\"@type\":\"Person\",\"@id\":\"https:\\\/\\\/inclusivenews.com.br\\\/#\\\/schema\\\/person\\\/ae4ec7087559b8692fb33b6fffd2273b\",\"name\":\"inclusivenews2024\",\"image\":{\"@type\":\"ImageObject\",\"inLanguage\":\"pt-PT\",\"@id\":\"https:\\\/\\\/secure.gravatar.com\\\/avatar\\\/c5a7ef84c66fa914f55bc4f7ce26cfa275a3b9a1c5568b907bd184fb4dde7b40?s=96&d=mm&r=g\",\"url\":\"https:\\\/\\\/secure.gravatar.com\\\/avatar\\\/c5a7ef84c66fa914f55bc4f7ce26cfa275a3b9a1c5568b907bd184fb4dde7b40?s=96&d=mm&r=g\",\"contentUrl\":\"https:\\\/\\\/secure.gravatar.com\\\/avatar\\\/c5a7ef84c66fa914f55bc4f7ce26cfa275a3b9a1c5568b907bd184fb4dde7b40?s=96&d=mm&r=g\",\"caption\":\"inclusivenews2024\"},\"sameAs\":[\"https:\\\/\\\/inclusivenews.com.br\"],\"url\":\"https:\\\/\\\/inclusivenews.com.br\\\/?author=1\"}]}<\/script>\n<!-- \/ Yoast SEO plugin. -->","yoast_head_json":{"title":"Publicidade infantil N\u00c3O -","robots":{"index":"index","follow":"follow","max-snippet":"max-snippet:-1","max-image-preview":"max-image-preview:large","max-video-preview":"max-video-preview:-1"},"canonical":"https:\/\/inclusivenews.com.br\/?p=13091","og_locale":"pt_PT","og_type":"article","og_title":"Publicidade infantil N\u00c3O -","og_description":"A Inclusive participa, divulga e apoia a campanha Publicidade Infantil N\u00e3o! Participe, divulgue a apoie voc\u00ea tamb\u00e9m! www.publicidadeinfantilnao.org.br","og_url":"https:\/\/inclusivenews.com.br\/?p=13091","article_publisher":"https:\/\/www.facebook.com\/agenciainclusive\/","article_published_time":"2009-12-15T10:37:51+00:00","og_image":[{"url":"http:\/\/inclusivenews.com.br\/wp-content\/uploads\/2009\/12\/publicidade_infantil_nao.jpg","type":"","width":"","height":""}],"author":"inclusivenews2024","twitter_card":"summary_large_image","twitter_misc":{"Escrito por":"inclusivenews2024","Tempo estimado de leitura":"2 minutos"},"schema":{"@context":"https:\/\/schema.org","@graph":[{"@type":"Article","@id":"https:\/\/inclusivenews.com.br\/?p=13091#article","isPartOf":{"@id":"https:\/\/inclusivenews.com.br\/?p=13091"},"author":{"name":"inclusivenews2024","@id":"https:\/\/inclusivenews.com.br\/#\/schema\/person\/ae4ec7087559b8692fb33b6fffd2273b"},"headline":"Publicidade infantil N\u00c3O","datePublished":"2009-12-15T10:37:51+00:00","mainEntityOfPage":{"@id":"https:\/\/inclusivenews.com.br\/?p=13091"},"wordCount":347,"commentCount":0,"publisher":{"@id":"https:\/\/inclusivenews.com.br\/#organization"},"image":{"@id":"https:\/\/inclusivenews.com.br\/?p=13091#primaryimage"},"thumbnailUrl":"http:\/\/inclusivenews.com.br\/wp-content\/uploads\/2009\/12\/publicidade_infantil_nao.jpg","keywords":["Inf\u00e2ncia"],"articleSection":["+ De nossa parte","CAMPANHAS","Colunas especiais","DIREITOS HUMANOS"],"inLanguage":"pt-PT","potentialAction":[{"@type":"CommentAction","name":"Comment","target":["https:\/\/inclusivenews.com.br\/?p=13091#respond"]}]},{"@type":"WebPage","@id":"https:\/\/inclusivenews.com.br\/?p=13091","url":"https:\/\/inclusivenews.com.br\/?p=13091","name":"Publicidade infantil N\u00c3O -","isPartOf":{"@id":"https:\/\/inclusivenews.com.br\/#website"},"primaryImageOfPage":{"@id":"https:\/\/inclusivenews.com.br\/?p=13091#primaryimage"},"image":{"@id":"https:\/\/inclusivenews.com.br\/?p=13091#primaryimage"},"thumbnailUrl":"http:\/\/inclusivenews.com.br\/wp-content\/uploads\/2009\/12\/publicidade_infantil_nao.jpg","datePublished":"2009-12-15T10:37:51+00:00","breadcrumb":{"@id":"https:\/\/inclusivenews.com.br\/?p=13091#breadcrumb"},"inLanguage":"pt-PT","potentialAction":[{"@type":"ReadAction","target":["https:\/\/inclusivenews.com.br\/?p=13091"]}]},{"@type":"ImageObject","inLanguage":"pt-PT","@id":"https:\/\/inclusivenews.com.br\/?p=13091#primaryimage","url":"","contentUrl":""},{"@type":"BreadcrumbList","@id":"https:\/\/inclusivenews.com.br\/?p=13091#breadcrumb","itemListElement":[{"@type":"ListItem","position":1,"name":"In\u00edcio","item":"https:\/\/inclusivenews.com.br\/"},{"@type":"ListItem","position":2,"name":"Publicidade infantil N\u00c3O"}]},{"@type":"WebSite","@id":"https:\/\/inclusivenews.com.br\/#website","url":"https:\/\/inclusivenews.com.br\/","name":"Inclusive News","description":"Inclusive News","publisher":{"@id":"https:\/\/inclusivenews.com.br\/#organization"},"potentialAction":[{"@type":"SearchAction","target":{"@type":"EntryPoint","urlTemplate":"https:\/\/inclusivenews.com.br\/?s={search_term_string}"},"query-input":{"@type":"PropertyValueSpecification","valueRequired":true,"valueName":"search_term_string"}}],"inLanguage":"pt-PT"},{"@type":"Organization","@id":"https:\/\/inclusivenews.com.br\/#organization","name":"Inclusive - inclus\u00e3o e cidadania","url":"https:\/\/inclusivenews.com.br\/","logo":{"@type":"ImageObject","inLanguage":"pt-PT","@id":"https:\/\/inclusivenews.com.br\/#\/schema\/logo\/image\/","url":"https:\/\/inclusivenews.com.br\/wp-content\/uploads\/2024\/03\/@grandesite.png","contentUrl":"https:\/\/inclusivenews.com.br\/wp-content\/uploads\/2024\/03\/@grandesite.png","width":1080,"height":1080,"caption":"Inclusive - inclus\u00e3o e cidadania"},"image":{"@id":"https:\/\/inclusivenews.com.br\/#\/schema\/logo\/image\/"},"sameAs":["https:\/\/www.facebook.com\/agenciainclusive\/","https:\/\/www.instagram.com\/newsinclusive\/"]},{"@type":"Person","@id":"https:\/\/inclusivenews.com.br\/#\/schema\/person\/ae4ec7087559b8692fb33b6fffd2273b","name":"inclusivenews2024","image":{"@type":"ImageObject","inLanguage":"pt-PT","@id":"https:\/\/secure.gravatar.com\/avatar\/c5a7ef84c66fa914f55bc4f7ce26cfa275a3b9a1c5568b907bd184fb4dde7b40?s=96&d=mm&r=g","url":"https:\/\/secure.gravatar.com\/avatar\/c5a7ef84c66fa914f55bc4f7ce26cfa275a3b9a1c5568b907bd184fb4dde7b40?s=96&d=mm&r=g","contentUrl":"https:\/\/secure.gravatar.com\/avatar\/c5a7ef84c66fa914f55bc4f7ce26cfa275a3b9a1c5568b907bd184fb4dde7b40?s=96&d=mm&r=g","caption":"inclusivenews2024"},"sameAs":["https:\/\/inclusivenews.com.br"],"url":"https:\/\/inclusivenews.com.br\/?author=1"}]}},"_links":{"self":[{"href":"https:\/\/inclusivenews.com.br\/index.php?rest_route=\/wp\/v2\/posts\/13091","targetHints":{"allow":["GET"]}}],"collection":[{"href":"https:\/\/inclusivenews.com.br\/index.php?rest_route=\/wp\/v2\/posts"}],"about":[{"href":"https:\/\/inclusivenews.com.br\/index.php?rest_route=\/wp\/v2\/types\/post"}],"author":[{"embeddable":true,"href":"https:\/\/inclusivenews.com.br\/index.php?rest_route=\/wp\/v2\/users\/1"}],"replies":[{"embeddable":true,"href":"https:\/\/inclusivenews.com.br\/index.php?rest_route=%2Fwp%2Fv2%2Fcomments&post=13091"}],"version-history":[{"count":0,"href":"https:\/\/inclusivenews.com.br\/index.php?rest_route=\/wp\/v2\/posts\/13091\/revisions"}],"wp:attachment":[{"href":"https:\/\/inclusivenews.com.br\/index.php?rest_route=%2Fwp%2Fv2%2Fmedia&parent=13091"}],"wp:term":[{"taxonomy":"category","embeddable":true,"href":"https:\/\/inclusivenews.com.br\/index.php?rest_route=%2Fwp%2Fv2%2Fcategories&post=13091"},{"taxonomy":"post_tag","embeddable":true,"href":"https:\/\/inclusivenews.com.br\/index.php?rest_route=%2Fwp%2Fv2%2Ftags&post=13091"}],"curies":[{"name":"wp","href":"https:\/\/api.w.org\/{rel}","templated":true}]}}