{"id":13184,"date":"2009-12-27T06:01:29","date_gmt":"2009-12-27T09:01:29","guid":{"rendered":"http:\/\/www.inclusive.org.br\/?p=13184"},"modified":"2009-12-27T06:01:29","modified_gmt":"2009-12-27T09:01:29","slug":"esta-no-ar-o-blog-10-anos-depois-desafios-e-propostas-para-um-outro-mundo-possivel","status":"publish","type":"post","link":"https:\/\/inclusivenews.com.br\/?p=13184","title":{"rendered":"Est\u00e1 no ar o blog &quot;10 anos depois: desafios e propostas para um outro mundo poss\u00edvel&quot;"},"content":{"rendered":"<figure style=\"width: 255px\" class=\"wp-caption alignleft\"><img loading=\"lazy\" decoding=\"async\" title=\"Logotipo do F\u00f3rum Social Mundial - outro mundo \u00e9 poss\u00edvel.\" src=\"http:\/\/www.cristovam.org.br\/portal2\/images\/stories\/congresso-gabriel\/F\u00f3rum%20Social%20Mundial.jpg\" alt=\"Logotipo do F\u00f3rum Social Mundial - outro mundo \u00e9 poss\u00edvel.\" width=\"255\" height=\"186\" \/><figcaption class=\"wp-caption-text\"> <\/figcaption><\/figure>\n<p style=\"text-align: justify;\">Encontro ocorre de 25 a 29 de janeiro em Porto Alegre (RS), como parte do processo do FSM 2010. A\u00e7\u00e3o Educativa integra grupo de reflex\u00e3o. Blog traz informa\u00e7\u00f5es sobre semin\u00e1rio internacional. O F\u00f3rum Social Mundial completar\u00e1, em janeiro de 2010, dez anos de exist\u00eancia, e o Grupo de Reflex\u00e3o e Apoio ao Processo FSM, formado por ativistas brasileiros identificados com o F\u00f3rum desde sua forma\u00e7\u00e3o, promover\u00e1 um semin\u00e1rio cujo prop\u00f3sito central \u00e9 prospectar os desafios que se colocam, daqui para frente, para o processo que animamos. Este Semin\u00e1rio estar\u00e1 inserido no F\u00f3rum Social Dez Anos &#8211; Grande Porto Alegre, que ocorrer\u00e1 de 25 a 29 de janeiro em Porto Alegre e cidades vizinhas.<\/p>\n<p style=\"text-align: justify;\">Um grupo de lideran\u00e7as do processo F\u00f3rum est\u00e1 dando in\u00edcio aos debates atrav\u00e9s da produ\u00e7\u00e3o de artigos de an\u00e1lise e reflex\u00e3o, dispon\u00edveis no blog <span style=\"text-decoration: underline;\"><a class=\"moz-txt-link-freetext\" href=\"http:\/\/seminario10anosdepois.wordpress.com\/\">http:\/\/seminario10anosdepois.wordpress.com\/<\/a><\/span>.<\/p>\n<p style=\"text-align: justify;\"><strong>O semin\u00e1rio<\/strong><\/p>\n<p style=\"text-align: justify;\">O mundo se alterou muito desde o 1\u00ba FSM, em janeiro de 2001. Guerras de domina\u00e7\u00e3o foram travadas; o balan\u00e7o de for\u00e7as entre as pot\u00eancias hegem\u00f4nicas e a geopol\u00edtica global foram profundamente alterados; a economia capitalista, que em 2001 conheceu uma breve recess\u00e3o, recuperou-se nos anos seguintes e se expandiu fortemente, para mergulhar em uma nova crise em 2008, agora muito mais intensa e profunda; as desigualdades sociais e internacionais se ampliaram; o cen\u00e1rio latino-americano foi transformado com a elei\u00e7\u00e3o de governos identificados, em maior ou menor grau, com movimentos populares; as crises energ\u00e9tica e alimentar eclodiram, afetando bilh\u00f5es de pessoas; a crise ambiental se agravou enormemente, em especial pelo aquecimento global. Entramos em um per\u00edodo que alguns t\u00eam caracterizado como de converg\u00eancia de crises e outros de crise de civiliza\u00e7\u00e3o.<\/p>\n<p style=\"text-align: justify;\">O Semin\u00e1rio \u201c10 anos depois: desafios e propostas para um outro mundo poss\u00edvel\u201d tem por objetivo central examinar os novos desafios com os quais nos confrontamos e projetar caminhos futuros que o FSM poder\u00e1 percorrer, na desafiadora conjuntura global que se abre. Mas quer tamb\u00e9m realizar uma reflex\u00e3o mais sistem\u00e1tica sobre o que fomos capazes de realizar at\u00e9 aqui, nossos erros e acertos, nossa din\u00e2mica institucional. \u00c9, neste sentido, um semin\u00e1rio de reflex\u00e3o estrat\u00e9gica dirigido para os ativistas mais envolvidos no processo FSM.<\/p>\n<p>__________________________________<\/p>\n<p><strong>Fonte de informa\u00e7\u00e3o:<\/strong> <a href=\"http:\/\/www.acaoeducativa.org.br\/portal\/index.php?option=com_content&amp;task=view&amp;id=2138&amp;Itemid=149\">A\u00e7\u00e3o Educativa <img loading=\"lazy\" decoding=\"async\" title=\"Link abrir\u00e1 em uma nova janela ou aba.\" src=\"http:\/\/www.inclusive.org.br\/images\/new_window.gif\" alt=\"Link abrir\u00e1 em uma nova janela ou aba.\" width=\"16\" height=\"14\" \/><\/a><\/p>\n","protected":false},"excerpt":{"rendered":"<p>O F\u00f3rum Social Mundial completar\u00e1, em janeiro de 2010, dez anos de exist\u00eancia, e o Grupo de Reflex\u00e3o e Apoio ao Processo FSM, formado por ativistas brasileiros identificados com o F\u00f3rum desde sua forma\u00e7\u00e3o, promover\u00e1 um semin\u00e1rio cujo prop\u00f3sito central \u00e9 prospectar os desafios que se colocam, daqui para frente, para o processo.<\/p>\n","protected":false},"author":1,"featured_media":0,"comment_status":"open","ping_status":"open","sticky":false,"template":"","format":"standard","meta":{"site-container-style":"default","site-container-layout":"default","site-sidebar-layout":"default","disable-article-header":"default","disable-site-header":"default","disable-site-footer":"default","disable-content-area-spacing":"default","footnotes":""},"categories":[4],"tags":[72,70],"class_list":["post-13184","post","type-post","status-publish","format-standard","hentry","category-noticias","tag-forum-social-mundial","tag-wordpress"],"yoast_head":"<!-- This site is optimized with the Yoast SEO plugin v27.4 - https:\/\/yoast.com\/product\/yoast-seo-wordpress\/ -->\n<title>Est\u00e1 no ar o blog &quot;10 anos depois: desafios e propostas para um outro mundo poss\u00edvel&quot; -<\/title>\n<meta name=\"robots\" content=\"index, follow, max-snippet:-1, max-image-preview:large, max-video-preview:-1\" \/>\n<link rel=\"canonical\" href=\"https:\/\/inclusivenews.com.br\/?p=13184\" \/>\n<meta property=\"og:locale\" content=\"pt_PT\" \/>\n<meta property=\"og:type\" content=\"article\" \/>\n<meta property=\"og:title\" content=\"Est\u00e1 no ar o blog &quot;10 anos depois: desafios e propostas para um outro mundo poss\u00edvel&quot; -\" \/>\n<meta property=\"og:description\" content=\"O F\u00f3rum Social Mundial completar\u00e1, em janeiro de 2010, dez anos de exist\u00eancia, e o Grupo de Reflex\u00e3o e Apoio ao Processo FSM, formado por ativistas brasileiros identificados com o F\u00f3rum desde sua forma\u00e7\u00e3o, promover\u00e1 um semin\u00e1rio cujo prop\u00f3sito central \u00e9 prospectar os desafios que se colocam, daqui para frente, para o processo.\" \/>\n<meta property=\"og:url\" content=\"https:\/\/inclusivenews.com.br\/?p=13184\" \/>\n<meta property=\"article:publisher\" content=\"https:\/\/www.facebook.com\/agenciainclusive\/\" \/>\n<meta property=\"article:published_time\" content=\"2009-12-27T09:01:29+00:00\" \/>\n<meta property=\"og:image\" content=\"http:\/\/www.inclusive.org.br\/images\/new_window.gif\" \/>\n<meta name=\"author\" content=\"inclusivenews2024\" \/>\n<meta name=\"twitter:card\" content=\"summary_large_image\" \/>\n<meta name=\"twitter:label1\" content=\"Escrito por\" \/>\n\t<meta name=\"twitter:data1\" content=\"inclusivenews2024\" \/>\n\t<meta name=\"twitter:label2\" content=\"Tempo estimado de leitura\" \/>\n\t<meta name=\"twitter:data2\" content=\"2 minutos\" \/>\n<script type=\"application\/ld+json\" class=\"yoast-schema-graph\">{\"@context\":\"https:\\\/\\\/schema.org\",\"@graph\":[{\"@type\":\"Article\",\"@id\":\"https:\\\/\\\/inclusivenews.com.br\\\/?p=13184#article\",\"isPartOf\":{\"@id\":\"https:\\\/\\\/inclusivenews.com.br\\\/?p=13184\"},\"author\":{\"name\":\"inclusivenews2024\",\"@id\":\"https:\\\/\\\/inclusivenews.com.br\\\/#\\\/schema\\\/person\\\/ae4ec7087559b8692fb33b6fffd2273b\"},\"headline\":\"Est\u00e1 no ar o blog &quot;10 anos depois: desafios e propostas para um outro mundo poss\u00edvel&quot;\",\"datePublished\":\"2009-12-27T09:01:29+00:00\",\"mainEntityOfPage\":{\"@id\":\"https:\\\/\\\/inclusivenews.com.br\\\/?p=13184\"},\"wordCount\":423,\"commentCount\":0,\"publisher\":{\"@id\":\"https:\\\/\\\/inclusivenews.com.br\\\/#organization\"},\"image\":{\"@id\":\"https:\\\/\\\/inclusivenews.com.br\\\/?p=13184#primaryimage\"},\"thumbnailUrl\":\"http:\\\/\\\/www.inclusive.org.br\\\/images\\\/new_window.gif\",\"keywords\":[\"F\u00f3rum Social Mundial\",\"wordpress\"],\"articleSection\":[\"NOT\u00cdCIAS\"],\"inLanguage\":\"pt-PT\",\"potentialAction\":[{\"@type\":\"CommentAction\",\"name\":\"Comment\",\"target\":[\"https:\\\/\\\/inclusivenews.com.br\\\/?p=13184#respond\"]}]},{\"@type\":\"WebPage\",\"@id\":\"https:\\\/\\\/inclusivenews.com.br\\\/?p=13184\",\"url\":\"https:\\\/\\\/inclusivenews.com.br\\\/?p=13184\",\"name\":\"Est\u00e1 no ar o blog &quot;10 anos depois: desafios e propostas para um outro mundo poss\u00edvel&quot; -\",\"isPartOf\":{\"@id\":\"https:\\\/\\\/inclusivenews.com.br\\\/#website\"},\"primaryImageOfPage\":{\"@id\":\"https:\\\/\\\/inclusivenews.com.br\\\/?p=13184#primaryimage\"},\"image\":{\"@id\":\"https:\\\/\\\/inclusivenews.com.br\\\/?p=13184#primaryimage\"},\"thumbnailUrl\":\"http:\\\/\\\/www.inclusive.org.br\\\/images\\\/new_window.gif\",\"datePublished\":\"2009-12-27T09:01:29+00:00\",\"breadcrumb\":{\"@id\":\"https:\\\/\\\/inclusivenews.com.br\\\/?p=13184#breadcrumb\"},\"inLanguage\":\"pt-PT\",\"potentialAction\":[{\"@type\":\"ReadAction\",\"target\":[\"https:\\\/\\\/inclusivenews.com.br\\\/?p=13184\"]}]},{\"@type\":\"ImageObject\",\"inLanguage\":\"pt-PT\",\"@id\":\"https:\\\/\\\/inclusivenews.com.br\\\/?p=13184#primaryimage\",\"url\":\"http:\\\/\\\/www.inclusive.org.br\\\/images\\\/new_window.gif\",\"contentUrl\":\"http:\\\/\\\/www.inclusive.org.br\\\/images\\\/new_window.gif\"},{\"@type\":\"BreadcrumbList\",\"@id\":\"https:\\\/\\\/inclusivenews.com.br\\\/?p=13184#breadcrumb\",\"itemListElement\":[{\"@type\":\"ListItem\",\"position\":1,\"name\":\"In\u00edcio\",\"item\":\"https:\\\/\\\/inclusivenews.com.br\\\/\"},{\"@type\":\"ListItem\",\"position\":2,\"name\":\"Est\u00e1 no ar o blog &quot;10 anos depois: desafios e propostas para um outro mundo poss\u00edvel&quot;\"}]},{\"@type\":\"WebSite\",\"@id\":\"https:\\\/\\\/inclusivenews.com.br\\\/#website\",\"url\":\"https:\\\/\\\/inclusivenews.com.br\\\/\",\"name\":\"Inclusive News\",\"description\":\"Inclusive News\",\"publisher\":{\"@id\":\"https:\\\/\\\/inclusivenews.com.br\\\/#organization\"},\"potentialAction\":[{\"@type\":\"SearchAction\",\"target\":{\"@type\":\"EntryPoint\",\"urlTemplate\":\"https:\\\/\\\/inclusivenews.com.br\\\/?s={search_term_string}\"},\"query-input\":{\"@type\":\"PropertyValueSpecification\",\"valueRequired\":true,\"valueName\":\"search_term_string\"}}],\"inLanguage\":\"pt-PT\"},{\"@type\":\"Organization\",\"@id\":\"https:\\\/\\\/inclusivenews.com.br\\\/#organization\",\"name\":\"Inclusive - inclus\u00e3o e cidadania\",\"url\":\"https:\\\/\\\/inclusivenews.com.br\\\/\",\"logo\":{\"@type\":\"ImageObject\",\"inLanguage\":\"pt-PT\",\"@id\":\"https:\\\/\\\/inclusivenews.com.br\\\/#\\\/schema\\\/logo\\\/image\\\/\",\"url\":\"https:\\\/\\\/inclusivenews.com.br\\\/wp-content\\\/uploads\\\/2024\\\/03\\\/@grandesite.png\",\"contentUrl\":\"https:\\\/\\\/inclusivenews.com.br\\\/wp-content\\\/uploads\\\/2024\\\/03\\\/@grandesite.png\",\"width\":1080,\"height\":1080,\"caption\":\"Inclusive - inclus\u00e3o e cidadania\"},\"image\":{\"@id\":\"https:\\\/\\\/inclusivenews.com.br\\\/#\\\/schema\\\/logo\\\/image\\\/\"},\"sameAs\":[\"https:\\\/\\\/www.facebook.com\\\/agenciainclusive\\\/\",\"https:\\\/\\\/www.instagram.com\\\/newsinclusive\\\/\"]},{\"@type\":\"Person\",\"@id\":\"https:\\\/\\\/inclusivenews.com.br\\\/#\\\/schema\\\/person\\\/ae4ec7087559b8692fb33b6fffd2273b\",\"name\":\"inclusivenews2024\",\"image\":{\"@type\":\"ImageObject\",\"inLanguage\":\"pt-PT\",\"@id\":\"https:\\\/\\\/secure.gravatar.com\\\/avatar\\\/c5a7ef84c66fa914f55bc4f7ce26cfa275a3b9a1c5568b907bd184fb4dde7b40?s=96&d=mm&r=g\",\"url\":\"https:\\\/\\\/secure.gravatar.com\\\/avatar\\\/c5a7ef84c66fa914f55bc4f7ce26cfa275a3b9a1c5568b907bd184fb4dde7b40?s=96&d=mm&r=g\",\"contentUrl\":\"https:\\\/\\\/secure.gravatar.com\\\/avatar\\\/c5a7ef84c66fa914f55bc4f7ce26cfa275a3b9a1c5568b907bd184fb4dde7b40?s=96&d=mm&r=g\",\"caption\":\"inclusivenews2024\"},\"sameAs\":[\"https:\\\/\\\/inclusivenews.com.br\"],\"url\":\"https:\\\/\\\/inclusivenews.com.br\\\/?author=1\"}]}<\/script>\n<!-- \/ Yoast SEO plugin. -->","yoast_head_json":{"title":"Est\u00e1 no ar o blog &quot;10 anos depois: desafios e propostas para um outro mundo poss\u00edvel&quot; -","robots":{"index":"index","follow":"follow","max-snippet":"max-snippet:-1","max-image-preview":"max-image-preview:large","max-video-preview":"max-video-preview:-1"},"canonical":"https:\/\/inclusivenews.com.br\/?p=13184","og_locale":"pt_PT","og_type":"article","og_title":"Est\u00e1 no ar o blog &quot;10 anos depois: desafios e propostas para um outro mundo poss\u00edvel&quot; -","og_description":"O F\u00f3rum Social Mundial completar\u00e1, em janeiro de 2010, dez anos de exist\u00eancia, e o Grupo de Reflex\u00e3o e Apoio ao Processo FSM, formado por ativistas brasileiros identificados com o F\u00f3rum desde sua forma\u00e7\u00e3o, promover\u00e1 um semin\u00e1rio cujo prop\u00f3sito central \u00e9 prospectar os desafios que se colocam, daqui para frente, para o processo.","og_url":"https:\/\/inclusivenews.com.br\/?p=13184","article_publisher":"https:\/\/www.facebook.com\/agenciainclusive\/","article_published_time":"2009-12-27T09:01:29+00:00","og_image":[{"url":"http:\/\/www.inclusive.org.br\/images\/new_window.gif","type":"","width":"","height":""}],"author":"inclusivenews2024","twitter_card":"summary_large_image","twitter_misc":{"Escrito por":"inclusivenews2024","Tempo estimado de leitura":"2 minutos"},"schema":{"@context":"https:\/\/schema.org","@graph":[{"@type":"Article","@id":"https:\/\/inclusivenews.com.br\/?p=13184#article","isPartOf":{"@id":"https:\/\/inclusivenews.com.br\/?p=13184"},"author":{"name":"inclusivenews2024","@id":"https:\/\/inclusivenews.com.br\/#\/schema\/person\/ae4ec7087559b8692fb33b6fffd2273b"},"headline":"Est\u00e1 no ar o blog &quot;10 anos depois: desafios e propostas para um outro mundo poss\u00edvel&quot;","datePublished":"2009-12-27T09:01:29+00:00","mainEntityOfPage":{"@id":"https:\/\/inclusivenews.com.br\/?p=13184"},"wordCount":423,"commentCount":0,"publisher":{"@id":"https:\/\/inclusivenews.com.br\/#organization"},"image":{"@id":"https:\/\/inclusivenews.com.br\/?p=13184#primaryimage"},"thumbnailUrl":"http:\/\/www.inclusive.org.br\/images\/new_window.gif","keywords":["F\u00f3rum Social Mundial","wordpress"],"articleSection":["NOT\u00cdCIAS"],"inLanguage":"pt-PT","potentialAction":[{"@type":"CommentAction","name":"Comment","target":["https:\/\/inclusivenews.com.br\/?p=13184#respond"]}]},{"@type":"WebPage","@id":"https:\/\/inclusivenews.com.br\/?p=13184","url":"https:\/\/inclusivenews.com.br\/?p=13184","name":"Est\u00e1 no ar o blog &quot;10 anos depois: desafios e propostas para um outro mundo poss\u00edvel&quot; -","isPartOf":{"@id":"https:\/\/inclusivenews.com.br\/#website"},"primaryImageOfPage":{"@id":"https:\/\/inclusivenews.com.br\/?p=13184#primaryimage"},"image":{"@id":"https:\/\/inclusivenews.com.br\/?p=13184#primaryimage"},"thumbnailUrl":"http:\/\/www.inclusive.org.br\/images\/new_window.gif","datePublished":"2009-12-27T09:01:29+00:00","breadcrumb":{"@id":"https:\/\/inclusivenews.com.br\/?p=13184#breadcrumb"},"inLanguage":"pt-PT","potentialAction":[{"@type":"ReadAction","target":["https:\/\/inclusivenews.com.br\/?p=13184"]}]},{"@type":"ImageObject","inLanguage":"pt-PT","@id":"https:\/\/inclusivenews.com.br\/?p=13184#primaryimage","url":"http:\/\/www.inclusive.org.br\/images\/new_window.gif","contentUrl":"http:\/\/www.inclusive.org.br\/images\/new_window.gif"},{"@type":"BreadcrumbList","@id":"https:\/\/inclusivenews.com.br\/?p=13184#breadcrumb","itemListElement":[{"@type":"ListItem","position":1,"name":"In\u00edcio","item":"https:\/\/inclusivenews.com.br\/"},{"@type":"ListItem","position":2,"name":"Est\u00e1 no ar o blog &quot;10 anos depois: desafios e propostas para um outro mundo poss\u00edvel&quot;"}]},{"@type":"WebSite","@id":"https:\/\/inclusivenews.com.br\/#website","url":"https:\/\/inclusivenews.com.br\/","name":"Inclusive News","description":"Inclusive News","publisher":{"@id":"https:\/\/inclusivenews.com.br\/#organization"},"potentialAction":[{"@type":"SearchAction","target":{"@type":"EntryPoint","urlTemplate":"https:\/\/inclusivenews.com.br\/?s={search_term_string}"},"query-input":{"@type":"PropertyValueSpecification","valueRequired":true,"valueName":"search_term_string"}}],"inLanguage":"pt-PT"},{"@type":"Organization","@id":"https:\/\/inclusivenews.com.br\/#organization","name":"Inclusive - inclus\u00e3o e cidadania","url":"https:\/\/inclusivenews.com.br\/","logo":{"@type":"ImageObject","inLanguage":"pt-PT","@id":"https:\/\/inclusivenews.com.br\/#\/schema\/logo\/image\/","url":"https:\/\/inclusivenews.com.br\/wp-content\/uploads\/2024\/03\/@grandesite.png","contentUrl":"https:\/\/inclusivenews.com.br\/wp-content\/uploads\/2024\/03\/@grandesite.png","width":1080,"height":1080,"caption":"Inclusive - inclus\u00e3o e cidadania"},"image":{"@id":"https:\/\/inclusivenews.com.br\/#\/schema\/logo\/image\/"},"sameAs":["https:\/\/www.facebook.com\/agenciainclusive\/","https:\/\/www.instagram.com\/newsinclusive\/"]},{"@type":"Person","@id":"https:\/\/inclusivenews.com.br\/#\/schema\/person\/ae4ec7087559b8692fb33b6fffd2273b","name":"inclusivenews2024","image":{"@type":"ImageObject","inLanguage":"pt-PT","@id":"https:\/\/secure.gravatar.com\/avatar\/c5a7ef84c66fa914f55bc4f7ce26cfa275a3b9a1c5568b907bd184fb4dde7b40?s=96&d=mm&r=g","url":"https:\/\/secure.gravatar.com\/avatar\/c5a7ef84c66fa914f55bc4f7ce26cfa275a3b9a1c5568b907bd184fb4dde7b40?s=96&d=mm&r=g","contentUrl":"https:\/\/secure.gravatar.com\/avatar\/c5a7ef84c66fa914f55bc4f7ce26cfa275a3b9a1c5568b907bd184fb4dde7b40?s=96&d=mm&r=g","caption":"inclusivenews2024"},"sameAs":["https:\/\/inclusivenews.com.br"],"url":"https:\/\/inclusivenews.com.br\/?author=1"}]}},"_links":{"self":[{"href":"https:\/\/inclusivenews.com.br\/index.php?rest_route=\/wp\/v2\/posts\/13184","targetHints":{"allow":["GET"]}}],"collection":[{"href":"https:\/\/inclusivenews.com.br\/index.php?rest_route=\/wp\/v2\/posts"}],"about":[{"href":"https:\/\/inclusivenews.com.br\/index.php?rest_route=\/wp\/v2\/types\/post"}],"author":[{"embeddable":true,"href":"https:\/\/inclusivenews.com.br\/index.php?rest_route=\/wp\/v2\/users\/1"}],"replies":[{"embeddable":true,"href":"https:\/\/inclusivenews.com.br\/index.php?rest_route=%2Fwp%2Fv2%2Fcomments&post=13184"}],"version-history":[{"count":0,"href":"https:\/\/inclusivenews.com.br\/index.php?rest_route=\/wp\/v2\/posts\/13184\/revisions"}],"wp:attachment":[{"href":"https:\/\/inclusivenews.com.br\/index.php?rest_route=%2Fwp%2Fv2%2Fmedia&parent=13184"}],"wp:term":[{"taxonomy":"category","embeddable":true,"href":"https:\/\/inclusivenews.com.br\/index.php?rest_route=%2Fwp%2Fv2%2Fcategories&post=13184"},{"taxonomy":"post_tag","embeddable":true,"href":"https:\/\/inclusivenews.com.br\/index.php?rest_route=%2Fwp%2Fv2%2Ftags&post=13184"}],"curies":[{"name":"wp","href":"https:\/\/api.w.org\/{rel}","templated":true}]}}