{"id":13186,"date":"2009-12-26T06:01:01","date_gmt":"2009-12-26T09:01:01","guid":{"rendered":"http:\/\/www.inclusive.org.br\/?p=13186"},"modified":"2009-12-26T06:01:01","modified_gmt":"2009-12-26T09:01:01","slug":"linguagem-e-mediacao","status":"publish","type":"post","link":"https:\/\/inclusivenews.com.br\/?p=13186","title":{"rendered":"Linguagem e media\u00e7\u00e3o"},"content":{"rendered":"<p align=\"justify\">\n<figure id=\"attachment_13223\" aria-describedby=\"caption-attachment-13223\" style=\"width: 150px\" class=\"wp-caption alignleft\"><a href=\"http:\/\/www.inclusivenews.com.br\/wp-content\/uploads\/2009\/12\/escola_inclusiva.gif\"><img loading=\"lazy\" decoding=\"async\" class=\"size-thumbnail wp-image-13223\" title=\"escola_inclusiva\" src=\"http:\/\/inclusivenews.com.br\/wp-content\/uploads\/2009\/12\/escola_inclusiva-150x150.gif\" alt=\"Capa do livro com peixinhos de cores e formatos variados nadando\" width=\"150\" height=\"150\" \/><\/a><figcaption id=\"caption-attachment-13223\" class=\"wp-caption-text\">Capa do livro com peixinhos de cores e formatos variados nadando<\/figcaption><\/figure>\n<p>Com a finalidade de oferecer uma fonte abrangente de informa\u00e7\u00f5es sobre o trabalho na sala de aula inclusiva, <strong>Lucia Reily<\/strong> organizou, em linguagem acess\u00edvel, as principais problem\u00e1ticas encontradas no cotidiano de alunos com necessidades especiais matriculados na rede regular de ensino.<\/p>\n<p align=\"justify\">Desse modo, o livro pretende suscitar um di\u00e1logo com a escola, ajudando o educador a ampliar suas possibilidades de trabalho. Sabendo das dificuldades do professor, a autora proporciona um suporte para a constru\u00e7\u00e3o de uma pr\u00e1tica reflexiva que contemple os avan\u00e7os no campo da educa\u00e7\u00e3o especial.<\/p>\n<p align=\"justify\">O eixo central da obra s\u00e3o os sistemas de media\u00e7\u00e3o: a imagem, os recursos tridimensionais, a escrita, os sistemas de comunica\u00e7\u00e3o suplementar e alternativa, a l\u00edngua de sinais e o braile.<\/p>\n<p align=\"justify\">A autora mostra como esses instrumentos podem servir de apoio para a linguagem falada em sala de aula, a fim de tornar o conte\u00fado escolar acess\u00edvel a todos os alunos, tenham eles limita\u00e7\u00f5es ou impedimentos de movimento, de visualiza\u00e7\u00e3o ou de comunica\u00e7\u00e3o e linguagem.<\/p>\n<p>Leia abaixo entrevista com a autora, do site da Editora Papirus:<br \/>\n<span style=\"border: 1px none transparent; background-color: transparent; font-family: Verdana; font-size: 8pt; height: 99%; width: 568px;\"><strong><br \/>\nLucia Helena Reily<\/strong> \u00e9 pesquisadora e docente no Centro de Estudos e Pesquisas em Reabilita\u00e7\u00e3o Prof. Dr. Gabriel Porto, da Faculdade de Ci\u00eancias M\u00e9dicas da Unicamp. Desenvolve tamb\u00e9m um trabalho de supervis\u00e3o pedag\u00f3gica na Associa\u00e7\u00e3o Educacional Quero-Quero de Reabilita\u00e7\u00e3o Motora e Educa\u00e7\u00e3o Especial.A experi\u00eancia de Lucia Reily com crian\u00e7as, adolescentes e adultos com diferentes comprometimentos e hist\u00f3rias de vida, levaram-na a publicar o livro <em>Armaz\u00e9m de imagens<\/em> (Papirus, 2001). Tr\u00eas anos depois, seus conhecimentos, somados ao trabalho de forma\u00e7\u00e3o de professores na universidade com foco na articula\u00e7\u00e3o entre sa\u00fade e educa\u00e7\u00e3o, resultaram no livro <em>Escola inclusiva: Linguagem e media\u00e7\u00e3o<\/em>.Ao discutir os meios de express\u00e3o e a media\u00e7\u00e3o pedag\u00f3gica, a autora instrumentaliza o professor com conceitos e propostas de trabalho, ajudando-o a perceber o melhor recurso para impulsionar a aprendizagem de seu aluno.<strong>Qual o papel do professor da escola inclusiva? Seria ele o principal respons\u00e1vel pela educa\u00e7\u00e3o do aluno com necessidades especiais?<br \/>\nLucia Reily:<\/strong> O professor tem um papel essencial como mediador dos processos de ensino-aprendizagem. Na escola inclusiva, \u00e9 ele que recebe o aluno com necessidades especiais na sala de aula. Sua atitude perante a defici\u00eancia \u00e9 determinante para orientar como esse aluno, com as suas diferen\u00e7as, vai ser visto pelos colegas. O professor tamb\u00e9m organiza o trabalho pedag\u00f3gico e pensa estrat\u00e9gias para garantir que todos tenham possibilidade de participar e aprender. No entanto, ele n\u00e3o \u00e9 o \u00fanico respons\u00e1vel pela educa\u00e7\u00e3o do aluno com necessidades especiais. A escola tamb\u00e9m responde pela inclus\u00e3o, e cabe ao professor promover uma media\u00e7\u00e3o entre fam\u00edlia e escola, solicitando suporte e acompanhamento da escola durante o ano letivo. Assim, vemos que a media\u00e7\u00e3o se d\u00e1 em v\u00e1rios n\u00edveis: no trabalho pedag\u00f3gico, nas rela\u00e7\u00f5es na sala de aula, na escola e tamb\u00e9m nas rela\u00e7\u00f5es com a fam\u00edlia e a comunidade.<\/span><\/p>\n<p><strong>Em sua obra, voc\u00ea afirma que os recursos pedag\u00f3gicos s\u00e3o ilimitados. Mas como o professor de uma escola inclusiva reconhece os melhores recursos para impulsionar a aprendizagem de seu aluno?<br \/>\nLucia Reily:<\/strong> Entendo a atua\u00e7\u00e3o pedag\u00f3gica como um processo de investiga\u00e7\u00e3o e estudo, de solu\u00e7\u00e3o de problemas. No contexto da sala de aula, \u00e0s vezes o professor se defronta com limites. S\u00e3o limites das condi\u00e7\u00f5es de trabalho, do conhecimento ou de sua pr\u00f3pria forma\u00e7\u00e3o ou necessidades educativas especiais do aluno. N\u00e3o importa a origem do desafio, essa situa\u00e7\u00e3o vai exigir do professor a busca de novas estrat\u00e9gias para resolver o problema. Quando digo que os recursos pedag\u00f3gicos s\u00e3o ilimitados, quero dizer que as solu\u00e7\u00f5es podem vir de v\u00e1rios campos do conhecimento. O professor precisa identificar as possibilidades do aluno e o trajeto que ele percorre para se comunicar, para se apropriar do que est\u00e1 \u00e0 sua volta, a fim de encontrar um caminho compat\u00edvel com as possibilidades dele. Esse caminho geralmente n\u00e3o \u00e9 o tradicional da aula expositiva, centrada na palavra oral ou escrita. \u00c9 necess\u00e1rio recorrer a jogos, filmes, m\u00fasicas, mapas, maquetes, desenhos, gr\u00e1ficos, livros de hist\u00f3ria, miniaturas e dramatiza\u00e7\u00f5es como recursos alternativos poss\u00edveis.<\/p>\n<p><strong>Como o professor da escola inclusiva deve utilizar os recursos da linguagem ao trabalhar o conte\u00fado escolar com crian\u00e7as que apresentam diferentes dificuldades?<br \/>\nLucia Reily:<\/strong> O livro <em>Escola inclusiva: Linguagem e media\u00e7\u00e3o<\/em> foi organizado pensando n\u00e3o em como atender as defici\u00eancias na escola inclusiva, mas sim nos recursos da linguagem, valorizando a linguagem verbal (a palavra) e as linguagens n\u00e3o-verbais (os sistemas visuais e pict\u00f3ricos, a m\u00fasica, a linguagem do corpo). No caso de uma crian\u00e7a com defici\u00eancia visual, por exemplo, sua possibilidade de contato com o mundo \u00e9 por meio de a\u00e7\u00f5es f\u00edsicas no espa\u00e7o, de movimentos e sensa\u00e7\u00f5es, e da significa\u00e7\u00e3o pela palavra. Assim, o conte\u00fado escolar precisa ser apresentado por esse canal. Isso n\u00e3o quer dizer que a imagem ficar\u00e1 fora do seu repert\u00f3rio, mas sim que a imagem precisa ser traduzida para que ela tenha acesso t\u00e1til e ling\u00fc\u00edstico \u00e0quilo que est\u00e1 sendo transmitido por meio da imagem. Seguindo esse mesmo racioc\u00ednio, o aluno surdo n\u00e3o tem acesso \u00e0 oralidade, ent\u00e3o o conte\u00fado precisa chegar at\u00e9 ele de outra maneira, pela imagem, pela l\u00edngua de sinais, enquanto ele n\u00e3o tiver um dom\u00ednio m\u00ednimo da escrita.<\/p>\n","protected":false},"excerpt":{"rendered":"<p>Com a finalidade de oferecer uma fonte abrangente de informa\u00e7\u00f5es sobre o trabalho na sala de aula inclusiva, Lucia Reily organizou, em linguagem acess\u00edvel, as principais problem\u00e1ticas encontradas no cotidiano de alunos com necessidades especiais matriculados na rede regular de ensino.<\/p>\n","protected":false},"author":1,"featured_media":0,"comment_status":"open","ping_status":"open","sticky":false,"template":"","format":"standard","meta":{"site-container-style":"default","site-container-layout":"default","site-sidebar-layout":"default","disable-article-header":"default","disable-site-header":"default","disable-site-footer":"default","disable-content-area-spacing":"default","footnotes":""},"categories":[6,48,10,58],"tags":[],"class_list":["post-13186","post","type-post","status-publish","format-standard","hentry","category-educacao","category-inclusao","category-publicacoes","category-resenha-e-critica"],"yoast_head":"<!-- This site is optimized with the Yoast SEO plugin v27.4 - https:\/\/yoast.com\/product\/yoast-seo-wordpress\/ -->\n<title>Linguagem e media\u00e7\u00e3o -<\/title>\n<meta name=\"robots\" content=\"index, follow, max-snippet:-1, max-image-preview:large, max-video-preview:-1\" \/>\n<link rel=\"canonical\" href=\"https:\/\/inclusivenews.com.br\/?p=13186\" \/>\n<meta property=\"og:locale\" content=\"pt_PT\" \/>\n<meta property=\"og:type\" content=\"article\" \/>\n<meta property=\"og:title\" content=\"Linguagem e media\u00e7\u00e3o -\" \/>\n<meta property=\"og:description\" content=\"Com a finalidade de oferecer uma fonte abrangente de informa\u00e7\u00f5es sobre o trabalho na sala de aula inclusiva, Lucia Reily organizou, em linguagem acess\u00edvel, as principais problem\u00e1ticas encontradas no cotidiano de alunos com necessidades especiais matriculados na rede regular de ensino.\" \/>\n<meta property=\"og:url\" content=\"https:\/\/inclusivenews.com.br\/?p=13186\" \/>\n<meta property=\"article:publisher\" content=\"https:\/\/www.facebook.com\/agenciainclusive\/\" \/>\n<meta property=\"article:published_time\" content=\"2009-12-26T09:01:01+00:00\" \/>\n<meta property=\"og:image\" content=\"http:\/\/inclusivenews.com.br\/wp-content\/uploads\/2009\/12\/escola_inclusiva-150x150.gif\" \/>\n<meta name=\"author\" content=\"inclusivenews2024\" \/>\n<meta name=\"twitter:card\" content=\"summary_large_image\" \/>\n<meta name=\"twitter:label1\" content=\"Escrito por\" \/>\n\t<meta name=\"twitter:data1\" content=\"inclusivenews2024\" \/>\n\t<meta name=\"twitter:label2\" content=\"Tempo estimado de leitura\" \/>\n\t<meta name=\"twitter:data2\" content=\"5 minutos\" \/>\n<script type=\"application\/ld+json\" class=\"yoast-schema-graph\">{\"@context\":\"https:\\\/\\\/schema.org\",\"@graph\":[{\"@type\":\"Article\",\"@id\":\"https:\\\/\\\/inclusivenews.com.br\\\/?p=13186#article\",\"isPartOf\":{\"@id\":\"https:\\\/\\\/inclusivenews.com.br\\\/?p=13186\"},\"author\":{\"name\":\"inclusivenews2024\",\"@id\":\"https:\\\/\\\/inclusivenews.com.br\\\/#\\\/schema\\\/person\\\/ae4ec7087559b8692fb33b6fffd2273b\"},\"headline\":\"Linguagem e media\u00e7\u00e3o\",\"datePublished\":\"2009-12-26T09:01:01+00:00\",\"mainEntityOfPage\":{\"@id\":\"https:\\\/\\\/inclusivenews.com.br\\\/?p=13186\"},\"wordCount\":982,\"commentCount\":1,\"publisher\":{\"@id\":\"https:\\\/\\\/inclusivenews.com.br\\\/#organization\"},\"image\":{\"@id\":\"https:\\\/\\\/inclusivenews.com.br\\\/?p=13186#primaryimage\"},\"thumbnailUrl\":\"http:\\\/\\\/inclusivenews.com.br\\\/wp-content\\\/uploads\\\/2009\\\/12\\\/escola_inclusiva-150x150.gif\",\"articleSection\":[\"EDUCA\u00c7\u00c3O\",\"INCLUS\u00c3O SOCIAL\",\"PUBLICA\u00c7\u00d5ES\",\"Resenha e Cr\u00edtica\"],\"inLanguage\":\"pt-PT\",\"potentialAction\":[{\"@type\":\"CommentAction\",\"name\":\"Comment\",\"target\":[\"https:\\\/\\\/inclusivenews.com.br\\\/?p=13186#respond\"]}]},{\"@type\":\"WebPage\",\"@id\":\"https:\\\/\\\/inclusivenews.com.br\\\/?p=13186\",\"url\":\"https:\\\/\\\/inclusivenews.com.br\\\/?p=13186\",\"name\":\"Linguagem e media\u00e7\u00e3o -\",\"isPartOf\":{\"@id\":\"https:\\\/\\\/inclusivenews.com.br\\\/#website\"},\"primaryImageOfPage\":{\"@id\":\"https:\\\/\\\/inclusivenews.com.br\\\/?p=13186#primaryimage\"},\"image\":{\"@id\":\"https:\\\/\\\/inclusivenews.com.br\\\/?p=13186#primaryimage\"},\"thumbnailUrl\":\"http:\\\/\\\/inclusivenews.com.br\\\/wp-content\\\/uploads\\\/2009\\\/12\\\/escola_inclusiva-150x150.gif\",\"datePublished\":\"2009-12-26T09:01:01+00:00\",\"breadcrumb\":{\"@id\":\"https:\\\/\\\/inclusivenews.com.br\\\/?p=13186#breadcrumb\"},\"inLanguage\":\"pt-PT\",\"potentialAction\":[{\"@type\":\"ReadAction\",\"target\":[\"https:\\\/\\\/inclusivenews.com.br\\\/?p=13186\"]}]},{\"@type\":\"ImageObject\",\"inLanguage\":\"pt-PT\",\"@id\":\"https:\\\/\\\/inclusivenews.com.br\\\/?p=13186#primaryimage\",\"url\":\"\",\"contentUrl\":\"\"},{\"@type\":\"BreadcrumbList\",\"@id\":\"https:\\\/\\\/inclusivenews.com.br\\\/?p=13186#breadcrumb\",\"itemListElement\":[{\"@type\":\"ListItem\",\"position\":1,\"name\":\"In\u00edcio\",\"item\":\"https:\\\/\\\/inclusivenews.com.br\\\/\"},{\"@type\":\"ListItem\",\"position\":2,\"name\":\"Linguagem e media\u00e7\u00e3o\"}]},{\"@type\":\"WebSite\",\"@id\":\"https:\\\/\\\/inclusivenews.com.br\\\/#website\",\"url\":\"https:\\\/\\\/inclusivenews.com.br\\\/\",\"name\":\"Inclusive News\",\"description\":\"Inclusive News\",\"publisher\":{\"@id\":\"https:\\\/\\\/inclusivenews.com.br\\\/#organization\"},\"potentialAction\":[{\"@type\":\"SearchAction\",\"target\":{\"@type\":\"EntryPoint\",\"urlTemplate\":\"https:\\\/\\\/inclusivenews.com.br\\\/?s={search_term_string}\"},\"query-input\":{\"@type\":\"PropertyValueSpecification\",\"valueRequired\":true,\"valueName\":\"search_term_string\"}}],\"inLanguage\":\"pt-PT\"},{\"@type\":\"Organization\",\"@id\":\"https:\\\/\\\/inclusivenews.com.br\\\/#organization\",\"name\":\"Inclusive - inclus\u00e3o e cidadania\",\"url\":\"https:\\\/\\\/inclusivenews.com.br\\\/\",\"logo\":{\"@type\":\"ImageObject\",\"inLanguage\":\"pt-PT\",\"@id\":\"https:\\\/\\\/inclusivenews.com.br\\\/#\\\/schema\\\/logo\\\/image\\\/\",\"url\":\"https:\\\/\\\/inclusivenews.com.br\\\/wp-content\\\/uploads\\\/2024\\\/03\\\/@grandesite.png\",\"contentUrl\":\"https:\\\/\\\/inclusivenews.com.br\\\/wp-content\\\/uploads\\\/2024\\\/03\\\/@grandesite.png\",\"width\":1080,\"height\":1080,\"caption\":\"Inclusive - inclus\u00e3o e cidadania\"},\"image\":{\"@id\":\"https:\\\/\\\/inclusivenews.com.br\\\/#\\\/schema\\\/logo\\\/image\\\/\"},\"sameAs\":[\"https:\\\/\\\/www.facebook.com\\\/agenciainclusive\\\/\",\"https:\\\/\\\/www.instagram.com\\\/newsinclusive\\\/\"]},{\"@type\":\"Person\",\"@id\":\"https:\\\/\\\/inclusivenews.com.br\\\/#\\\/schema\\\/person\\\/ae4ec7087559b8692fb33b6fffd2273b\",\"name\":\"inclusivenews2024\",\"image\":{\"@type\":\"ImageObject\",\"inLanguage\":\"pt-PT\",\"@id\":\"https:\\\/\\\/secure.gravatar.com\\\/avatar\\\/c5a7ef84c66fa914f55bc4f7ce26cfa275a3b9a1c5568b907bd184fb4dde7b40?s=96&d=mm&r=g\",\"url\":\"https:\\\/\\\/secure.gravatar.com\\\/avatar\\\/c5a7ef84c66fa914f55bc4f7ce26cfa275a3b9a1c5568b907bd184fb4dde7b40?s=96&d=mm&r=g\",\"contentUrl\":\"https:\\\/\\\/secure.gravatar.com\\\/avatar\\\/c5a7ef84c66fa914f55bc4f7ce26cfa275a3b9a1c5568b907bd184fb4dde7b40?s=96&d=mm&r=g\",\"caption\":\"inclusivenews2024\"},\"sameAs\":[\"https:\\\/\\\/inclusivenews.com.br\"],\"url\":\"https:\\\/\\\/inclusivenews.com.br\\\/?author=1\"}]}<\/script>\n<!-- \/ Yoast SEO plugin. -->","yoast_head_json":{"title":"Linguagem e media\u00e7\u00e3o -","robots":{"index":"index","follow":"follow","max-snippet":"max-snippet:-1","max-image-preview":"max-image-preview:large","max-video-preview":"max-video-preview:-1"},"canonical":"https:\/\/inclusivenews.com.br\/?p=13186","og_locale":"pt_PT","og_type":"article","og_title":"Linguagem e media\u00e7\u00e3o -","og_description":"Com a finalidade de oferecer uma fonte abrangente de informa\u00e7\u00f5es sobre o trabalho na sala de aula inclusiva, Lucia Reily organizou, em linguagem acess\u00edvel, as principais problem\u00e1ticas encontradas no cotidiano de alunos com necessidades especiais matriculados na rede regular de ensino.","og_url":"https:\/\/inclusivenews.com.br\/?p=13186","article_publisher":"https:\/\/www.facebook.com\/agenciainclusive\/","article_published_time":"2009-12-26T09:01:01+00:00","og_image":[{"url":"http:\/\/inclusivenews.com.br\/wp-content\/uploads\/2009\/12\/escola_inclusiva-150x150.gif","type":"","width":"","height":""}],"author":"inclusivenews2024","twitter_card":"summary_large_image","twitter_misc":{"Escrito por":"inclusivenews2024","Tempo estimado de leitura":"5 minutos"},"schema":{"@context":"https:\/\/schema.org","@graph":[{"@type":"Article","@id":"https:\/\/inclusivenews.com.br\/?p=13186#article","isPartOf":{"@id":"https:\/\/inclusivenews.com.br\/?p=13186"},"author":{"name":"inclusivenews2024","@id":"https:\/\/inclusivenews.com.br\/#\/schema\/person\/ae4ec7087559b8692fb33b6fffd2273b"},"headline":"Linguagem e media\u00e7\u00e3o","datePublished":"2009-12-26T09:01:01+00:00","mainEntityOfPage":{"@id":"https:\/\/inclusivenews.com.br\/?p=13186"},"wordCount":982,"commentCount":1,"publisher":{"@id":"https:\/\/inclusivenews.com.br\/#organization"},"image":{"@id":"https:\/\/inclusivenews.com.br\/?p=13186#primaryimage"},"thumbnailUrl":"http:\/\/inclusivenews.com.br\/wp-content\/uploads\/2009\/12\/escola_inclusiva-150x150.gif","articleSection":["EDUCA\u00c7\u00c3O","INCLUS\u00c3O SOCIAL","PUBLICA\u00c7\u00d5ES","Resenha e Cr\u00edtica"],"inLanguage":"pt-PT","potentialAction":[{"@type":"CommentAction","name":"Comment","target":["https:\/\/inclusivenews.com.br\/?p=13186#respond"]}]},{"@type":"WebPage","@id":"https:\/\/inclusivenews.com.br\/?p=13186","url":"https:\/\/inclusivenews.com.br\/?p=13186","name":"Linguagem e media\u00e7\u00e3o -","isPartOf":{"@id":"https:\/\/inclusivenews.com.br\/#website"},"primaryImageOfPage":{"@id":"https:\/\/inclusivenews.com.br\/?p=13186#primaryimage"},"image":{"@id":"https:\/\/inclusivenews.com.br\/?p=13186#primaryimage"},"thumbnailUrl":"http:\/\/inclusivenews.com.br\/wp-content\/uploads\/2009\/12\/escola_inclusiva-150x150.gif","datePublished":"2009-12-26T09:01:01+00:00","breadcrumb":{"@id":"https:\/\/inclusivenews.com.br\/?p=13186#breadcrumb"},"inLanguage":"pt-PT","potentialAction":[{"@type":"ReadAction","target":["https:\/\/inclusivenews.com.br\/?p=13186"]}]},{"@type":"ImageObject","inLanguage":"pt-PT","@id":"https:\/\/inclusivenews.com.br\/?p=13186#primaryimage","url":"","contentUrl":""},{"@type":"BreadcrumbList","@id":"https:\/\/inclusivenews.com.br\/?p=13186#breadcrumb","itemListElement":[{"@type":"ListItem","position":1,"name":"In\u00edcio","item":"https:\/\/inclusivenews.com.br\/"},{"@type":"ListItem","position":2,"name":"Linguagem e media\u00e7\u00e3o"}]},{"@type":"WebSite","@id":"https:\/\/inclusivenews.com.br\/#website","url":"https:\/\/inclusivenews.com.br\/","name":"Inclusive News","description":"Inclusive News","publisher":{"@id":"https:\/\/inclusivenews.com.br\/#organization"},"potentialAction":[{"@type":"SearchAction","target":{"@type":"EntryPoint","urlTemplate":"https:\/\/inclusivenews.com.br\/?s={search_term_string}"},"query-input":{"@type":"PropertyValueSpecification","valueRequired":true,"valueName":"search_term_string"}}],"inLanguage":"pt-PT"},{"@type":"Organization","@id":"https:\/\/inclusivenews.com.br\/#organization","name":"Inclusive - inclus\u00e3o e cidadania","url":"https:\/\/inclusivenews.com.br\/","logo":{"@type":"ImageObject","inLanguage":"pt-PT","@id":"https:\/\/inclusivenews.com.br\/#\/schema\/logo\/image\/","url":"https:\/\/inclusivenews.com.br\/wp-content\/uploads\/2024\/03\/@grandesite.png","contentUrl":"https:\/\/inclusivenews.com.br\/wp-content\/uploads\/2024\/03\/@grandesite.png","width":1080,"height":1080,"caption":"Inclusive - inclus\u00e3o e cidadania"},"image":{"@id":"https:\/\/inclusivenews.com.br\/#\/schema\/logo\/image\/"},"sameAs":["https:\/\/www.facebook.com\/agenciainclusive\/","https:\/\/www.instagram.com\/newsinclusive\/"]},{"@type":"Person","@id":"https:\/\/inclusivenews.com.br\/#\/schema\/person\/ae4ec7087559b8692fb33b6fffd2273b","name":"inclusivenews2024","image":{"@type":"ImageObject","inLanguage":"pt-PT","@id":"https:\/\/secure.gravatar.com\/avatar\/c5a7ef84c66fa914f55bc4f7ce26cfa275a3b9a1c5568b907bd184fb4dde7b40?s=96&d=mm&r=g","url":"https:\/\/secure.gravatar.com\/avatar\/c5a7ef84c66fa914f55bc4f7ce26cfa275a3b9a1c5568b907bd184fb4dde7b40?s=96&d=mm&r=g","contentUrl":"https:\/\/secure.gravatar.com\/avatar\/c5a7ef84c66fa914f55bc4f7ce26cfa275a3b9a1c5568b907bd184fb4dde7b40?s=96&d=mm&r=g","caption":"inclusivenews2024"},"sameAs":["https:\/\/inclusivenews.com.br"],"url":"https:\/\/inclusivenews.com.br\/?author=1"}]}},"_links":{"self":[{"href":"https:\/\/inclusivenews.com.br\/index.php?rest_route=\/wp\/v2\/posts\/13186","targetHints":{"allow":["GET"]}}],"collection":[{"href":"https:\/\/inclusivenews.com.br\/index.php?rest_route=\/wp\/v2\/posts"}],"about":[{"href":"https:\/\/inclusivenews.com.br\/index.php?rest_route=\/wp\/v2\/types\/post"}],"author":[{"embeddable":true,"href":"https:\/\/inclusivenews.com.br\/index.php?rest_route=\/wp\/v2\/users\/1"}],"replies":[{"embeddable":true,"href":"https:\/\/inclusivenews.com.br\/index.php?rest_route=%2Fwp%2Fv2%2Fcomments&post=13186"}],"version-history":[{"count":0,"href":"https:\/\/inclusivenews.com.br\/index.php?rest_route=\/wp\/v2\/posts\/13186\/revisions"}],"wp:attachment":[{"href":"https:\/\/inclusivenews.com.br\/index.php?rest_route=%2Fwp%2Fv2%2Fmedia&parent=13186"}],"wp:term":[{"taxonomy":"category","embeddable":true,"href":"https:\/\/inclusivenews.com.br\/index.php?rest_route=%2Fwp%2Fv2%2Fcategories&post=13186"},{"taxonomy":"post_tag","embeddable":true,"href":"https:\/\/inclusivenews.com.br\/index.php?rest_route=%2Fwp%2Fv2%2Ftags&post=13186"}],"curies":[{"name":"wp","href":"https:\/\/api.w.org\/{rel}","templated":true}]}}