{"id":13200,"date":"2009-12-23T06:57:25","date_gmt":"2009-12-23T09:57:25","guid":{"rendered":"http:\/\/www.inclusive.org.br\/?p=13200"},"modified":"2009-12-23T06:57:25","modified_gmt":"2009-12-23T09:57:25","slug":"temas-que-devem-ser-destaque-na-educacao-em-2010","status":"publish","type":"post","link":"https:\/\/inclusivenews.com.br\/?p=13200","title":{"rendered":"Temas que devem ser destaque na educa\u00e7\u00e3o em 2010"},"content":{"rendered":"<div class=\"mceTemp\">\n<dl id=\"attachment_12626\" class=\"wp-caption alignleft\" style=\"width: 210px;\">\n<dt class=\"wp-caption-dt\"><a href=\"http:\/\/www.inclusivenews.com.br\/wp-content\/uploads\/2009\/11\/logo_final_observatorio.jpg\"><img loading=\"lazy\" decoding=\"async\" class=\"size-full wp-image-12626\" title=\"Descri\u00e7\u00e3o da imagem: Logotipo do Observat\u00f3rio da Educa\u00e7\u00e3o, onde aparece caixa de di\u00e1logo com ponto de afirma\u00e7\u00e3o ao centro.\" src=\"http:\/\/inclusivenews.com.br\/wp-content\/uploads\/2009\/11\/logo_final_observatorio.jpg\" alt=\"Descri\u00e7\u00e3o da imagem: Logotipo do Observat\u00f3rio da Educa\u00e7\u00e3o, onde aparece caixa de di\u00e1logo com ponto de afirma\u00e7\u00e3o ao centro.\" width=\"200\" height=\"200\" srcset=\"https:\/\/inclusivenews.com.br\/wp-content\/uploads\/2009\/11\/logo_final_observatorio.jpg 200w, https:\/\/inclusivenews.com.br\/wp-content\/uploads\/2009\/11\/logo_final_observatorio-150x150.jpg 150w\" sizes=\"auto, (max-width: 200px) 100vw, 200px\" \/><\/a><\/dt>\n<dd class=\"wp-caption-dd\"><\/dd>\n<\/dl>\n<\/div>\n<p>Este e outros artigos est\u00e3o na edi\u00e7\u00e3o 47 do <strong>Boletim do Observat\u00f3rio da Educa\u00e7\u00e3o<\/strong>.<\/p>\n<ul>\n<li><a href=\"http:\/\/www.observatoriodaeducacao.org.br\/index.php?option=com_content&amp;view=article&amp;id=840:projeto-envolve-comunidade-em-discussao-sobre-desenvolvimento-local-e-educacao&amp;catidV:entrevistas&amp;Itemid=2\" target=\"_blank\" rel=\"noopener\">Projeto envolve comunidade em discuss\u00e3o sobre desenvolvimento local e educa\u00e7\u00e3o<img loading=\"lazy\" decoding=\"async\" title=\"Link abrir\u00e1 em uma nova janela ou aba.\" src=\"http:\/\/www.inclusive.org.br\/images\/new_window.gif\" alt=\"Link abrir\u00e1 em uma nova janela ou aba.\" width=\"16\" height=\"14\" \/><\/a><\/li>\n<li><a href=\"http:\/\/www.observatoriodaeducacao.org.br\/index.php?option=com_content&amp;view=article&amp;id=841:desenvolvimento-local-educacao-deve-se-articular-com-outras-politicas-publicas-afirma-especialista&amp;catid=56:entrevistas&amp;Itemid=2\" target=\"_blank\" rel=\"noopener\">Desenvolvimento local: educa\u00e7\u00e3o deve se articular com outras pol\u00edticas p\u00fablicas, diz especialista<img loading=\"lazy\" decoding=\"async\" title=\"Link abrir\u00e1 em uma nova janela ou aba.\" src=\"http:\/\/www.inclusive.org.br\/images\/new_window.gif\" alt=\"Link abrir\u00e1 em uma nova janela ou aba.\" width=\"16\" height=\"14\" \/><\/a><\/li>\n<li><a href=\"http:\/\/www.observatoriodaeducacao.org.br\/index.php?option=com_content&amp;view=article&amp;id=843:violencia-na-escola-a-culpa-e-de-quem&amp;catid=99:fala-educador&amp;Itemid=118\" target=\"_blank\" rel=\"noopener\">Viol\u00eancia na escola: a culpa \u00e9 de quem?<img loading=\"lazy\" decoding=\"async\" title=\"Link abrir\u00e1 em uma nova janela ou aba.\" src=\"http:\/\/www.inclusive.org.br\/images\/new_window.gif\" alt=\"Link abrir\u00e1 em uma nova janela ou aba.\" width=\"16\" height=\"14\" \/><\/a><\/li>\n<li><a href=\"http:\/\/www.observatoriodaeducacao.org.br\/index.php?option=com_content&amp;view=article&amp;id=844:violencia-contra-docente-passa-por-agressao-moral-diz-professora-da-rede-privada&amp;catid=56:entrevistas&amp;Itemid=2\" target=\"_blank\" rel=\"noopener\">Viol\u00eancia contra docente passa por agress\u00e3o moral, diz professora da rede privada<img loading=\"lazy\" decoding=\"async\" title=\"Link abrir\u00e1 em uma nova janela ou aba.\" src=\"http:\/\/www.inclusive.org.br\/images\/new_window.gif\" alt=\"Link abrir\u00e1 em uma nova janela ou aba.\" width=\"16\" height=\"14\" \/><\/a><\/li>\n<li><a href=\"http:\/\/www.observatoriodaeducacao.org.br\/index.php?option=com_content&amp;view=article&amp;id=845:pesquisa-mapeia-producao-academica-em-educacao-nao-escolar-de-pessoas-jovens-e-adultas&amp;catid=64:eja-e-educacao-nas-prisoes&amp;Itemid=102\" target=\"_blank\" rel=\"noopener\">Pesquisa mapeia produ\u00e7\u00e3o acad\u00eamica em educa\u00e7\u00e3o n\u00e3o-escolar de pessoas jovens e adultas<img loading=\"lazy\" decoding=\"async\" title=\"Link abrir\u00e1 em uma nova janela ou aba.\" src=\"http:\/\/www.inclusive.org.br\/images\/new_window.gif\" alt=\"Link abrir\u00e1 em uma nova janela ou aba.\" width=\"16\" height=\"14\" \/><\/a><\/li>\n<li><a href=\"http:\/\/www.observatoriodaeducacao.org.br\/index.php?option=com_content&amp;view=article&amp;id=846:lancado-relatorio-de-direitos-humanos-no-brasil-em-2009&amp;catid=48:sugestoes-de-pautas&amp;Itemid=98\" target=\"_blank\" rel=\"noopener\">Lan\u00e7ado relat\u00f3rio de direitos humanos no Brasil em 2009<img loading=\"lazy\" decoding=\"async\" title=\"Link abrir\u00e1 em uma nova janela ou aba.\" src=\"http:\/\/www.inclusive.org.br\/images\/new_window.gif\" alt=\"Link abrir\u00e1 em uma nova janela ou aba.\" width=\"16\" height=\"14\" \/><\/a><\/li>\n<\/ul>\n<p style=\"text-align: justify;\">Na cobertura sobre educa\u00e7\u00e3o na imprensa, ainda h\u00e1 assuntos invis\u00edveis ou temas que merecem uma abordagem mais aprofundada. Para auxiliar a cobertura da imprensa em 2010, o Observat\u00f3rio da Educa\u00e7\u00e3o elaborou um conjunto de sugest\u00f5es de pautas relacionadas \u00e0 educa\u00e7\u00e3o e que devem ganhar destaque no pr\u00f3ximo ano. Confira a rela\u00e7\u00e3o de temas e fontes!<\/p>\n<p style=\"text-align: justify;\"><strong>Confer\u00eancia Nacional de Educa\u00e7\u00e3o &#8211; Conae 2010<\/strong><\/p>\n<p style=\"text-align: justify;\">Est\u00e1 em processo de constru\u00e7\u00e3o nos estados e munic\u00edpios a Confer\u00eancia Nacional de Educa\u00e7\u00e3o \u2013 Conae 2010, que ter\u00e1 sua etapa nacional entre 28 de mar\u00e7o e primeiro de abril do pr\u00f3ximo ano. O objetivo \u00e9 tematizar a educa\u00e7\u00e3o escolar, da Educa\u00e7\u00e3o Infantil \u00e0 P\u00f3s Gradua\u00e7\u00e3o, por debates democr\u00e1ticos e formula\u00e7\u00e3o de propostas em escolas, munic\u00edpios, Distrito Federal, estados e pa\u00eds. S\u00e3o dois os principais temas: a constru\u00e7\u00e3o de um Sistema Nacional Articulado de Educa\u00e7\u00e3o; e a elabora\u00e7\u00e3o do novo Plano Nacional de Educa\u00e7\u00e3o, que deve vigorar de 2011 a 2020.<\/p>\n<p style=\"text-align: justify;\">Em um portal desenvolvido para auxiliar a participa\u00e7\u00e3o na confer\u00eancia, <a href=\"http:\/\/conae.mec.gov.br\/\" target=\"_blank\" rel=\"noopener\">http:\/\/conae.mec.gov.br\/<\/a>, o MEC disponibiliza contatos para entrevistas.<\/p>\n<p style=\"text-align: justify;\"><a href=\"\/index.php?option=com_content&amp;view=section&amp;layout=blog&amp;id=3&amp;Itemid=50\" target=\"_blank\" rel=\"noopener\">No Banco de Fontes do Observat\u00f3rio da Educa\u00e7\u00e3o, \u00e9 poss\u00edvel obter contatos de pesquisadores de diferentes \u00e1reas, e que podem abordem a Conae em perspectivas variadas (leia aqui).<\/a><\/p>\n<p style=\"text-align: justify;\"><strong>Plano Nacional de Educa\u00e7\u00e3o<br \/>\n<\/strong><br \/>\nO plano, que definir\u00e1 os rumos da educa\u00e7\u00e3o brasileira de 2011 a 2020, ser\u00e1 institu\u00eddo por projeto de lei a ser votado no Congresso Nacional em 2010. O processo de constru\u00e7\u00e3o do PNE est\u00e1 sendo debatido em espa\u00e7os como as confer\u00eancias preparat\u00f3rias para a Conae.<\/p>\n<p style=\"text-align: justify;\"><a href=\"\/index.php?view=article&amp;id=739%3Aprocesso-de-elaboracao-de-novo-plano-nacional-de-educacao-divide-opinioes-&amp;option=com_content&amp;Itemid=98\" target=\"_blank\" rel=\"noopener\">Leia aqui reportagem sobre o tema.<\/a><\/p>\n<p style=\"text-align: justify;\"><strong>Ensino obrigat\u00f3rio dos 4 aos 17 anos<br \/>\n<\/strong><br \/>\nCom a aprova\u00e7\u00e3o da PEC 277\/08 \u2013 que disp\u00f5e sobre a obrigatoriedade do ensino dos quatro aos 17 anos e sobre o fim da Desvincula\u00e7\u00e3o das Receitas da Uni\u00e3o em Educa\u00e7\u00e3o (DRU) \u2013 \u00e9 importante a fiscaliza\u00e7\u00e3o de como vai se dar o cumprimento da medida e o direcionamento dos recursos. O observat\u00f3rio da Educa\u00e7\u00e3o fez entrevistas sobre o tema ao longo do ano. <a href=\"ensino-medio&amp;Itemid=105\" target=\"_blank\" rel=\"noopener\">Leia aqui.<\/a><br \/>\n<a href=\"\/index.php?option=com_content&amp;view=section&amp;layout=blog&amp;id=3&amp;Itemid=50\" target=\"_blank\" rel=\"noopener\"><br \/>\nNo Banco de Fontes, h\u00e1 rela\u00e7\u00f5es de especialistas em ensino m\u00e9dio, educa\u00e7\u00e3o infantil, e or\u00e7amento (veja aqui).<\/a><\/p>\n<p style=\"text-align: justify;\"><strong>Balan\u00e7o da implementa\u00e7\u00e3o do Ensino Fundamental de 9 anos<br \/>\n<\/strong><br \/>\nO prazo de adapta\u00e7\u00e3o \u00e0 implementa\u00e7\u00e3o da pol\u00edtica nacional de amplia\u00e7\u00e3o do Ensino Fundamental, decorrente da Lei n.\u00ba 11.274\/06, termina em 2009. \u00c9 de extrema import\u00e2ncia o acompanhamento a ser realizado pela imprensa sobre o tema, e a divulga\u00e7\u00e3o da vis\u00e3o do professorado a esse respeito, pela possibilidade de conhecer o modo como os profissionais da rede avaliam o processo.<\/p>\n<p style=\"text-align: justify;\"><a href=\"\/index.php?option=com_content&amp;view=section&amp;layout=blog&amp;id=3&amp;Itemid=50\" target=\"_blank\" rel=\"noopener\">No Banco de Fontes, o Observat\u00f3rio da Educa\u00e7\u00e3o disponibiliza uma rela\u00e7\u00e3o de profissionais da educa\u00e7\u00e3o b\u00e1sica dispostos a dar entrevistas, bem como de especialistas em ciclos e progress\u00e3o continuada, que podem tratar da organiza\u00e7\u00e3o curricular do ensino fundamental (veja aqui).<\/a><\/p>\n<p style=\"text-align: justify;\"><strong>Educa\u00e7\u00e3o especial<\/strong><\/p>\n<p style=\"text-align: justify;\">Em 2009, o MEC homologou o parecer n\u00ba 13 do Conselho Nacional de Educa\u00e7\u00e3o (CNE), que torna obrigat\u00f3ria a matr\u00edcula de pessoas com defici\u00eancia no ensino comum, com a possibilidade de o aluno frequentar o atendimento educacional especializado no contraturno. Com isso, deve aumentar o n\u00famero de matr\u00edculas de crian\u00e7as com defici\u00eancia no ensino regular, processo que deve ser monitorado.<\/p>\n<p style=\"text-align: justify;\"><a href=\"sugestoes-de-pautas&amp;Itemid=98\" target=\"_blank\" rel=\"noopener\">Leia aqui sobre o tema<\/a><\/p>\n<p style=\"text-align: justify;\"><a href=\"\/index.php?view=article&amp;id=351%3Aeducacao-especial-e-inclusiva&amp;option=com_content&amp;Itemid=50\" target=\"_blank\" rel=\"noopener\">O Banco de Fontes tem uma se\u00e7\u00e3o com especialistas em educa\u00e7\u00e3o inclusiva (confira aqui).<\/a><\/p>\n<p style=\"text-align: justify;\"><strong>Educa\u00e7\u00e3o nas pris\u00f5es<br \/>\n<\/strong><br \/>\nO Conselho Nacional de Educa\u00e7\u00e3o est\u00e1 analisando as Diretrizes Nacionais para a Oferta de Educa\u00e7\u00e3o nos Estabelecimentos Penais. Em 8 de fevereiro deve ser realizada uma audi\u00eancia p\u00fablica sobre o tema em Bras\u00edlia. A sociedade civil organizada reivindica que as diretrizes sejam aprovadas em 2010.<br \/>\n<a href=\"\/index.php?view=article&amp;id=818%3Adivulgado-relatorio-final-sobre-educacao-nas-prisoes-brasileiras&amp;option=com_content&amp;Itemid=102\" target=\"_blank\" rel=\"noopener\"><br \/>\nLeia aqui sobre o tema<\/a><\/p>\n<p style=\"text-align: justify;\"><strong>Lei da Morda\u00e7a<br \/>\n<\/strong><br \/>\nForam revogados, em setembro de 2009, os artigos do Estatuto do Funcionalismo P\u00fablico do Estado de S\u00e3o Paulo que impediam a livre manifesta\u00e7\u00e3o de opini\u00e3o do professorado e demais servidores pela imprensa. A chamada lei da morda\u00e7a caiu em SP, mas persiste em outros 17 estados e muitos munic\u00edpios, como a capital paulista. Al\u00e9m da necess\u00e1ria press\u00e3o social para a revoga\u00e7\u00e3o da lei onde ela persiste, tamb\u00e9m \u00e9 importante que jornalistas ou\u00e7am e estimulem o a participa\u00e7\u00e3o do professorado no debate p\u00fablico sobre educa\u00e7\u00e3o.<br \/>\n<a href=\"oficio-docente&amp;Itemid=101\" target=\"_blank\" rel=\"noopener\"><br \/>\nLeia aqui sobre o tema<\/a> \u00a0<\/p>\n<p style=\"text-align: justify;\"><strong>Plano nacional para a implementa\u00e7\u00e3o da lei 10.639<br \/>\n<\/strong><br \/>\nPara cumprir com a legisla\u00e7\u00e3o que trata do ensino da hist\u00f3ria e cultura afro-brasileira e africana nas escolas da rede b\u00e1sica, a Seppir elaborou, em parceria com outros minist\u00e9rios e a sociedade civil, um plano nacional de implementa\u00e7\u00e3o da lei 10.639. A imprensa pode contribuir com o acompanhamento de como os sistemas de ensino est\u00e3o atuando na implementa\u00e7\u00e3o da mat\u00e9ria. <a href=\"sugestoes-de-pautas&amp;Itemid=98%20\" target=\"_blank\" rel=\"noopener\">Leia aqui sobre o tema. <\/a><\/p>\n<p style=\"text-align: justify;\"><a href=\"\/index.php?view=article&amp;id=350%3Arelacoes-raciais-e-educacao&amp;option=com_content&amp;Itemid=50\" target=\"_blank\" rel=\"noopener\">No Banco de Fontes, h\u00e1 uma rela\u00e7\u00e3o de especialistas em Educa\u00e7\u00e3o e rela\u00e7\u00f5es raciais. Veja aqui.<\/a><\/p>\n<p style=\"text-align: justify;\"><strong>Plano de Educa\u00e7\u00e3o da Cidade de S\u00e3o Paulo<\/strong><\/p>\n<p style=\"text-align: justify;\">A cidade de S\u00e3o Paulo iniciou, em 2008, o processo de constru\u00e7\u00e3o coletiva do Plano de Educa\u00e7\u00e3o da Cidade de S\u00e3o Paulo. Em seu documento-base, est\u00e3o previstas v\u00e1rias etapas de mobiliza\u00e7\u00e3o para a discuss\u00e3o de diretrizes de m\u00e9dio e longo prazo para a educa\u00e7\u00e3o da cidade. O Plano estabelece qual educa\u00e7\u00e3o queremos ter a daqui dez anos e como poderemos alcan\u00e7\u00e1-la. Os jornalistas da capital paulista podem contribuir com a constru\u00e7\u00e3o do plano pelo acompanhamento das atividades e est\u00edmulo aos debates. J\u00e1 a imprensa de outras localidades pode verificar se sua cidade j\u00e1 possui um plano ou est\u00e1 em processo de adot\u00e1-lo, uma vez que o Plano Nacional de Educa\u00e7\u00e3o prev\u00ea que estados e munic\u00edpios construam seus planos de metas decenais.<\/p>\n<p style=\"text-align: justify;\"><a href=\"controle-social&amp;Itemid=107\" target=\"_blank\" rel=\"noopener\">Leia aqui sobre o tema<\/a><\/p>\n<p style=\"text-align: justify;\">_____________________________________________________________<\/p>\n<p style=\"text-align: justify;\">Contatos: observatorio@acaoeducativa.org \/ (11) 3151-2333 ramais 170 e 175<\/p>\n","protected":false},"excerpt":{"rendered":"<p>Este e outros assuntos est\u00e3o no boletim 47 do Observat\u00f3rio da Educa\u00e7\u00e3o. Um apanhado dos principais temas desenvolvidos em 2009 e do cen\u00e1rio que se descortina em 2010.<\/p>\n","protected":false},"author":1,"featured_media":0,"comment_status":"open","ping_status":"open","sticky":false,"template":"","format":"standard","meta":{"site-container-style":"default","site-container-layout":"default","site-sidebar-layout":"default","disable-article-header":"default","disable-site-header":"default","disable-site-footer":"default","disable-content-area-spacing":"default","footnotes":""},"categories":[6,4],"tags":[67],"class_list":["post-13200","post","type-post","status-publish","format-standard","hentry","category-educacao","category-noticias","tag-observatorio-da-educacao"],"yoast_head":"<!-- This site is optimized with the Yoast SEO plugin v27.4 - https:\/\/yoast.com\/product\/yoast-seo-wordpress\/ -->\n<title>Temas que devem ser destaque na educa\u00e7\u00e3o em 2010 -<\/title>\n<meta name=\"robots\" content=\"index, follow, max-snippet:-1, max-image-preview:large, max-video-preview:-1\" \/>\n<link rel=\"canonical\" href=\"https:\/\/inclusivenews.com.br\/?p=13200\" \/>\n<meta property=\"og:locale\" content=\"pt_PT\" \/>\n<meta property=\"og:type\" content=\"article\" \/>\n<meta property=\"og:title\" content=\"Temas que devem ser destaque na educa\u00e7\u00e3o em 2010 -\" \/>\n<meta property=\"og:description\" content=\"Este e outros assuntos est\u00e3o no boletim 47 do Observat\u00f3rio da Educa\u00e7\u00e3o. Um apanhado dos principais temas desenvolvidos em 2009 e do cen\u00e1rio que se descortina em 2010.\" \/>\n<meta property=\"og:url\" content=\"https:\/\/inclusivenews.com.br\/?p=13200\" \/>\n<meta property=\"article:publisher\" content=\"https:\/\/www.facebook.com\/agenciainclusive\/\" \/>\n<meta property=\"article:published_time\" content=\"2009-12-23T09:57:25+00:00\" \/>\n<meta property=\"og:image\" content=\"http:\/\/inclusivenews.com.br\/wp-content\/uploads\/2009\/11\/logo_final_observatorio.jpg\" \/>\n<meta name=\"author\" content=\"inclusivenews2024\" \/>\n<meta name=\"twitter:card\" content=\"summary_large_image\" \/>\n<meta name=\"twitter:label1\" content=\"Escrito por\" \/>\n\t<meta name=\"twitter:data1\" content=\"inclusivenews2024\" \/>\n\t<meta name=\"twitter:label2\" content=\"Tempo estimado de leitura\" \/>\n\t<meta name=\"twitter:data2\" content=\"6 minutos\" \/>\n<script type=\"application\/ld+json\" class=\"yoast-schema-graph\">{\"@context\":\"https:\\\/\\\/schema.org\",\"@graph\":[{\"@type\":\"Article\",\"@id\":\"https:\\\/\\\/inclusivenews.com.br\\\/?p=13200#article\",\"isPartOf\":{\"@id\":\"https:\\\/\\\/inclusivenews.com.br\\\/?p=13200\"},\"author\":{\"name\":\"inclusivenews2024\",\"@id\":\"https:\\\/\\\/inclusivenews.com.br\\\/#\\\/schema\\\/person\\\/ae4ec7087559b8692fb33b6fffd2273b\"},\"headline\":\"Temas que devem ser destaque na educa\u00e7\u00e3o em 2010\",\"datePublished\":\"2009-12-23T09:57:25+00:00\",\"mainEntityOfPage\":{\"@id\":\"https:\\\/\\\/inclusivenews.com.br\\\/?p=13200\"},\"wordCount\":1112,\"commentCount\":0,\"publisher\":{\"@id\":\"https:\\\/\\\/inclusivenews.com.br\\\/#organization\"},\"image\":{\"@id\":\"https:\\\/\\\/inclusivenews.com.br\\\/?p=13200#primaryimage\"},\"thumbnailUrl\":\"http:\\\/\\\/inclusivenews.com.br\\\/wp-content\\\/uploads\\\/2009\\\/11\\\/logo_final_observatorio.jpg\",\"keywords\":[\"Observat\u00f3rio da Educa\u00e7\u00e3o\"],\"articleSection\":[\"EDUCA\u00c7\u00c3O\",\"NOT\u00cdCIAS\"],\"inLanguage\":\"pt-PT\",\"potentialAction\":[{\"@type\":\"CommentAction\",\"name\":\"Comment\",\"target\":[\"https:\\\/\\\/inclusivenews.com.br\\\/?p=13200#respond\"]}]},{\"@type\":\"WebPage\",\"@id\":\"https:\\\/\\\/inclusivenews.com.br\\\/?p=13200\",\"url\":\"https:\\\/\\\/inclusivenews.com.br\\\/?p=13200\",\"name\":\"Temas que devem ser destaque na educa\u00e7\u00e3o em 2010 -\",\"isPartOf\":{\"@id\":\"https:\\\/\\\/inclusivenews.com.br\\\/#website\"},\"primaryImageOfPage\":{\"@id\":\"https:\\\/\\\/inclusivenews.com.br\\\/?p=13200#primaryimage\"},\"image\":{\"@id\":\"https:\\\/\\\/inclusivenews.com.br\\\/?p=13200#primaryimage\"},\"thumbnailUrl\":\"http:\\\/\\\/inclusivenews.com.br\\\/wp-content\\\/uploads\\\/2009\\\/11\\\/logo_final_observatorio.jpg\",\"datePublished\":\"2009-12-23T09:57:25+00:00\",\"breadcrumb\":{\"@id\":\"https:\\\/\\\/inclusivenews.com.br\\\/?p=13200#breadcrumb\"},\"inLanguage\":\"pt-PT\",\"potentialAction\":[{\"@type\":\"ReadAction\",\"target\":[\"https:\\\/\\\/inclusivenews.com.br\\\/?p=13200\"]}]},{\"@type\":\"ImageObject\",\"inLanguage\":\"pt-PT\",\"@id\":\"https:\\\/\\\/inclusivenews.com.br\\\/?p=13200#primaryimage\",\"url\":\"https:\\\/\\\/inclusivenews.com.br\\\/wp-content\\\/uploads\\\/2009\\\/11\\\/logo_final_observatorio.jpg\",\"contentUrl\":\"https:\\\/\\\/inclusivenews.com.br\\\/wp-content\\\/uploads\\\/2009\\\/11\\\/logo_final_observatorio.jpg\",\"width\":200,\"height\":200},{\"@type\":\"BreadcrumbList\",\"@id\":\"https:\\\/\\\/inclusivenews.com.br\\\/?p=13200#breadcrumb\",\"itemListElement\":[{\"@type\":\"ListItem\",\"position\":1,\"name\":\"In\u00edcio\",\"item\":\"https:\\\/\\\/inclusivenews.com.br\\\/\"},{\"@type\":\"ListItem\",\"position\":2,\"name\":\"Temas que devem ser destaque na educa\u00e7\u00e3o em 2010\"}]},{\"@type\":\"WebSite\",\"@id\":\"https:\\\/\\\/inclusivenews.com.br\\\/#website\",\"url\":\"https:\\\/\\\/inclusivenews.com.br\\\/\",\"name\":\"Inclusive News\",\"description\":\"Inclusive News\",\"publisher\":{\"@id\":\"https:\\\/\\\/inclusivenews.com.br\\\/#organization\"},\"potentialAction\":[{\"@type\":\"SearchAction\",\"target\":{\"@type\":\"EntryPoint\",\"urlTemplate\":\"https:\\\/\\\/inclusivenews.com.br\\\/?s={search_term_string}\"},\"query-input\":{\"@type\":\"PropertyValueSpecification\",\"valueRequired\":true,\"valueName\":\"search_term_string\"}}],\"inLanguage\":\"pt-PT\"},{\"@type\":\"Organization\",\"@id\":\"https:\\\/\\\/inclusivenews.com.br\\\/#organization\",\"name\":\"Inclusive - inclus\u00e3o e cidadania\",\"url\":\"https:\\\/\\\/inclusivenews.com.br\\\/\",\"logo\":{\"@type\":\"ImageObject\",\"inLanguage\":\"pt-PT\",\"@id\":\"https:\\\/\\\/inclusivenews.com.br\\\/#\\\/schema\\\/logo\\\/image\\\/\",\"url\":\"https:\\\/\\\/inclusivenews.com.br\\\/wp-content\\\/uploads\\\/2024\\\/03\\\/@grandesite.png\",\"contentUrl\":\"https:\\\/\\\/inclusivenews.com.br\\\/wp-content\\\/uploads\\\/2024\\\/03\\\/@grandesite.png\",\"width\":1080,\"height\":1080,\"caption\":\"Inclusive - inclus\u00e3o e cidadania\"},\"image\":{\"@id\":\"https:\\\/\\\/inclusivenews.com.br\\\/#\\\/schema\\\/logo\\\/image\\\/\"},\"sameAs\":[\"https:\\\/\\\/www.facebook.com\\\/agenciainclusive\\\/\",\"https:\\\/\\\/www.instagram.com\\\/newsinclusive\\\/\"]},{\"@type\":\"Person\",\"@id\":\"https:\\\/\\\/inclusivenews.com.br\\\/#\\\/schema\\\/person\\\/ae4ec7087559b8692fb33b6fffd2273b\",\"name\":\"inclusivenews2024\",\"image\":{\"@type\":\"ImageObject\",\"inLanguage\":\"pt-PT\",\"@id\":\"https:\\\/\\\/secure.gravatar.com\\\/avatar\\\/c5a7ef84c66fa914f55bc4f7ce26cfa275a3b9a1c5568b907bd184fb4dde7b40?s=96&d=mm&r=g\",\"url\":\"https:\\\/\\\/secure.gravatar.com\\\/avatar\\\/c5a7ef84c66fa914f55bc4f7ce26cfa275a3b9a1c5568b907bd184fb4dde7b40?s=96&d=mm&r=g\",\"contentUrl\":\"https:\\\/\\\/secure.gravatar.com\\\/avatar\\\/c5a7ef84c66fa914f55bc4f7ce26cfa275a3b9a1c5568b907bd184fb4dde7b40?s=96&d=mm&r=g\",\"caption\":\"inclusivenews2024\"},\"sameAs\":[\"https:\\\/\\\/inclusivenews.com.br\"],\"url\":\"https:\\\/\\\/inclusivenews.com.br\\\/?author=1\"}]}<\/script>\n<!-- \/ Yoast SEO plugin. -->","yoast_head_json":{"title":"Temas que devem ser destaque na educa\u00e7\u00e3o em 2010 -","robots":{"index":"index","follow":"follow","max-snippet":"max-snippet:-1","max-image-preview":"max-image-preview:large","max-video-preview":"max-video-preview:-1"},"canonical":"https:\/\/inclusivenews.com.br\/?p=13200","og_locale":"pt_PT","og_type":"article","og_title":"Temas que devem ser destaque na educa\u00e7\u00e3o em 2010 -","og_description":"Este e outros assuntos est\u00e3o no boletim 47 do Observat\u00f3rio da Educa\u00e7\u00e3o. Um apanhado dos principais temas desenvolvidos em 2009 e do cen\u00e1rio que se descortina em 2010.","og_url":"https:\/\/inclusivenews.com.br\/?p=13200","article_publisher":"https:\/\/www.facebook.com\/agenciainclusive\/","article_published_time":"2009-12-23T09:57:25+00:00","og_image":[{"url":"http:\/\/inclusivenews.com.br\/wp-content\/uploads\/2009\/11\/logo_final_observatorio.jpg","type":"","width":"","height":""}],"author":"inclusivenews2024","twitter_card":"summary_large_image","twitter_misc":{"Escrito por":"inclusivenews2024","Tempo estimado de leitura":"6 minutos"},"schema":{"@context":"https:\/\/schema.org","@graph":[{"@type":"Article","@id":"https:\/\/inclusivenews.com.br\/?p=13200#article","isPartOf":{"@id":"https:\/\/inclusivenews.com.br\/?p=13200"},"author":{"name":"inclusivenews2024","@id":"https:\/\/inclusivenews.com.br\/#\/schema\/person\/ae4ec7087559b8692fb33b6fffd2273b"},"headline":"Temas que devem ser destaque na educa\u00e7\u00e3o em 2010","datePublished":"2009-12-23T09:57:25+00:00","mainEntityOfPage":{"@id":"https:\/\/inclusivenews.com.br\/?p=13200"},"wordCount":1112,"commentCount":0,"publisher":{"@id":"https:\/\/inclusivenews.com.br\/#organization"},"image":{"@id":"https:\/\/inclusivenews.com.br\/?p=13200#primaryimage"},"thumbnailUrl":"http:\/\/inclusivenews.com.br\/wp-content\/uploads\/2009\/11\/logo_final_observatorio.jpg","keywords":["Observat\u00f3rio da Educa\u00e7\u00e3o"],"articleSection":["EDUCA\u00c7\u00c3O","NOT\u00cdCIAS"],"inLanguage":"pt-PT","potentialAction":[{"@type":"CommentAction","name":"Comment","target":["https:\/\/inclusivenews.com.br\/?p=13200#respond"]}]},{"@type":"WebPage","@id":"https:\/\/inclusivenews.com.br\/?p=13200","url":"https:\/\/inclusivenews.com.br\/?p=13200","name":"Temas que devem ser destaque na educa\u00e7\u00e3o em 2010 -","isPartOf":{"@id":"https:\/\/inclusivenews.com.br\/#website"},"primaryImageOfPage":{"@id":"https:\/\/inclusivenews.com.br\/?p=13200#primaryimage"},"image":{"@id":"https:\/\/inclusivenews.com.br\/?p=13200#primaryimage"},"thumbnailUrl":"http:\/\/inclusivenews.com.br\/wp-content\/uploads\/2009\/11\/logo_final_observatorio.jpg","datePublished":"2009-12-23T09:57:25+00:00","breadcrumb":{"@id":"https:\/\/inclusivenews.com.br\/?p=13200#breadcrumb"},"inLanguage":"pt-PT","potentialAction":[{"@type":"ReadAction","target":["https:\/\/inclusivenews.com.br\/?p=13200"]}]},{"@type":"ImageObject","inLanguage":"pt-PT","@id":"https:\/\/inclusivenews.com.br\/?p=13200#primaryimage","url":"https:\/\/inclusivenews.com.br\/wp-content\/uploads\/2009\/11\/logo_final_observatorio.jpg","contentUrl":"https:\/\/inclusivenews.com.br\/wp-content\/uploads\/2009\/11\/logo_final_observatorio.jpg","width":200,"height":200},{"@type":"BreadcrumbList","@id":"https:\/\/inclusivenews.com.br\/?p=13200#breadcrumb","itemListElement":[{"@type":"ListItem","position":1,"name":"In\u00edcio","item":"https:\/\/inclusivenews.com.br\/"},{"@type":"ListItem","position":2,"name":"Temas que devem ser destaque na educa\u00e7\u00e3o em 2010"}]},{"@type":"WebSite","@id":"https:\/\/inclusivenews.com.br\/#website","url":"https:\/\/inclusivenews.com.br\/","name":"Inclusive News","description":"Inclusive News","publisher":{"@id":"https:\/\/inclusivenews.com.br\/#organization"},"potentialAction":[{"@type":"SearchAction","target":{"@type":"EntryPoint","urlTemplate":"https:\/\/inclusivenews.com.br\/?s={search_term_string}"},"query-input":{"@type":"PropertyValueSpecification","valueRequired":true,"valueName":"search_term_string"}}],"inLanguage":"pt-PT"},{"@type":"Organization","@id":"https:\/\/inclusivenews.com.br\/#organization","name":"Inclusive - inclus\u00e3o e cidadania","url":"https:\/\/inclusivenews.com.br\/","logo":{"@type":"ImageObject","inLanguage":"pt-PT","@id":"https:\/\/inclusivenews.com.br\/#\/schema\/logo\/image\/","url":"https:\/\/inclusivenews.com.br\/wp-content\/uploads\/2024\/03\/@grandesite.png","contentUrl":"https:\/\/inclusivenews.com.br\/wp-content\/uploads\/2024\/03\/@grandesite.png","width":1080,"height":1080,"caption":"Inclusive - inclus\u00e3o e cidadania"},"image":{"@id":"https:\/\/inclusivenews.com.br\/#\/schema\/logo\/image\/"},"sameAs":["https:\/\/www.facebook.com\/agenciainclusive\/","https:\/\/www.instagram.com\/newsinclusive\/"]},{"@type":"Person","@id":"https:\/\/inclusivenews.com.br\/#\/schema\/person\/ae4ec7087559b8692fb33b6fffd2273b","name":"inclusivenews2024","image":{"@type":"ImageObject","inLanguage":"pt-PT","@id":"https:\/\/secure.gravatar.com\/avatar\/c5a7ef84c66fa914f55bc4f7ce26cfa275a3b9a1c5568b907bd184fb4dde7b40?s=96&d=mm&r=g","url":"https:\/\/secure.gravatar.com\/avatar\/c5a7ef84c66fa914f55bc4f7ce26cfa275a3b9a1c5568b907bd184fb4dde7b40?s=96&d=mm&r=g","contentUrl":"https:\/\/secure.gravatar.com\/avatar\/c5a7ef84c66fa914f55bc4f7ce26cfa275a3b9a1c5568b907bd184fb4dde7b40?s=96&d=mm&r=g","caption":"inclusivenews2024"},"sameAs":["https:\/\/inclusivenews.com.br"],"url":"https:\/\/inclusivenews.com.br\/?author=1"}]}},"_links":{"self":[{"href":"https:\/\/inclusivenews.com.br\/index.php?rest_route=\/wp\/v2\/posts\/13200","targetHints":{"allow":["GET"]}}],"collection":[{"href":"https:\/\/inclusivenews.com.br\/index.php?rest_route=\/wp\/v2\/posts"}],"about":[{"href":"https:\/\/inclusivenews.com.br\/index.php?rest_route=\/wp\/v2\/types\/post"}],"author":[{"embeddable":true,"href":"https:\/\/inclusivenews.com.br\/index.php?rest_route=\/wp\/v2\/users\/1"}],"replies":[{"embeddable":true,"href":"https:\/\/inclusivenews.com.br\/index.php?rest_route=%2Fwp%2Fv2%2Fcomments&post=13200"}],"version-history":[{"count":0,"href":"https:\/\/inclusivenews.com.br\/index.php?rest_route=\/wp\/v2\/posts\/13200\/revisions"}],"wp:attachment":[{"href":"https:\/\/inclusivenews.com.br\/index.php?rest_route=%2Fwp%2Fv2%2Fmedia&parent=13200"}],"wp:term":[{"taxonomy":"category","embeddable":true,"href":"https:\/\/inclusivenews.com.br\/index.php?rest_route=%2Fwp%2Fv2%2Fcategories&post=13200"},{"taxonomy":"post_tag","embeddable":true,"href":"https:\/\/inclusivenews.com.br\/index.php?rest_route=%2Fwp%2Fv2%2Ftags&post=13200"}],"curies":[{"name":"wp","href":"https:\/\/api.w.org\/{rel}","templated":true}]}}