{"id":13210,"date":"2009-12-30T14:24:35","date_gmt":"2009-12-30T17:24:35","guid":{"rendered":"http:\/\/www.inclusive.org.br\/?p=13210"},"modified":"2009-12-30T14:24:35","modified_gmt":"2009-12-30T17:24:35","slug":"a-mocada-esta-saindo","status":"publish","type":"post","link":"https:\/\/inclusivenews.com.br\/?p=13210","title":{"rendered":"A mo\u00e7ada est\u00e1 saindo"},"content":{"rendered":"<p><a href=\"http:\/\/www.inclusivenews.com.br\/wp-content\/uploads\/2009\/10\/andrei.jpg\"><img loading=\"lazy\" decoding=\"async\" class=\"alignleft size-full wp-image-12254\" title=\"Andrei Bastos\" src=\"http:\/\/inclusivenews.com.br\/wp-content\/uploads\/2009\/10\/andrei.jpg\" alt=\"Andrei Bastos\" width=\"220\" height=\"217\" \/><\/a>ANDREI BASTOS<\/p>\n<p>Foi bonito de se ver. Na semana que antecedeu o Natal fui duas vezes ao shopping comprar presentes e tive gratas surpresas. Depois de batalhar por uma vaga reservada para pessoas com defici\u00eancia, todas ocupadas, tive que esperar na fila para usar o banheiro adaptado e vi muitas cadeiras de rodas circulando pelos corredores e lojas.<\/p>\n<p>N\u00e3o \u00e9\u00a0\u00e0 toa que o s\u00edmbolo de acessibilidade mais difundido e conhecido \u00e9 uma cadeira de rodas. Claro que outras pessoas, com outras defici\u00eancias, tamb\u00e9m foram \u00e0s compras, mas a id\u00e9ia de um espa\u00e7o acess\u00edvel conquistado \u00e9 facilmente passada pela imagem dos cadeirantes circulando com facilidade.<\/p>\n<p>Mais do que uma simples inclus\u00e3o nos templos do consumo, esta nossa maior aflu\u00eancia aos shoppings resulta da irrevers\u00edvel eleva\u00e7\u00e3o da nossa autoestima, tanto por conquistas de natureza pessoal como pol\u00edtica. Nossa determina\u00e7\u00e3o e luta constante fizeram com que cheg\u00e1ssemos \u00e0 atual situa\u00e7\u00e3o e v\u00e3o nos levar mais longe ainda. A porta do consumo \u00e9 a mais f\u00e1cil de ser aberta, pois a chave \u00e9 o dinheirinho nada desprez\u00edvel de 25 milh\u00f5es de brasileiros e seus familiares.<\/p>\n<p>\u00c9 preciso que tenhamos clareza em rela\u00e7\u00e3o a esse poder econ\u00f4mico, significativamente aumentado por nossa inclus\u00e3o cada vez maior no mercado de trabalho, e saibamos us\u00e1-lo para efetivar todas as outras conquistas j\u00e1 consolidadas nas leis. Se associarmos essa compreens\u00e3o \u00e0s quest\u00f5es de direitos do consumidor e de que somos t\u00e3o pagadores de impostos quanto os outros, a despeito de isen\u00e7\u00f5es fiscais plenamente justificadas que nos atendem, potencializaremos nossa for\u00e7a pol\u00edtica na luta pela cidadania plena.<\/p>\n<p>Por outro lado, tamb\u00e9m sabemos que usu\u00e1rios de vagas reservadas em shoppings ainda representam uma minoria entre n\u00f3s e que, por isso, devemos fazer com que a acessibilidade desse com\u00e9rcio de luxo seja implementada em todas as constru\u00e7\u00f5es e transportes das cidades. Afinal, nenhum dos sorridentes cadeirantes \u201cconsumistas\u201d deve ter chegado de \u00f4nibus. Mas, de qualquer maneira, foi bonito de se ver porque a diferen\u00e7a foi grande \u201cem rela\u00e7\u00e3o ao mesmo per\u00edodo do ano anterior\u201d, marcando 2009 como o ano em que muitos cadeirantes sa\u00edram da toca.<\/p>\n<p>Na minha \u00faltima incurs\u00e3o consumista, ao sair do elevador me deparei com um congestionamento de cadeiras de rodas. Foi divertido porque, sem perceber, de repente est\u00e1vamos num papo solto como se f\u00f4ssemos velhos conhecidos, rindo e brincando com nossas cadeiras e muletas, e atrapalhando o tr\u00e2nsito, \u00e9 claro. Foi quando um jovem e bem humorado cadeirante do grupo, olhando para a confus\u00e3o, expressou o que perceb\u00edamos ao dizer que \u201ca mo\u00e7ada est\u00e1 saindo\u201d.<\/p>\n<p>\u00c9 isso mesmo: estamos saindo para a vida, para o mundo, e tudo indica que 2010 ser\u00e1 o ano em que provocaremos congestionamentos tamb\u00e9m nas avenidas, ruas e pontos de \u00f4nibus, lutando por acessibilidade para todos. Voc\u00eas j\u00e1 imaginaram o impacto que apenas dois ou tr\u00eas cadeirantes podem provocar se tentarem pegar, ao mesmo tempo, o mesmo \u00f4nibus adaptado sobre chassi de caminh\u00e3o? \u00c9 primeira p\u00e1gina na certa.<\/p>\n<p>Fica o aviso para governantes incompetentes e m\u00e1fias do transporte coletivo: a mo\u00e7ada est\u00e1 saindo e vai ganhar as ruas. Feliz 2010 acess\u00edvel!<\/p>\n","protected":false},"excerpt":{"rendered":"<p>ANDREI BASTOS Foi bonito de se ver. Na semana que antecedeu o Natal fui duas vezes ao shopping comprar presentes e tive gratas surpresas. Depois de batalhar por uma vaga reservada para pessoas com defici\u00eancia, todas ocupadas, tive que esperar na fila para usar o banheiro adaptado e vi muitas cadeiras de rodas circulando pelos [&hellip;]<\/p>\n","protected":false},"author":1,"featured_media":0,"comment_status":"open","ping_status":"open","sticky":false,"template":"","format":"standard","meta":{"site-container-style":"default","site-container-layout":"default","site-sidebar-layout":"default","disable-article-header":"default","disable-site-header":"default","disable-site-footer":"default","disable-content-area-spacing":"default","footnotes":""},"categories":[36],"tags":[],"class_list":["post-13210","post","type-post","status-publish","format-standard","hentry","category-colunas-especiais"],"yoast_head":"<!-- This site is optimized with the Yoast SEO plugin v27.4 - https:\/\/yoast.com\/product\/yoast-seo-wordpress\/ -->\n<title>A mo\u00e7ada est\u00e1 saindo -<\/title>\n<meta name=\"robots\" content=\"index, follow, max-snippet:-1, max-image-preview:large, max-video-preview:-1\" \/>\n<link rel=\"canonical\" href=\"https:\/\/inclusivenews.com.br\/?p=13210\" \/>\n<meta property=\"og:locale\" content=\"pt_PT\" \/>\n<meta property=\"og:type\" content=\"article\" \/>\n<meta property=\"og:title\" content=\"A mo\u00e7ada est\u00e1 saindo -\" \/>\n<meta property=\"og:description\" content=\"ANDREI BASTOS Foi bonito de se ver. Na semana que antecedeu o Natal fui duas vezes ao shopping comprar presentes e tive gratas surpresas. Depois de batalhar por uma vaga reservada para pessoas com defici\u00eancia, todas ocupadas, tive que esperar na fila para usar o banheiro adaptado e vi muitas cadeiras de rodas circulando pelos [&hellip;]\" \/>\n<meta property=\"og:url\" content=\"https:\/\/inclusivenews.com.br\/?p=13210\" \/>\n<meta property=\"article:publisher\" content=\"https:\/\/www.facebook.com\/agenciainclusive\/\" \/>\n<meta property=\"article:published_time\" content=\"2009-12-30T17:24:35+00:00\" \/>\n<meta property=\"og:image\" content=\"http:\/\/inclusivenews.com.br\/wp-content\/uploads\/2009\/10\/andrei.jpg\" \/>\n<meta name=\"author\" content=\"inclusivenews2024\" \/>\n<meta name=\"twitter:card\" content=\"summary_large_image\" \/>\n<meta name=\"twitter:label1\" content=\"Escrito por\" \/>\n\t<meta name=\"twitter:data1\" content=\"inclusivenews2024\" \/>\n\t<meta name=\"twitter:label2\" content=\"Tempo estimado de leitura\" \/>\n\t<meta name=\"twitter:data2\" content=\"3 minutos\" \/>\n<script type=\"application\/ld+json\" class=\"yoast-schema-graph\">{\"@context\":\"https:\\\/\\\/schema.org\",\"@graph\":[{\"@type\":\"Article\",\"@id\":\"https:\\\/\\\/inclusivenews.com.br\\\/?p=13210#article\",\"isPartOf\":{\"@id\":\"https:\\\/\\\/inclusivenews.com.br\\\/?p=13210\"},\"author\":{\"name\":\"inclusivenews2024\",\"@id\":\"https:\\\/\\\/inclusivenews.com.br\\\/#\\\/schema\\\/person\\\/ae4ec7087559b8692fb33b6fffd2273b\"},\"headline\":\"A mo\u00e7ada est\u00e1 saindo\",\"datePublished\":\"2009-12-30T17:24:35+00:00\",\"mainEntityOfPage\":{\"@id\":\"https:\\\/\\\/inclusivenews.com.br\\\/?p=13210\"},\"wordCount\":553,\"commentCount\":1,\"publisher\":{\"@id\":\"https:\\\/\\\/inclusivenews.com.br\\\/#organization\"},\"image\":{\"@id\":\"https:\\\/\\\/inclusivenews.com.br\\\/?p=13210#primaryimage\"},\"thumbnailUrl\":\"http:\\\/\\\/inclusivenews.com.br\\\/wp-content\\\/uploads\\\/2009\\\/10\\\/andrei.jpg\",\"articleSection\":[\"Colunas especiais\"],\"inLanguage\":\"pt-PT\",\"potentialAction\":[{\"@type\":\"CommentAction\",\"name\":\"Comment\",\"target\":[\"https:\\\/\\\/inclusivenews.com.br\\\/?p=13210#respond\"]}]},{\"@type\":\"WebPage\",\"@id\":\"https:\\\/\\\/inclusivenews.com.br\\\/?p=13210\",\"url\":\"https:\\\/\\\/inclusivenews.com.br\\\/?p=13210\",\"name\":\"A mo\u00e7ada est\u00e1 saindo -\",\"isPartOf\":{\"@id\":\"https:\\\/\\\/inclusivenews.com.br\\\/#website\"},\"primaryImageOfPage\":{\"@id\":\"https:\\\/\\\/inclusivenews.com.br\\\/?p=13210#primaryimage\"},\"image\":{\"@id\":\"https:\\\/\\\/inclusivenews.com.br\\\/?p=13210#primaryimage\"},\"thumbnailUrl\":\"http:\\\/\\\/inclusivenews.com.br\\\/wp-content\\\/uploads\\\/2009\\\/10\\\/andrei.jpg\",\"datePublished\":\"2009-12-30T17:24:35+00:00\",\"breadcrumb\":{\"@id\":\"https:\\\/\\\/inclusivenews.com.br\\\/?p=13210#breadcrumb\"},\"inLanguage\":\"pt-PT\",\"potentialAction\":[{\"@type\":\"ReadAction\",\"target\":[\"https:\\\/\\\/inclusivenews.com.br\\\/?p=13210\"]}]},{\"@type\":\"ImageObject\",\"inLanguage\":\"pt-PT\",\"@id\":\"https:\\\/\\\/inclusivenews.com.br\\\/?p=13210#primaryimage\",\"url\":\"https:\\\/\\\/inclusivenews.com.br\\\/wp-content\\\/uploads\\\/2009\\\/10\\\/andrei.jpg\",\"contentUrl\":\"https:\\\/\\\/inclusivenews.com.br\\\/wp-content\\\/uploads\\\/2009\\\/10\\\/andrei.jpg\",\"width\":220,\"height\":217,\"caption\":\"Foto de Andrei Bastos\"},{\"@type\":\"BreadcrumbList\",\"@id\":\"https:\\\/\\\/inclusivenews.com.br\\\/?p=13210#breadcrumb\",\"itemListElement\":[{\"@type\":\"ListItem\",\"position\":1,\"name\":\"In\u00edcio\",\"item\":\"https:\\\/\\\/inclusivenews.com.br\\\/\"},{\"@type\":\"ListItem\",\"position\":2,\"name\":\"A mo\u00e7ada est\u00e1 saindo\"}]},{\"@type\":\"WebSite\",\"@id\":\"https:\\\/\\\/inclusivenews.com.br\\\/#website\",\"url\":\"https:\\\/\\\/inclusivenews.com.br\\\/\",\"name\":\"Inclusive News\",\"description\":\"Inclusive News\",\"publisher\":{\"@id\":\"https:\\\/\\\/inclusivenews.com.br\\\/#organization\"},\"potentialAction\":[{\"@type\":\"SearchAction\",\"target\":{\"@type\":\"EntryPoint\",\"urlTemplate\":\"https:\\\/\\\/inclusivenews.com.br\\\/?s={search_term_string}\"},\"query-input\":{\"@type\":\"PropertyValueSpecification\",\"valueRequired\":true,\"valueName\":\"search_term_string\"}}],\"inLanguage\":\"pt-PT\"},{\"@type\":\"Organization\",\"@id\":\"https:\\\/\\\/inclusivenews.com.br\\\/#organization\",\"name\":\"Inclusive - inclus\u00e3o e cidadania\",\"url\":\"https:\\\/\\\/inclusivenews.com.br\\\/\",\"logo\":{\"@type\":\"ImageObject\",\"inLanguage\":\"pt-PT\",\"@id\":\"https:\\\/\\\/inclusivenews.com.br\\\/#\\\/schema\\\/logo\\\/image\\\/\",\"url\":\"https:\\\/\\\/inclusivenews.com.br\\\/wp-content\\\/uploads\\\/2024\\\/03\\\/@grandesite.png\",\"contentUrl\":\"https:\\\/\\\/inclusivenews.com.br\\\/wp-content\\\/uploads\\\/2024\\\/03\\\/@grandesite.png\",\"width\":1080,\"height\":1080,\"caption\":\"Inclusive - inclus\u00e3o e cidadania\"},\"image\":{\"@id\":\"https:\\\/\\\/inclusivenews.com.br\\\/#\\\/schema\\\/logo\\\/image\\\/\"},\"sameAs\":[\"https:\\\/\\\/www.facebook.com\\\/agenciainclusive\\\/\",\"https:\\\/\\\/www.instagram.com\\\/newsinclusive\\\/\"]},{\"@type\":\"Person\",\"@id\":\"https:\\\/\\\/inclusivenews.com.br\\\/#\\\/schema\\\/person\\\/ae4ec7087559b8692fb33b6fffd2273b\",\"name\":\"inclusivenews2024\",\"image\":{\"@type\":\"ImageObject\",\"inLanguage\":\"pt-PT\",\"@id\":\"https:\\\/\\\/secure.gravatar.com\\\/avatar\\\/c5a7ef84c66fa914f55bc4f7ce26cfa275a3b9a1c5568b907bd184fb4dde7b40?s=96&d=mm&r=g\",\"url\":\"https:\\\/\\\/secure.gravatar.com\\\/avatar\\\/c5a7ef84c66fa914f55bc4f7ce26cfa275a3b9a1c5568b907bd184fb4dde7b40?s=96&d=mm&r=g\",\"contentUrl\":\"https:\\\/\\\/secure.gravatar.com\\\/avatar\\\/c5a7ef84c66fa914f55bc4f7ce26cfa275a3b9a1c5568b907bd184fb4dde7b40?s=96&d=mm&r=g\",\"caption\":\"inclusivenews2024\"},\"sameAs\":[\"https:\\\/\\\/inclusivenews.com.br\"],\"url\":\"https:\\\/\\\/inclusivenews.com.br\\\/?author=1\"}]}<\/script>\n<!-- \/ Yoast SEO plugin. -->","yoast_head_json":{"title":"A mo\u00e7ada est\u00e1 saindo -","robots":{"index":"index","follow":"follow","max-snippet":"max-snippet:-1","max-image-preview":"max-image-preview:large","max-video-preview":"max-video-preview:-1"},"canonical":"https:\/\/inclusivenews.com.br\/?p=13210","og_locale":"pt_PT","og_type":"article","og_title":"A mo\u00e7ada est\u00e1 saindo -","og_description":"ANDREI BASTOS Foi bonito de se ver. Na semana que antecedeu o Natal fui duas vezes ao shopping comprar presentes e tive gratas surpresas. Depois de batalhar por uma vaga reservada para pessoas com defici\u00eancia, todas ocupadas, tive que esperar na fila para usar o banheiro adaptado e vi muitas cadeiras de rodas circulando pelos [&hellip;]","og_url":"https:\/\/inclusivenews.com.br\/?p=13210","article_publisher":"https:\/\/www.facebook.com\/agenciainclusive\/","article_published_time":"2009-12-30T17:24:35+00:00","og_image":[{"url":"http:\/\/inclusivenews.com.br\/wp-content\/uploads\/2009\/10\/andrei.jpg","type":"","width":"","height":""}],"author":"inclusivenews2024","twitter_card":"summary_large_image","twitter_misc":{"Escrito por":"inclusivenews2024","Tempo estimado de leitura":"3 minutos"},"schema":{"@context":"https:\/\/schema.org","@graph":[{"@type":"Article","@id":"https:\/\/inclusivenews.com.br\/?p=13210#article","isPartOf":{"@id":"https:\/\/inclusivenews.com.br\/?p=13210"},"author":{"name":"inclusivenews2024","@id":"https:\/\/inclusivenews.com.br\/#\/schema\/person\/ae4ec7087559b8692fb33b6fffd2273b"},"headline":"A mo\u00e7ada est\u00e1 saindo","datePublished":"2009-12-30T17:24:35+00:00","mainEntityOfPage":{"@id":"https:\/\/inclusivenews.com.br\/?p=13210"},"wordCount":553,"commentCount":1,"publisher":{"@id":"https:\/\/inclusivenews.com.br\/#organization"},"image":{"@id":"https:\/\/inclusivenews.com.br\/?p=13210#primaryimage"},"thumbnailUrl":"http:\/\/inclusivenews.com.br\/wp-content\/uploads\/2009\/10\/andrei.jpg","articleSection":["Colunas especiais"],"inLanguage":"pt-PT","potentialAction":[{"@type":"CommentAction","name":"Comment","target":["https:\/\/inclusivenews.com.br\/?p=13210#respond"]}]},{"@type":"WebPage","@id":"https:\/\/inclusivenews.com.br\/?p=13210","url":"https:\/\/inclusivenews.com.br\/?p=13210","name":"A mo\u00e7ada est\u00e1 saindo -","isPartOf":{"@id":"https:\/\/inclusivenews.com.br\/#website"},"primaryImageOfPage":{"@id":"https:\/\/inclusivenews.com.br\/?p=13210#primaryimage"},"image":{"@id":"https:\/\/inclusivenews.com.br\/?p=13210#primaryimage"},"thumbnailUrl":"http:\/\/inclusivenews.com.br\/wp-content\/uploads\/2009\/10\/andrei.jpg","datePublished":"2009-12-30T17:24:35+00:00","breadcrumb":{"@id":"https:\/\/inclusivenews.com.br\/?p=13210#breadcrumb"},"inLanguage":"pt-PT","potentialAction":[{"@type":"ReadAction","target":["https:\/\/inclusivenews.com.br\/?p=13210"]}]},{"@type":"ImageObject","inLanguage":"pt-PT","@id":"https:\/\/inclusivenews.com.br\/?p=13210#primaryimage","url":"https:\/\/inclusivenews.com.br\/wp-content\/uploads\/2009\/10\/andrei.jpg","contentUrl":"https:\/\/inclusivenews.com.br\/wp-content\/uploads\/2009\/10\/andrei.jpg","width":220,"height":217,"caption":"Foto de Andrei Bastos"},{"@type":"BreadcrumbList","@id":"https:\/\/inclusivenews.com.br\/?p=13210#breadcrumb","itemListElement":[{"@type":"ListItem","position":1,"name":"In\u00edcio","item":"https:\/\/inclusivenews.com.br\/"},{"@type":"ListItem","position":2,"name":"A mo\u00e7ada est\u00e1 saindo"}]},{"@type":"WebSite","@id":"https:\/\/inclusivenews.com.br\/#website","url":"https:\/\/inclusivenews.com.br\/","name":"Inclusive News","description":"Inclusive News","publisher":{"@id":"https:\/\/inclusivenews.com.br\/#organization"},"potentialAction":[{"@type":"SearchAction","target":{"@type":"EntryPoint","urlTemplate":"https:\/\/inclusivenews.com.br\/?s={search_term_string}"},"query-input":{"@type":"PropertyValueSpecification","valueRequired":true,"valueName":"search_term_string"}}],"inLanguage":"pt-PT"},{"@type":"Organization","@id":"https:\/\/inclusivenews.com.br\/#organization","name":"Inclusive - inclus\u00e3o e cidadania","url":"https:\/\/inclusivenews.com.br\/","logo":{"@type":"ImageObject","inLanguage":"pt-PT","@id":"https:\/\/inclusivenews.com.br\/#\/schema\/logo\/image\/","url":"https:\/\/inclusivenews.com.br\/wp-content\/uploads\/2024\/03\/@grandesite.png","contentUrl":"https:\/\/inclusivenews.com.br\/wp-content\/uploads\/2024\/03\/@grandesite.png","width":1080,"height":1080,"caption":"Inclusive - inclus\u00e3o e cidadania"},"image":{"@id":"https:\/\/inclusivenews.com.br\/#\/schema\/logo\/image\/"},"sameAs":["https:\/\/www.facebook.com\/agenciainclusive\/","https:\/\/www.instagram.com\/newsinclusive\/"]},{"@type":"Person","@id":"https:\/\/inclusivenews.com.br\/#\/schema\/person\/ae4ec7087559b8692fb33b6fffd2273b","name":"inclusivenews2024","image":{"@type":"ImageObject","inLanguage":"pt-PT","@id":"https:\/\/secure.gravatar.com\/avatar\/c5a7ef84c66fa914f55bc4f7ce26cfa275a3b9a1c5568b907bd184fb4dde7b40?s=96&d=mm&r=g","url":"https:\/\/secure.gravatar.com\/avatar\/c5a7ef84c66fa914f55bc4f7ce26cfa275a3b9a1c5568b907bd184fb4dde7b40?s=96&d=mm&r=g","contentUrl":"https:\/\/secure.gravatar.com\/avatar\/c5a7ef84c66fa914f55bc4f7ce26cfa275a3b9a1c5568b907bd184fb4dde7b40?s=96&d=mm&r=g","caption":"inclusivenews2024"},"sameAs":["https:\/\/inclusivenews.com.br"],"url":"https:\/\/inclusivenews.com.br\/?author=1"}]}},"_links":{"self":[{"href":"https:\/\/inclusivenews.com.br\/index.php?rest_route=\/wp\/v2\/posts\/13210","targetHints":{"allow":["GET"]}}],"collection":[{"href":"https:\/\/inclusivenews.com.br\/index.php?rest_route=\/wp\/v2\/posts"}],"about":[{"href":"https:\/\/inclusivenews.com.br\/index.php?rest_route=\/wp\/v2\/types\/post"}],"author":[{"embeddable":true,"href":"https:\/\/inclusivenews.com.br\/index.php?rest_route=\/wp\/v2\/users\/1"}],"replies":[{"embeddable":true,"href":"https:\/\/inclusivenews.com.br\/index.php?rest_route=%2Fwp%2Fv2%2Fcomments&post=13210"}],"version-history":[{"count":0,"href":"https:\/\/inclusivenews.com.br\/index.php?rest_route=\/wp\/v2\/posts\/13210\/revisions"}],"wp:attachment":[{"href":"https:\/\/inclusivenews.com.br\/index.php?rest_route=%2Fwp%2Fv2%2Fmedia&parent=13210"}],"wp:term":[{"taxonomy":"category","embeddable":true,"href":"https:\/\/inclusivenews.com.br\/index.php?rest_route=%2Fwp%2Fv2%2Fcategories&post=13210"},{"taxonomy":"post_tag","embeddable":true,"href":"https:\/\/inclusivenews.com.br\/index.php?rest_route=%2Fwp%2Fv2%2Ftags&post=13210"}],"curies":[{"name":"wp","href":"https:\/\/api.w.org\/{rel}","templated":true}]}}