{"id":13257,"date":"2010-01-05T12:47:52","date_gmt":"2010-01-05T15:47:52","guid":{"rendered":"http:\/\/www.inclusive.org.br\/?p=13257"},"modified":"2010-01-05T12:47:52","modified_gmt":"2010-01-05T15:47:52","slug":"livro-infantil-somos-todos-diferentes-mas-nossos-direitos-sao-iguais","status":"publish","type":"post","link":"https:\/\/inclusivenews.com.br\/?p=13257","title":{"rendered":"Livro infantil &#8211; Somos todos Diferentes, mas nossos direitos s\u00e3o iguais"},"content":{"rendered":"<div><span style=\"font-size: x-small; font-family: Arial;\"><img decoding=\"async\" class=\"imgGaleria thumbg\" src=\"http:\/\/www.amigosdolivro.com.br\/sites\/arquivos\/uploads\/2810_thumb_g.jpg\" border=\"0\" alt=\"\" hspace=\"5\" vspace=\"5\" align=\"left\" \/><\/span><\/div>\n<div><span class=\"texto\">Uma gatinha charmosa que gosta de tomar ch\u00e1, na x\u00edcara, de canudinho&#8230; Um macaco todo alegre que adora suco de jil\u00f3&#8230; Um divertido sapo que sempre usa dois rel\u00f3gios&#8230; O que esses simp\u00e1ticos animaizinhos t\u00eam em comum com milh\u00f5es de crian\u00e7as em todo o mundo?<\/span><\/div>\n<div>\n<p align=\"justify\">Eles t\u00eam algum tipo de defici\u00eancia f\u00edsica, intelectual, visual ou auditiva &#8211; e tamb\u00e9m muita personalidade! As necessidades deles s\u00e3o diferentes, mas seus direitos s\u00e3o iguais aos de todas as crian\u00e7as: ir \u00e0 escola, passear, brincar e ter muitos amigos!<\/p>\n<p align=\"justify\">Um livro \u00fanico que prepara crian\u00e7as para a inclus\u00e3o social e para a diversidade.<\/p>\n<p align=\"justify\"><span>Somos todos diferentes\u00a0&#8211; Mas nossos direitos s\u00e3o iguais, de\u00a0Alexandre Taleb<\/span><\/p>\n<p align=\"justify\"><strong>Coment\u00e1rios:<\/strong><\/p>\n<p align=\"justify\"><em>&#8220;Quando uma crian\u00e7a concebe seu mundo percebendo que ser diferente \u00e9 algo normal, ela n\u00e3o forma aquelas barreiras de atitudes que n\u00f3s adultos tanto lutamos para derrubar. Portanto, contemplar a diversidade \u00e9 a nossa miss\u00e3o desde os prim\u00f3rdisos.&#8221;<\/em><\/p>\n<p align=\"justify\"><strong>Vereadora Mara Gabrilli<\/strong><\/p>\n<p align=\"justify\"><em>&#8220;No mundo de hoje, ser igual \u00e9 t\u00e3o importante quanto ser diferente. Diante de Deus todos os homens s\u00e3o iguais e diante dos homens todos s\u00e3o difentes. O que realmente importa \u00e9 ser aut\u00eantico.&#8221;<\/em><\/p>\n<p align=\"justify\"><strong>Dorina de Gouv\u00eaa Nowill<\/strong><\/p>\n<p align=\"justify\"><strong>SERVI\u00c7O:<\/strong><\/p>\n<p align=\"justify\"><strong>SOMOS TODOS DIFERENTES &#8211; Mas nossos direitos s\u00e3o iguais<\/strong><br \/>\nAutor: Alexandre Taleb<br \/>\nI.S.B.N.: 9788502077850<br \/>\nAcabamento : Brochura<br \/>\nEdi\u00e7\u00e3o : 1 \/ 2009<br \/>\nPa\u00eds de Origem : Brasil<br \/>\nN\u00famero de Paginas : 31<br \/>\n<strong>Pre\u00e7o: R$19,90<\/strong><\/p>\n<p align=\"justify\"><strong>Editora Caramelo<\/strong><br \/>\nTelevendas: (11) 3335-2957<br \/>\nAssessoria de Comunica\u00e7\u00e3o: (11) 3613-3334 ou (11) 3613-3357<br \/>\nVal\u00e9ria Zanocco\u00a0&#8211; <a href=\"mailto:imprensa@editorasaraiva.com.br\">imprensa@editorasaraiva.com.br<\/a><\/p>\n<p align=\"justify\">Fonte: <span style=\"FONT-SIZE: x-small; FONT-FAMILY: Arial\"><a href=\"http:\/\/www.amigosdolivro.com.br\/lermais_materias.php?cd_materias=7090\">http:\/\/www.amigosdolivro.com.br\/lermais_materias.php?cd_materias=7090<\/a><\/span><\/p>\n<\/div>\n","protected":false},"excerpt":{"rendered":"<p>Uma gatinha charmosa que gosta de tomar ch\u00e1, na x\u00edcara, de canudinho&#8230; Um macaco todo alegre que adora suco de jil\u00f3&#8230; Um divertido sapo que sempre usa dois rel\u00f3gios&#8230; O que esses simp\u00e1ticos animaizinhos t\u00eam em comum com milh\u00f5es de crian\u00e7as em todo o mundo? Eles t\u00eam algum tipo de defici\u00eancia f\u00edsica, intelectual, visual ou [&hellip;]<\/p>\n","protected":false},"author":1,"featured_media":0,"comment_status":"open","ping_status":"open","sticky":false,"template":"","format":"standard","meta":{"site-container-style":"default","site-container-layout":"default","site-sidebar-layout":"default","disable-article-header":"default","disable-site-header":"default","disable-site-footer":"default","disable-content-area-spacing":"default","footnotes":""},"categories":[40,50,51],"tags":[70],"class_list":["post-13257","post","type-post","status-publish","format-standard","hentry","category-diversidade","category-lancamentos","category-livros","tag-wordpress"],"yoast_head":"<!-- This site is optimized with the Yoast SEO plugin v27.4 - https:\/\/yoast.com\/product\/yoast-seo-wordpress\/ -->\n<title>Livro infantil - Somos todos Diferentes, mas nossos direitos s\u00e3o iguais -<\/title>\n<meta name=\"robots\" content=\"index, follow, max-snippet:-1, max-image-preview:large, max-video-preview:-1\" \/>\n<link rel=\"canonical\" href=\"https:\/\/inclusivenews.com.br\/?p=13257\" \/>\n<meta property=\"og:locale\" content=\"pt_PT\" \/>\n<meta property=\"og:type\" content=\"article\" \/>\n<meta property=\"og:title\" content=\"Livro infantil - Somos todos Diferentes, mas nossos direitos s\u00e3o iguais -\" \/>\n<meta property=\"og:description\" content=\"Uma gatinha charmosa que gosta de tomar ch\u00e1, na x\u00edcara, de canudinho&#8230; Um macaco todo alegre que adora suco de jil\u00f3&#8230; Um divertido sapo que sempre usa dois rel\u00f3gios&#8230; O que esses simp\u00e1ticos animaizinhos t\u00eam em comum com milh\u00f5es de crian\u00e7as em todo o mundo? Eles t\u00eam algum tipo de defici\u00eancia f\u00edsica, intelectual, visual ou [&hellip;]\" \/>\n<meta property=\"og:url\" content=\"https:\/\/inclusivenews.com.br\/?p=13257\" \/>\n<meta property=\"article:publisher\" content=\"https:\/\/www.facebook.com\/agenciainclusive\/\" \/>\n<meta property=\"article:published_time\" content=\"2010-01-05T15:47:52+00:00\" \/>\n<meta property=\"og:image\" content=\"http:\/\/www.amigosdolivro.com.br\/sites\/arquivos\/uploads\/2810_thumb_g.jpg\" \/>\n<meta name=\"author\" content=\"inclusivenews2024\" \/>\n<meta name=\"twitter:card\" content=\"summary_large_image\" \/>\n<meta name=\"twitter:label1\" content=\"Escrito por\" \/>\n\t<meta name=\"twitter:data1\" content=\"inclusivenews2024\" \/>\n\t<meta name=\"twitter:label2\" content=\"Tempo estimado de leitura\" \/>\n\t<meta name=\"twitter:data2\" content=\"1 minuto\" \/>\n<script type=\"application\/ld+json\" class=\"yoast-schema-graph\">{\"@context\":\"https:\\\/\\\/schema.org\",\"@graph\":[{\"@type\":\"Article\",\"@id\":\"https:\\\/\\\/inclusivenews.com.br\\\/?p=13257#article\",\"isPartOf\":{\"@id\":\"https:\\\/\\\/inclusivenews.com.br\\\/?p=13257\"},\"author\":{\"name\":\"inclusivenews2024\",\"@id\":\"https:\\\/\\\/inclusivenews.com.br\\\/#\\\/schema\\\/person\\\/ae4ec7087559b8692fb33b6fffd2273b\"},\"headline\":\"Livro infantil &#8211; Somos todos Diferentes, mas nossos direitos s\u00e3o iguais\",\"datePublished\":\"2010-01-05T15:47:52+00:00\",\"mainEntityOfPage\":{\"@id\":\"https:\\\/\\\/inclusivenews.com.br\\\/?p=13257\"},\"wordCount\":290,\"commentCount\":2,\"publisher\":{\"@id\":\"https:\\\/\\\/inclusivenews.com.br\\\/#organization\"},\"image\":{\"@id\":\"https:\\\/\\\/inclusivenews.com.br\\\/?p=13257#primaryimage\"},\"thumbnailUrl\":\"http:\\\/\\\/www.amigosdolivro.com.br\\\/sites\\\/arquivos\\\/uploads\\\/2810_thumb_g.jpg\",\"keywords\":[\"wordpress\"],\"articleSection\":[\"Diversidade\",\"Lan\u00e7amentos\",\"Livros\"],\"inLanguage\":\"pt-PT\",\"potentialAction\":[{\"@type\":\"CommentAction\",\"name\":\"Comment\",\"target\":[\"https:\\\/\\\/inclusivenews.com.br\\\/?p=13257#respond\"]}]},{\"@type\":\"WebPage\",\"@id\":\"https:\\\/\\\/inclusivenews.com.br\\\/?p=13257\",\"url\":\"https:\\\/\\\/inclusivenews.com.br\\\/?p=13257\",\"name\":\"Livro infantil - Somos todos Diferentes, mas nossos direitos s\u00e3o iguais -\",\"isPartOf\":{\"@id\":\"https:\\\/\\\/inclusivenews.com.br\\\/#website\"},\"primaryImageOfPage\":{\"@id\":\"https:\\\/\\\/inclusivenews.com.br\\\/?p=13257#primaryimage\"},\"image\":{\"@id\":\"https:\\\/\\\/inclusivenews.com.br\\\/?p=13257#primaryimage\"},\"thumbnailUrl\":\"http:\\\/\\\/www.amigosdolivro.com.br\\\/sites\\\/arquivos\\\/uploads\\\/2810_thumb_g.jpg\",\"datePublished\":\"2010-01-05T15:47:52+00:00\",\"breadcrumb\":{\"@id\":\"https:\\\/\\\/inclusivenews.com.br\\\/?p=13257#breadcrumb\"},\"inLanguage\":\"pt-PT\",\"potentialAction\":[{\"@type\":\"ReadAction\",\"target\":[\"https:\\\/\\\/inclusivenews.com.br\\\/?p=13257\"]}]},{\"@type\":\"ImageObject\",\"inLanguage\":\"pt-PT\",\"@id\":\"https:\\\/\\\/inclusivenews.com.br\\\/?p=13257#primaryimage\",\"url\":\"http:\\\/\\\/www.amigosdolivro.com.br\\\/sites\\\/arquivos\\\/uploads\\\/2810_thumb_g.jpg\",\"contentUrl\":\"http:\\\/\\\/www.amigosdolivro.com.br\\\/sites\\\/arquivos\\\/uploads\\\/2810_thumb_g.jpg\"},{\"@type\":\"BreadcrumbList\",\"@id\":\"https:\\\/\\\/inclusivenews.com.br\\\/?p=13257#breadcrumb\",\"itemListElement\":[{\"@type\":\"ListItem\",\"position\":1,\"name\":\"In\u00edcio\",\"item\":\"https:\\\/\\\/inclusivenews.com.br\\\/\"},{\"@type\":\"ListItem\",\"position\":2,\"name\":\"Livro infantil &#8211; Somos todos Diferentes, mas nossos direitos s\u00e3o iguais\"}]},{\"@type\":\"WebSite\",\"@id\":\"https:\\\/\\\/inclusivenews.com.br\\\/#website\",\"url\":\"https:\\\/\\\/inclusivenews.com.br\\\/\",\"name\":\"Inclusive News\",\"description\":\"Inclusive News\",\"publisher\":{\"@id\":\"https:\\\/\\\/inclusivenews.com.br\\\/#organization\"},\"potentialAction\":[{\"@type\":\"SearchAction\",\"target\":{\"@type\":\"EntryPoint\",\"urlTemplate\":\"https:\\\/\\\/inclusivenews.com.br\\\/?s={search_term_string}\"},\"query-input\":{\"@type\":\"PropertyValueSpecification\",\"valueRequired\":true,\"valueName\":\"search_term_string\"}}],\"inLanguage\":\"pt-PT\"},{\"@type\":\"Organization\",\"@id\":\"https:\\\/\\\/inclusivenews.com.br\\\/#organization\",\"name\":\"Inclusive - inclus\u00e3o e cidadania\",\"url\":\"https:\\\/\\\/inclusivenews.com.br\\\/\",\"logo\":{\"@type\":\"ImageObject\",\"inLanguage\":\"pt-PT\",\"@id\":\"https:\\\/\\\/inclusivenews.com.br\\\/#\\\/schema\\\/logo\\\/image\\\/\",\"url\":\"https:\\\/\\\/inclusivenews.com.br\\\/wp-content\\\/uploads\\\/2024\\\/03\\\/@grandesite.png\",\"contentUrl\":\"https:\\\/\\\/inclusivenews.com.br\\\/wp-content\\\/uploads\\\/2024\\\/03\\\/@grandesite.png\",\"width\":1080,\"height\":1080,\"caption\":\"Inclusive - inclus\u00e3o e cidadania\"},\"image\":{\"@id\":\"https:\\\/\\\/inclusivenews.com.br\\\/#\\\/schema\\\/logo\\\/image\\\/\"},\"sameAs\":[\"https:\\\/\\\/www.facebook.com\\\/agenciainclusive\\\/\",\"https:\\\/\\\/www.instagram.com\\\/newsinclusive\\\/\"]},{\"@type\":\"Person\",\"@id\":\"https:\\\/\\\/inclusivenews.com.br\\\/#\\\/schema\\\/person\\\/ae4ec7087559b8692fb33b6fffd2273b\",\"name\":\"inclusivenews2024\",\"image\":{\"@type\":\"ImageObject\",\"inLanguage\":\"pt-PT\",\"@id\":\"https:\\\/\\\/secure.gravatar.com\\\/avatar\\\/c5a7ef84c66fa914f55bc4f7ce26cfa275a3b9a1c5568b907bd184fb4dde7b40?s=96&d=mm&r=g\",\"url\":\"https:\\\/\\\/secure.gravatar.com\\\/avatar\\\/c5a7ef84c66fa914f55bc4f7ce26cfa275a3b9a1c5568b907bd184fb4dde7b40?s=96&d=mm&r=g\",\"contentUrl\":\"https:\\\/\\\/secure.gravatar.com\\\/avatar\\\/c5a7ef84c66fa914f55bc4f7ce26cfa275a3b9a1c5568b907bd184fb4dde7b40?s=96&d=mm&r=g\",\"caption\":\"inclusivenews2024\"},\"sameAs\":[\"https:\\\/\\\/inclusivenews.com.br\"],\"url\":\"https:\\\/\\\/inclusivenews.com.br\\\/?author=1\"}]}<\/script>\n<!-- \/ Yoast SEO plugin. -->","yoast_head_json":{"title":"Livro infantil - Somos todos Diferentes, mas nossos direitos s\u00e3o iguais -","robots":{"index":"index","follow":"follow","max-snippet":"max-snippet:-1","max-image-preview":"max-image-preview:large","max-video-preview":"max-video-preview:-1"},"canonical":"https:\/\/inclusivenews.com.br\/?p=13257","og_locale":"pt_PT","og_type":"article","og_title":"Livro infantil - Somos todos Diferentes, mas nossos direitos s\u00e3o iguais -","og_description":"Uma gatinha charmosa que gosta de tomar ch\u00e1, na x\u00edcara, de canudinho&#8230; Um macaco todo alegre que adora suco de jil\u00f3&#8230; Um divertido sapo que sempre usa dois rel\u00f3gios&#8230; O que esses simp\u00e1ticos animaizinhos t\u00eam em comum com milh\u00f5es de crian\u00e7as em todo o mundo? Eles t\u00eam algum tipo de defici\u00eancia f\u00edsica, intelectual, visual ou [&hellip;]","og_url":"https:\/\/inclusivenews.com.br\/?p=13257","article_publisher":"https:\/\/www.facebook.com\/agenciainclusive\/","article_published_time":"2010-01-05T15:47:52+00:00","og_image":[{"url":"http:\/\/www.amigosdolivro.com.br\/sites\/arquivos\/uploads\/2810_thumb_g.jpg","type":"","width":"","height":""}],"author":"inclusivenews2024","twitter_card":"summary_large_image","twitter_misc":{"Escrito por":"inclusivenews2024","Tempo estimado de leitura":"1 minuto"},"schema":{"@context":"https:\/\/schema.org","@graph":[{"@type":"Article","@id":"https:\/\/inclusivenews.com.br\/?p=13257#article","isPartOf":{"@id":"https:\/\/inclusivenews.com.br\/?p=13257"},"author":{"name":"inclusivenews2024","@id":"https:\/\/inclusivenews.com.br\/#\/schema\/person\/ae4ec7087559b8692fb33b6fffd2273b"},"headline":"Livro infantil &#8211; Somos todos Diferentes, mas nossos direitos s\u00e3o iguais","datePublished":"2010-01-05T15:47:52+00:00","mainEntityOfPage":{"@id":"https:\/\/inclusivenews.com.br\/?p=13257"},"wordCount":290,"commentCount":2,"publisher":{"@id":"https:\/\/inclusivenews.com.br\/#organization"},"image":{"@id":"https:\/\/inclusivenews.com.br\/?p=13257#primaryimage"},"thumbnailUrl":"http:\/\/www.amigosdolivro.com.br\/sites\/arquivos\/uploads\/2810_thumb_g.jpg","keywords":["wordpress"],"articleSection":["Diversidade","Lan\u00e7amentos","Livros"],"inLanguage":"pt-PT","potentialAction":[{"@type":"CommentAction","name":"Comment","target":["https:\/\/inclusivenews.com.br\/?p=13257#respond"]}]},{"@type":"WebPage","@id":"https:\/\/inclusivenews.com.br\/?p=13257","url":"https:\/\/inclusivenews.com.br\/?p=13257","name":"Livro infantil - Somos todos Diferentes, mas nossos direitos s\u00e3o iguais -","isPartOf":{"@id":"https:\/\/inclusivenews.com.br\/#website"},"primaryImageOfPage":{"@id":"https:\/\/inclusivenews.com.br\/?p=13257#primaryimage"},"image":{"@id":"https:\/\/inclusivenews.com.br\/?p=13257#primaryimage"},"thumbnailUrl":"http:\/\/www.amigosdolivro.com.br\/sites\/arquivos\/uploads\/2810_thumb_g.jpg","datePublished":"2010-01-05T15:47:52+00:00","breadcrumb":{"@id":"https:\/\/inclusivenews.com.br\/?p=13257#breadcrumb"},"inLanguage":"pt-PT","potentialAction":[{"@type":"ReadAction","target":["https:\/\/inclusivenews.com.br\/?p=13257"]}]},{"@type":"ImageObject","inLanguage":"pt-PT","@id":"https:\/\/inclusivenews.com.br\/?p=13257#primaryimage","url":"http:\/\/www.amigosdolivro.com.br\/sites\/arquivos\/uploads\/2810_thumb_g.jpg","contentUrl":"http:\/\/www.amigosdolivro.com.br\/sites\/arquivos\/uploads\/2810_thumb_g.jpg"},{"@type":"BreadcrumbList","@id":"https:\/\/inclusivenews.com.br\/?p=13257#breadcrumb","itemListElement":[{"@type":"ListItem","position":1,"name":"In\u00edcio","item":"https:\/\/inclusivenews.com.br\/"},{"@type":"ListItem","position":2,"name":"Livro infantil &#8211; Somos todos Diferentes, mas nossos direitos s\u00e3o iguais"}]},{"@type":"WebSite","@id":"https:\/\/inclusivenews.com.br\/#website","url":"https:\/\/inclusivenews.com.br\/","name":"Inclusive News","description":"Inclusive News","publisher":{"@id":"https:\/\/inclusivenews.com.br\/#organization"},"potentialAction":[{"@type":"SearchAction","target":{"@type":"EntryPoint","urlTemplate":"https:\/\/inclusivenews.com.br\/?s={search_term_string}"},"query-input":{"@type":"PropertyValueSpecification","valueRequired":true,"valueName":"search_term_string"}}],"inLanguage":"pt-PT"},{"@type":"Organization","@id":"https:\/\/inclusivenews.com.br\/#organization","name":"Inclusive - inclus\u00e3o e cidadania","url":"https:\/\/inclusivenews.com.br\/","logo":{"@type":"ImageObject","inLanguage":"pt-PT","@id":"https:\/\/inclusivenews.com.br\/#\/schema\/logo\/image\/","url":"https:\/\/inclusivenews.com.br\/wp-content\/uploads\/2024\/03\/@grandesite.png","contentUrl":"https:\/\/inclusivenews.com.br\/wp-content\/uploads\/2024\/03\/@grandesite.png","width":1080,"height":1080,"caption":"Inclusive - inclus\u00e3o e cidadania"},"image":{"@id":"https:\/\/inclusivenews.com.br\/#\/schema\/logo\/image\/"},"sameAs":["https:\/\/www.facebook.com\/agenciainclusive\/","https:\/\/www.instagram.com\/newsinclusive\/"]},{"@type":"Person","@id":"https:\/\/inclusivenews.com.br\/#\/schema\/person\/ae4ec7087559b8692fb33b6fffd2273b","name":"inclusivenews2024","image":{"@type":"ImageObject","inLanguage":"pt-PT","@id":"https:\/\/secure.gravatar.com\/avatar\/c5a7ef84c66fa914f55bc4f7ce26cfa275a3b9a1c5568b907bd184fb4dde7b40?s=96&d=mm&r=g","url":"https:\/\/secure.gravatar.com\/avatar\/c5a7ef84c66fa914f55bc4f7ce26cfa275a3b9a1c5568b907bd184fb4dde7b40?s=96&d=mm&r=g","contentUrl":"https:\/\/secure.gravatar.com\/avatar\/c5a7ef84c66fa914f55bc4f7ce26cfa275a3b9a1c5568b907bd184fb4dde7b40?s=96&d=mm&r=g","caption":"inclusivenews2024"},"sameAs":["https:\/\/inclusivenews.com.br"],"url":"https:\/\/inclusivenews.com.br\/?author=1"}]}},"_links":{"self":[{"href":"https:\/\/inclusivenews.com.br\/index.php?rest_route=\/wp\/v2\/posts\/13257","targetHints":{"allow":["GET"]}}],"collection":[{"href":"https:\/\/inclusivenews.com.br\/index.php?rest_route=\/wp\/v2\/posts"}],"about":[{"href":"https:\/\/inclusivenews.com.br\/index.php?rest_route=\/wp\/v2\/types\/post"}],"author":[{"embeddable":true,"href":"https:\/\/inclusivenews.com.br\/index.php?rest_route=\/wp\/v2\/users\/1"}],"replies":[{"embeddable":true,"href":"https:\/\/inclusivenews.com.br\/index.php?rest_route=%2Fwp%2Fv2%2Fcomments&post=13257"}],"version-history":[{"count":0,"href":"https:\/\/inclusivenews.com.br\/index.php?rest_route=\/wp\/v2\/posts\/13257\/revisions"}],"wp:attachment":[{"href":"https:\/\/inclusivenews.com.br\/index.php?rest_route=%2Fwp%2Fv2%2Fmedia&parent=13257"}],"wp:term":[{"taxonomy":"category","embeddable":true,"href":"https:\/\/inclusivenews.com.br\/index.php?rest_route=%2Fwp%2Fv2%2Fcategories&post=13257"},{"taxonomy":"post_tag","embeddable":true,"href":"https:\/\/inclusivenews.com.br\/index.php?rest_route=%2Fwp%2Fv2%2Ftags&post=13257"}],"curies":[{"name":"wp","href":"https:\/\/api.w.org\/{rel}","templated":true}]}}