{"id":13262,"date":"2010-01-05T13:31:16","date_gmt":"2010-01-05T16:31:16","guid":{"rendered":"http:\/\/www.inclusive.org.br\/?p=13262"},"modified":"2010-01-05T13:31:16","modified_gmt":"2010-01-05T16:31:16","slug":"site-sobre-arquitetura-acessivel","status":"publish","type":"post","link":"https:\/\/inclusivenews.com.br\/?p=13262","title":{"rendered":"Site sobre arquitetura acess\u00edvel"},"content":{"rendered":"<figure id=\"attachment_13263\" aria-describedby=\"caption-attachment-13263\" style=\"width: 150px\" class=\"wp-caption alignleft\"><a href=\"http:\/\/www.inclusivenews.com.br\/wp-content\/uploads\/2010\/01\/banheiro.jpg\"><img loading=\"lazy\" decoding=\"async\" class=\"size-thumbnail wp-image-13263\" title=\"banheiro\" src=\"http:\/\/inclusivenews.com.br\/wp-content\/uploads\/2010\/01\/banheiro-150x150.jpg\" alt=\"Exemplo de banheiro acess\u00edvel com custos de adapta\u00e7\u00e3o\" width=\"150\" height=\"150\" \/><\/a><figcaption id=\"caption-attachment-13263\" class=\"wp-caption-text\">Exemplo de banheiro acess\u00edvel com custos de adapta\u00e7\u00e3o<\/figcaption><\/figure>\n<p>Site sobre arquitetura acess\u00edvel traz dicas para trabalhos finais sobre acessibilidade de estudantes de arquitetura.<\/p>\n<p>Muitos estudantes de arquitetura est\u00e3o em \u00e9poca de escolher um tema para seu trabalho final de gradua\u00e7\u00e3o, o t\u00e3o temido TFG (ou TCC).<\/p>\n<p>Tamb\u00e9m passei por esta dif\u00edcil escolha e vou ajudar voc\u00eas!<\/p>\n<p>Vou confessar que me arrependi muito de ter aberto muito o leque, pois se tivesse tido mais foco meu trabalho ficaria melhor. Fiz um Parque Multisensorial, mais voltado para pessoas com defici\u00eancia visual, mas tamb\u00e9m projetei dentro do Parque todos os equipamentos e quase fiquei louca. Por isso eu dou a dica: n\u00e3o queira abra\u00e7ar o mundo.<\/p>\n<p>A\u00ed v\u00e3o as dicas:<\/p>\n<ul>\n<li>Avalia\u00e7\u00e3o P\u00f3s Ocupa\u00e7\u00e3o do ambiente constru\u00eddo: fazer uma an\u00e1lise de um edif\u00edcio levando em considera\u00e7\u00e3o os itens da Norma de Acessibilidade NBR 9050\/2004, levantando os pontos positivos e negativos e com isso propor melhorias.<\/li>\n<li>Hotel para receber v\u00e1rias equipes paraol\u00edmpicas e que depois o hotel seja frequentado por todas as pessoas com mais conforto que outros hot\u00e9is.<\/li>\n<li>Adapta\u00e7\u00f5es em centros esportivos existentes, lembrando que 2010 \u00e9 ano de Copa;<\/li>\n<li>Rota tur\u00edstica acess\u00edvel, interligando os principais pontos: como chegar, percursos, roteiro. Exemplo: o produto final pode ser um mapa com legenda indicando o que tem de acessibilidade em cada museu do determinado bairro, e a localiza\u00e7\u00e3o dos locais para transporte p\u00fablico acess\u00edvel, estacionamento, biciclet\u00e1rio, etc.<\/li>\n<li>Mobili\u00e1rio urbano, incluindo o projeto de sanit\u00e1rios p\u00fablicos acess\u00edveis e resistentes a vandalismo, a\u00e7\u00e3o do tempo e manuten\u00e7\u00e3o. Tamb\u00e9m bancos confort\u00e1veis na sombra, bebedouros acess\u00edveis\u2026<\/li>\n<li>Sinaliza\u00e7\u00e3o visual urbana levando em considera\u00e7\u00e3o os contrastes, informa\u00e7\u00f5es nas esquinas com o nome da rua em Braille, mapa de arredores, etc.<\/li>\n<li>Adapta\u00e7\u00e3o para resid\u00eancia de um casal de idosos ou at\u00e9 mesmo uma ILPI \u2013 Institui\u00e7\u00e3o de Longa Perman\u00eancia para Idosos (vulgo asilo). Essa adapta\u00e7\u00e3o deve prever boa ilumina\u00e7\u00e3o, elimina\u00e7\u00e3o de degraus isolados, instala\u00e7\u00e3o de corrim\u00e3os em locais de risco de queda, elimina\u00e7\u00e3o de m\u00f3veis com quinas, etc.<\/li>\n<li>Ergonomia: desenho de mobili\u00e1rio para qualquer pessoa utilizar, ajust\u00e1vel de acordo com sua necessidade.<\/li>\n<li>Zool\u00f3gico acess\u00edvel \u2013 integra\u00e7\u00e3o \u2013 animais em auto-relevo para que uma pessoa com defici\u00eancia visual tenha a mesma compreens\u00e3o de uma pessoa que est\u00e1 vendo o animal.<\/li>\n<li>Apartamento acess\u00edvel decorado. As construtoras nunca fazem lan\u00e7amentos de decorados acess\u00edveis. A pessoa com defici\u00eancia tamb\u00e9m tem direito a um ambiente bem decorado e projetado. Essa adapta\u00e7\u00e3o pode ser para um defici\u00eante visual, com aviso sonoro, diferentes texturas, aromas, etiquetas em Braille nas roupas, etc.<\/li>\n<li>Parque de divers\u00e3o com brinquedos acess\u00edveis para uma pessoa em cadeira de rodas. Exemplo: carrossel; carrinho de batidas (e por que n\u00e3o?), montanha russa, etc.<\/li>\n<li>Supermercado: disposi\u00e7\u00e3o de produtos, sinaliza\u00e7\u00e3o, corredores, leitores de barras para pessoas com defici\u00eancia visual, conforto para idosos (eles adoram fazer compras), outra proposta para o caixa de pagamento, etc.<\/li>\n<\/ul>\n<p>Por enquanto \u00e9 s\u00f3 isso. Se eu lembrar de mais dicas eu atualizo esse post. Por enquanto v\u00e3o pensando nesses, e qualquer d\u00favida pode gritar.<\/p>\n<p>Fonte: \u00a0<a href=\"http:\/\/thaisfrota.wordpress.com\/2010\/01\/04\/dicas-de-tfg-ou-tcc-para-2010\/\">http:\/\/thaisfrota.wordpress.com\/2010\/01\/04\/dicas-de-tfg-ou-tcc-para-2010\/<\/a><\/p>\n","protected":false},"excerpt":{"rendered":"<p>Site sobre arquitetura acess\u00edvel traz dicas para trabalhos finais sobre acessibilidade de estudantes de arquitetura. Muitos estudantes de arquitetura est\u00e3o em \u00e9poca de escolher um tema para seu trabalho final de gradua\u00e7\u00e3o, o t\u00e3o temido TFG (ou TCC). Tamb\u00e9m passei por esta dif\u00edcil escolha e vou ajudar voc\u00eas! Vou confessar que me arrependi muito de [&hellip;]<\/p>\n","protected":false},"author":1,"featured_media":0,"comment_status":"open","ping_status":"open","sticky":false,"template":"","format":"standard","meta":{"site-container-style":"default","site-container-layout":"default","site-sidebar-layout":"default","disable-article-header":"default","disable-site-header":"default","disable-site-footer":"default","disable-content-area-spacing":"default","footnotes":""},"categories":[44],"tags":[],"class_list":["post-13262","post","type-post","status-publish","format-standard","hentry","category-acessibilidade"],"yoast_head":"<!-- This site is optimized with the Yoast SEO plugin v27.4 - https:\/\/yoast.com\/product\/yoast-seo-wordpress\/ -->\n<title>Site sobre arquitetura acess\u00edvel -<\/title>\n<meta name=\"robots\" content=\"index, follow, max-snippet:-1, max-image-preview:large, max-video-preview:-1\" \/>\n<link rel=\"canonical\" href=\"https:\/\/inclusivenews.com.br\/?p=13262\" \/>\n<meta property=\"og:locale\" content=\"pt_PT\" \/>\n<meta property=\"og:type\" content=\"article\" \/>\n<meta property=\"og:title\" content=\"Site sobre arquitetura acess\u00edvel -\" \/>\n<meta property=\"og:description\" content=\"Site sobre arquitetura acess\u00edvel traz dicas para trabalhos finais sobre acessibilidade de estudantes de arquitetura. Muitos estudantes de arquitetura est\u00e3o em \u00e9poca de escolher um tema para seu trabalho final de gradua\u00e7\u00e3o, o t\u00e3o temido TFG (ou TCC). Tamb\u00e9m passei por esta dif\u00edcil escolha e vou ajudar voc\u00eas! Vou confessar que me arrependi muito de [&hellip;]\" \/>\n<meta property=\"og:url\" content=\"https:\/\/inclusivenews.com.br\/?p=13262\" \/>\n<meta property=\"article:publisher\" content=\"https:\/\/www.facebook.com\/agenciainclusive\/\" \/>\n<meta property=\"article:published_time\" content=\"2010-01-05T16:31:16+00:00\" \/>\n<meta property=\"og:image\" content=\"http:\/\/inclusivenews.com.br\/wp-content\/uploads\/2010\/01\/banheiro-150x150.jpg\" \/>\n<meta name=\"author\" content=\"inclusivenews2024\" \/>\n<meta name=\"twitter:card\" content=\"summary_large_image\" \/>\n<meta name=\"twitter:label1\" content=\"Escrito por\" \/>\n\t<meta name=\"twitter:data1\" content=\"inclusivenews2024\" \/>\n\t<meta name=\"twitter:label2\" content=\"Tempo estimado de leitura\" \/>\n\t<meta name=\"twitter:data2\" content=\"3 minutos\" \/>\n<script type=\"application\/ld+json\" class=\"yoast-schema-graph\">{\"@context\":\"https:\\\/\\\/schema.org\",\"@graph\":[{\"@type\":\"Article\",\"@id\":\"https:\\\/\\\/inclusivenews.com.br\\\/?p=13262#article\",\"isPartOf\":{\"@id\":\"https:\\\/\\\/inclusivenews.com.br\\\/?p=13262\"},\"author\":{\"name\":\"inclusivenews2024\",\"@id\":\"https:\\\/\\\/inclusivenews.com.br\\\/#\\\/schema\\\/person\\\/ae4ec7087559b8692fb33b6fffd2273b\"},\"headline\":\"Site sobre arquitetura acess\u00edvel\",\"datePublished\":\"2010-01-05T16:31:16+00:00\",\"mainEntityOfPage\":{\"@id\":\"https:\\\/\\\/inclusivenews.com.br\\\/?p=13262\"},\"wordCount\":578,\"commentCount\":0,\"publisher\":{\"@id\":\"https:\\\/\\\/inclusivenews.com.br\\\/#organization\"},\"image\":{\"@id\":\"https:\\\/\\\/inclusivenews.com.br\\\/?p=13262#primaryimage\"},\"thumbnailUrl\":\"http:\\\/\\\/inclusivenews.com.br\\\/wp-content\\\/uploads\\\/2010\\\/01\\\/banheiro-150x150.jpg\",\"articleSection\":[\"ACESSIBILIDADE\"],\"inLanguage\":\"pt-PT\",\"potentialAction\":[{\"@type\":\"CommentAction\",\"name\":\"Comment\",\"target\":[\"https:\\\/\\\/inclusivenews.com.br\\\/?p=13262#respond\"]}]},{\"@type\":\"WebPage\",\"@id\":\"https:\\\/\\\/inclusivenews.com.br\\\/?p=13262\",\"url\":\"https:\\\/\\\/inclusivenews.com.br\\\/?p=13262\",\"name\":\"Site sobre arquitetura acess\u00edvel -\",\"isPartOf\":{\"@id\":\"https:\\\/\\\/inclusivenews.com.br\\\/#website\"},\"primaryImageOfPage\":{\"@id\":\"https:\\\/\\\/inclusivenews.com.br\\\/?p=13262#primaryimage\"},\"image\":{\"@id\":\"https:\\\/\\\/inclusivenews.com.br\\\/?p=13262#primaryimage\"},\"thumbnailUrl\":\"http:\\\/\\\/inclusivenews.com.br\\\/wp-content\\\/uploads\\\/2010\\\/01\\\/banheiro-150x150.jpg\",\"datePublished\":\"2010-01-05T16:31:16+00:00\",\"breadcrumb\":{\"@id\":\"https:\\\/\\\/inclusivenews.com.br\\\/?p=13262#breadcrumb\"},\"inLanguage\":\"pt-PT\",\"potentialAction\":[{\"@type\":\"ReadAction\",\"target\":[\"https:\\\/\\\/inclusivenews.com.br\\\/?p=13262\"]}]},{\"@type\":\"ImageObject\",\"inLanguage\":\"pt-PT\",\"@id\":\"https:\\\/\\\/inclusivenews.com.br\\\/?p=13262#primaryimage\",\"url\":\"\",\"contentUrl\":\"\"},{\"@type\":\"BreadcrumbList\",\"@id\":\"https:\\\/\\\/inclusivenews.com.br\\\/?p=13262#breadcrumb\",\"itemListElement\":[{\"@type\":\"ListItem\",\"position\":1,\"name\":\"In\u00edcio\",\"item\":\"https:\\\/\\\/inclusivenews.com.br\\\/\"},{\"@type\":\"ListItem\",\"position\":2,\"name\":\"Site sobre arquitetura acess\u00edvel\"}]},{\"@type\":\"WebSite\",\"@id\":\"https:\\\/\\\/inclusivenews.com.br\\\/#website\",\"url\":\"https:\\\/\\\/inclusivenews.com.br\\\/\",\"name\":\"Inclusive News\",\"description\":\"Inclusive News\",\"publisher\":{\"@id\":\"https:\\\/\\\/inclusivenews.com.br\\\/#organization\"},\"potentialAction\":[{\"@type\":\"SearchAction\",\"target\":{\"@type\":\"EntryPoint\",\"urlTemplate\":\"https:\\\/\\\/inclusivenews.com.br\\\/?s={search_term_string}\"},\"query-input\":{\"@type\":\"PropertyValueSpecification\",\"valueRequired\":true,\"valueName\":\"search_term_string\"}}],\"inLanguage\":\"pt-PT\"},{\"@type\":\"Organization\",\"@id\":\"https:\\\/\\\/inclusivenews.com.br\\\/#organization\",\"name\":\"Inclusive - inclus\u00e3o e cidadania\",\"url\":\"https:\\\/\\\/inclusivenews.com.br\\\/\",\"logo\":{\"@type\":\"ImageObject\",\"inLanguage\":\"pt-PT\",\"@id\":\"https:\\\/\\\/inclusivenews.com.br\\\/#\\\/schema\\\/logo\\\/image\\\/\",\"url\":\"https:\\\/\\\/inclusivenews.com.br\\\/wp-content\\\/uploads\\\/2024\\\/03\\\/@grandesite.png\",\"contentUrl\":\"https:\\\/\\\/inclusivenews.com.br\\\/wp-content\\\/uploads\\\/2024\\\/03\\\/@grandesite.png\",\"width\":1080,\"height\":1080,\"caption\":\"Inclusive - inclus\u00e3o e cidadania\"},\"image\":{\"@id\":\"https:\\\/\\\/inclusivenews.com.br\\\/#\\\/schema\\\/logo\\\/image\\\/\"},\"sameAs\":[\"https:\\\/\\\/www.facebook.com\\\/agenciainclusive\\\/\",\"https:\\\/\\\/www.instagram.com\\\/newsinclusive\\\/\"]},{\"@type\":\"Person\",\"@id\":\"https:\\\/\\\/inclusivenews.com.br\\\/#\\\/schema\\\/person\\\/ae4ec7087559b8692fb33b6fffd2273b\",\"name\":\"inclusivenews2024\",\"image\":{\"@type\":\"ImageObject\",\"inLanguage\":\"pt-PT\",\"@id\":\"https:\\\/\\\/secure.gravatar.com\\\/avatar\\\/c5a7ef84c66fa914f55bc4f7ce26cfa275a3b9a1c5568b907bd184fb4dde7b40?s=96&d=mm&r=g\",\"url\":\"https:\\\/\\\/secure.gravatar.com\\\/avatar\\\/c5a7ef84c66fa914f55bc4f7ce26cfa275a3b9a1c5568b907bd184fb4dde7b40?s=96&d=mm&r=g\",\"contentUrl\":\"https:\\\/\\\/secure.gravatar.com\\\/avatar\\\/c5a7ef84c66fa914f55bc4f7ce26cfa275a3b9a1c5568b907bd184fb4dde7b40?s=96&d=mm&r=g\",\"caption\":\"inclusivenews2024\"},\"sameAs\":[\"https:\\\/\\\/inclusivenews.com.br\"],\"url\":\"https:\\\/\\\/inclusivenews.com.br\\\/?author=1\"}]}<\/script>\n<!-- \/ Yoast SEO plugin. -->","yoast_head_json":{"title":"Site sobre arquitetura acess\u00edvel -","robots":{"index":"index","follow":"follow","max-snippet":"max-snippet:-1","max-image-preview":"max-image-preview:large","max-video-preview":"max-video-preview:-1"},"canonical":"https:\/\/inclusivenews.com.br\/?p=13262","og_locale":"pt_PT","og_type":"article","og_title":"Site sobre arquitetura acess\u00edvel -","og_description":"Site sobre arquitetura acess\u00edvel traz dicas para trabalhos finais sobre acessibilidade de estudantes de arquitetura. Muitos estudantes de arquitetura est\u00e3o em \u00e9poca de escolher um tema para seu trabalho final de gradua\u00e7\u00e3o, o t\u00e3o temido TFG (ou TCC). Tamb\u00e9m passei por esta dif\u00edcil escolha e vou ajudar voc\u00eas! Vou confessar que me arrependi muito de [&hellip;]","og_url":"https:\/\/inclusivenews.com.br\/?p=13262","article_publisher":"https:\/\/www.facebook.com\/agenciainclusive\/","article_published_time":"2010-01-05T16:31:16+00:00","og_image":[{"url":"http:\/\/inclusivenews.com.br\/wp-content\/uploads\/2010\/01\/banheiro-150x150.jpg","type":"","width":"","height":""}],"author":"inclusivenews2024","twitter_card":"summary_large_image","twitter_misc":{"Escrito por":"inclusivenews2024","Tempo estimado de leitura":"3 minutos"},"schema":{"@context":"https:\/\/schema.org","@graph":[{"@type":"Article","@id":"https:\/\/inclusivenews.com.br\/?p=13262#article","isPartOf":{"@id":"https:\/\/inclusivenews.com.br\/?p=13262"},"author":{"name":"inclusivenews2024","@id":"https:\/\/inclusivenews.com.br\/#\/schema\/person\/ae4ec7087559b8692fb33b6fffd2273b"},"headline":"Site sobre arquitetura acess\u00edvel","datePublished":"2010-01-05T16:31:16+00:00","mainEntityOfPage":{"@id":"https:\/\/inclusivenews.com.br\/?p=13262"},"wordCount":578,"commentCount":0,"publisher":{"@id":"https:\/\/inclusivenews.com.br\/#organization"},"image":{"@id":"https:\/\/inclusivenews.com.br\/?p=13262#primaryimage"},"thumbnailUrl":"http:\/\/inclusivenews.com.br\/wp-content\/uploads\/2010\/01\/banheiro-150x150.jpg","articleSection":["ACESSIBILIDADE"],"inLanguage":"pt-PT","potentialAction":[{"@type":"CommentAction","name":"Comment","target":["https:\/\/inclusivenews.com.br\/?p=13262#respond"]}]},{"@type":"WebPage","@id":"https:\/\/inclusivenews.com.br\/?p=13262","url":"https:\/\/inclusivenews.com.br\/?p=13262","name":"Site sobre arquitetura acess\u00edvel -","isPartOf":{"@id":"https:\/\/inclusivenews.com.br\/#website"},"primaryImageOfPage":{"@id":"https:\/\/inclusivenews.com.br\/?p=13262#primaryimage"},"image":{"@id":"https:\/\/inclusivenews.com.br\/?p=13262#primaryimage"},"thumbnailUrl":"http:\/\/inclusivenews.com.br\/wp-content\/uploads\/2010\/01\/banheiro-150x150.jpg","datePublished":"2010-01-05T16:31:16+00:00","breadcrumb":{"@id":"https:\/\/inclusivenews.com.br\/?p=13262#breadcrumb"},"inLanguage":"pt-PT","potentialAction":[{"@type":"ReadAction","target":["https:\/\/inclusivenews.com.br\/?p=13262"]}]},{"@type":"ImageObject","inLanguage":"pt-PT","@id":"https:\/\/inclusivenews.com.br\/?p=13262#primaryimage","url":"","contentUrl":""},{"@type":"BreadcrumbList","@id":"https:\/\/inclusivenews.com.br\/?p=13262#breadcrumb","itemListElement":[{"@type":"ListItem","position":1,"name":"In\u00edcio","item":"https:\/\/inclusivenews.com.br\/"},{"@type":"ListItem","position":2,"name":"Site sobre arquitetura acess\u00edvel"}]},{"@type":"WebSite","@id":"https:\/\/inclusivenews.com.br\/#website","url":"https:\/\/inclusivenews.com.br\/","name":"Inclusive News","description":"Inclusive News","publisher":{"@id":"https:\/\/inclusivenews.com.br\/#organization"},"potentialAction":[{"@type":"SearchAction","target":{"@type":"EntryPoint","urlTemplate":"https:\/\/inclusivenews.com.br\/?s={search_term_string}"},"query-input":{"@type":"PropertyValueSpecification","valueRequired":true,"valueName":"search_term_string"}}],"inLanguage":"pt-PT"},{"@type":"Organization","@id":"https:\/\/inclusivenews.com.br\/#organization","name":"Inclusive - inclus\u00e3o e cidadania","url":"https:\/\/inclusivenews.com.br\/","logo":{"@type":"ImageObject","inLanguage":"pt-PT","@id":"https:\/\/inclusivenews.com.br\/#\/schema\/logo\/image\/","url":"https:\/\/inclusivenews.com.br\/wp-content\/uploads\/2024\/03\/@grandesite.png","contentUrl":"https:\/\/inclusivenews.com.br\/wp-content\/uploads\/2024\/03\/@grandesite.png","width":1080,"height":1080,"caption":"Inclusive - inclus\u00e3o e cidadania"},"image":{"@id":"https:\/\/inclusivenews.com.br\/#\/schema\/logo\/image\/"},"sameAs":["https:\/\/www.facebook.com\/agenciainclusive\/","https:\/\/www.instagram.com\/newsinclusive\/"]},{"@type":"Person","@id":"https:\/\/inclusivenews.com.br\/#\/schema\/person\/ae4ec7087559b8692fb33b6fffd2273b","name":"inclusivenews2024","image":{"@type":"ImageObject","inLanguage":"pt-PT","@id":"https:\/\/secure.gravatar.com\/avatar\/c5a7ef84c66fa914f55bc4f7ce26cfa275a3b9a1c5568b907bd184fb4dde7b40?s=96&d=mm&r=g","url":"https:\/\/secure.gravatar.com\/avatar\/c5a7ef84c66fa914f55bc4f7ce26cfa275a3b9a1c5568b907bd184fb4dde7b40?s=96&d=mm&r=g","contentUrl":"https:\/\/secure.gravatar.com\/avatar\/c5a7ef84c66fa914f55bc4f7ce26cfa275a3b9a1c5568b907bd184fb4dde7b40?s=96&d=mm&r=g","caption":"inclusivenews2024"},"sameAs":["https:\/\/inclusivenews.com.br"],"url":"https:\/\/inclusivenews.com.br\/?author=1"}]}},"_links":{"self":[{"href":"https:\/\/inclusivenews.com.br\/index.php?rest_route=\/wp\/v2\/posts\/13262","targetHints":{"allow":["GET"]}}],"collection":[{"href":"https:\/\/inclusivenews.com.br\/index.php?rest_route=\/wp\/v2\/posts"}],"about":[{"href":"https:\/\/inclusivenews.com.br\/index.php?rest_route=\/wp\/v2\/types\/post"}],"author":[{"embeddable":true,"href":"https:\/\/inclusivenews.com.br\/index.php?rest_route=\/wp\/v2\/users\/1"}],"replies":[{"embeddable":true,"href":"https:\/\/inclusivenews.com.br\/index.php?rest_route=%2Fwp%2Fv2%2Fcomments&post=13262"}],"version-history":[{"count":0,"href":"https:\/\/inclusivenews.com.br\/index.php?rest_route=\/wp\/v2\/posts\/13262\/revisions"}],"wp:attachment":[{"href":"https:\/\/inclusivenews.com.br\/index.php?rest_route=%2Fwp%2Fv2%2Fmedia&parent=13262"}],"wp:term":[{"taxonomy":"category","embeddable":true,"href":"https:\/\/inclusivenews.com.br\/index.php?rest_route=%2Fwp%2Fv2%2Fcategories&post=13262"},{"taxonomy":"post_tag","embeddable":true,"href":"https:\/\/inclusivenews.com.br\/index.php?rest_route=%2Fwp%2Fv2%2Ftags&post=13262"}],"curies":[{"name":"wp","href":"https:\/\/api.w.org\/{rel}","templated":true}]}}