{"id":13265,"date":"2010-01-05T21:15:38","date_gmt":"2010-01-06T00:15:38","guid":{"rendered":"http:\/\/www.inclusive.org.br\/?p=13265"},"modified":"2010-01-05T21:15:38","modified_gmt":"2010-01-06T00:15:38","slug":"instituicoes-da-rede-federal-desenvolvem-acoes-inclusivas-via-postie","status":"publish","type":"post","link":"https:\/\/inclusivenews.com.br\/?p=13265","title":{"rendered":"Institui\u00e7\u00f5es da rede federal desenvolvem a\u00e7\u00f5es inclusivas"},"content":{"rendered":"<figure id=\"attachment_13278\" aria-describedby=\"caption-attachment-13278\" style=\"width: 150px\" class=\"wp-caption alignleft\"><a href=\"http:\/\/www.inclusivenews.com.br\/wp-content\/uploads\/2010\/01\/cavalo.jpg\"><img loading=\"lazy\" decoding=\"async\" class=\"size-thumbnail wp-image-13278\" title=\"cavalo\" src=\"http:\/\/inclusivenews.com.br\/wp-content\/uploads\/2010\/01\/cavalo-150x150.jpg\" alt=\"Menino anda a cavalo conduzido por um rapaz e uma mo\u00e7a\" width=\"150\" height=\"150\" \/><\/a><figcaption id=\"caption-attachment-13278\" class=\"wp-caption-text\">Menino anda a cavalo conduzido por um rapaz e uma mo\u00e7a<\/figcaption><\/figure>\n<p>Levantamento da Secretaria de Educa\u00e7\u00e3o Profissional e Tecnol\u00f3gica (Setec) do Minist\u00e9rio da Educa\u00e7\u00e3o aponta a inclus\u00e3o, no Brasil, de 1,5 mil estudantes com defici\u00eancia em cursos profissionalizantes e tecnol\u00f3gicos oferecidos pela Rede Federal de Educa\u00e7\u00e3o Profissional, Cient\u00edfica e Tecnol\u00f3gica. O programa Educa\u00e7\u00e3o, Tecnologia e Profissionaliza\u00e7\u00e3o para Pessoas com Necessidades Educacionais Especiais (TecNep) tem o prop\u00f3sito de aumentar esse \u00edndice.<\/p>\n<div>\n<p>\u201cCom 108 n\u00facleos de apoio \u00e0s pessoas com defici\u00eancia, a inclus\u00e3o dessa clientela e a aceita\u00e7\u00e3o da mesma por parte da comunidade escolar tem sido maior\u201d, explica Franclin Costa do Nascimento, coordenador do programa na Setec. Al\u00e9m disso, os institutos federais de educa\u00e7\u00e3o, ci\u00eancia e tecnologia do Amazonas, Pernambuco, Piau\u00ed e Bahia desenvolvem projetos-piloto do curso de tecnologia em comunica\u00e7\u00e3o e tecnologia assistiva e do curso t\u00e9cnico de \u00f3rteses e pr\u00f3teses. Este ano, foram formados 179 alunos no curso de educa\u00e7\u00e3o profissional tecnol\u00f3gica inclusiva \u2014 especializa\u00e7\u00e3o lato sensu a dist\u00e2ncia.<\/p>\n<p>O TecNep tem sete centros de refer\u00eancia para o atendimento aos estudantes com defici\u00eancia. No instituto federal de Santa Catarina, o espa\u00e7o especializado atende alunos surdos. A rede federal ainda conta com centros de equoterapia em Barbacena (MG), Ceres e Rio Verde (GO), Iguatu (CE) e Conc\u00f3rdia (SC). O instituto federal do Rio Grande do Sul \u00e9 especializado no desenvolvimento de tecnologias assistivas.<\/p>\n<p>Experi\u00eancias \u2014 O campus de Bento Gon\u00e7alves do instituto federal do Rio Grande do Sul cria p\u00e1ginas eletr\u00f4nicas acess\u00edveis a pessoas com defici\u00eancia visual e r\u00f3tulos em braile para identifica\u00e7\u00e3o de vinhos e sucos. L\u00e1 tamb\u00e9m foi elaborado um prot\u00f3tipo de habita\u00e7\u00e3o universal \u2014 casa adaptada para deficientes visuais, cadeirantes e surdos.<\/p>\n<p>O campus de Iguatu do instituto federal do Cear\u00e1 e a unidade de ensino descentralizada de Divin\u00f3polis do Centro Federal de Educa\u00e7\u00e3o Tecnol\u00f3gica de Minas Gerais (Cefet-MG) desenvolvem projetos para produ\u00e7\u00e3o de roupas adaptadas. Na Universidade Tecnol\u00f3gica Federal do Paran\u00e1 (UTFPR) s\u00e3o constru\u00eddos elevadores de baixo custo para transporte de deficientes.<br \/>\nPor Ana J\u00falia Silva de Souza, do MEC<\/p><\/div>\n<p>_______________________<br \/>\n<strong><br \/>\nFonte de informa\u00e7\u00e3o:<\/strong> <a href=\"http:\/\/portal.mec.gov.br\/index.php?option=com_content&amp;view=article&amp;id=14839\">MEC<\/a><\/p>\n","protected":false},"excerpt":{"rendered":"<p>Levantamento da Secretaria de Educa\u00e7\u00e3o Profissional e Tecnol\u00f3gica (Setec) do Minist\u00e9rio da Educa\u00e7\u00e3o aponta a inclus\u00e3o, no Brasil, de 1,5 mil estudantes com defici\u00eancia em cursos profissionalizantes e tecnol\u00f3gicos oferecidos pela Rede Federal de Educa\u00e7\u00e3o Profissional, Cient\u00edfica e Tecnol\u00f3gica. O programa Educa\u00e7\u00e3o, Tecnologia e Profissionaliza\u00e7\u00e3o para Pessoas com Necessidades Educacionais Especiais (TecNep) tem o prop\u00f3sito [&hellip;]<\/p>\n","protected":false},"author":1,"featured_media":0,"comment_status":"open","ping_status":"open","sticky":false,"template":"","format":"standard","meta":{"site-container-style":"default","site-container-layout":"default","site-sidebar-layout":"default","disable-article-header":"default","disable-site-header":"default","disable-site-footer":"default","disable-content-area-spacing":"default","footnotes":""},"categories":[6,48,4],"tags":[],"class_list":["post-13265","post","type-post","status-publish","format-standard","hentry","category-educacao","category-inclusao","category-noticias"],"yoast_head":"<!-- This site is optimized with the Yoast SEO plugin v27.4 - https:\/\/yoast.com\/product\/yoast-seo-wordpress\/ -->\n<title>Institui\u00e7\u00f5es da rede federal desenvolvem a\u00e7\u00f5es inclusivas -<\/title>\n<meta name=\"robots\" content=\"index, follow, max-snippet:-1, max-image-preview:large, max-video-preview:-1\" \/>\n<link rel=\"canonical\" href=\"https:\/\/inclusivenews.com.br\/?p=13265\" \/>\n<meta property=\"og:locale\" content=\"pt_PT\" \/>\n<meta property=\"og:type\" content=\"article\" \/>\n<meta property=\"og:title\" content=\"Institui\u00e7\u00f5es da rede federal desenvolvem a\u00e7\u00f5es inclusivas -\" \/>\n<meta property=\"og:description\" content=\"Levantamento da Secretaria de Educa\u00e7\u00e3o Profissional e Tecnol\u00f3gica (Setec) do Minist\u00e9rio da Educa\u00e7\u00e3o aponta a inclus\u00e3o, no Brasil, de 1,5 mil estudantes com defici\u00eancia em cursos profissionalizantes e tecnol\u00f3gicos oferecidos pela Rede Federal de Educa\u00e7\u00e3o Profissional, Cient\u00edfica e Tecnol\u00f3gica. O programa Educa\u00e7\u00e3o, Tecnologia e Profissionaliza\u00e7\u00e3o para Pessoas com Necessidades Educacionais Especiais (TecNep) tem o prop\u00f3sito [&hellip;]\" \/>\n<meta property=\"og:url\" content=\"https:\/\/inclusivenews.com.br\/?p=13265\" \/>\n<meta property=\"article:publisher\" content=\"https:\/\/www.facebook.com\/agenciainclusive\/\" \/>\n<meta property=\"article:published_time\" content=\"2010-01-06T00:15:38+00:00\" \/>\n<meta property=\"og:image\" content=\"http:\/\/inclusivenews.com.br\/wp-content\/uploads\/2010\/01\/cavalo-150x150.jpg\" \/>\n<meta name=\"author\" content=\"inclusivenews2024\" \/>\n<meta name=\"twitter:card\" content=\"summary_large_image\" \/>\n<meta name=\"twitter:label1\" content=\"Escrito por\" \/>\n\t<meta name=\"twitter:data1\" content=\"inclusivenews2024\" \/>\n\t<meta name=\"twitter:label2\" content=\"Tempo estimado de leitura\" \/>\n\t<meta name=\"twitter:data2\" content=\"2 minutos\" \/>\n<script type=\"application\/ld+json\" class=\"yoast-schema-graph\">{\"@context\":\"https:\\\/\\\/schema.org\",\"@graph\":[{\"@type\":\"Article\",\"@id\":\"https:\\\/\\\/inclusivenews.com.br\\\/?p=13265#article\",\"isPartOf\":{\"@id\":\"https:\\\/\\\/inclusivenews.com.br\\\/?p=13265\"},\"author\":{\"name\":\"inclusivenews2024\",\"@id\":\"https:\\\/\\\/inclusivenews.com.br\\\/#\\\/schema\\\/person\\\/ae4ec7087559b8692fb33b6fffd2273b\"},\"headline\":\"Institui\u00e7\u00f5es da rede federal desenvolvem a\u00e7\u00f5es inclusivas\",\"datePublished\":\"2010-01-06T00:15:38+00:00\",\"mainEntityOfPage\":{\"@id\":\"https:\\\/\\\/inclusivenews.com.br\\\/?p=13265\"},\"wordCount\":400,\"commentCount\":0,\"publisher\":{\"@id\":\"https:\\\/\\\/inclusivenews.com.br\\\/#organization\"},\"image\":{\"@id\":\"https:\\\/\\\/inclusivenews.com.br\\\/?p=13265#primaryimage\"},\"thumbnailUrl\":\"http:\\\/\\\/inclusivenews.com.br\\\/wp-content\\\/uploads\\\/2010\\\/01\\\/cavalo-150x150.jpg\",\"articleSection\":[\"EDUCA\u00c7\u00c3O\",\"INCLUS\u00c3O SOCIAL\",\"NOT\u00cdCIAS\"],\"inLanguage\":\"pt-PT\",\"potentialAction\":[{\"@type\":\"CommentAction\",\"name\":\"Comment\",\"target\":[\"https:\\\/\\\/inclusivenews.com.br\\\/?p=13265#respond\"]}]},{\"@type\":\"WebPage\",\"@id\":\"https:\\\/\\\/inclusivenews.com.br\\\/?p=13265\",\"url\":\"https:\\\/\\\/inclusivenews.com.br\\\/?p=13265\",\"name\":\"Institui\u00e7\u00f5es da rede federal desenvolvem a\u00e7\u00f5es inclusivas -\",\"isPartOf\":{\"@id\":\"https:\\\/\\\/inclusivenews.com.br\\\/#website\"},\"primaryImageOfPage\":{\"@id\":\"https:\\\/\\\/inclusivenews.com.br\\\/?p=13265#primaryimage\"},\"image\":{\"@id\":\"https:\\\/\\\/inclusivenews.com.br\\\/?p=13265#primaryimage\"},\"thumbnailUrl\":\"http:\\\/\\\/inclusivenews.com.br\\\/wp-content\\\/uploads\\\/2010\\\/01\\\/cavalo-150x150.jpg\",\"datePublished\":\"2010-01-06T00:15:38+00:00\",\"breadcrumb\":{\"@id\":\"https:\\\/\\\/inclusivenews.com.br\\\/?p=13265#breadcrumb\"},\"inLanguage\":\"pt-PT\",\"potentialAction\":[{\"@type\":\"ReadAction\",\"target\":[\"https:\\\/\\\/inclusivenews.com.br\\\/?p=13265\"]}]},{\"@type\":\"ImageObject\",\"inLanguage\":\"pt-PT\",\"@id\":\"https:\\\/\\\/inclusivenews.com.br\\\/?p=13265#primaryimage\",\"url\":\"\",\"contentUrl\":\"\"},{\"@type\":\"BreadcrumbList\",\"@id\":\"https:\\\/\\\/inclusivenews.com.br\\\/?p=13265#breadcrumb\",\"itemListElement\":[{\"@type\":\"ListItem\",\"position\":1,\"name\":\"In\u00edcio\",\"item\":\"https:\\\/\\\/inclusivenews.com.br\\\/\"},{\"@type\":\"ListItem\",\"position\":2,\"name\":\"Institui\u00e7\u00f5es da rede federal desenvolvem a\u00e7\u00f5es inclusivas\"}]},{\"@type\":\"WebSite\",\"@id\":\"https:\\\/\\\/inclusivenews.com.br\\\/#website\",\"url\":\"https:\\\/\\\/inclusivenews.com.br\\\/\",\"name\":\"Inclusive News\",\"description\":\"Inclusive News\",\"publisher\":{\"@id\":\"https:\\\/\\\/inclusivenews.com.br\\\/#organization\"},\"potentialAction\":[{\"@type\":\"SearchAction\",\"target\":{\"@type\":\"EntryPoint\",\"urlTemplate\":\"https:\\\/\\\/inclusivenews.com.br\\\/?s={search_term_string}\"},\"query-input\":{\"@type\":\"PropertyValueSpecification\",\"valueRequired\":true,\"valueName\":\"search_term_string\"}}],\"inLanguage\":\"pt-PT\"},{\"@type\":\"Organization\",\"@id\":\"https:\\\/\\\/inclusivenews.com.br\\\/#organization\",\"name\":\"Inclusive - inclus\u00e3o e cidadania\",\"url\":\"https:\\\/\\\/inclusivenews.com.br\\\/\",\"logo\":{\"@type\":\"ImageObject\",\"inLanguage\":\"pt-PT\",\"@id\":\"https:\\\/\\\/inclusivenews.com.br\\\/#\\\/schema\\\/logo\\\/image\\\/\",\"url\":\"https:\\\/\\\/inclusivenews.com.br\\\/wp-content\\\/uploads\\\/2024\\\/03\\\/@grandesite.png\",\"contentUrl\":\"https:\\\/\\\/inclusivenews.com.br\\\/wp-content\\\/uploads\\\/2024\\\/03\\\/@grandesite.png\",\"width\":1080,\"height\":1080,\"caption\":\"Inclusive - inclus\u00e3o e cidadania\"},\"image\":{\"@id\":\"https:\\\/\\\/inclusivenews.com.br\\\/#\\\/schema\\\/logo\\\/image\\\/\"},\"sameAs\":[\"https:\\\/\\\/www.facebook.com\\\/agenciainclusive\\\/\",\"https:\\\/\\\/www.instagram.com\\\/newsinclusive\\\/\"]},{\"@type\":\"Person\",\"@id\":\"https:\\\/\\\/inclusivenews.com.br\\\/#\\\/schema\\\/person\\\/ae4ec7087559b8692fb33b6fffd2273b\",\"name\":\"inclusivenews2024\",\"image\":{\"@type\":\"ImageObject\",\"inLanguage\":\"pt-PT\",\"@id\":\"https:\\\/\\\/secure.gravatar.com\\\/avatar\\\/c5a7ef84c66fa914f55bc4f7ce26cfa275a3b9a1c5568b907bd184fb4dde7b40?s=96&d=mm&r=g\",\"url\":\"https:\\\/\\\/secure.gravatar.com\\\/avatar\\\/c5a7ef84c66fa914f55bc4f7ce26cfa275a3b9a1c5568b907bd184fb4dde7b40?s=96&d=mm&r=g\",\"contentUrl\":\"https:\\\/\\\/secure.gravatar.com\\\/avatar\\\/c5a7ef84c66fa914f55bc4f7ce26cfa275a3b9a1c5568b907bd184fb4dde7b40?s=96&d=mm&r=g\",\"caption\":\"inclusivenews2024\"},\"sameAs\":[\"https:\\\/\\\/inclusivenews.com.br\"],\"url\":\"https:\\\/\\\/inclusivenews.com.br\\\/?author=1\"}]}<\/script>\n<!-- \/ Yoast SEO plugin. -->","yoast_head_json":{"title":"Institui\u00e7\u00f5es da rede federal desenvolvem a\u00e7\u00f5es inclusivas -","robots":{"index":"index","follow":"follow","max-snippet":"max-snippet:-1","max-image-preview":"max-image-preview:large","max-video-preview":"max-video-preview:-1"},"canonical":"https:\/\/inclusivenews.com.br\/?p=13265","og_locale":"pt_PT","og_type":"article","og_title":"Institui\u00e7\u00f5es da rede federal desenvolvem a\u00e7\u00f5es inclusivas -","og_description":"Levantamento da Secretaria de Educa\u00e7\u00e3o Profissional e Tecnol\u00f3gica (Setec) do Minist\u00e9rio da Educa\u00e7\u00e3o aponta a inclus\u00e3o, no Brasil, de 1,5 mil estudantes com defici\u00eancia em cursos profissionalizantes e tecnol\u00f3gicos oferecidos pela Rede Federal de Educa\u00e7\u00e3o Profissional, Cient\u00edfica e Tecnol\u00f3gica. O programa Educa\u00e7\u00e3o, Tecnologia e Profissionaliza\u00e7\u00e3o para Pessoas com Necessidades Educacionais Especiais (TecNep) tem o prop\u00f3sito [&hellip;]","og_url":"https:\/\/inclusivenews.com.br\/?p=13265","article_publisher":"https:\/\/www.facebook.com\/agenciainclusive\/","article_published_time":"2010-01-06T00:15:38+00:00","og_image":[{"url":"http:\/\/inclusivenews.com.br\/wp-content\/uploads\/2010\/01\/cavalo-150x150.jpg","type":"","width":"","height":""}],"author":"inclusivenews2024","twitter_card":"summary_large_image","twitter_misc":{"Escrito por":"inclusivenews2024","Tempo estimado de leitura":"2 minutos"},"schema":{"@context":"https:\/\/schema.org","@graph":[{"@type":"Article","@id":"https:\/\/inclusivenews.com.br\/?p=13265#article","isPartOf":{"@id":"https:\/\/inclusivenews.com.br\/?p=13265"},"author":{"name":"inclusivenews2024","@id":"https:\/\/inclusivenews.com.br\/#\/schema\/person\/ae4ec7087559b8692fb33b6fffd2273b"},"headline":"Institui\u00e7\u00f5es da rede federal desenvolvem a\u00e7\u00f5es inclusivas","datePublished":"2010-01-06T00:15:38+00:00","mainEntityOfPage":{"@id":"https:\/\/inclusivenews.com.br\/?p=13265"},"wordCount":400,"commentCount":0,"publisher":{"@id":"https:\/\/inclusivenews.com.br\/#organization"},"image":{"@id":"https:\/\/inclusivenews.com.br\/?p=13265#primaryimage"},"thumbnailUrl":"http:\/\/inclusivenews.com.br\/wp-content\/uploads\/2010\/01\/cavalo-150x150.jpg","articleSection":["EDUCA\u00c7\u00c3O","INCLUS\u00c3O SOCIAL","NOT\u00cdCIAS"],"inLanguage":"pt-PT","potentialAction":[{"@type":"CommentAction","name":"Comment","target":["https:\/\/inclusivenews.com.br\/?p=13265#respond"]}]},{"@type":"WebPage","@id":"https:\/\/inclusivenews.com.br\/?p=13265","url":"https:\/\/inclusivenews.com.br\/?p=13265","name":"Institui\u00e7\u00f5es da rede federal desenvolvem a\u00e7\u00f5es inclusivas -","isPartOf":{"@id":"https:\/\/inclusivenews.com.br\/#website"},"primaryImageOfPage":{"@id":"https:\/\/inclusivenews.com.br\/?p=13265#primaryimage"},"image":{"@id":"https:\/\/inclusivenews.com.br\/?p=13265#primaryimage"},"thumbnailUrl":"http:\/\/inclusivenews.com.br\/wp-content\/uploads\/2010\/01\/cavalo-150x150.jpg","datePublished":"2010-01-06T00:15:38+00:00","breadcrumb":{"@id":"https:\/\/inclusivenews.com.br\/?p=13265#breadcrumb"},"inLanguage":"pt-PT","potentialAction":[{"@type":"ReadAction","target":["https:\/\/inclusivenews.com.br\/?p=13265"]}]},{"@type":"ImageObject","inLanguage":"pt-PT","@id":"https:\/\/inclusivenews.com.br\/?p=13265#primaryimage","url":"","contentUrl":""},{"@type":"BreadcrumbList","@id":"https:\/\/inclusivenews.com.br\/?p=13265#breadcrumb","itemListElement":[{"@type":"ListItem","position":1,"name":"In\u00edcio","item":"https:\/\/inclusivenews.com.br\/"},{"@type":"ListItem","position":2,"name":"Institui\u00e7\u00f5es da rede federal desenvolvem a\u00e7\u00f5es inclusivas"}]},{"@type":"WebSite","@id":"https:\/\/inclusivenews.com.br\/#website","url":"https:\/\/inclusivenews.com.br\/","name":"Inclusive News","description":"Inclusive News","publisher":{"@id":"https:\/\/inclusivenews.com.br\/#organization"},"potentialAction":[{"@type":"SearchAction","target":{"@type":"EntryPoint","urlTemplate":"https:\/\/inclusivenews.com.br\/?s={search_term_string}"},"query-input":{"@type":"PropertyValueSpecification","valueRequired":true,"valueName":"search_term_string"}}],"inLanguage":"pt-PT"},{"@type":"Organization","@id":"https:\/\/inclusivenews.com.br\/#organization","name":"Inclusive - inclus\u00e3o e cidadania","url":"https:\/\/inclusivenews.com.br\/","logo":{"@type":"ImageObject","inLanguage":"pt-PT","@id":"https:\/\/inclusivenews.com.br\/#\/schema\/logo\/image\/","url":"https:\/\/inclusivenews.com.br\/wp-content\/uploads\/2024\/03\/@grandesite.png","contentUrl":"https:\/\/inclusivenews.com.br\/wp-content\/uploads\/2024\/03\/@grandesite.png","width":1080,"height":1080,"caption":"Inclusive - inclus\u00e3o e cidadania"},"image":{"@id":"https:\/\/inclusivenews.com.br\/#\/schema\/logo\/image\/"},"sameAs":["https:\/\/www.facebook.com\/agenciainclusive\/","https:\/\/www.instagram.com\/newsinclusive\/"]},{"@type":"Person","@id":"https:\/\/inclusivenews.com.br\/#\/schema\/person\/ae4ec7087559b8692fb33b6fffd2273b","name":"inclusivenews2024","image":{"@type":"ImageObject","inLanguage":"pt-PT","@id":"https:\/\/secure.gravatar.com\/avatar\/c5a7ef84c66fa914f55bc4f7ce26cfa275a3b9a1c5568b907bd184fb4dde7b40?s=96&d=mm&r=g","url":"https:\/\/secure.gravatar.com\/avatar\/c5a7ef84c66fa914f55bc4f7ce26cfa275a3b9a1c5568b907bd184fb4dde7b40?s=96&d=mm&r=g","contentUrl":"https:\/\/secure.gravatar.com\/avatar\/c5a7ef84c66fa914f55bc4f7ce26cfa275a3b9a1c5568b907bd184fb4dde7b40?s=96&d=mm&r=g","caption":"inclusivenews2024"},"sameAs":["https:\/\/inclusivenews.com.br"],"url":"https:\/\/inclusivenews.com.br\/?author=1"}]}},"_links":{"self":[{"href":"https:\/\/inclusivenews.com.br\/index.php?rest_route=\/wp\/v2\/posts\/13265","targetHints":{"allow":["GET"]}}],"collection":[{"href":"https:\/\/inclusivenews.com.br\/index.php?rest_route=\/wp\/v2\/posts"}],"about":[{"href":"https:\/\/inclusivenews.com.br\/index.php?rest_route=\/wp\/v2\/types\/post"}],"author":[{"embeddable":true,"href":"https:\/\/inclusivenews.com.br\/index.php?rest_route=\/wp\/v2\/users\/1"}],"replies":[{"embeddable":true,"href":"https:\/\/inclusivenews.com.br\/index.php?rest_route=%2Fwp%2Fv2%2Fcomments&post=13265"}],"version-history":[{"count":0,"href":"https:\/\/inclusivenews.com.br\/index.php?rest_route=\/wp\/v2\/posts\/13265\/revisions"}],"wp:attachment":[{"href":"https:\/\/inclusivenews.com.br\/index.php?rest_route=%2Fwp%2Fv2%2Fmedia&parent=13265"}],"wp:term":[{"taxonomy":"category","embeddable":true,"href":"https:\/\/inclusivenews.com.br\/index.php?rest_route=%2Fwp%2Fv2%2Fcategories&post=13265"},{"taxonomy":"post_tag","embeddable":true,"href":"https:\/\/inclusivenews.com.br\/index.php?rest_route=%2Fwp%2Fv2%2Ftags&post=13265"}],"curies":[{"name":"wp","href":"https:\/\/api.w.org\/{rel}","templated":true}]}}