{"id":13266,"date":"2010-01-05T21:11:38","date_gmt":"2010-01-06T00:11:38","guid":{"rendered":"http:\/\/www.inclusive.org.br\/?p=13266"},"modified":"2010-01-05T21:11:38","modified_gmt":"2010-01-06T00:11:38","slug":"milhoes-de-criancas-estao-a-perder-o-direito-a-educacao","status":"publish","type":"post","link":"https:\/\/inclusivenews.com.br\/?p=13266","title":{"rendered":"Milh\u00f5es de crian\u00e7as est\u00e3o a perder o direito \u00e0 educa\u00e7\u00e3o"},"content":{"rendered":"<figure id=\"attachment_13277\" aria-describedby=\"caption-attachment-13277\" style=\"width: 150px\" class=\"wp-caption alignleft\"><a href=\"http:\/\/www.inclusivenews.com.br\/wp-content\/uploads\/2010\/01\/67848.gif\"><img loading=\"lazy\" decoding=\"async\" class=\"size-thumbnail wp-image-13277\" title=\"67848\" src=\"http:\/\/inclusivenews.com.br\/wp-content\/uploads\/2010\/01\/67848-150x150.gif\" alt=\"Um menino negro sentado em banco com uma parede descascada ao fundo e outro menino negro, de perfil, em primeiro plano, olhando para frente\" width=\"150\" height=\"150\" \/><\/a><figcaption id=\"caption-attachment-13277\" class=\"wp-caption-text\">Um menino negro sentado em banco com uma parede descascada ao fundo e outro menino negro, de perfil, em primeiro plano, olhando para frente<\/figcaption><\/figure>\n<p align=\"justify\">Ag\u00eancia da ONU lan\u00e7a Relat\u00f3rio de Monitoriza\u00e7\u00e3o Global de 2010 em Janeiro; crise econ\u00f3mica mundial poder\u00e1 atrasar os objectivos educacionais previstos at\u00e9 2015.<\/p>\n<p>O Relat\u00f3rio de Monitoriza\u00e7\u00e3o Global de Educa\u00e7\u00e3o para Todos de 2010, em como alcan\u00e7ar crian\u00e7as marginalizadas, vai ser lan\u00e7ado a 19 de Janeiro, na sede das Na\u00e7\u00f5es Unidas em Nova Iorque.<\/p>\n<p>Apesar dos objectivos estabelecidos h\u00e1 uma d\u00e9cada atr\u00e1s, quando l\u00edderes mundiais adoptaram a Educa\u00e7\u00e3o para Todos, milh\u00f5es de crian\u00e7as em todo o mundo est\u00e3o a perder o seu direito \u00e0 educa\u00e7\u00e3o.<\/p>\n<p><strong>Relat\u00f3rio<\/strong><\/p>\n<p>O Relat\u00f3rio de Monitoriza\u00e7\u00e3o Global de 2010, mostra que o progresso geral da educa\u00e7\u00e3o est\u00e1 a ser atrasado pela falha em alcan\u00e7ar crian\u00e7as marginalizadas.<\/p>\n<p>O documento analisa as raz\u00f5es que est\u00e3o a excluir estas crian\u00e7as. Na base deste problema est\u00e3o factores como discrimina\u00e7\u00e3o e desigualdades baseadas na pobreza, g\u00e9nero, localiza\u00e7\u00e3o, etnia, defici\u00eancia e a l\u00edngua.<\/p>\n<p>A Unesco salienta a import\u00e2ncia dos governos adoptarem pol\u00edticas e pr\u00e1ticas que combatam a exclus\u00e3o dentro da \u00e1rea da educa\u00e7\u00e3o e para al\u00e9m desta.<\/p>\n<p><strong>Crise<\/strong><\/p>\n<p>A ag\u00eancia da ONU afirma que a crise econ\u00f3mica mundial poder\u00e1 atrasar os objectivos educacionais previstos at\u00e9 2015 ou chegar mesmo a reverter os avan\u00e7os da \u00faltima d\u00e9cada.<\/p>\n<p>O Relat\u00f3rio alude a que a crise possa criar nos pa\u00edses pobres uma gera\u00e7\u00e3o de crian\u00e7as, cujas vidas ficar\u00e3o irremediavelmente danificadas por uma falha de protec\u00e7\u00e3o ao seu direito \u00e0 educa\u00e7\u00e3o.<\/p>\n<p>Segundo a Unesco, a comunidade internacional deve agir urgentemente para prevenir o perigo de uma gera\u00e7\u00e3o perdida de crian\u00e7as.<\/p>\n<p>Por Ana Ventura Miranda, da R\u00e1dio ONU em Nova York*<\/p>\n<p>Para ouvir esta not\u00edcia clique em: <a href=\"http:\/\/downloads.unmultimedia.org\/radio\/pt\/real\/2010\/1001042i.rm\" target=\"_blank\" rel=\"noopener\">http:\/\/downloads.unmultimedia.org\/radio\/pt\/real\/2010\/1001042i.rm<\/a> ou acesse:<br \/>\n<a href=\"http:\/\/www.unmultimedia.org\/radio\/portuguese\/detail\/174525.html\" target=\"_blank\" rel=\"noopener\">http:\/\/www.unmultimedia.org\/radio\/portuguese\/detail\/174525.html<\/a><\/p>\n<p><strong>_____________________________________<\/strong><\/p>\n<p><strong> <\/strong><\/p>\n<p><strong> Fonte de informa\u00e7\u00e3o: <\/strong><a href=\"http:\/\/envolverde.ig.com.br\/materia.php?cod=67848&amp;edt=8\">Envolverde\/R\u00e1dio ONU<\/a><\/p>\n","protected":false},"excerpt":{"rendered":"<p>Ag\u00eancia da ONU lan\u00e7a Relat\u00f3rio de Monitoriza\u00e7\u00e3o Global de 2010 em Janeiro; crise econ\u00f3mica mundial poder\u00e1 atrasar os objectivos educacionais previstos at\u00e9 2015. O Relat\u00f3rio de Monitoriza\u00e7\u00e3o Global de Educa\u00e7\u00e3o para Todos de 2010, em como alcan\u00e7ar crian\u00e7as marginalizadas, vai ser lan\u00e7ado a 19 de Janeiro, na sede das Na\u00e7\u00f5es Unidas em Nova Iorque. Apesar [&hellip;]<\/p>\n","protected":false},"author":1,"featured_media":0,"comment_status":"open","ping_status":"open","sticky":false,"template":"","format":"standard","meta":{"site-container-style":"default","site-container-layout":"default","site-sidebar-layout":"default","disable-article-header":"default","disable-site-header":"default","disable-site-footer":"default","disable-content-area-spacing":"default","footnotes":""},"categories":[6,4],"tags":[],"class_list":["post-13266","post","type-post","status-publish","format-standard","hentry","category-educacao","category-noticias"],"yoast_head":"<!-- This site is optimized with the Yoast SEO plugin v27.4 - https:\/\/yoast.com\/product\/yoast-seo-wordpress\/ -->\n<title>Milh\u00f5es de crian\u00e7as est\u00e3o a perder o direito \u00e0 educa\u00e7\u00e3o -<\/title>\n<meta name=\"robots\" content=\"index, follow, max-snippet:-1, max-image-preview:large, max-video-preview:-1\" \/>\n<link rel=\"canonical\" href=\"https:\/\/inclusivenews.com.br\/?p=13266\" \/>\n<meta property=\"og:locale\" content=\"pt_PT\" \/>\n<meta property=\"og:type\" content=\"article\" \/>\n<meta property=\"og:title\" content=\"Milh\u00f5es de crian\u00e7as est\u00e3o a perder o direito \u00e0 educa\u00e7\u00e3o -\" \/>\n<meta property=\"og:description\" content=\"Ag\u00eancia da ONU lan\u00e7a Relat\u00f3rio de Monitoriza\u00e7\u00e3o Global de 2010 em Janeiro; crise econ\u00f3mica mundial poder\u00e1 atrasar os objectivos educacionais previstos at\u00e9 2015. O Relat\u00f3rio de Monitoriza\u00e7\u00e3o Global de Educa\u00e7\u00e3o para Todos de 2010, em como alcan\u00e7ar crian\u00e7as marginalizadas, vai ser lan\u00e7ado a 19 de Janeiro, na sede das Na\u00e7\u00f5es Unidas em Nova Iorque. Apesar [&hellip;]\" \/>\n<meta property=\"og:url\" content=\"https:\/\/inclusivenews.com.br\/?p=13266\" \/>\n<meta property=\"article:publisher\" content=\"https:\/\/www.facebook.com\/agenciainclusive\/\" \/>\n<meta property=\"article:published_time\" content=\"2010-01-06T00:11:38+00:00\" \/>\n<meta property=\"og:image\" content=\"http:\/\/inclusivenews.com.br\/wp-content\/uploads\/2010\/01\/67848-150x150.gif\" \/>\n<meta name=\"author\" content=\"inclusivenews2024\" \/>\n<meta name=\"twitter:card\" content=\"summary_large_image\" \/>\n<meta name=\"twitter:label1\" content=\"Escrito por\" \/>\n\t<meta name=\"twitter:data1\" content=\"inclusivenews2024\" \/>\n\t<meta name=\"twitter:label2\" content=\"Tempo estimado de leitura\" \/>\n\t<meta name=\"twitter:data2\" content=\"2 minutos\" \/>\n<script type=\"application\/ld+json\" class=\"yoast-schema-graph\">{\"@context\":\"https:\\\/\\\/schema.org\",\"@graph\":[{\"@type\":\"Article\",\"@id\":\"https:\\\/\\\/inclusivenews.com.br\\\/?p=13266#article\",\"isPartOf\":{\"@id\":\"https:\\\/\\\/inclusivenews.com.br\\\/?p=13266\"},\"author\":{\"name\":\"inclusivenews2024\",\"@id\":\"https:\\\/\\\/inclusivenews.com.br\\\/#\\\/schema\\\/person\\\/ae4ec7087559b8692fb33b6fffd2273b\"},\"headline\":\"Milh\u00f5es de crian\u00e7as est\u00e3o a perder o direito \u00e0 educa\u00e7\u00e3o\",\"datePublished\":\"2010-01-06T00:11:38+00:00\",\"mainEntityOfPage\":{\"@id\":\"https:\\\/\\\/inclusivenews.com.br\\\/?p=13266\"},\"wordCount\":380,\"commentCount\":0,\"publisher\":{\"@id\":\"https:\\\/\\\/inclusivenews.com.br\\\/#organization\"},\"image\":{\"@id\":\"https:\\\/\\\/inclusivenews.com.br\\\/?p=13266#primaryimage\"},\"thumbnailUrl\":\"http:\\\/\\\/inclusivenews.com.br\\\/wp-content\\\/uploads\\\/2010\\\/01\\\/67848-150x150.gif\",\"articleSection\":[\"EDUCA\u00c7\u00c3O\",\"NOT\u00cdCIAS\"],\"inLanguage\":\"pt-PT\",\"potentialAction\":[{\"@type\":\"CommentAction\",\"name\":\"Comment\",\"target\":[\"https:\\\/\\\/inclusivenews.com.br\\\/?p=13266#respond\"]}]},{\"@type\":\"WebPage\",\"@id\":\"https:\\\/\\\/inclusivenews.com.br\\\/?p=13266\",\"url\":\"https:\\\/\\\/inclusivenews.com.br\\\/?p=13266\",\"name\":\"Milh\u00f5es de crian\u00e7as est\u00e3o a perder o direito \u00e0 educa\u00e7\u00e3o -\",\"isPartOf\":{\"@id\":\"https:\\\/\\\/inclusivenews.com.br\\\/#website\"},\"primaryImageOfPage\":{\"@id\":\"https:\\\/\\\/inclusivenews.com.br\\\/?p=13266#primaryimage\"},\"image\":{\"@id\":\"https:\\\/\\\/inclusivenews.com.br\\\/?p=13266#primaryimage\"},\"thumbnailUrl\":\"http:\\\/\\\/inclusivenews.com.br\\\/wp-content\\\/uploads\\\/2010\\\/01\\\/67848-150x150.gif\",\"datePublished\":\"2010-01-06T00:11:38+00:00\",\"breadcrumb\":{\"@id\":\"https:\\\/\\\/inclusivenews.com.br\\\/?p=13266#breadcrumb\"},\"inLanguage\":\"pt-PT\",\"potentialAction\":[{\"@type\":\"ReadAction\",\"target\":[\"https:\\\/\\\/inclusivenews.com.br\\\/?p=13266\"]}]},{\"@type\":\"ImageObject\",\"inLanguage\":\"pt-PT\",\"@id\":\"https:\\\/\\\/inclusivenews.com.br\\\/?p=13266#primaryimage\",\"url\":\"\",\"contentUrl\":\"\"},{\"@type\":\"BreadcrumbList\",\"@id\":\"https:\\\/\\\/inclusivenews.com.br\\\/?p=13266#breadcrumb\",\"itemListElement\":[{\"@type\":\"ListItem\",\"position\":1,\"name\":\"In\u00edcio\",\"item\":\"https:\\\/\\\/inclusivenews.com.br\\\/\"},{\"@type\":\"ListItem\",\"position\":2,\"name\":\"Milh\u00f5es de crian\u00e7as est\u00e3o a perder o direito \u00e0 educa\u00e7\u00e3o\"}]},{\"@type\":\"WebSite\",\"@id\":\"https:\\\/\\\/inclusivenews.com.br\\\/#website\",\"url\":\"https:\\\/\\\/inclusivenews.com.br\\\/\",\"name\":\"Inclusive News\",\"description\":\"Inclusive News\",\"publisher\":{\"@id\":\"https:\\\/\\\/inclusivenews.com.br\\\/#organization\"},\"potentialAction\":[{\"@type\":\"SearchAction\",\"target\":{\"@type\":\"EntryPoint\",\"urlTemplate\":\"https:\\\/\\\/inclusivenews.com.br\\\/?s={search_term_string}\"},\"query-input\":{\"@type\":\"PropertyValueSpecification\",\"valueRequired\":true,\"valueName\":\"search_term_string\"}}],\"inLanguage\":\"pt-PT\"},{\"@type\":\"Organization\",\"@id\":\"https:\\\/\\\/inclusivenews.com.br\\\/#organization\",\"name\":\"Inclusive - inclus\u00e3o e cidadania\",\"url\":\"https:\\\/\\\/inclusivenews.com.br\\\/\",\"logo\":{\"@type\":\"ImageObject\",\"inLanguage\":\"pt-PT\",\"@id\":\"https:\\\/\\\/inclusivenews.com.br\\\/#\\\/schema\\\/logo\\\/image\\\/\",\"url\":\"https:\\\/\\\/inclusivenews.com.br\\\/wp-content\\\/uploads\\\/2024\\\/03\\\/@grandesite.png\",\"contentUrl\":\"https:\\\/\\\/inclusivenews.com.br\\\/wp-content\\\/uploads\\\/2024\\\/03\\\/@grandesite.png\",\"width\":1080,\"height\":1080,\"caption\":\"Inclusive - inclus\u00e3o e cidadania\"},\"image\":{\"@id\":\"https:\\\/\\\/inclusivenews.com.br\\\/#\\\/schema\\\/logo\\\/image\\\/\"},\"sameAs\":[\"https:\\\/\\\/www.facebook.com\\\/agenciainclusive\\\/\",\"https:\\\/\\\/www.instagram.com\\\/newsinclusive\\\/\"]},{\"@type\":\"Person\",\"@id\":\"https:\\\/\\\/inclusivenews.com.br\\\/#\\\/schema\\\/person\\\/ae4ec7087559b8692fb33b6fffd2273b\",\"name\":\"inclusivenews2024\",\"image\":{\"@type\":\"ImageObject\",\"inLanguage\":\"pt-PT\",\"@id\":\"https:\\\/\\\/secure.gravatar.com\\\/avatar\\\/c5a7ef84c66fa914f55bc4f7ce26cfa275a3b9a1c5568b907bd184fb4dde7b40?s=96&d=mm&r=g\",\"url\":\"https:\\\/\\\/secure.gravatar.com\\\/avatar\\\/c5a7ef84c66fa914f55bc4f7ce26cfa275a3b9a1c5568b907bd184fb4dde7b40?s=96&d=mm&r=g\",\"contentUrl\":\"https:\\\/\\\/secure.gravatar.com\\\/avatar\\\/c5a7ef84c66fa914f55bc4f7ce26cfa275a3b9a1c5568b907bd184fb4dde7b40?s=96&d=mm&r=g\",\"caption\":\"inclusivenews2024\"},\"sameAs\":[\"https:\\\/\\\/inclusivenews.com.br\"],\"url\":\"https:\\\/\\\/inclusivenews.com.br\\\/?author=1\"}]}<\/script>\n<!-- \/ Yoast SEO plugin. -->","yoast_head_json":{"title":"Milh\u00f5es de crian\u00e7as est\u00e3o a perder o direito \u00e0 educa\u00e7\u00e3o -","robots":{"index":"index","follow":"follow","max-snippet":"max-snippet:-1","max-image-preview":"max-image-preview:large","max-video-preview":"max-video-preview:-1"},"canonical":"https:\/\/inclusivenews.com.br\/?p=13266","og_locale":"pt_PT","og_type":"article","og_title":"Milh\u00f5es de crian\u00e7as est\u00e3o a perder o direito \u00e0 educa\u00e7\u00e3o -","og_description":"Ag\u00eancia da ONU lan\u00e7a Relat\u00f3rio de Monitoriza\u00e7\u00e3o Global de 2010 em Janeiro; crise econ\u00f3mica mundial poder\u00e1 atrasar os objectivos educacionais previstos at\u00e9 2015. O Relat\u00f3rio de Monitoriza\u00e7\u00e3o Global de Educa\u00e7\u00e3o para Todos de 2010, em como alcan\u00e7ar crian\u00e7as marginalizadas, vai ser lan\u00e7ado a 19 de Janeiro, na sede das Na\u00e7\u00f5es Unidas em Nova Iorque. Apesar [&hellip;]","og_url":"https:\/\/inclusivenews.com.br\/?p=13266","article_publisher":"https:\/\/www.facebook.com\/agenciainclusive\/","article_published_time":"2010-01-06T00:11:38+00:00","og_image":[{"url":"http:\/\/inclusivenews.com.br\/wp-content\/uploads\/2010\/01\/67848-150x150.gif","type":"","width":"","height":""}],"author":"inclusivenews2024","twitter_card":"summary_large_image","twitter_misc":{"Escrito por":"inclusivenews2024","Tempo estimado de leitura":"2 minutos"},"schema":{"@context":"https:\/\/schema.org","@graph":[{"@type":"Article","@id":"https:\/\/inclusivenews.com.br\/?p=13266#article","isPartOf":{"@id":"https:\/\/inclusivenews.com.br\/?p=13266"},"author":{"name":"inclusivenews2024","@id":"https:\/\/inclusivenews.com.br\/#\/schema\/person\/ae4ec7087559b8692fb33b6fffd2273b"},"headline":"Milh\u00f5es de crian\u00e7as est\u00e3o a perder o direito \u00e0 educa\u00e7\u00e3o","datePublished":"2010-01-06T00:11:38+00:00","mainEntityOfPage":{"@id":"https:\/\/inclusivenews.com.br\/?p=13266"},"wordCount":380,"commentCount":0,"publisher":{"@id":"https:\/\/inclusivenews.com.br\/#organization"},"image":{"@id":"https:\/\/inclusivenews.com.br\/?p=13266#primaryimage"},"thumbnailUrl":"http:\/\/inclusivenews.com.br\/wp-content\/uploads\/2010\/01\/67848-150x150.gif","articleSection":["EDUCA\u00c7\u00c3O","NOT\u00cdCIAS"],"inLanguage":"pt-PT","potentialAction":[{"@type":"CommentAction","name":"Comment","target":["https:\/\/inclusivenews.com.br\/?p=13266#respond"]}]},{"@type":"WebPage","@id":"https:\/\/inclusivenews.com.br\/?p=13266","url":"https:\/\/inclusivenews.com.br\/?p=13266","name":"Milh\u00f5es de crian\u00e7as est\u00e3o a perder o direito \u00e0 educa\u00e7\u00e3o -","isPartOf":{"@id":"https:\/\/inclusivenews.com.br\/#website"},"primaryImageOfPage":{"@id":"https:\/\/inclusivenews.com.br\/?p=13266#primaryimage"},"image":{"@id":"https:\/\/inclusivenews.com.br\/?p=13266#primaryimage"},"thumbnailUrl":"http:\/\/inclusivenews.com.br\/wp-content\/uploads\/2010\/01\/67848-150x150.gif","datePublished":"2010-01-06T00:11:38+00:00","breadcrumb":{"@id":"https:\/\/inclusivenews.com.br\/?p=13266#breadcrumb"},"inLanguage":"pt-PT","potentialAction":[{"@type":"ReadAction","target":["https:\/\/inclusivenews.com.br\/?p=13266"]}]},{"@type":"ImageObject","inLanguage":"pt-PT","@id":"https:\/\/inclusivenews.com.br\/?p=13266#primaryimage","url":"","contentUrl":""},{"@type":"BreadcrumbList","@id":"https:\/\/inclusivenews.com.br\/?p=13266#breadcrumb","itemListElement":[{"@type":"ListItem","position":1,"name":"In\u00edcio","item":"https:\/\/inclusivenews.com.br\/"},{"@type":"ListItem","position":2,"name":"Milh\u00f5es de crian\u00e7as est\u00e3o a perder o direito \u00e0 educa\u00e7\u00e3o"}]},{"@type":"WebSite","@id":"https:\/\/inclusivenews.com.br\/#website","url":"https:\/\/inclusivenews.com.br\/","name":"Inclusive News","description":"Inclusive News","publisher":{"@id":"https:\/\/inclusivenews.com.br\/#organization"},"potentialAction":[{"@type":"SearchAction","target":{"@type":"EntryPoint","urlTemplate":"https:\/\/inclusivenews.com.br\/?s={search_term_string}"},"query-input":{"@type":"PropertyValueSpecification","valueRequired":true,"valueName":"search_term_string"}}],"inLanguage":"pt-PT"},{"@type":"Organization","@id":"https:\/\/inclusivenews.com.br\/#organization","name":"Inclusive - inclus\u00e3o e cidadania","url":"https:\/\/inclusivenews.com.br\/","logo":{"@type":"ImageObject","inLanguage":"pt-PT","@id":"https:\/\/inclusivenews.com.br\/#\/schema\/logo\/image\/","url":"https:\/\/inclusivenews.com.br\/wp-content\/uploads\/2024\/03\/@grandesite.png","contentUrl":"https:\/\/inclusivenews.com.br\/wp-content\/uploads\/2024\/03\/@grandesite.png","width":1080,"height":1080,"caption":"Inclusive - inclus\u00e3o e cidadania"},"image":{"@id":"https:\/\/inclusivenews.com.br\/#\/schema\/logo\/image\/"},"sameAs":["https:\/\/www.facebook.com\/agenciainclusive\/","https:\/\/www.instagram.com\/newsinclusive\/"]},{"@type":"Person","@id":"https:\/\/inclusivenews.com.br\/#\/schema\/person\/ae4ec7087559b8692fb33b6fffd2273b","name":"inclusivenews2024","image":{"@type":"ImageObject","inLanguage":"pt-PT","@id":"https:\/\/secure.gravatar.com\/avatar\/c5a7ef84c66fa914f55bc4f7ce26cfa275a3b9a1c5568b907bd184fb4dde7b40?s=96&d=mm&r=g","url":"https:\/\/secure.gravatar.com\/avatar\/c5a7ef84c66fa914f55bc4f7ce26cfa275a3b9a1c5568b907bd184fb4dde7b40?s=96&d=mm&r=g","contentUrl":"https:\/\/secure.gravatar.com\/avatar\/c5a7ef84c66fa914f55bc4f7ce26cfa275a3b9a1c5568b907bd184fb4dde7b40?s=96&d=mm&r=g","caption":"inclusivenews2024"},"sameAs":["https:\/\/inclusivenews.com.br"],"url":"https:\/\/inclusivenews.com.br\/?author=1"}]}},"_links":{"self":[{"href":"https:\/\/inclusivenews.com.br\/index.php?rest_route=\/wp\/v2\/posts\/13266","targetHints":{"allow":["GET"]}}],"collection":[{"href":"https:\/\/inclusivenews.com.br\/index.php?rest_route=\/wp\/v2\/posts"}],"about":[{"href":"https:\/\/inclusivenews.com.br\/index.php?rest_route=\/wp\/v2\/types\/post"}],"author":[{"embeddable":true,"href":"https:\/\/inclusivenews.com.br\/index.php?rest_route=\/wp\/v2\/users\/1"}],"replies":[{"embeddable":true,"href":"https:\/\/inclusivenews.com.br\/index.php?rest_route=%2Fwp%2Fv2%2Fcomments&post=13266"}],"version-history":[{"count":0,"href":"https:\/\/inclusivenews.com.br\/index.php?rest_route=\/wp\/v2\/posts\/13266\/revisions"}],"wp:attachment":[{"href":"https:\/\/inclusivenews.com.br\/index.php?rest_route=%2Fwp%2Fv2%2Fmedia&parent=13266"}],"wp:term":[{"taxonomy":"category","embeddable":true,"href":"https:\/\/inclusivenews.com.br\/index.php?rest_route=%2Fwp%2Fv2%2Fcategories&post=13266"},{"taxonomy":"post_tag","embeddable":true,"href":"https:\/\/inclusivenews.com.br\/index.php?rest_route=%2Fwp%2Fv2%2Ftags&post=13266"}],"curies":[{"name":"wp","href":"https:\/\/api.w.org\/{rel}","templated":true}]}}