{"id":13268,"date":"2010-01-05T16:41:30","date_gmt":"2010-01-05T19:41:30","guid":{"rendered":"http:\/\/www.inclusive.org.br\/?p=13268"},"modified":"2010-01-05T16:41:30","modified_gmt":"2010-01-05T19:41:30","slug":"investigadores-estudam-a-integracao-de-surdos","status":"publish","type":"post","link":"https:\/\/inclusivenews.com.br\/?p=13268","title":{"rendered":"Investigadores estudam a integra\u00e7\u00e3o de surdos"},"content":{"rendered":"<figure id=\"attachment_13269\" aria-describedby=\"caption-attachment-13269\" style=\"width: 150px\" class=\"wp-caption alignleft\"><a href=\"http:\/\/www.inclusivenews.com.br\/wp-content\/uploads\/2010\/01\/alfabeto-em-libras.jpg\"><img loading=\"lazy\" decoding=\"async\" class=\"size-thumbnail wp-image-13269\" title=\"alfabeto-em-libras\" src=\"http:\/\/inclusivenews.com.br\/wp-content\/uploads\/2010\/01\/alfabeto-em-libras-150x150.jpg\" alt=\"Fotos de m\u00e3os representando as letras do alfabeto da l\u00edngua brasileira de sinais, Libras\" width=\"150\" height=\"150\" \/><\/a><figcaption id=\"caption-attachment-13269\" class=\"wp-caption-text\">Fotos de m\u00e3os representando as letras do alfabeto da l\u00edngua brasileira de sinais, Libras<\/figcaption><\/figure>\n<p>Projecto aborda exerc\u00edcio de cidadania em comunidades em desvantagem<\/p>\n<p>A Faculdade de Psicologia e Ci\u00eancias da Educa\u00e7\u00e3o da Universidade do Porto apresenta hoje, ter\u00e7a-feira,\u00a0um projecto de investiga\u00e7\u00e3o, a desenvolver nos pr\u00f3ximos 14 meses, sobre a problem\u00e1tica da surdez e a forma como exercem a sua cidadania.<\/p>\n<p>O estudo &#8211; integrado num projecto europeu, designado Profacity, que investiga comunidades que, de alguma forma, vivem \u00e0 margem (cidadanias profanas) &#8211; pretende, no nosso caso, debru\u00e7ar-se sobre a surdez e a forma como os surdos constroem a sua vida em sociedade. Do mesmo modo, pretende identificar quais as fragilidades no exerc\u00edcio da sua cidadania.<\/p>\n<p>&#8220;Esta investiga\u00e7\u00e3o visa contribuir para a discuss\u00e3o e a reflex\u00e3o sobre as condi\u00e7\u00f5es que favorecem a fragiliza\u00e7\u00e3o e\/ou promo\u00e7\u00e3o dos processos de constru\u00e7\u00e3o de cidadania dos surdos&#8221;, explica Orqu\u00eddea Coelho, coordenadora na equipa portuguesa.<\/p>\n<p>O trabalho de campo<\/p>\n<p>Ao longo dos pr\u00f3ximos 14 meses, esta equipa vai estudar comunidades educativas com alunos surdos; contextos informais de sociabilidade, ou seja, espa\u00e7os onde convivem, como teatros ou eventos desportivos; e, ainda, contextos de proximidade, isto \u00e9, como vivem em fam\u00edlia.<\/p>\n<p>O trabalho ser\u00e1 levado a cabo junto de surdos isolados que n\u00e3o t\u00eam uma l\u00edngua comunit\u00e1ria, bem como junto de surdos em pleno exerc\u00edcio de cidadania como, por exemplo, dirigentes associativos, que s\u00e3o, muitas vezes, &#8220;quem acaba por fazer press\u00e3o visando altera\u00e7\u00f5es legislativas que contribuam para uma cidadania plena&#8221;, acrescentou Orqu\u00eddea Coelho.<\/p>\n<p>De acordo com os investigadores, a an\u00e1lise incidir\u00e1 em iniciativas c\u00edvicas de propriedade democr\u00e1tica, relacionando-as com tr\u00eas dimens\u00f5es estruturantes: as atesta\u00e7\u00f5es de identidade, a l\u00edngua e os c\u00f3digos sociais e os recursos de urbanidade.<\/p>\n<p>A equipa portuguesa \u00e9 composta por 18 elementos. Integra investigadores surdos e ouvintes, entre os quais docentes e investigadores em Ci\u00eancias da Educa\u00e7\u00e3o, bolseiros de investiga\u00e7\u00e3o, int\u00e9rpretes de l\u00edngua gestual portuguesa, formadores surdos, professores ouvintes de alunos surdos, mestrandos e doutorandos da \u00e1rea das Ci\u00eancias da Educa\u00e7\u00e3o e das \u00e1reas de especializa\u00e7\u00e3o em surdez e educa\u00e7\u00e3o.<\/p>\n<p>O projecto \u00e9 lan\u00e7ado hoje para que daqui a dois anos haja uma permuta de experi\u00eancias com os parceiros europeus (Fran\u00e7a, Eslov\u00e9nia, B\u00e9lgica e Holanda). O Profacity visa estudar cidadanias profanas, ou seja, experi\u00eancias de cidadania por parte de pessoas, grupos e\/ou comunidades em desvantagem e\/ou falta de recursos que p\u00f5em em causa o seu direito a ter direitos, no que se refere ao exerc\u00edcio efectivo dos seus direitos democr\u00e1ticos e de cidadania.<\/p>\n<p>&#8220;Este projecto &#8211; em que cada pa\u00eds escolhe um grupo alvo para estudar- visa perceber as viv\u00eancias e pr\u00e1ticas de grupos ou comunidades onde o exerc\u00edcio efectivo dos seus direitos estaja colocado em causa e, ainda, a forma como reconfiguram e transformam o exerc\u00edcio da cidadania&#8221;, defendeu a coordenadora.<\/p>\n<p>Em Portugal, esta fase do projecto contar\u00e1 com 14 meses para daqui a dois anos come\u00e7ar-se a cruzar informa\u00e7\u00f5es com os parceiros europeus.<\/p>\n<p>No final do projecto, ficar-se-\u00e1 a saber como \u00e9 que vivem v\u00e1rias comunidades que, de alguma forma, est\u00e3o \u00e0 margem. Como vivem, como exercem a sua cidadania, quais as fragilidades e pontos fortes nesse exerc\u00edcio e como transformam essas mesmas dificuldades.<\/p>\n<p>Fonte: Jornal de Not\u00edcias &#8211; Portugal<\/p>\n<p>\u00a0<span style=\"font-size: x-small; font-family: Arial;\"><span style=\"FONT-SIZE: 10pt; FONT-FAMILY: Arial\"><a rel=\"nofollow noopener\" href=\"http:\/\/jn.sapo.pt\/PaginaInicial\/Sociedade\/Interior.aspx?content_id=1461790\" target=\"_blank\">http:\/\/jn.sapo.pt\/PaginaInicial\/Sociedade\/Interior.aspx?content_id=1461790<\/a><\/span><\/span><\/p>\n","protected":false},"excerpt":{"rendered":"<p>Projecto aborda exerc\u00edcio de cidadania em comunidades em desvantagem A Faculdade de Psicologia e Ci\u00eancias da Educa\u00e7\u00e3o da Universidade do Porto apresenta hoje, ter\u00e7a-feira,\u00a0um projecto de investiga\u00e7\u00e3o, a desenvolver nos pr\u00f3ximos 14 meses, sobre a problem\u00e1tica da surdez e a forma como exercem a sua cidadania. O estudo &#8211; integrado num projecto europeu, designado Profacity, [&hellip;]<\/p>\n","protected":false},"author":1,"featured_media":0,"comment_status":"open","ping_status":"open","sticky":false,"template":"","format":"standard","meta":{"site-container-style":"default","site-container-layout":"default","site-sidebar-layout":"default","disable-article-header":"default","disable-site-header":"default","disable-site-footer":"default","disable-content-area-spacing":"default","footnotes":""},"categories":[4,24],"tags":[],"class_list":["post-13268","post","type-post","status-publish","format-standard","hentry","category-noticias","category-producao-academica"],"yoast_head":"<!-- This site is optimized with the Yoast SEO plugin v27.4 - https:\/\/yoast.com\/product\/yoast-seo-wordpress\/ -->\n<title>Investigadores estudam a integra\u00e7\u00e3o de surdos -<\/title>\n<meta name=\"robots\" content=\"index, follow, max-snippet:-1, max-image-preview:large, max-video-preview:-1\" \/>\n<link rel=\"canonical\" href=\"https:\/\/inclusivenews.com.br\/?p=13268\" \/>\n<meta property=\"og:locale\" content=\"pt_PT\" \/>\n<meta property=\"og:type\" content=\"article\" \/>\n<meta property=\"og:title\" content=\"Investigadores estudam a integra\u00e7\u00e3o de surdos -\" \/>\n<meta property=\"og:description\" content=\"Projecto aborda exerc\u00edcio de cidadania em comunidades em desvantagem A Faculdade de Psicologia e Ci\u00eancias da Educa\u00e7\u00e3o da Universidade do Porto apresenta hoje, ter\u00e7a-feira,\u00a0um projecto de investiga\u00e7\u00e3o, a desenvolver nos pr\u00f3ximos 14 meses, sobre a problem\u00e1tica da surdez e a forma como exercem a sua cidadania. O estudo &#8211; integrado num projecto europeu, designado Profacity, [&hellip;]\" \/>\n<meta property=\"og:url\" content=\"https:\/\/inclusivenews.com.br\/?p=13268\" \/>\n<meta property=\"article:publisher\" content=\"https:\/\/www.facebook.com\/agenciainclusive\/\" \/>\n<meta property=\"article:published_time\" content=\"2010-01-05T19:41:30+00:00\" \/>\n<meta property=\"og:image\" content=\"http:\/\/inclusivenews.com.br\/wp-content\/uploads\/2010\/01\/alfabeto-em-libras-150x150.jpg\" \/>\n<meta name=\"author\" content=\"inclusivenews2024\" \/>\n<meta name=\"twitter:card\" content=\"summary_large_image\" \/>\n<meta name=\"twitter:label1\" content=\"Escrito por\" \/>\n\t<meta name=\"twitter:data1\" content=\"inclusivenews2024\" \/>\n\t<meta name=\"twitter:label2\" content=\"Tempo estimado de leitura\" \/>\n\t<meta name=\"twitter:data2\" content=\"3 minutos\" \/>\n<script type=\"application\/ld+json\" class=\"yoast-schema-graph\">{\"@context\":\"https:\\\/\\\/schema.org\",\"@graph\":[{\"@type\":\"Article\",\"@id\":\"https:\\\/\\\/inclusivenews.com.br\\\/?p=13268#article\",\"isPartOf\":{\"@id\":\"https:\\\/\\\/inclusivenews.com.br\\\/?p=13268\"},\"author\":{\"name\":\"inclusivenews2024\",\"@id\":\"https:\\\/\\\/inclusivenews.com.br\\\/#\\\/schema\\\/person\\\/ae4ec7087559b8692fb33b6fffd2273b\"},\"headline\":\"Investigadores estudam a integra\u00e7\u00e3o de surdos\",\"datePublished\":\"2010-01-05T19:41:30+00:00\",\"mainEntityOfPage\":{\"@id\":\"https:\\\/\\\/inclusivenews.com.br\\\/?p=13268\"},\"wordCount\":614,\"commentCount\":1,\"publisher\":{\"@id\":\"https:\\\/\\\/inclusivenews.com.br\\\/#organization\"},\"image\":{\"@id\":\"https:\\\/\\\/inclusivenews.com.br\\\/?p=13268#primaryimage\"},\"thumbnailUrl\":\"http:\\\/\\\/inclusivenews.com.br\\\/wp-content\\\/uploads\\\/2010\\\/01\\\/alfabeto-em-libras-150x150.jpg\",\"articleSection\":[\"NOT\u00cdCIAS\",\"Produ\u00e7\u00e3o acad\u00eamica\"],\"inLanguage\":\"pt-PT\",\"potentialAction\":[{\"@type\":\"CommentAction\",\"name\":\"Comment\",\"target\":[\"https:\\\/\\\/inclusivenews.com.br\\\/?p=13268#respond\"]}]},{\"@type\":\"WebPage\",\"@id\":\"https:\\\/\\\/inclusivenews.com.br\\\/?p=13268\",\"url\":\"https:\\\/\\\/inclusivenews.com.br\\\/?p=13268\",\"name\":\"Investigadores estudam a integra\u00e7\u00e3o de surdos -\",\"isPartOf\":{\"@id\":\"https:\\\/\\\/inclusivenews.com.br\\\/#website\"},\"primaryImageOfPage\":{\"@id\":\"https:\\\/\\\/inclusivenews.com.br\\\/?p=13268#primaryimage\"},\"image\":{\"@id\":\"https:\\\/\\\/inclusivenews.com.br\\\/?p=13268#primaryimage\"},\"thumbnailUrl\":\"http:\\\/\\\/inclusivenews.com.br\\\/wp-content\\\/uploads\\\/2010\\\/01\\\/alfabeto-em-libras-150x150.jpg\",\"datePublished\":\"2010-01-05T19:41:30+00:00\",\"breadcrumb\":{\"@id\":\"https:\\\/\\\/inclusivenews.com.br\\\/?p=13268#breadcrumb\"},\"inLanguage\":\"pt-PT\",\"potentialAction\":[{\"@type\":\"ReadAction\",\"target\":[\"https:\\\/\\\/inclusivenews.com.br\\\/?p=13268\"]}]},{\"@type\":\"ImageObject\",\"inLanguage\":\"pt-PT\",\"@id\":\"https:\\\/\\\/inclusivenews.com.br\\\/?p=13268#primaryimage\",\"url\":\"\",\"contentUrl\":\"\"},{\"@type\":\"BreadcrumbList\",\"@id\":\"https:\\\/\\\/inclusivenews.com.br\\\/?p=13268#breadcrumb\",\"itemListElement\":[{\"@type\":\"ListItem\",\"position\":1,\"name\":\"In\u00edcio\",\"item\":\"https:\\\/\\\/inclusivenews.com.br\\\/\"},{\"@type\":\"ListItem\",\"position\":2,\"name\":\"Investigadores estudam a integra\u00e7\u00e3o de surdos\"}]},{\"@type\":\"WebSite\",\"@id\":\"https:\\\/\\\/inclusivenews.com.br\\\/#website\",\"url\":\"https:\\\/\\\/inclusivenews.com.br\\\/\",\"name\":\"Inclusive News\",\"description\":\"Inclusive News\",\"publisher\":{\"@id\":\"https:\\\/\\\/inclusivenews.com.br\\\/#organization\"},\"potentialAction\":[{\"@type\":\"SearchAction\",\"target\":{\"@type\":\"EntryPoint\",\"urlTemplate\":\"https:\\\/\\\/inclusivenews.com.br\\\/?s={search_term_string}\"},\"query-input\":{\"@type\":\"PropertyValueSpecification\",\"valueRequired\":true,\"valueName\":\"search_term_string\"}}],\"inLanguage\":\"pt-PT\"},{\"@type\":\"Organization\",\"@id\":\"https:\\\/\\\/inclusivenews.com.br\\\/#organization\",\"name\":\"Inclusive - inclus\u00e3o e cidadania\",\"url\":\"https:\\\/\\\/inclusivenews.com.br\\\/\",\"logo\":{\"@type\":\"ImageObject\",\"inLanguage\":\"pt-PT\",\"@id\":\"https:\\\/\\\/inclusivenews.com.br\\\/#\\\/schema\\\/logo\\\/image\\\/\",\"url\":\"https:\\\/\\\/inclusivenews.com.br\\\/wp-content\\\/uploads\\\/2024\\\/03\\\/@grandesite.png\",\"contentUrl\":\"https:\\\/\\\/inclusivenews.com.br\\\/wp-content\\\/uploads\\\/2024\\\/03\\\/@grandesite.png\",\"width\":1080,\"height\":1080,\"caption\":\"Inclusive - inclus\u00e3o e cidadania\"},\"image\":{\"@id\":\"https:\\\/\\\/inclusivenews.com.br\\\/#\\\/schema\\\/logo\\\/image\\\/\"},\"sameAs\":[\"https:\\\/\\\/www.facebook.com\\\/agenciainclusive\\\/\",\"https:\\\/\\\/www.instagram.com\\\/newsinclusive\\\/\"]},{\"@type\":\"Person\",\"@id\":\"https:\\\/\\\/inclusivenews.com.br\\\/#\\\/schema\\\/person\\\/ae4ec7087559b8692fb33b6fffd2273b\",\"name\":\"inclusivenews2024\",\"image\":{\"@type\":\"ImageObject\",\"inLanguage\":\"pt-PT\",\"@id\":\"https:\\\/\\\/secure.gravatar.com\\\/avatar\\\/c5a7ef84c66fa914f55bc4f7ce26cfa275a3b9a1c5568b907bd184fb4dde7b40?s=96&d=mm&r=g\",\"url\":\"https:\\\/\\\/secure.gravatar.com\\\/avatar\\\/c5a7ef84c66fa914f55bc4f7ce26cfa275a3b9a1c5568b907bd184fb4dde7b40?s=96&d=mm&r=g\",\"contentUrl\":\"https:\\\/\\\/secure.gravatar.com\\\/avatar\\\/c5a7ef84c66fa914f55bc4f7ce26cfa275a3b9a1c5568b907bd184fb4dde7b40?s=96&d=mm&r=g\",\"caption\":\"inclusivenews2024\"},\"sameAs\":[\"https:\\\/\\\/inclusivenews.com.br\"],\"url\":\"https:\\\/\\\/inclusivenews.com.br\\\/?author=1\"}]}<\/script>\n<!-- \/ Yoast SEO plugin. -->","yoast_head_json":{"title":"Investigadores estudam a integra\u00e7\u00e3o de surdos -","robots":{"index":"index","follow":"follow","max-snippet":"max-snippet:-1","max-image-preview":"max-image-preview:large","max-video-preview":"max-video-preview:-1"},"canonical":"https:\/\/inclusivenews.com.br\/?p=13268","og_locale":"pt_PT","og_type":"article","og_title":"Investigadores estudam a integra\u00e7\u00e3o de surdos -","og_description":"Projecto aborda exerc\u00edcio de cidadania em comunidades em desvantagem A Faculdade de Psicologia e Ci\u00eancias da Educa\u00e7\u00e3o da Universidade do Porto apresenta hoje, ter\u00e7a-feira,\u00a0um projecto de investiga\u00e7\u00e3o, a desenvolver nos pr\u00f3ximos 14 meses, sobre a problem\u00e1tica da surdez e a forma como exercem a sua cidadania. O estudo &#8211; integrado num projecto europeu, designado Profacity, [&hellip;]","og_url":"https:\/\/inclusivenews.com.br\/?p=13268","article_publisher":"https:\/\/www.facebook.com\/agenciainclusive\/","article_published_time":"2010-01-05T19:41:30+00:00","og_image":[{"url":"http:\/\/inclusivenews.com.br\/wp-content\/uploads\/2010\/01\/alfabeto-em-libras-150x150.jpg","type":"","width":"","height":""}],"author":"inclusivenews2024","twitter_card":"summary_large_image","twitter_misc":{"Escrito por":"inclusivenews2024","Tempo estimado de leitura":"3 minutos"},"schema":{"@context":"https:\/\/schema.org","@graph":[{"@type":"Article","@id":"https:\/\/inclusivenews.com.br\/?p=13268#article","isPartOf":{"@id":"https:\/\/inclusivenews.com.br\/?p=13268"},"author":{"name":"inclusivenews2024","@id":"https:\/\/inclusivenews.com.br\/#\/schema\/person\/ae4ec7087559b8692fb33b6fffd2273b"},"headline":"Investigadores estudam a integra\u00e7\u00e3o de surdos","datePublished":"2010-01-05T19:41:30+00:00","mainEntityOfPage":{"@id":"https:\/\/inclusivenews.com.br\/?p=13268"},"wordCount":614,"commentCount":1,"publisher":{"@id":"https:\/\/inclusivenews.com.br\/#organization"},"image":{"@id":"https:\/\/inclusivenews.com.br\/?p=13268#primaryimage"},"thumbnailUrl":"http:\/\/inclusivenews.com.br\/wp-content\/uploads\/2010\/01\/alfabeto-em-libras-150x150.jpg","articleSection":["NOT\u00cdCIAS","Produ\u00e7\u00e3o acad\u00eamica"],"inLanguage":"pt-PT","potentialAction":[{"@type":"CommentAction","name":"Comment","target":["https:\/\/inclusivenews.com.br\/?p=13268#respond"]}]},{"@type":"WebPage","@id":"https:\/\/inclusivenews.com.br\/?p=13268","url":"https:\/\/inclusivenews.com.br\/?p=13268","name":"Investigadores estudam a integra\u00e7\u00e3o de surdos -","isPartOf":{"@id":"https:\/\/inclusivenews.com.br\/#website"},"primaryImageOfPage":{"@id":"https:\/\/inclusivenews.com.br\/?p=13268#primaryimage"},"image":{"@id":"https:\/\/inclusivenews.com.br\/?p=13268#primaryimage"},"thumbnailUrl":"http:\/\/inclusivenews.com.br\/wp-content\/uploads\/2010\/01\/alfabeto-em-libras-150x150.jpg","datePublished":"2010-01-05T19:41:30+00:00","breadcrumb":{"@id":"https:\/\/inclusivenews.com.br\/?p=13268#breadcrumb"},"inLanguage":"pt-PT","potentialAction":[{"@type":"ReadAction","target":["https:\/\/inclusivenews.com.br\/?p=13268"]}]},{"@type":"ImageObject","inLanguage":"pt-PT","@id":"https:\/\/inclusivenews.com.br\/?p=13268#primaryimage","url":"","contentUrl":""},{"@type":"BreadcrumbList","@id":"https:\/\/inclusivenews.com.br\/?p=13268#breadcrumb","itemListElement":[{"@type":"ListItem","position":1,"name":"In\u00edcio","item":"https:\/\/inclusivenews.com.br\/"},{"@type":"ListItem","position":2,"name":"Investigadores estudam a integra\u00e7\u00e3o de surdos"}]},{"@type":"WebSite","@id":"https:\/\/inclusivenews.com.br\/#website","url":"https:\/\/inclusivenews.com.br\/","name":"Inclusive News","description":"Inclusive News","publisher":{"@id":"https:\/\/inclusivenews.com.br\/#organization"},"potentialAction":[{"@type":"SearchAction","target":{"@type":"EntryPoint","urlTemplate":"https:\/\/inclusivenews.com.br\/?s={search_term_string}"},"query-input":{"@type":"PropertyValueSpecification","valueRequired":true,"valueName":"search_term_string"}}],"inLanguage":"pt-PT"},{"@type":"Organization","@id":"https:\/\/inclusivenews.com.br\/#organization","name":"Inclusive - inclus\u00e3o e cidadania","url":"https:\/\/inclusivenews.com.br\/","logo":{"@type":"ImageObject","inLanguage":"pt-PT","@id":"https:\/\/inclusivenews.com.br\/#\/schema\/logo\/image\/","url":"https:\/\/inclusivenews.com.br\/wp-content\/uploads\/2024\/03\/@grandesite.png","contentUrl":"https:\/\/inclusivenews.com.br\/wp-content\/uploads\/2024\/03\/@grandesite.png","width":1080,"height":1080,"caption":"Inclusive - inclus\u00e3o e cidadania"},"image":{"@id":"https:\/\/inclusivenews.com.br\/#\/schema\/logo\/image\/"},"sameAs":["https:\/\/www.facebook.com\/agenciainclusive\/","https:\/\/www.instagram.com\/newsinclusive\/"]},{"@type":"Person","@id":"https:\/\/inclusivenews.com.br\/#\/schema\/person\/ae4ec7087559b8692fb33b6fffd2273b","name":"inclusivenews2024","image":{"@type":"ImageObject","inLanguage":"pt-PT","@id":"https:\/\/secure.gravatar.com\/avatar\/c5a7ef84c66fa914f55bc4f7ce26cfa275a3b9a1c5568b907bd184fb4dde7b40?s=96&d=mm&r=g","url":"https:\/\/secure.gravatar.com\/avatar\/c5a7ef84c66fa914f55bc4f7ce26cfa275a3b9a1c5568b907bd184fb4dde7b40?s=96&d=mm&r=g","contentUrl":"https:\/\/secure.gravatar.com\/avatar\/c5a7ef84c66fa914f55bc4f7ce26cfa275a3b9a1c5568b907bd184fb4dde7b40?s=96&d=mm&r=g","caption":"inclusivenews2024"},"sameAs":["https:\/\/inclusivenews.com.br"],"url":"https:\/\/inclusivenews.com.br\/?author=1"}]}},"_links":{"self":[{"href":"https:\/\/inclusivenews.com.br\/index.php?rest_route=\/wp\/v2\/posts\/13268","targetHints":{"allow":["GET"]}}],"collection":[{"href":"https:\/\/inclusivenews.com.br\/index.php?rest_route=\/wp\/v2\/posts"}],"about":[{"href":"https:\/\/inclusivenews.com.br\/index.php?rest_route=\/wp\/v2\/types\/post"}],"author":[{"embeddable":true,"href":"https:\/\/inclusivenews.com.br\/index.php?rest_route=\/wp\/v2\/users\/1"}],"replies":[{"embeddable":true,"href":"https:\/\/inclusivenews.com.br\/index.php?rest_route=%2Fwp%2Fv2%2Fcomments&post=13268"}],"version-history":[{"count":0,"href":"https:\/\/inclusivenews.com.br\/index.php?rest_route=\/wp\/v2\/posts\/13268\/revisions"}],"wp:attachment":[{"href":"https:\/\/inclusivenews.com.br\/index.php?rest_route=%2Fwp%2Fv2%2Fmedia&parent=13268"}],"wp:term":[{"taxonomy":"category","embeddable":true,"href":"https:\/\/inclusivenews.com.br\/index.php?rest_route=%2Fwp%2Fv2%2Fcategories&post=13268"},{"taxonomy":"post_tag","embeddable":true,"href":"https:\/\/inclusivenews.com.br\/index.php?rest_route=%2Fwp%2Fv2%2Ftags&post=13268"}],"curies":[{"name":"wp","href":"https:\/\/api.w.org\/{rel}","templated":true}]}}