{"id":13283,"date":"2010-01-07T04:38:36","date_gmt":"2010-01-07T07:38:36","guid":{"rendered":"http:\/\/www.inclusive.org.br\/?p=13283"},"modified":"2010-01-07T04:38:36","modified_gmt":"2010-01-07T07:38:36","slug":"calendario-happydown-e-destaque-na-revista-caras","status":"publish","type":"post","link":"https:\/\/inclusivenews.com.br\/?p=13283","title":{"rendered":"Calend\u00e1rio Happydown \u00e9 destaque na revista Caras"},"content":{"rendered":"<figure id=\"attachment_13288\" aria-describedby=\"caption-attachment-13288\" style=\"width: 209px\" class=\"wp-caption alignleft\"><a href=\"http:\/\/www.inclusivenews.com.br\/wp-content\/uploads\/2010\/01\/Caras-S+\u00fao-Paulo-01-01-10-921.jpg\"><img loading=\"lazy\" decoding=\"async\" class=\"size-medium wp-image-13288\" title=\"Caras - S+\u00fao Paulo - 01-01-10 - 92\" src=\"http:\/\/inclusivenews.com.br\/wp-content\/uploads\/2010\/01\/Caras-S+\u00fao-Paulo-01-01-10-921-209x300.jpg\" alt=\"Reportagem da revista Caras mostrando fotos de crian\u00e7as com artistas\" width=\"209\" height=\"300\" \/><\/a><figcaption id=\"caption-attachment-13288\" class=\"wp-caption-text\">Reportagem da revista Caras mostrando fotos de crian\u00e7as com artistas<\/figcaption><\/figure>\n<figure id=\"attachment_13289\" aria-describedby=\"caption-attachment-13289\" style=\"width: 208px\" class=\"wp-caption alignleft\"><a href=\"http:\/\/www.inclusivenews.com.br\/wp-content\/uploads\/2010\/01\/Caras-S+\u00fao-Paulo-01-01-10-932.jpg\"><img loading=\"lazy\" decoding=\"async\" class=\"size-medium wp-image-13289\" title=\"Caras - S+\u00fao Paulo - 01-01-10 - 93\" src=\"http:\/\/inclusivenews.com.br\/wp-content\/uploads\/2010\/01\/Caras-S+\u00fao-Paulo-01-01-10-932-208x300.jpg\" alt=\"Reportagem da revista Caras mostrando fotos de crian\u00e7as com artistas\" width=\"208\" height=\"300\" \/><\/a><figcaption id=\"caption-attachment-13289\" class=\"wp-caption-text\">Reportagem da revista Caras mostrando fotos de crian\u00e7as com artistas<\/figcaption><\/figure>\n<p>O calend\u00e1rio Happydowm, que entra em seu quarto ano de publica\u00e7\u00e3o, \u00a0foi destaque da \u00faltima edi\u00e7\u00e3o da revista Caras.<\/p>\n<p>Para comprar o calend\u00e1rio basta acessar o site da livraria Cultura:<\/p>\n<p><a rel=\"nofollow noopener\" href=\"http:\/\/www.livrariacultura.com.br\/\" target=\"_blank\">www.livrariacultura.com.br<\/a><\/p>\n<p><a rel=\"nofollow noopener\" href=\"http:\/\/www.livrariacultura.com.br\/\" target=\"_blank\"><\/a><br \/>\nO calend\u00e1rio est\u00e1 em todas as livrarias, qualquer d\u00favida, ligar para a\u00a0 loja do Market Place: 11-3474-4033<\/p>\n<p>As m\u00e3es trabalharam muito e o lucro integral da venda est\u00e1 sendo revertido para o Hospital Darci Vargas de S\u00e3o Paulo, que atende\u00a0 crian\u00e7as que tem Sindrome de\u00a0Down.<\/p>\n<figure id=\"attachment_13290\" aria-describedby=\"caption-attachment-13290\" style=\"width: 206px\" class=\"wp-caption alignleft\"><a href=\"http:\/\/www.inclusivenews.com.br\/wp-content\/uploads\/2010\/01\/Caras-S+\u00fao-Paulo-01-01-10-94.jpg\"><img loading=\"lazy\" decoding=\"async\" class=\"size-medium wp-image-13290\" title=\"Caras - S+\u00fao Paulo - 01-01-10 - 94\" src=\"http:\/\/inclusivenews.com.br\/wp-content\/uploads\/2010\/01\/Caras-S+\u00fao-Paulo-01-01-10-94-206x300.jpg\" alt=\"Reportagem da revista Caras mostrandofotos de crian\u00e7as com artistas\" width=\"206\" height=\"300\" \/><\/a><figcaption id=\"caption-attachment-13290\" class=\"wp-caption-text\">Reportagem da revista Caras mostrandofotos de crian\u00e7as com artistas<\/figcaption><\/figure>\n<figure id=\"attachment_13291\" aria-describedby=\"caption-attachment-13291\" style=\"width: 196px\" class=\"wp-caption alignleft\"><a href=\"http:\/\/www.inclusivenews.com.br\/wp-content\/uploads\/2010\/01\/Caras-S+\u00fao-Paulo-01-01-10-95.jpg\"><img loading=\"lazy\" decoding=\"async\" class=\"size-medium wp-image-13291\" title=\"Caras - S+\u00fao Paulo - 01-01-10 - 95\" src=\"http:\/\/inclusivenews.com.br\/wp-content\/uploads\/2010\/01\/Caras-S+\u00fao-Paulo-01-01-10-95-196x300.jpg\" alt=\"Reportagem da revista Caras mostrando fotos de crian\u00e7as com artistas\" width=\"196\" height=\"300\" \/><\/a><figcaption id=\"caption-attachment-13291\" class=\"wp-caption-text\">Reportagem da revista Caras mostrando fotos de crian\u00e7as com artistas<\/figcaption><\/figure>\n<p>Fonte:<a href=\"http:\/\/br.groups.yahoo.com\/group\/happydown\/\"> Happydown<\/a><\/p>\n","protected":false},"excerpt":{"rendered":"<p>O calend\u00e1rio Happydowm, que entra em seu quarto ano de publica\u00e7\u00e3o, \u00a0foi destaque da \u00faltima edi\u00e7\u00e3o da revista Caras. Para comprar o calend\u00e1rio basta acessar o site da livraria Cultura: www.livrariacultura.com.br O calend\u00e1rio est\u00e1 em todas as livrarias, qualquer d\u00favida, ligar para a\u00a0 loja do Market Place: 11-3474-4033 As m\u00e3es trabalharam muito e o lucro [&hellip;]<\/p>\n","protected":false},"author":1,"featured_media":0,"comment_status":"open","ping_status":"open","sticky":false,"template":"","format":"standard","meta":{"site-container-style":"default","site-container-layout":"default","site-sidebar-layout":"default","disable-article-header":"default","disable-site-header":"default","disable-site-footer":"default","disable-content-area-spacing":"default","footnotes":""},"categories":[4],"tags":[19],"class_list":["post-13283","post","type-post","status-publish","format-standard","hentry","category-noticias","tag-fotografia"],"yoast_head":"<!-- This site is optimized with the Yoast SEO plugin v27.4 - https:\/\/yoast.com\/product\/yoast-seo-wordpress\/ -->\n<title>Calend\u00e1rio Happydown \u00e9 destaque na revista Caras -<\/title>\n<meta name=\"robots\" content=\"index, follow, max-snippet:-1, max-image-preview:large, max-video-preview:-1\" \/>\n<link rel=\"canonical\" href=\"https:\/\/inclusivenews.com.br\/?p=13283\" \/>\n<meta property=\"og:locale\" content=\"pt_PT\" \/>\n<meta property=\"og:type\" content=\"article\" \/>\n<meta property=\"og:title\" content=\"Calend\u00e1rio Happydown \u00e9 destaque na revista Caras -\" \/>\n<meta property=\"og:description\" content=\"O calend\u00e1rio Happydowm, que entra em seu quarto ano de publica\u00e7\u00e3o, \u00a0foi destaque da \u00faltima edi\u00e7\u00e3o da revista Caras. Para comprar o calend\u00e1rio basta acessar o site da livraria Cultura: www.livrariacultura.com.br O calend\u00e1rio est\u00e1 em todas as livrarias, qualquer d\u00favida, ligar para a\u00a0 loja do Market Place: 11-3474-4033 As m\u00e3es trabalharam muito e o lucro [&hellip;]\" \/>\n<meta property=\"og:url\" content=\"https:\/\/inclusivenews.com.br\/?p=13283\" \/>\n<meta property=\"article:publisher\" content=\"https:\/\/www.facebook.com\/agenciainclusive\/\" \/>\n<meta property=\"article:published_time\" content=\"2010-01-07T07:38:36+00:00\" \/>\n<meta name=\"author\" content=\"inclusivenews2024\" \/>\n<meta name=\"twitter:card\" content=\"summary_large_image\" \/>\n<meta name=\"twitter:label1\" content=\"Escrito por\" \/>\n\t<meta name=\"twitter:data1\" content=\"inclusivenews2024\" \/>\n\t<meta name=\"twitter:label2\" content=\"Tempo estimado de leitura\" \/>\n\t<meta name=\"twitter:data2\" content=\"1 minuto\" \/>\n<script type=\"application\/ld+json\" class=\"yoast-schema-graph\">{\"@context\":\"https:\\\/\\\/schema.org\",\"@graph\":[{\"@type\":\"Article\",\"@id\":\"https:\\\/\\\/inclusivenews.com.br\\\/?p=13283#article\",\"isPartOf\":{\"@id\":\"https:\\\/\\\/inclusivenews.com.br\\\/?p=13283\"},\"author\":{\"name\":\"inclusivenews2024\",\"@id\":\"https:\\\/\\\/inclusivenews.com.br\\\/#\\\/schema\\\/person\\\/ae4ec7087559b8692fb33b6fffd2273b\"},\"headline\":\"Calend\u00e1rio Happydown \u00e9 destaque na revista Caras\",\"datePublished\":\"2010-01-07T07:38:36+00:00\",\"mainEntityOfPage\":{\"@id\":\"https:\\\/\\\/inclusivenews.com.br\\\/?p=13283\"},\"wordCount\":174,\"commentCount\":6,\"publisher\":{\"@id\":\"https:\\\/\\\/inclusivenews.com.br\\\/#organization\"},\"keywords\":[\"Fotografia\"],\"articleSection\":[\"NOT\u00cdCIAS\"],\"inLanguage\":\"pt-PT\",\"potentialAction\":[{\"@type\":\"CommentAction\",\"name\":\"Comment\",\"target\":[\"https:\\\/\\\/inclusivenews.com.br\\\/?p=13283#respond\"]}]},{\"@type\":\"WebPage\",\"@id\":\"https:\\\/\\\/inclusivenews.com.br\\\/?p=13283\",\"url\":\"https:\\\/\\\/inclusivenews.com.br\\\/?p=13283\",\"name\":\"Calend\u00e1rio Happydown \u00e9 destaque na revista Caras -\",\"isPartOf\":{\"@id\":\"https:\\\/\\\/inclusivenews.com.br\\\/#website\"},\"datePublished\":\"2010-01-07T07:38:36+00:00\",\"breadcrumb\":{\"@id\":\"https:\\\/\\\/inclusivenews.com.br\\\/?p=13283#breadcrumb\"},\"inLanguage\":\"pt-PT\",\"potentialAction\":[{\"@type\":\"ReadAction\",\"target\":[\"https:\\\/\\\/inclusivenews.com.br\\\/?p=13283\"]}]},{\"@type\":\"BreadcrumbList\",\"@id\":\"https:\\\/\\\/inclusivenews.com.br\\\/?p=13283#breadcrumb\",\"itemListElement\":[{\"@type\":\"ListItem\",\"position\":1,\"name\":\"In\u00edcio\",\"item\":\"https:\\\/\\\/inclusivenews.com.br\\\/\"},{\"@type\":\"ListItem\",\"position\":2,\"name\":\"Calend\u00e1rio Happydown \u00e9 destaque na revista Caras\"}]},{\"@type\":\"WebSite\",\"@id\":\"https:\\\/\\\/inclusivenews.com.br\\\/#website\",\"url\":\"https:\\\/\\\/inclusivenews.com.br\\\/\",\"name\":\"Inclusive News\",\"description\":\"Inclusive News\",\"publisher\":{\"@id\":\"https:\\\/\\\/inclusivenews.com.br\\\/#organization\"},\"potentialAction\":[{\"@type\":\"SearchAction\",\"target\":{\"@type\":\"EntryPoint\",\"urlTemplate\":\"https:\\\/\\\/inclusivenews.com.br\\\/?s={search_term_string}\"},\"query-input\":{\"@type\":\"PropertyValueSpecification\",\"valueRequired\":true,\"valueName\":\"search_term_string\"}}],\"inLanguage\":\"pt-PT\"},{\"@type\":\"Organization\",\"@id\":\"https:\\\/\\\/inclusivenews.com.br\\\/#organization\",\"name\":\"Inclusive - inclus\u00e3o e cidadania\",\"url\":\"https:\\\/\\\/inclusivenews.com.br\\\/\",\"logo\":{\"@type\":\"ImageObject\",\"inLanguage\":\"pt-PT\",\"@id\":\"https:\\\/\\\/inclusivenews.com.br\\\/#\\\/schema\\\/logo\\\/image\\\/\",\"url\":\"https:\\\/\\\/inclusivenews.com.br\\\/wp-content\\\/uploads\\\/2024\\\/03\\\/@grandesite.png\",\"contentUrl\":\"https:\\\/\\\/inclusivenews.com.br\\\/wp-content\\\/uploads\\\/2024\\\/03\\\/@grandesite.png\",\"width\":1080,\"height\":1080,\"caption\":\"Inclusive - inclus\u00e3o e cidadania\"},\"image\":{\"@id\":\"https:\\\/\\\/inclusivenews.com.br\\\/#\\\/schema\\\/logo\\\/image\\\/\"},\"sameAs\":[\"https:\\\/\\\/www.facebook.com\\\/agenciainclusive\\\/\",\"https:\\\/\\\/www.instagram.com\\\/newsinclusive\\\/\"]},{\"@type\":\"Person\",\"@id\":\"https:\\\/\\\/inclusivenews.com.br\\\/#\\\/schema\\\/person\\\/ae4ec7087559b8692fb33b6fffd2273b\",\"name\":\"inclusivenews2024\",\"image\":{\"@type\":\"ImageObject\",\"inLanguage\":\"pt-PT\",\"@id\":\"https:\\\/\\\/secure.gravatar.com\\\/avatar\\\/c5a7ef84c66fa914f55bc4f7ce26cfa275a3b9a1c5568b907bd184fb4dde7b40?s=96&d=mm&r=g\",\"url\":\"https:\\\/\\\/secure.gravatar.com\\\/avatar\\\/c5a7ef84c66fa914f55bc4f7ce26cfa275a3b9a1c5568b907bd184fb4dde7b40?s=96&d=mm&r=g\",\"contentUrl\":\"https:\\\/\\\/secure.gravatar.com\\\/avatar\\\/c5a7ef84c66fa914f55bc4f7ce26cfa275a3b9a1c5568b907bd184fb4dde7b40?s=96&d=mm&r=g\",\"caption\":\"inclusivenews2024\"},\"sameAs\":[\"https:\\\/\\\/inclusivenews.com.br\"],\"url\":\"https:\\\/\\\/inclusivenews.com.br\\\/?author=1\"}]}<\/script>\n<!-- \/ Yoast SEO plugin. -->","yoast_head_json":{"title":"Calend\u00e1rio Happydown \u00e9 destaque na revista Caras -","robots":{"index":"index","follow":"follow","max-snippet":"max-snippet:-1","max-image-preview":"max-image-preview:large","max-video-preview":"max-video-preview:-1"},"canonical":"https:\/\/inclusivenews.com.br\/?p=13283","og_locale":"pt_PT","og_type":"article","og_title":"Calend\u00e1rio Happydown \u00e9 destaque na revista Caras -","og_description":"O calend\u00e1rio Happydowm, que entra em seu quarto ano de publica\u00e7\u00e3o, \u00a0foi destaque da \u00faltima edi\u00e7\u00e3o da revista Caras. Para comprar o calend\u00e1rio basta acessar o site da livraria Cultura: www.livrariacultura.com.br O calend\u00e1rio est\u00e1 em todas as livrarias, qualquer d\u00favida, ligar para a\u00a0 loja do Market Place: 11-3474-4033 As m\u00e3es trabalharam muito e o lucro [&hellip;]","og_url":"https:\/\/inclusivenews.com.br\/?p=13283","article_publisher":"https:\/\/www.facebook.com\/agenciainclusive\/","article_published_time":"2010-01-07T07:38:36+00:00","author":"inclusivenews2024","twitter_card":"summary_large_image","twitter_misc":{"Escrito por":"inclusivenews2024","Tempo estimado de leitura":"1 minuto"},"schema":{"@context":"https:\/\/schema.org","@graph":[{"@type":"Article","@id":"https:\/\/inclusivenews.com.br\/?p=13283#article","isPartOf":{"@id":"https:\/\/inclusivenews.com.br\/?p=13283"},"author":{"name":"inclusivenews2024","@id":"https:\/\/inclusivenews.com.br\/#\/schema\/person\/ae4ec7087559b8692fb33b6fffd2273b"},"headline":"Calend\u00e1rio Happydown \u00e9 destaque na revista Caras","datePublished":"2010-01-07T07:38:36+00:00","mainEntityOfPage":{"@id":"https:\/\/inclusivenews.com.br\/?p=13283"},"wordCount":174,"commentCount":6,"publisher":{"@id":"https:\/\/inclusivenews.com.br\/#organization"},"keywords":["Fotografia"],"articleSection":["NOT\u00cdCIAS"],"inLanguage":"pt-PT","potentialAction":[{"@type":"CommentAction","name":"Comment","target":["https:\/\/inclusivenews.com.br\/?p=13283#respond"]}]},{"@type":"WebPage","@id":"https:\/\/inclusivenews.com.br\/?p=13283","url":"https:\/\/inclusivenews.com.br\/?p=13283","name":"Calend\u00e1rio Happydown \u00e9 destaque na revista Caras -","isPartOf":{"@id":"https:\/\/inclusivenews.com.br\/#website"},"datePublished":"2010-01-07T07:38:36+00:00","breadcrumb":{"@id":"https:\/\/inclusivenews.com.br\/?p=13283#breadcrumb"},"inLanguage":"pt-PT","potentialAction":[{"@type":"ReadAction","target":["https:\/\/inclusivenews.com.br\/?p=13283"]}]},{"@type":"BreadcrumbList","@id":"https:\/\/inclusivenews.com.br\/?p=13283#breadcrumb","itemListElement":[{"@type":"ListItem","position":1,"name":"In\u00edcio","item":"https:\/\/inclusivenews.com.br\/"},{"@type":"ListItem","position":2,"name":"Calend\u00e1rio Happydown \u00e9 destaque na revista Caras"}]},{"@type":"WebSite","@id":"https:\/\/inclusivenews.com.br\/#website","url":"https:\/\/inclusivenews.com.br\/","name":"Inclusive News","description":"Inclusive News","publisher":{"@id":"https:\/\/inclusivenews.com.br\/#organization"},"potentialAction":[{"@type":"SearchAction","target":{"@type":"EntryPoint","urlTemplate":"https:\/\/inclusivenews.com.br\/?s={search_term_string}"},"query-input":{"@type":"PropertyValueSpecification","valueRequired":true,"valueName":"search_term_string"}}],"inLanguage":"pt-PT"},{"@type":"Organization","@id":"https:\/\/inclusivenews.com.br\/#organization","name":"Inclusive - inclus\u00e3o e cidadania","url":"https:\/\/inclusivenews.com.br\/","logo":{"@type":"ImageObject","inLanguage":"pt-PT","@id":"https:\/\/inclusivenews.com.br\/#\/schema\/logo\/image\/","url":"https:\/\/inclusivenews.com.br\/wp-content\/uploads\/2024\/03\/@grandesite.png","contentUrl":"https:\/\/inclusivenews.com.br\/wp-content\/uploads\/2024\/03\/@grandesite.png","width":1080,"height":1080,"caption":"Inclusive - inclus\u00e3o e cidadania"},"image":{"@id":"https:\/\/inclusivenews.com.br\/#\/schema\/logo\/image\/"},"sameAs":["https:\/\/www.facebook.com\/agenciainclusive\/","https:\/\/www.instagram.com\/newsinclusive\/"]},{"@type":"Person","@id":"https:\/\/inclusivenews.com.br\/#\/schema\/person\/ae4ec7087559b8692fb33b6fffd2273b","name":"inclusivenews2024","image":{"@type":"ImageObject","inLanguage":"pt-PT","@id":"https:\/\/secure.gravatar.com\/avatar\/c5a7ef84c66fa914f55bc4f7ce26cfa275a3b9a1c5568b907bd184fb4dde7b40?s=96&d=mm&r=g","url":"https:\/\/secure.gravatar.com\/avatar\/c5a7ef84c66fa914f55bc4f7ce26cfa275a3b9a1c5568b907bd184fb4dde7b40?s=96&d=mm&r=g","contentUrl":"https:\/\/secure.gravatar.com\/avatar\/c5a7ef84c66fa914f55bc4f7ce26cfa275a3b9a1c5568b907bd184fb4dde7b40?s=96&d=mm&r=g","caption":"inclusivenews2024"},"sameAs":["https:\/\/inclusivenews.com.br"],"url":"https:\/\/inclusivenews.com.br\/?author=1"}]}},"_links":{"self":[{"href":"https:\/\/inclusivenews.com.br\/index.php?rest_route=\/wp\/v2\/posts\/13283","targetHints":{"allow":["GET"]}}],"collection":[{"href":"https:\/\/inclusivenews.com.br\/index.php?rest_route=\/wp\/v2\/posts"}],"about":[{"href":"https:\/\/inclusivenews.com.br\/index.php?rest_route=\/wp\/v2\/types\/post"}],"author":[{"embeddable":true,"href":"https:\/\/inclusivenews.com.br\/index.php?rest_route=\/wp\/v2\/users\/1"}],"replies":[{"embeddable":true,"href":"https:\/\/inclusivenews.com.br\/index.php?rest_route=%2Fwp%2Fv2%2Fcomments&post=13283"}],"version-history":[{"count":0,"href":"https:\/\/inclusivenews.com.br\/index.php?rest_route=\/wp\/v2\/posts\/13283\/revisions"}],"wp:attachment":[{"href":"https:\/\/inclusivenews.com.br\/index.php?rest_route=%2Fwp%2Fv2%2Fmedia&parent=13283"}],"wp:term":[{"taxonomy":"category","embeddable":true,"href":"https:\/\/inclusivenews.com.br\/index.php?rest_route=%2Fwp%2Fv2%2Fcategories&post=13283"},{"taxonomy":"post_tag","embeddable":true,"href":"https:\/\/inclusivenews.com.br\/index.php?rest_route=%2Fwp%2Fv2%2Ftags&post=13283"}],"curies":[{"name":"wp","href":"https:\/\/api.w.org\/{rel}","templated":true}]}}