{"id":13293,"date":"2010-01-07T04:53:24","date_gmt":"2010-01-07T07:53:24","guid":{"rendered":"http:\/\/www.inclusive.org.br\/?p=13293"},"modified":"2010-01-07T04:53:24","modified_gmt":"2010-01-07T07:53:24","slug":"direitos-da-infancia-copa-do-mundo-e-olimpiadas-preocupam","status":"publish","type":"post","link":"https:\/\/inclusivenews.com.br\/?p=13293","title":{"rendered":"Direitos da inf\u00e2ncia: Copa do Mundo e Olimp\u00edadas preocupam"},"content":{"rendered":"<figure id=\"attachment_13294\" aria-describedby=\"caption-attachment-13294\" style=\"width: 150px\" class=\"wp-caption alignleft\"><a href=\"http:\/\/www.inclusivenews.com.br\/wp-content\/uploads\/2010\/01\/rio-2006.jpg\"><img loading=\"lazy\" decoding=\"async\" class=\"size-thumbnail wp-image-13294\" title=\"rio 2006\" src=\"http:\/\/inclusivenews.com.br\/wp-content\/uploads\/2010\/01\/rio-2006-150x150.jpg\" alt=\"Logotipo Olimp\u00edadasio 2016 com apar\u00eancia infantil\" width=\"150\" height=\"150\" \/><\/a><figcaption id=\"caption-attachment-13294\" class=\"wp-caption-text\">Logotipo Olimp\u00edadasio 2016 com apar\u00eancia infantil<\/figcaption><\/figure>\n<p>Em um intervalo de pouco mais de seis anos, o Brasil vai receber os dois mais importantes eventos esportivos mundiais: a Copa do Mundo de Futebol (2014) e as Olimp\u00edadas do Rio de Janeiro (2016). H\u00e1 grandes expectativas de que os dois eventos mobilizem a economia, gerem milhares de empregos e aque\u00e7am a ind\u00fastria do turismo.<\/p>\n<p>As estimativas do Minist\u00e9rio do Turismo s\u00e3o de que a Copa do Mundo deve trazer ao pa\u00eds entre 500 mil a 600 mil turistas. J\u00e1 as Olimp\u00edadas do Rio devem gerar um fluxo de visitantes ao Brasil cerca 15% maior em 2016 em compara\u00e7\u00e3o com o n\u00famero de turistas do ano anterior.<\/p>\n<p>Por tr\u00e1s desta euforia, h\u00e1 uma s\u00e9ria preocupa\u00e7\u00e3o das organiza\u00e7\u00f5es e de especialistas que atuam na \u00e1rea de defesa dos Direitos da Inf\u00e2ncia: que o enorme volume de turistas possa representar um risco maior para crian\u00e7as em situa\u00e7\u00e3o de vulnerabilidade, com o incremento do trabalho infantil e da explora\u00e7\u00e3o sexual de crian\u00e7as e adolescentes.<\/p>\n<p>Esta preocupa\u00e7\u00e3o tem fundamento. Organiza\u00e7\u00f5es internacionais que se dedicam ao enfrentamento da viol\u00eancia sexual contra meninos e meninas relatam, a partir de estudos e relat\u00f3rios oficiais, que Copas e Olimp\u00edadas anteriores registraram um preocupante crescimento de casos de desrespeito aos direitos humanos de crian\u00e7as e adolescentes.<\/p>\n<p>As aten\u00e7\u00f5es das organiza\u00e7\u00f5es internacionais como o Fundo das Na\u00e7\u00f5es Unidas para a Inf\u00e2ncia (Unicef) ou a rede mundial de organiza\u00e7\u00f5es voltada \u00e0 erradica\u00e7\u00e3o da viol\u00eancia sexual contra crian\u00e7as e adolescentes (ECPAT) se voltam agora para a pr\u00f3xima Copa do Mundo, no ano que vem. H\u00e1 diversos registros que apontam para um incremento do tr\u00e1fico de meninas e meninos nos pa\u00edses mais pobres da \u00c1frica voltado a atender a demanda da ind\u00fastria do sexo: Nig\u00e9ria, Malau\u00ed, Mo\u00e7ambique, Nam\u00edbia, Suazil\u00e2ndia e Z\u00e2mbia.<\/p>\n<p>Investiga\u00e7\u00f5es mostram que desde 2007 as redes de explora\u00e7\u00e3o e de tr\u00e1fico de seres humanos t\u00eam se mobilizado para \u201crecrutar\u201d mulheres, crian\u00e7as e adolescentes para uma demanda que certamente crescer\u00e1 com a chegada de aproximadamente 500 mil visitantes. H\u00e1 uma estimativa que cerca de 38 mil crian\u00e7as possam ser v\u00edtimas de diferentes tipos de viol\u00eancia (em especial do trabalho infantil e da explora\u00e7\u00e3o sexual).<\/p>\n<p><strong>C\u00f3digo de Conduta<br \/>\n<\/strong><br \/>\nSe h\u00e1 uma forte mobiliza\u00e7\u00e3o por parte do crime organizado, a \u00c1frica do Sul tamb\u00e9m tem sinalizado que est\u00e1 preocupada com o problema. Nos \u00faltimos tr\u00eas anos, empresas ligadas ao turismo, a sociedade civil al\u00e9m dos governos da \u00c1frica do Sul e dos pa\u00edses vizinhos t\u00eam discutido a ado\u00e7\u00e3o de um c\u00f3digo de conduta para combater a explora\u00e7\u00e3o de crian\u00e7as e adolescentes.<\/p>\n<p>O C\u00f3digo de Conduta para a Prote\u00e7\u00e3o de Meninos e Meninas da Explora\u00e7\u00e3o Sexual no Turismo foi criado em 2004 pelo Fundo das Na\u00e7\u00f5es Unidas para a Inf\u00e2ncia (Unicef), pela Organiza\u00e7\u00e3o Mundial do Turismo (OMT) e pelo escrit\u00f3rio norte-americano do ECPAT. Desde ent\u00e3o, v\u00e1rias associa\u00e7\u00f5es de ag\u00eancias de viagens subscreveram o c\u00f3digo. O documento exige das ag\u00eancias que expressem abertamente seu rep\u00fadio \u00e0 explora\u00e7\u00e3o sexual infantil, rechacem todo tipo de contato com redes de prostitui\u00e7\u00e3o locais e capacitem seus funcion\u00e1rios sobre regras de \u00e9tica nos pa\u00edses onde estas t\u00eam maior influ\u00eancia. O Unicef calcula que mais de dois milh\u00f5es de meninas e meninos s\u00e3o v\u00edtimas das redes de explora\u00e7\u00e3o sexual do turismo e de crian\u00e7as e adolescentes.<\/p>\n<p>A diretora executiva da Fair Trade in Tourism, organiza\u00e7\u00e3o criada para incentivar o turismo legal em pa\u00edses como a \u00c1frica do Sul, Jennifer Seif, luta para que o pa\u00eds e outros da regi\u00e3o assinem um \u201cC\u00f3digo de Conduta\u201d e treinem m\u00e3o-de-obra para a ind\u00fastria do turismo, assim como ajudem a combater casos de explora\u00e7\u00e3o sexual e comercial infantil.<\/p>\n<p>A diretora executiva da Southern Africa regional Network against Trafficking and Abuse of Childre (SANTAC) &#8211; que atua na prote\u00e7\u00e3o de crian\u00e7as e adolescentes contra abuso, explora\u00e7\u00e3o sexual, comercial e tr\u00e1fico de meninos e meninas &#8211; Margarida Guitunga, questiona se a realiza\u00e7\u00e3o da Copa do Mundo na \u00c1frica do Sul ter\u00e1 um significado negativo para as crian\u00e7as e adolescentes mais pobres, n\u00e3o s\u00f3 do Pa\u00eds, como nas na\u00e7\u00f5es vizinhas.<\/p>\n<p>Durante a II Confer\u00eancia Regional e Nacional de Preven\u00e7\u00e3o e Interven\u00e7\u00e3o Contra o Tr\u00e1fico de Crian\u00e7as, realizado na cidade de Maputo, Mo\u00e7ambique, foram apresentados estudos sobre os principais impactos sociais da Copa do Mundo de 2010 sobre as crian\u00e7as. O evento, ocorrido nos dias 8 e 9 de outubro, reuniu lideran\u00e7as representativas da sociedade civil e dos governos interessados \u00e0 provocar o debate e buscar estrat\u00e9gias de interven\u00e7\u00e3o contra explora\u00e7\u00e3o infantil na regi\u00e3o da \u00c1frica Autral. O Brasil foi representado pela coordenadora do Centro de Excel\u00eancia em Turismo da Universidade de Bras\u00edlia (CET\/UnB), Elis\u00e2ngela Machado.<\/p>\n<p>Organiza\u00e7\u00f5es se mobilizam no Brasil<\/p>\n<p>At\u00e9 2014, sete capitais brasileiras v\u00e3o estar envolvidas com grandes obras estruturais. Tradicionalmente os canteiros de obras &#8211; devido ao grande fluxo de m\u00e3o de obra masculina &#8211; acabam se tornando centros atrativos para a ind\u00fastria do sexo. Embora este fen\u00f4meno seja mais comum em cidades de pequeno e m\u00e9dio porte, \u00e9 preciso considerar o risco que esta situa\u00e7\u00e3o pode representar para crian\u00e7as e adolescentes, mesmo nas capitais; inclusive no aspecto do trabalho infantil no entorno das obras. Entretanto, risco ainda maior \u00e9 o fluxo intenso de turistas de outros estados do Brasil e de outros pa\u00edses que movimentam a explora\u00e7\u00e3o sexual no turismo durante o per\u00edodo de dura\u00e7\u00e3o dos eventos.<\/p>\n<p>A secret\u00e1ria-executiva do Comit\u00ea Nacional de Enfrentamento \u00e0 Explora\u00e7\u00e3o Sexual contra Crian\u00e7as e Adolescentes, Neide Castanha, ressalta: \u201cN\u00e3o sei se a exemplo de Copas anteriores, sobretudo da Alemanha, o Brasil &#8211; ao se lan\u00e7ar nesse empreendimento &#8211; pensa algo do ponto de vista institucional, democr\u00e1tico. Se algu\u00e9m pensou ainda n\u00e3o se tornou expl\u00edcito com a dimens\u00e3o necess\u00e1ria em um evento dessa natureza\u201d, observa. Neide Castanha complementa: \u201cn\u00e3o \u00e9 conceb\u00edvel para o Brasil, na atual conjuntura em que se discute o conceito de sustentabilidade e que se debate o enfrentamento da viol\u00eancia sexual, a erradica\u00e7\u00e3o da explora\u00e7\u00e3o do trabalho infantil e da explora\u00e7\u00e3o sexual, que n\u00e3o se tenha consci\u00eancia de quais s\u00e3o as nossas reais vulnerabilidades. O Comit\u00ea n\u00e3o acredita que nada est\u00e1 sendo feito &#8211; mas busca entender qual a l\u00f3gica do debate para se inserir nele.\u201d<\/p>\n<p>Segundo Neide Castanha, o Comit\u00ea est\u00e1 ouvindo proposi\u00e7\u00f5es e iniciativas e buscando canais para iniciar esta interlocu\u00e7\u00e3o. \u201cQueremos criar uma comiss\u00e3o com representantes do Comit\u00ea, sociedade civil, Minist\u00e9rio do Turismo (MTur), Minist\u00e9rio do Esporte (ME), Secretaria Especial de Direitos Humanos (SEDH) para debatermos sobre o assunto com anteced\u00eancia. \u00c9 preciso discutir o turismo de entretenimento. Podemos criar uma cadeia sist\u00eamica da produ\u00e7\u00e3o para a pr\u00f3pria Copa que vai desde envolver as fam\u00edlias em grupos de gera\u00e7\u00e3o de renda e produ\u00e7\u00e3o, do artesanato, gastronomia local, cursos de gar\u00e7ons, recepcionistas de hot\u00e9is, guias para turismo, organiza\u00e7\u00e3o de eventos, cursos de l\u00ednguas. Temos um conjunto de oportunidades que podem ser potencializadas e s\u00e3o elementos que v\u00e3o agregar n\u00e3o s\u00f3 para a Copa, mas para toda a vida\u201d, diz.<\/p>\n<p>De acordo com a coordenadora do Programa Nacional de Enfrentamento da Viol\u00eancia Sexual contra Crian\u00e7as e Adolescentes da SEDH, Leila Paiva, existe uma preocupa\u00e7\u00e3o do governo com a realiza\u00e7\u00e3o desses eventos, que por causa da grande movimenta\u00e7\u00e3o financeira e grande concentra\u00e7\u00e3o de pessoas contribuem para o aumento da explora\u00e7\u00e3o sexual de crian\u00e7as e adolescentes. Ela explica que o Programa est\u00e1 articulando um projeto de preven\u00e7\u00e3o da explora\u00e7\u00e3o sexual nas cidades que receber\u00e3o os jogos. Al\u00e9m disso, est\u00e1 realizando diagn\u00f3sticos e mobilizando as redes locais atrav\u00e9s do Programa de A\u00e7\u00f5es Integradas e Referenciais de Enfrentamento \u00e0 Viol\u00eancia Sexual Infanto-Juvenil no Territ\u00f3rio Brasileiro (PAIR).<\/p>\n<p>Em rela\u00e7\u00e3o a articula\u00e7\u00e3o que SEDH pensa em fazer junto a outras inst\u00e2ncias (governos estaduais e municipais, empres\u00e1rios, ONGs, igrejas), Leila diz que as a\u00e7\u00f5es do governo federal podem ser potencializadas com a participa\u00e7\u00e3o mais ativa do setor privado. Um caminho nesta dire\u00e7\u00e3o \u00e9 desenvolver um pacto de coopera\u00e7\u00e3o entre o governo e empresas contratadas para grandes obras de desenvolvimento. Para isso, \u00e9 necess\u00e1rio fazer um trabalho conscientiza\u00e7\u00e3o dos funcion\u00e1rios. Al\u00e9m de condicionar a contrata\u00e7\u00e3o preferencial de m\u00e3o-de-obra local, garantindo-se, assim, o v\u00ednculo dos trabalhadores com a comunidade, o que representa menores riscos a esta viola\u00e7\u00e3o dos direitos de crian\u00e7as e adolescentes.<\/p>\n<p>Segundo a coordenadora, outra ideia \u00e9 propor que sejam criadas comiss\u00f5es de direitos humanos nas empresas, com a atribui\u00e7\u00e3o de desenvolver campanhas e acompanhar a din\u00e2mica local, com a parceria de seus trabalhadores. Elaborar um c\u00f3digo de conduta \u00e9tica, que consolide claramente valores e princ\u00edpios, auxiliando na garantia da efetiva\u00e7\u00e3o dos direitos humanos de crian\u00e7as e adolescentes ou prevenindo eventuais danos causados por sua atividade.<\/p>\n<p>Por Denise de Quadros, da ANDI<\/p>\n<p>(Envolverde\/ANDI)<\/p>\n<p><a rel=\"nofollow noopener\" href=\"http:\/\/envolverde.ig.com.br\/materia.php?cod=67877&amp;edt=1\" target=\"_blank\">http:\/\/envolverde.ig.com.br\/materia.php?cod=67877&amp;edt=1<\/a><\/p>\n","protected":false},"excerpt":{"rendered":"<p>Em um intervalo de pouco mais de seis anos, o Brasil vai receber os dois mais importantes eventos esportivos mundiais: a Copa do Mundo de Futebol (2014) e as Olimp\u00edadas do Rio de Janeiro (2016). H\u00e1 grandes expectativas de que os dois eventos mobilizem a economia, gerem milhares de empregos e aque\u00e7am a ind\u00fastria do [&hellip;]<\/p>\n","protected":false},"author":1,"featured_media":0,"comment_status":"open","ping_status":"open","sticky":false,"template":"","format":"standard","meta":{"site-container-style":"default","site-container-layout":"default","site-sidebar-layout":"default","disable-article-header":"default","disable-site-header":"default","disable-site-footer":"default","disable-content-area-spacing":"default","footnotes":""},"categories":[11,4],"tags":[],"class_list":["post-13293","post","type-post","status-publish","format-standard","hentry","category-direitos-humanos","category-noticias"],"yoast_head":"<!-- This site is optimized with the Yoast SEO plugin v27.4 - https:\/\/yoast.com\/product\/yoast-seo-wordpress\/ -->\n<title>Direitos da inf\u00e2ncia: Copa do Mundo e Olimp\u00edadas preocupam -<\/title>\n<meta name=\"robots\" content=\"index, follow, max-snippet:-1, max-image-preview:large, max-video-preview:-1\" \/>\n<link rel=\"canonical\" href=\"https:\/\/inclusivenews.com.br\/?p=13293\" \/>\n<meta property=\"og:locale\" content=\"pt_PT\" \/>\n<meta property=\"og:type\" content=\"article\" \/>\n<meta property=\"og:title\" content=\"Direitos da inf\u00e2ncia: Copa do Mundo e Olimp\u00edadas preocupam -\" \/>\n<meta property=\"og:description\" content=\"Em um intervalo de pouco mais de seis anos, o Brasil vai receber os dois mais importantes eventos esportivos mundiais: a Copa do Mundo de Futebol (2014) e as Olimp\u00edadas do Rio de Janeiro (2016). H\u00e1 grandes expectativas de que os dois eventos mobilizem a economia, gerem milhares de empregos e aque\u00e7am a ind\u00fastria do [&hellip;]\" \/>\n<meta property=\"og:url\" content=\"https:\/\/inclusivenews.com.br\/?p=13293\" \/>\n<meta property=\"article:publisher\" content=\"https:\/\/www.facebook.com\/agenciainclusive\/\" \/>\n<meta property=\"article:published_time\" content=\"2010-01-07T07:53:24+00:00\" \/>\n<meta property=\"og:image\" content=\"http:\/\/inclusivenews.com.br\/wp-content\/uploads\/2010\/01\/rio-2006-150x150.jpg\" \/>\n<meta name=\"author\" content=\"inclusivenews2024\" \/>\n<meta name=\"twitter:card\" content=\"summary_large_image\" \/>\n<meta name=\"twitter:label1\" content=\"Escrito por\" \/>\n\t<meta name=\"twitter:data1\" content=\"inclusivenews2024\" \/>\n\t<meta name=\"twitter:label2\" content=\"Tempo estimado de leitura\" \/>\n\t<meta name=\"twitter:data2\" content=\"8 minutos\" \/>\n<script type=\"application\/ld+json\" class=\"yoast-schema-graph\">{\"@context\":\"https:\\\/\\\/schema.org\",\"@graph\":[{\"@type\":\"Article\",\"@id\":\"https:\\\/\\\/inclusivenews.com.br\\\/?p=13293#article\",\"isPartOf\":{\"@id\":\"https:\\\/\\\/inclusivenews.com.br\\\/?p=13293\"},\"author\":{\"name\":\"inclusivenews2024\",\"@id\":\"https:\\\/\\\/inclusivenews.com.br\\\/#\\\/schema\\\/person\\\/ae4ec7087559b8692fb33b6fffd2273b\"},\"headline\":\"Direitos da inf\u00e2ncia: Copa do Mundo e Olimp\u00edadas preocupam\",\"datePublished\":\"2010-01-07T07:53:24+00:00\",\"mainEntityOfPage\":{\"@id\":\"https:\\\/\\\/inclusivenews.com.br\\\/?p=13293\"},\"wordCount\":1635,\"commentCount\":0,\"publisher\":{\"@id\":\"https:\\\/\\\/inclusivenews.com.br\\\/#organization\"},\"image\":{\"@id\":\"https:\\\/\\\/inclusivenews.com.br\\\/?p=13293#primaryimage\"},\"thumbnailUrl\":\"http:\\\/\\\/inclusivenews.com.br\\\/wp-content\\\/uploads\\\/2010\\\/01\\\/rio-2006-150x150.jpg\",\"articleSection\":[\"DIREITOS HUMANOS\",\"NOT\u00cdCIAS\"],\"inLanguage\":\"pt-PT\",\"potentialAction\":[{\"@type\":\"CommentAction\",\"name\":\"Comment\",\"target\":[\"https:\\\/\\\/inclusivenews.com.br\\\/?p=13293#respond\"]}]},{\"@type\":\"WebPage\",\"@id\":\"https:\\\/\\\/inclusivenews.com.br\\\/?p=13293\",\"url\":\"https:\\\/\\\/inclusivenews.com.br\\\/?p=13293\",\"name\":\"Direitos da inf\u00e2ncia: Copa do Mundo e Olimp\u00edadas preocupam -\",\"isPartOf\":{\"@id\":\"https:\\\/\\\/inclusivenews.com.br\\\/#website\"},\"primaryImageOfPage\":{\"@id\":\"https:\\\/\\\/inclusivenews.com.br\\\/?p=13293#primaryimage\"},\"image\":{\"@id\":\"https:\\\/\\\/inclusivenews.com.br\\\/?p=13293#primaryimage\"},\"thumbnailUrl\":\"http:\\\/\\\/inclusivenews.com.br\\\/wp-content\\\/uploads\\\/2010\\\/01\\\/rio-2006-150x150.jpg\",\"datePublished\":\"2010-01-07T07:53:24+00:00\",\"breadcrumb\":{\"@id\":\"https:\\\/\\\/inclusivenews.com.br\\\/?p=13293#breadcrumb\"},\"inLanguage\":\"pt-PT\",\"potentialAction\":[{\"@type\":\"ReadAction\",\"target\":[\"https:\\\/\\\/inclusivenews.com.br\\\/?p=13293\"]}]},{\"@type\":\"ImageObject\",\"inLanguage\":\"pt-PT\",\"@id\":\"https:\\\/\\\/inclusivenews.com.br\\\/?p=13293#primaryimage\",\"url\":\"\",\"contentUrl\":\"\"},{\"@type\":\"BreadcrumbList\",\"@id\":\"https:\\\/\\\/inclusivenews.com.br\\\/?p=13293#breadcrumb\",\"itemListElement\":[{\"@type\":\"ListItem\",\"position\":1,\"name\":\"In\u00edcio\",\"item\":\"https:\\\/\\\/inclusivenews.com.br\\\/\"},{\"@type\":\"ListItem\",\"position\":2,\"name\":\"Direitos da inf\u00e2ncia: Copa do Mundo e Olimp\u00edadas preocupam\"}]},{\"@type\":\"WebSite\",\"@id\":\"https:\\\/\\\/inclusivenews.com.br\\\/#website\",\"url\":\"https:\\\/\\\/inclusivenews.com.br\\\/\",\"name\":\"Inclusive News\",\"description\":\"Inclusive News\",\"publisher\":{\"@id\":\"https:\\\/\\\/inclusivenews.com.br\\\/#organization\"},\"potentialAction\":[{\"@type\":\"SearchAction\",\"target\":{\"@type\":\"EntryPoint\",\"urlTemplate\":\"https:\\\/\\\/inclusivenews.com.br\\\/?s={search_term_string}\"},\"query-input\":{\"@type\":\"PropertyValueSpecification\",\"valueRequired\":true,\"valueName\":\"search_term_string\"}}],\"inLanguage\":\"pt-PT\"},{\"@type\":\"Organization\",\"@id\":\"https:\\\/\\\/inclusivenews.com.br\\\/#organization\",\"name\":\"Inclusive - inclus\u00e3o e cidadania\",\"url\":\"https:\\\/\\\/inclusivenews.com.br\\\/\",\"logo\":{\"@type\":\"ImageObject\",\"inLanguage\":\"pt-PT\",\"@id\":\"https:\\\/\\\/inclusivenews.com.br\\\/#\\\/schema\\\/logo\\\/image\\\/\",\"url\":\"https:\\\/\\\/inclusivenews.com.br\\\/wp-content\\\/uploads\\\/2024\\\/03\\\/@grandesite.png\",\"contentUrl\":\"https:\\\/\\\/inclusivenews.com.br\\\/wp-content\\\/uploads\\\/2024\\\/03\\\/@grandesite.png\",\"width\":1080,\"height\":1080,\"caption\":\"Inclusive - inclus\u00e3o e cidadania\"},\"image\":{\"@id\":\"https:\\\/\\\/inclusivenews.com.br\\\/#\\\/schema\\\/logo\\\/image\\\/\"},\"sameAs\":[\"https:\\\/\\\/www.facebook.com\\\/agenciainclusive\\\/\",\"https:\\\/\\\/www.instagram.com\\\/newsinclusive\\\/\"]},{\"@type\":\"Person\",\"@id\":\"https:\\\/\\\/inclusivenews.com.br\\\/#\\\/schema\\\/person\\\/ae4ec7087559b8692fb33b6fffd2273b\",\"name\":\"inclusivenews2024\",\"image\":{\"@type\":\"ImageObject\",\"inLanguage\":\"pt-PT\",\"@id\":\"https:\\\/\\\/secure.gravatar.com\\\/avatar\\\/c5a7ef84c66fa914f55bc4f7ce26cfa275a3b9a1c5568b907bd184fb4dde7b40?s=96&d=mm&r=g\",\"url\":\"https:\\\/\\\/secure.gravatar.com\\\/avatar\\\/c5a7ef84c66fa914f55bc4f7ce26cfa275a3b9a1c5568b907bd184fb4dde7b40?s=96&d=mm&r=g\",\"contentUrl\":\"https:\\\/\\\/secure.gravatar.com\\\/avatar\\\/c5a7ef84c66fa914f55bc4f7ce26cfa275a3b9a1c5568b907bd184fb4dde7b40?s=96&d=mm&r=g\",\"caption\":\"inclusivenews2024\"},\"sameAs\":[\"https:\\\/\\\/inclusivenews.com.br\"],\"url\":\"https:\\\/\\\/inclusivenews.com.br\\\/?author=1\"}]}<\/script>\n<!-- \/ Yoast SEO plugin. -->","yoast_head_json":{"title":"Direitos da inf\u00e2ncia: Copa do Mundo e Olimp\u00edadas preocupam -","robots":{"index":"index","follow":"follow","max-snippet":"max-snippet:-1","max-image-preview":"max-image-preview:large","max-video-preview":"max-video-preview:-1"},"canonical":"https:\/\/inclusivenews.com.br\/?p=13293","og_locale":"pt_PT","og_type":"article","og_title":"Direitos da inf\u00e2ncia: Copa do Mundo e Olimp\u00edadas preocupam -","og_description":"Em um intervalo de pouco mais de seis anos, o Brasil vai receber os dois mais importantes eventos esportivos mundiais: a Copa do Mundo de Futebol (2014) e as Olimp\u00edadas do Rio de Janeiro (2016). H\u00e1 grandes expectativas de que os dois eventos mobilizem a economia, gerem milhares de empregos e aque\u00e7am a ind\u00fastria do [&hellip;]","og_url":"https:\/\/inclusivenews.com.br\/?p=13293","article_publisher":"https:\/\/www.facebook.com\/agenciainclusive\/","article_published_time":"2010-01-07T07:53:24+00:00","og_image":[{"url":"http:\/\/inclusivenews.com.br\/wp-content\/uploads\/2010\/01\/rio-2006-150x150.jpg","type":"","width":"","height":""}],"author":"inclusivenews2024","twitter_card":"summary_large_image","twitter_misc":{"Escrito por":"inclusivenews2024","Tempo estimado de leitura":"8 minutos"},"schema":{"@context":"https:\/\/schema.org","@graph":[{"@type":"Article","@id":"https:\/\/inclusivenews.com.br\/?p=13293#article","isPartOf":{"@id":"https:\/\/inclusivenews.com.br\/?p=13293"},"author":{"name":"inclusivenews2024","@id":"https:\/\/inclusivenews.com.br\/#\/schema\/person\/ae4ec7087559b8692fb33b6fffd2273b"},"headline":"Direitos da inf\u00e2ncia: Copa do Mundo e Olimp\u00edadas preocupam","datePublished":"2010-01-07T07:53:24+00:00","mainEntityOfPage":{"@id":"https:\/\/inclusivenews.com.br\/?p=13293"},"wordCount":1635,"commentCount":0,"publisher":{"@id":"https:\/\/inclusivenews.com.br\/#organization"},"image":{"@id":"https:\/\/inclusivenews.com.br\/?p=13293#primaryimage"},"thumbnailUrl":"http:\/\/inclusivenews.com.br\/wp-content\/uploads\/2010\/01\/rio-2006-150x150.jpg","articleSection":["DIREITOS HUMANOS","NOT\u00cdCIAS"],"inLanguage":"pt-PT","potentialAction":[{"@type":"CommentAction","name":"Comment","target":["https:\/\/inclusivenews.com.br\/?p=13293#respond"]}]},{"@type":"WebPage","@id":"https:\/\/inclusivenews.com.br\/?p=13293","url":"https:\/\/inclusivenews.com.br\/?p=13293","name":"Direitos da inf\u00e2ncia: Copa do Mundo e Olimp\u00edadas preocupam -","isPartOf":{"@id":"https:\/\/inclusivenews.com.br\/#website"},"primaryImageOfPage":{"@id":"https:\/\/inclusivenews.com.br\/?p=13293#primaryimage"},"image":{"@id":"https:\/\/inclusivenews.com.br\/?p=13293#primaryimage"},"thumbnailUrl":"http:\/\/inclusivenews.com.br\/wp-content\/uploads\/2010\/01\/rio-2006-150x150.jpg","datePublished":"2010-01-07T07:53:24+00:00","breadcrumb":{"@id":"https:\/\/inclusivenews.com.br\/?p=13293#breadcrumb"},"inLanguage":"pt-PT","potentialAction":[{"@type":"ReadAction","target":["https:\/\/inclusivenews.com.br\/?p=13293"]}]},{"@type":"ImageObject","inLanguage":"pt-PT","@id":"https:\/\/inclusivenews.com.br\/?p=13293#primaryimage","url":"","contentUrl":""},{"@type":"BreadcrumbList","@id":"https:\/\/inclusivenews.com.br\/?p=13293#breadcrumb","itemListElement":[{"@type":"ListItem","position":1,"name":"In\u00edcio","item":"https:\/\/inclusivenews.com.br\/"},{"@type":"ListItem","position":2,"name":"Direitos da inf\u00e2ncia: Copa do Mundo e Olimp\u00edadas preocupam"}]},{"@type":"WebSite","@id":"https:\/\/inclusivenews.com.br\/#website","url":"https:\/\/inclusivenews.com.br\/","name":"Inclusive News","description":"Inclusive News","publisher":{"@id":"https:\/\/inclusivenews.com.br\/#organization"},"potentialAction":[{"@type":"SearchAction","target":{"@type":"EntryPoint","urlTemplate":"https:\/\/inclusivenews.com.br\/?s={search_term_string}"},"query-input":{"@type":"PropertyValueSpecification","valueRequired":true,"valueName":"search_term_string"}}],"inLanguage":"pt-PT"},{"@type":"Organization","@id":"https:\/\/inclusivenews.com.br\/#organization","name":"Inclusive - inclus\u00e3o e cidadania","url":"https:\/\/inclusivenews.com.br\/","logo":{"@type":"ImageObject","inLanguage":"pt-PT","@id":"https:\/\/inclusivenews.com.br\/#\/schema\/logo\/image\/","url":"https:\/\/inclusivenews.com.br\/wp-content\/uploads\/2024\/03\/@grandesite.png","contentUrl":"https:\/\/inclusivenews.com.br\/wp-content\/uploads\/2024\/03\/@grandesite.png","width":1080,"height":1080,"caption":"Inclusive - inclus\u00e3o e cidadania"},"image":{"@id":"https:\/\/inclusivenews.com.br\/#\/schema\/logo\/image\/"},"sameAs":["https:\/\/www.facebook.com\/agenciainclusive\/","https:\/\/www.instagram.com\/newsinclusive\/"]},{"@type":"Person","@id":"https:\/\/inclusivenews.com.br\/#\/schema\/person\/ae4ec7087559b8692fb33b6fffd2273b","name":"inclusivenews2024","image":{"@type":"ImageObject","inLanguage":"pt-PT","@id":"https:\/\/secure.gravatar.com\/avatar\/c5a7ef84c66fa914f55bc4f7ce26cfa275a3b9a1c5568b907bd184fb4dde7b40?s=96&d=mm&r=g","url":"https:\/\/secure.gravatar.com\/avatar\/c5a7ef84c66fa914f55bc4f7ce26cfa275a3b9a1c5568b907bd184fb4dde7b40?s=96&d=mm&r=g","contentUrl":"https:\/\/secure.gravatar.com\/avatar\/c5a7ef84c66fa914f55bc4f7ce26cfa275a3b9a1c5568b907bd184fb4dde7b40?s=96&d=mm&r=g","caption":"inclusivenews2024"},"sameAs":["https:\/\/inclusivenews.com.br"],"url":"https:\/\/inclusivenews.com.br\/?author=1"}]}},"_links":{"self":[{"href":"https:\/\/inclusivenews.com.br\/index.php?rest_route=\/wp\/v2\/posts\/13293","targetHints":{"allow":["GET"]}}],"collection":[{"href":"https:\/\/inclusivenews.com.br\/index.php?rest_route=\/wp\/v2\/posts"}],"about":[{"href":"https:\/\/inclusivenews.com.br\/index.php?rest_route=\/wp\/v2\/types\/post"}],"author":[{"embeddable":true,"href":"https:\/\/inclusivenews.com.br\/index.php?rest_route=\/wp\/v2\/users\/1"}],"replies":[{"embeddable":true,"href":"https:\/\/inclusivenews.com.br\/index.php?rest_route=%2Fwp%2Fv2%2Fcomments&post=13293"}],"version-history":[{"count":0,"href":"https:\/\/inclusivenews.com.br\/index.php?rest_route=\/wp\/v2\/posts\/13293\/revisions"}],"wp:attachment":[{"href":"https:\/\/inclusivenews.com.br\/index.php?rest_route=%2Fwp%2Fv2%2Fmedia&parent=13293"}],"wp:term":[{"taxonomy":"category","embeddable":true,"href":"https:\/\/inclusivenews.com.br\/index.php?rest_route=%2Fwp%2Fv2%2Fcategories&post=13293"},{"taxonomy":"post_tag","embeddable":true,"href":"https:\/\/inclusivenews.com.br\/index.php?rest_route=%2Fwp%2Fv2%2Ftags&post=13293"}],"curies":[{"name":"wp","href":"https:\/\/api.w.org\/{rel}","templated":true}]}}