{"id":13296,"date":"2010-01-07T05:02:49","date_gmt":"2010-01-07T08:02:49","guid":{"rendered":"http:\/\/www.inclusive.org.br\/?p=13296"},"modified":"2010-01-07T05:02:49","modified_gmt":"2010-01-07T08:02:49","slug":"prevencao-pode-reduzir-bullying-nas-escolas","status":"publish","type":"post","link":"https:\/\/inclusivenews.com.br\/?p=13296","title":{"rendered":"Preven\u00e7\u00e3o pode reduzir bullying nas escolas"},"content":{"rendered":"<p style=\"margin: 0px;\">\n<figure id=\"attachment_13297\" aria-describedby=\"caption-attachment-13297\" style=\"width: 150px\" class=\"wp-caption alignleft\"><a href=\"http:\/\/www.inclusivenews.com.br\/wp-content\/uploads\/2010\/01\/logo_envolverde.gif\"><img loading=\"lazy\" decoding=\"async\" class=\"size-thumbnail wp-image-13297\" title=\"logo_envolverde\" src=\"http:\/\/inclusivenews.com.br\/wp-content\/uploads\/2010\/01\/logo_envolverde-150x41.gif\" alt=\"Logotipo Envolverde Revista Digital 11 anos\" width=\"150\" height=\"41\" \/><\/a><figcaption id=\"caption-attachment-13297\" class=\"wp-caption-text\">Logotipo Envolverde Revista Digital 11 anos<\/figcaption><\/figure>\n<p>Nas escolas, s\u00e3o muitos os exemplos de atitudes agressivas capazes de causar sofrimento e ang\u00fastia. \u00c9 comum vivenciar casos de estudantes introvertidos, intimidados pelos alunos mais fortes e desinibidos; a menina que carrega o apelido de baleia; o garoto conhecido por quatro olhos e o chamado de palito. Essas situa\u00e7\u00f5es n\u00e3o s\u00e3o novas, mas somente a partir da d\u00e9cada de 70 come\u00e7aram a ser estudadas com aten\u00e7\u00e3o, por pesquisadores de diferentes pa\u00edses, como integrantes de um fen\u00f4meno conhecido como bullying.<\/p>\n<p>No Brasil, uma das pioneiras no estudo do tema \u00e9 Cleo Fante, doutoranda em ci\u00eancias da educa\u00e7\u00e3o. Ela j\u00e1 atuou em escolas p\u00fablicas e particulares do estado de S\u00e3o Paulo como professora de hist\u00f3ria, geografia, e \u00e9tica e cidadania. Cleo explica que o bullying (do ingl\u00eas bully, valent\u00e3o, brig\u00e3o) \u00e9 um fen\u00f4meno encontrado nas rela\u00e7\u00f5es entre pares, em especial, estudantes. \u201cNa pr\u00e1tica, ocorre quando um estudante (ou mais), de forma intencional, elege como alvo outro (ou outros) contra o qual desfere uma s\u00e9rie de maus-tratos repetitivos, impossibilitando a defesa\u201d, diz.<\/p>\n<p>Com dez anos de experi\u00eancia no estudo do bullying no pa\u00eds, ela criou o programa\u00a0<strong>Educar para a Paz<\/strong>, implantado em diversas escolas do Brasil e de Portugal. \u201cPosso afirmar que o bullying \u00e9 um fen\u00f4meno que cresce assustadoramente\u201d, afirma.<\/p>\n<p>O problema pode ter in\u00fameras causas. A pesquisadora cita modelos educativos familiares, como o autoritarismo, a permissividade, a aus\u00eancia de limites e afeto e o abandono, e tamb\u00e9m fatores como a for\u00e7a da m\u00eddia, principalmente por meio de programas e filmes violentos, e a influ\u00eancia cultural \u2014 o ego\u00edsmo, o individualismo e o descaso colaboram para a falta de empatia, compaix\u00e3o, toler\u00e2ncia e respeito.<\/p>\n<p><strong>Consequ\u00eancias<\/strong><\/p>\n<p>O bullying pode ocasionar s\u00e9rios problemas, de acordo com a gravidade e do tempo de exposi\u00e7\u00e3o aos maus-tratos. \u201cAs v\u00edtimas podem ter o processo de aprendizagem comprometido, apresentar d\u00e9ficit de concentra\u00e7\u00e3o, queda de rendimento escolar e desmotiva\u00e7\u00e3o para os estudos. Isso pode resultar em evas\u00e3o e reprova\u00e7\u00e3o escolar\u201d, ressalta Cleo.<\/p>\n<p style=\"margin: 0px;\">Tais consequ\u00eancias podem atingir tamb\u00e9m o processo de socializa\u00e7\u00e3o e causar retraimento, dificuldade no relacionamento e na tomada de iniciativas e de decis\u00f5es. Os problemas podem atingir at\u00e9 a sa\u00fade das v\u00edtimas e desencadear sintomas e doen\u00e7as de fundo emocional, como dores de cabe\u00e7a e de est\u00f4mago, febre, v\u00f4mitos, alergias, fobias e depress\u00e3o.<\/p>\n<p>Segundo Cleo, o m\u00ednimo que as escolas podem fazer \u00e9 discutir o problema com a comunidade, alertar estudantes, pais e profissionais para essa forma de viol\u00eancia e diferenci\u00e1-la das brincadeiras habituais e da indisciplina. \u201cPor\u00e9m, a preven\u00e7\u00e3o \u00e9 o melhor caminho e deve ser iniciada pelo conhecimento\u201d, sustenta a pesquisadora. Ela alerta, ainda, para a ocorr\u00eancia de um novo fen\u00f4meno, o ciberbullying, forma de praticar o bullying pela internet.<\/p>\n<p><strong>A Lei<\/strong><\/p>\n<p>Medidas de combate ao bullying devem ser inclu\u00eddas nos projetos pedag\u00f3gicos das escolas p\u00fablicas e particulares de Pernambuco. Lei nesse sentido foi sancionada em dezembro do ano passado pelo governador Eduardo Campos.<\/p>\n<p style=\"margin: 0px;\">Por F\u00e1tima Schenini, do MEC<\/p>\n<p style=\"margin: 0px;\">\n<p style=\"margin: 0px;\"><a rel=\"nofollow noopener\" href=\"http:\/\/envolverde.ig.com.br\/materia.php?cod=67887&amp;edt=1\" target=\"_blank\">http:\/\/envolverde.ig.com.br\/materia.php?cod=67887&amp;edt=1<\/a><\/p>\n","protected":false},"excerpt":{"rendered":"<p>Nas escolas, s\u00e3o muitos os exemplos de atitudes agressivas capazes de causar sofrimento e ang\u00fastia. \u00c9 comum vivenciar casos de estudantes introvertidos, intimidados pelos alunos mais fortes e desinibidos; a menina que carrega o apelido de baleia; o garoto conhecido por quatro olhos e o chamado de palito. Essas situa\u00e7\u00f5es n\u00e3o s\u00e3o novas, mas somente [&hellip;]<\/p>\n","protected":false},"author":1,"featured_media":0,"comment_status":"open","ping_status":"open","sticky":false,"template":"","format":"standard","meta":{"site-container-style":"default","site-container-layout":"default","site-sidebar-layout":"default","disable-article-header":"default","disable-site-header":"default","disable-site-footer":"default","disable-content-area-spacing":"default","footnotes":""},"categories":[11,48,4],"tags":[],"class_list":["post-13296","post","type-post","status-publish","format-standard","hentry","category-direitos-humanos","category-inclusao","category-noticias"],"yoast_head":"<!-- This site is optimized with the Yoast SEO plugin v27.4 - https:\/\/yoast.com\/product\/yoast-seo-wordpress\/ -->\n<title>Preven\u00e7\u00e3o pode reduzir bullying nas escolas -<\/title>\n<meta name=\"robots\" content=\"index, follow, max-snippet:-1, max-image-preview:large, max-video-preview:-1\" \/>\n<link rel=\"canonical\" href=\"https:\/\/inclusivenews.com.br\/?p=13296\" \/>\n<meta property=\"og:locale\" content=\"pt_PT\" \/>\n<meta property=\"og:type\" content=\"article\" \/>\n<meta property=\"og:title\" content=\"Preven\u00e7\u00e3o pode reduzir bullying nas escolas -\" \/>\n<meta property=\"og:description\" content=\"Nas escolas, s\u00e3o muitos os exemplos de atitudes agressivas capazes de causar sofrimento e ang\u00fastia. \u00c9 comum vivenciar casos de estudantes introvertidos, intimidados pelos alunos mais fortes e desinibidos; a menina que carrega o apelido de baleia; o garoto conhecido por quatro olhos e o chamado de palito. Essas situa\u00e7\u00f5es n\u00e3o s\u00e3o novas, mas somente [&hellip;]\" \/>\n<meta property=\"og:url\" content=\"https:\/\/inclusivenews.com.br\/?p=13296\" \/>\n<meta property=\"article:publisher\" content=\"https:\/\/www.facebook.com\/agenciainclusive\/\" \/>\n<meta property=\"article:published_time\" content=\"2010-01-07T08:02:49+00:00\" \/>\n<meta property=\"og:image\" content=\"http:\/\/inclusivenews.com.br\/wp-content\/uploads\/2010\/01\/logo_envolverde-150x41.gif\" \/>\n<meta name=\"author\" content=\"inclusivenews2024\" \/>\n<meta name=\"twitter:card\" content=\"summary_large_image\" \/>\n<meta name=\"twitter:label1\" content=\"Escrito por\" \/>\n\t<meta name=\"twitter:data1\" content=\"inclusivenews2024\" \/>\n\t<meta name=\"twitter:label2\" content=\"Tempo estimado de leitura\" \/>\n\t<meta name=\"twitter:data2\" content=\"3 minutos\" \/>\n<script type=\"application\/ld+json\" class=\"yoast-schema-graph\">{\"@context\":\"https:\\\/\\\/schema.org\",\"@graph\":[{\"@type\":\"Article\",\"@id\":\"https:\\\/\\\/inclusivenews.com.br\\\/?p=13296#article\",\"isPartOf\":{\"@id\":\"https:\\\/\\\/inclusivenews.com.br\\\/?p=13296\"},\"author\":{\"name\":\"inclusivenews2024\",\"@id\":\"https:\\\/\\\/inclusivenews.com.br\\\/#\\\/schema\\\/person\\\/ae4ec7087559b8692fb33b6fffd2273b\"},\"headline\":\"Preven\u00e7\u00e3o pode reduzir bullying nas escolas\",\"datePublished\":\"2010-01-07T08:02:49+00:00\",\"mainEntityOfPage\":{\"@id\":\"https:\\\/\\\/inclusivenews.com.br\\\/?p=13296\"},\"wordCount\":573,\"commentCount\":1,\"publisher\":{\"@id\":\"https:\\\/\\\/inclusivenews.com.br\\\/#organization\"},\"image\":{\"@id\":\"https:\\\/\\\/inclusivenews.com.br\\\/?p=13296#primaryimage\"},\"thumbnailUrl\":\"http:\\\/\\\/inclusivenews.com.br\\\/wp-content\\\/uploads\\\/2010\\\/01\\\/logo_envolverde-150x41.gif\",\"articleSection\":[\"DIREITOS HUMANOS\",\"INCLUS\u00c3O SOCIAL\",\"NOT\u00cdCIAS\"],\"inLanguage\":\"pt-PT\",\"potentialAction\":[{\"@type\":\"CommentAction\",\"name\":\"Comment\",\"target\":[\"https:\\\/\\\/inclusivenews.com.br\\\/?p=13296#respond\"]}]},{\"@type\":\"WebPage\",\"@id\":\"https:\\\/\\\/inclusivenews.com.br\\\/?p=13296\",\"url\":\"https:\\\/\\\/inclusivenews.com.br\\\/?p=13296\",\"name\":\"Preven\u00e7\u00e3o pode reduzir bullying nas escolas -\",\"isPartOf\":{\"@id\":\"https:\\\/\\\/inclusivenews.com.br\\\/#website\"},\"primaryImageOfPage\":{\"@id\":\"https:\\\/\\\/inclusivenews.com.br\\\/?p=13296#primaryimage\"},\"image\":{\"@id\":\"https:\\\/\\\/inclusivenews.com.br\\\/?p=13296#primaryimage\"},\"thumbnailUrl\":\"http:\\\/\\\/inclusivenews.com.br\\\/wp-content\\\/uploads\\\/2010\\\/01\\\/logo_envolverde-150x41.gif\",\"datePublished\":\"2010-01-07T08:02:49+00:00\",\"breadcrumb\":{\"@id\":\"https:\\\/\\\/inclusivenews.com.br\\\/?p=13296#breadcrumb\"},\"inLanguage\":\"pt-PT\",\"potentialAction\":[{\"@type\":\"ReadAction\",\"target\":[\"https:\\\/\\\/inclusivenews.com.br\\\/?p=13296\"]}]},{\"@type\":\"ImageObject\",\"inLanguage\":\"pt-PT\",\"@id\":\"https:\\\/\\\/inclusivenews.com.br\\\/?p=13296#primaryimage\",\"url\":\"\",\"contentUrl\":\"\"},{\"@type\":\"BreadcrumbList\",\"@id\":\"https:\\\/\\\/inclusivenews.com.br\\\/?p=13296#breadcrumb\",\"itemListElement\":[{\"@type\":\"ListItem\",\"position\":1,\"name\":\"In\u00edcio\",\"item\":\"https:\\\/\\\/inclusivenews.com.br\\\/\"},{\"@type\":\"ListItem\",\"position\":2,\"name\":\"Preven\u00e7\u00e3o pode reduzir bullying nas escolas\"}]},{\"@type\":\"WebSite\",\"@id\":\"https:\\\/\\\/inclusivenews.com.br\\\/#website\",\"url\":\"https:\\\/\\\/inclusivenews.com.br\\\/\",\"name\":\"Inclusive News\",\"description\":\"Inclusive News\",\"publisher\":{\"@id\":\"https:\\\/\\\/inclusivenews.com.br\\\/#organization\"},\"potentialAction\":[{\"@type\":\"SearchAction\",\"target\":{\"@type\":\"EntryPoint\",\"urlTemplate\":\"https:\\\/\\\/inclusivenews.com.br\\\/?s={search_term_string}\"},\"query-input\":{\"@type\":\"PropertyValueSpecification\",\"valueRequired\":true,\"valueName\":\"search_term_string\"}}],\"inLanguage\":\"pt-PT\"},{\"@type\":\"Organization\",\"@id\":\"https:\\\/\\\/inclusivenews.com.br\\\/#organization\",\"name\":\"Inclusive - inclus\u00e3o e cidadania\",\"url\":\"https:\\\/\\\/inclusivenews.com.br\\\/\",\"logo\":{\"@type\":\"ImageObject\",\"inLanguage\":\"pt-PT\",\"@id\":\"https:\\\/\\\/inclusivenews.com.br\\\/#\\\/schema\\\/logo\\\/image\\\/\",\"url\":\"https:\\\/\\\/inclusivenews.com.br\\\/wp-content\\\/uploads\\\/2024\\\/03\\\/@grandesite.png\",\"contentUrl\":\"https:\\\/\\\/inclusivenews.com.br\\\/wp-content\\\/uploads\\\/2024\\\/03\\\/@grandesite.png\",\"width\":1080,\"height\":1080,\"caption\":\"Inclusive - inclus\u00e3o e cidadania\"},\"image\":{\"@id\":\"https:\\\/\\\/inclusivenews.com.br\\\/#\\\/schema\\\/logo\\\/image\\\/\"},\"sameAs\":[\"https:\\\/\\\/www.facebook.com\\\/agenciainclusive\\\/\",\"https:\\\/\\\/www.instagram.com\\\/newsinclusive\\\/\"]},{\"@type\":\"Person\",\"@id\":\"https:\\\/\\\/inclusivenews.com.br\\\/#\\\/schema\\\/person\\\/ae4ec7087559b8692fb33b6fffd2273b\",\"name\":\"inclusivenews2024\",\"image\":{\"@type\":\"ImageObject\",\"inLanguage\":\"pt-PT\",\"@id\":\"https:\\\/\\\/secure.gravatar.com\\\/avatar\\\/c5a7ef84c66fa914f55bc4f7ce26cfa275a3b9a1c5568b907bd184fb4dde7b40?s=96&d=mm&r=g\",\"url\":\"https:\\\/\\\/secure.gravatar.com\\\/avatar\\\/c5a7ef84c66fa914f55bc4f7ce26cfa275a3b9a1c5568b907bd184fb4dde7b40?s=96&d=mm&r=g\",\"contentUrl\":\"https:\\\/\\\/secure.gravatar.com\\\/avatar\\\/c5a7ef84c66fa914f55bc4f7ce26cfa275a3b9a1c5568b907bd184fb4dde7b40?s=96&d=mm&r=g\",\"caption\":\"inclusivenews2024\"},\"sameAs\":[\"https:\\\/\\\/inclusivenews.com.br\"],\"url\":\"https:\\\/\\\/inclusivenews.com.br\\\/?author=1\"}]}<\/script>\n<!-- \/ Yoast SEO plugin. -->","yoast_head_json":{"title":"Preven\u00e7\u00e3o pode reduzir bullying nas escolas -","robots":{"index":"index","follow":"follow","max-snippet":"max-snippet:-1","max-image-preview":"max-image-preview:large","max-video-preview":"max-video-preview:-1"},"canonical":"https:\/\/inclusivenews.com.br\/?p=13296","og_locale":"pt_PT","og_type":"article","og_title":"Preven\u00e7\u00e3o pode reduzir bullying nas escolas -","og_description":"Nas escolas, s\u00e3o muitos os exemplos de atitudes agressivas capazes de causar sofrimento e ang\u00fastia. \u00c9 comum vivenciar casos de estudantes introvertidos, intimidados pelos alunos mais fortes e desinibidos; a menina que carrega o apelido de baleia; o garoto conhecido por quatro olhos e o chamado de palito. Essas situa\u00e7\u00f5es n\u00e3o s\u00e3o novas, mas somente [&hellip;]","og_url":"https:\/\/inclusivenews.com.br\/?p=13296","article_publisher":"https:\/\/www.facebook.com\/agenciainclusive\/","article_published_time":"2010-01-07T08:02:49+00:00","og_image":[{"url":"http:\/\/inclusivenews.com.br\/wp-content\/uploads\/2010\/01\/logo_envolverde-150x41.gif","type":"","width":"","height":""}],"author":"inclusivenews2024","twitter_card":"summary_large_image","twitter_misc":{"Escrito por":"inclusivenews2024","Tempo estimado de leitura":"3 minutos"},"schema":{"@context":"https:\/\/schema.org","@graph":[{"@type":"Article","@id":"https:\/\/inclusivenews.com.br\/?p=13296#article","isPartOf":{"@id":"https:\/\/inclusivenews.com.br\/?p=13296"},"author":{"name":"inclusivenews2024","@id":"https:\/\/inclusivenews.com.br\/#\/schema\/person\/ae4ec7087559b8692fb33b6fffd2273b"},"headline":"Preven\u00e7\u00e3o pode reduzir bullying nas escolas","datePublished":"2010-01-07T08:02:49+00:00","mainEntityOfPage":{"@id":"https:\/\/inclusivenews.com.br\/?p=13296"},"wordCount":573,"commentCount":1,"publisher":{"@id":"https:\/\/inclusivenews.com.br\/#organization"},"image":{"@id":"https:\/\/inclusivenews.com.br\/?p=13296#primaryimage"},"thumbnailUrl":"http:\/\/inclusivenews.com.br\/wp-content\/uploads\/2010\/01\/logo_envolverde-150x41.gif","articleSection":["DIREITOS HUMANOS","INCLUS\u00c3O SOCIAL","NOT\u00cdCIAS"],"inLanguage":"pt-PT","potentialAction":[{"@type":"CommentAction","name":"Comment","target":["https:\/\/inclusivenews.com.br\/?p=13296#respond"]}]},{"@type":"WebPage","@id":"https:\/\/inclusivenews.com.br\/?p=13296","url":"https:\/\/inclusivenews.com.br\/?p=13296","name":"Preven\u00e7\u00e3o pode reduzir bullying nas escolas -","isPartOf":{"@id":"https:\/\/inclusivenews.com.br\/#website"},"primaryImageOfPage":{"@id":"https:\/\/inclusivenews.com.br\/?p=13296#primaryimage"},"image":{"@id":"https:\/\/inclusivenews.com.br\/?p=13296#primaryimage"},"thumbnailUrl":"http:\/\/inclusivenews.com.br\/wp-content\/uploads\/2010\/01\/logo_envolverde-150x41.gif","datePublished":"2010-01-07T08:02:49+00:00","breadcrumb":{"@id":"https:\/\/inclusivenews.com.br\/?p=13296#breadcrumb"},"inLanguage":"pt-PT","potentialAction":[{"@type":"ReadAction","target":["https:\/\/inclusivenews.com.br\/?p=13296"]}]},{"@type":"ImageObject","inLanguage":"pt-PT","@id":"https:\/\/inclusivenews.com.br\/?p=13296#primaryimage","url":"","contentUrl":""},{"@type":"BreadcrumbList","@id":"https:\/\/inclusivenews.com.br\/?p=13296#breadcrumb","itemListElement":[{"@type":"ListItem","position":1,"name":"In\u00edcio","item":"https:\/\/inclusivenews.com.br\/"},{"@type":"ListItem","position":2,"name":"Preven\u00e7\u00e3o pode reduzir bullying nas escolas"}]},{"@type":"WebSite","@id":"https:\/\/inclusivenews.com.br\/#website","url":"https:\/\/inclusivenews.com.br\/","name":"Inclusive News","description":"Inclusive News","publisher":{"@id":"https:\/\/inclusivenews.com.br\/#organization"},"potentialAction":[{"@type":"SearchAction","target":{"@type":"EntryPoint","urlTemplate":"https:\/\/inclusivenews.com.br\/?s={search_term_string}"},"query-input":{"@type":"PropertyValueSpecification","valueRequired":true,"valueName":"search_term_string"}}],"inLanguage":"pt-PT"},{"@type":"Organization","@id":"https:\/\/inclusivenews.com.br\/#organization","name":"Inclusive - inclus\u00e3o e cidadania","url":"https:\/\/inclusivenews.com.br\/","logo":{"@type":"ImageObject","inLanguage":"pt-PT","@id":"https:\/\/inclusivenews.com.br\/#\/schema\/logo\/image\/","url":"https:\/\/inclusivenews.com.br\/wp-content\/uploads\/2024\/03\/@grandesite.png","contentUrl":"https:\/\/inclusivenews.com.br\/wp-content\/uploads\/2024\/03\/@grandesite.png","width":1080,"height":1080,"caption":"Inclusive - inclus\u00e3o e cidadania"},"image":{"@id":"https:\/\/inclusivenews.com.br\/#\/schema\/logo\/image\/"},"sameAs":["https:\/\/www.facebook.com\/agenciainclusive\/","https:\/\/www.instagram.com\/newsinclusive\/"]},{"@type":"Person","@id":"https:\/\/inclusivenews.com.br\/#\/schema\/person\/ae4ec7087559b8692fb33b6fffd2273b","name":"inclusivenews2024","image":{"@type":"ImageObject","inLanguage":"pt-PT","@id":"https:\/\/secure.gravatar.com\/avatar\/c5a7ef84c66fa914f55bc4f7ce26cfa275a3b9a1c5568b907bd184fb4dde7b40?s=96&d=mm&r=g","url":"https:\/\/secure.gravatar.com\/avatar\/c5a7ef84c66fa914f55bc4f7ce26cfa275a3b9a1c5568b907bd184fb4dde7b40?s=96&d=mm&r=g","contentUrl":"https:\/\/secure.gravatar.com\/avatar\/c5a7ef84c66fa914f55bc4f7ce26cfa275a3b9a1c5568b907bd184fb4dde7b40?s=96&d=mm&r=g","caption":"inclusivenews2024"},"sameAs":["https:\/\/inclusivenews.com.br"],"url":"https:\/\/inclusivenews.com.br\/?author=1"}]}},"_links":{"self":[{"href":"https:\/\/inclusivenews.com.br\/index.php?rest_route=\/wp\/v2\/posts\/13296","targetHints":{"allow":["GET"]}}],"collection":[{"href":"https:\/\/inclusivenews.com.br\/index.php?rest_route=\/wp\/v2\/posts"}],"about":[{"href":"https:\/\/inclusivenews.com.br\/index.php?rest_route=\/wp\/v2\/types\/post"}],"author":[{"embeddable":true,"href":"https:\/\/inclusivenews.com.br\/index.php?rest_route=\/wp\/v2\/users\/1"}],"replies":[{"embeddable":true,"href":"https:\/\/inclusivenews.com.br\/index.php?rest_route=%2Fwp%2Fv2%2Fcomments&post=13296"}],"version-history":[{"count":0,"href":"https:\/\/inclusivenews.com.br\/index.php?rest_route=\/wp\/v2\/posts\/13296\/revisions"}],"wp:attachment":[{"href":"https:\/\/inclusivenews.com.br\/index.php?rest_route=%2Fwp%2Fv2%2Fmedia&parent=13296"}],"wp:term":[{"taxonomy":"category","embeddable":true,"href":"https:\/\/inclusivenews.com.br\/index.php?rest_route=%2Fwp%2Fv2%2Fcategories&post=13296"},{"taxonomy":"post_tag","embeddable":true,"href":"https:\/\/inclusivenews.com.br\/index.php?rest_route=%2Fwp%2Fv2%2Ftags&post=13296"}],"curies":[{"name":"wp","href":"https:\/\/api.w.org\/{rel}","templated":true}]}}