{"id":13298,"date":"2010-01-07T05:12:42","date_gmt":"2010-01-07T08:12:42","guid":{"rendered":"http:\/\/www.inclusive.org.br\/?p=13298"},"modified":"2010-01-07T05:12:42","modified_gmt":"2010-01-07T08:12:42","slug":"aprovado-censo-sobre-pessoas-com-deficiencia-na-cidade-de-sao-paulo","status":"publish","type":"post","link":"https:\/\/inclusivenews.com.br\/?p=13298","title":{"rendered":"Aprovado Censo sobre Pessoas com Defici\u00eancia na cidade de S\u00e3o Paulo"},"content":{"rendered":"<figure id=\"attachment_13299\" aria-describedby=\"caption-attachment-13299\" style=\"width: 150px\" class=\"wp-caption alignleft\"><a href=\"http:\/\/www.inclusivenews.com.br\/wp-content\/uploads\/2010\/01\/censo.jpg\"><img loading=\"lazy\" decoding=\"async\" class=\"size-thumbnail wp-image-13299\" title=\"censo\" src=\"http:\/\/inclusivenews.com.br\/wp-content\/uploads\/2010\/01\/censo-150x130.jpg\" alt=\"Imagem com figuras de v\u00e1rias crian\u00e7as com e sem defici\u00eancia\" width=\"150\" height=\"130\" \/><\/a><figcaption id=\"caption-attachment-13299\" class=\"wp-caption-text\">Imagem com figuras de v\u00e1rias crian\u00e7as com e sem defici\u00eancia<\/figcaption><\/figure>\n<p>De autoria da vereadora Mara Gabrilli, lei publicada hoje no Di\u00e1rio Oficial da Cidade prev\u00ea um levantamento detalhado com perfil s\u00f3cio-econ\u00f4mico dos 1,5 milh\u00e3o de pessoas com defici\u00eancia na capital paulistana<\/p>\n<p>Foi sancionada nesta quarta-feira (6) pelo Prefeito Gilberto Kassab lei da vereadora Mara Gabrilli que cria o Programa Censo-Inclus\u00e3o. O texto, publicado no Di\u00e1rio Oficial de hoje, prev\u00ea que a Prefeitura fa\u00e7a periodicamente um levantamento s\u00f3cio-econ\u00f4mico da popula\u00e7\u00e3o com defici\u00eancia na cidade de S\u00e3o Paulo &#8211; hoje estimada em 1,5 milh\u00e3o de pessoas. O objetivo \u00e9 levantar informa\u00e7\u00f5es detalhadas do segmento para que possam ser elaboradas pol\u00edticas p\u00fablicas espec\u00edficas voltadas \u00e0 inclus\u00e3o destas pessoas.<\/p>\n<p>&#8220;Quem \u00e9 a pessoa com defici\u00eancia em S\u00e3o Paulo hoje? O dado estat\u00edstico ao qual temos acesso \u00e9 o Censo IBGE, realizado por amostragem de dez em dez anos, de modo que n\u00e3o h\u00e1 um n\u00famero confi\u00e1vel e atualizado sobre o qual trabalhar possamos com efici\u00eancia&#8221;, diz a autora do texto Mara Gabrilli.<\/p>\n<p>O Instituto \u00c1gora em Defesa do Eleitor e da Democracia, uma das mais importantes ONGs brasileiras de acompanhamento das atividades parlamentares, classificou o Censo-Inclus\u00e3o como um dos 13 mais importantes Projetos de Lei que entraram na pauta da C\u00e2mara Municipal de S\u00e3o Paulo em 2009.<\/p>\n<p>O relat\u00f3rio resultante do censo ser\u00e1 chamado Cadastro-Inclus\u00e3o, e dever\u00e1 conter informa\u00e7\u00f5es tais como informa\u00e7\u00f5es quantitativas sobre os tipos e graus de defici\u00eancia encontrados e informa\u00e7\u00f5es que contribu\u00edam com a qualifica\u00e7\u00e3o, quantifica\u00e7\u00e3o e localiza\u00e7\u00e3o das pessoas com defici\u00eancia ou mobilidade reduzida. Finalizado o levantamento, as informa\u00e7\u00f5es ficar\u00e3o dispon\u00edveis para livre consulta no site da Prefeitura de S\u00e3o Paulo e na Secretaria Municipal da Pessoa com Defici\u00eancia e Mobilidade Reduzida (SMPED).<\/p>\n<p>Ao saber, por exemplo, qual a faixa de renda majorit\u00e1ria dos cerca de 1,5 milh\u00e3o de pessoas com defici\u00eancia na capital, muitos fabricantes poder\u00e3o alcan\u00e7ar um mercado a mais. &#8220;Atualmente a maioria das pessoas com defici\u00eancia n\u00e3o \u00e9 bem-recebida pelo com\u00e9rcio da cidade em geral. Um levantamento como este pode jogar luz para este potencial p\u00fablico consumidor hoje praticamente ignorado&#8221;, diz a vereadora. Um exemplo trivial \u00e9 uma loja de roupas que tenha um degrau, extinguindo automaticamente todos os cadeirantes que possam vir a se interessar por seus modelos. Outro exemplo, estrutural e mais importante, \u00e9 que, com os novos n\u00fameros e dados, as institui\u00e7\u00f5es de ensino poder\u00e3o dimensionar melhor seus espa\u00e7os para receber este p\u00fablico.<\/p>\n<p>O Censo-Inclus\u00e3o, publicado sob n\u00famero de\u00a0<strong><em>lei 15.096, de 5 de janeiro de 2009<\/em><\/strong>, no Di\u00e1rio Oficial da Cidade desta quarta-feira (6) prev\u00ea que o levantamento seja feito a\u00a0<strong>cada quatro anos<\/strong>, pela SMPED, que tamb\u00e9m se responsabilizar\u00e1 por fazer parcerias e conv\u00eanios necess\u00e1rios para a realiza\u00e7\u00e3o do censo. Prevendo esta nova atribui\u00e7\u00e3o do \u00f3rg\u00e3o, a vereadora havia definido, no in\u00edcio de dezembro, a aloca\u00e7\u00e3o de R$ 500 mil de suas emendas parlamentares \u00e0 SMPED que poder\u00e3o ser empregadas na realiza\u00e7\u00e3o do Censo-Inclus\u00e3o.<\/p>\n<p>Fonte:\u00a0Revista Sentidos<\/p>\n<p><a rel=\"nofollow noopener\" href=\"http:\/\/sentidos.uol.com.br\/canais\/materia.asp?codpag=13385&amp;canal=cidadania\" target=\"_blank\">http:\/\/sentidos. uol.com.br\/ canais\/materia. asp?codpag= 13385&amp;canal=cidadania<\/a><\/p>\n","protected":false},"excerpt":{"rendered":"<p>De autoria da vereadora Mara Gabrilli, lei publicada hoje no Di\u00e1rio Oficial da Cidade prev\u00ea um levantamento detalhado com perfil s\u00f3cio-econ\u00f4mico dos 1,5 milh\u00e3o de pessoas com defici\u00eancia na capital paulistana Foi sancionada nesta quarta-feira (6) pelo Prefeito Gilberto Kassab lei da vereadora Mara Gabrilli que cria o Programa Censo-Inclus\u00e3o. O texto, publicado no Di\u00e1rio [&hellip;]<\/p>\n","protected":false},"author":1,"featured_media":0,"comment_status":"open","ping_status":"open","sticky":false,"template":"","format":"standard","meta":{"site-container-style":"default","site-container-layout":"default","site-sidebar-layout":"default","disable-article-header":"default","disable-site-header":"default","disable-site-footer":"default","disable-content-area-spacing":"default","footnotes":""},"categories":[4],"tags":[],"class_list":["post-13298","post","type-post","status-publish","format-standard","hentry","category-noticias"],"yoast_head":"<!-- This site is optimized with the Yoast SEO plugin v27.4 - https:\/\/yoast.com\/product\/yoast-seo-wordpress\/ -->\n<title>Aprovado Censo sobre Pessoas com Defici\u00eancia na cidade de S\u00e3o Paulo -<\/title>\n<meta name=\"robots\" content=\"index, follow, max-snippet:-1, max-image-preview:large, max-video-preview:-1\" \/>\n<link rel=\"canonical\" href=\"https:\/\/inclusivenews.com.br\/?p=13298\" \/>\n<meta property=\"og:locale\" content=\"pt_PT\" \/>\n<meta property=\"og:type\" content=\"article\" \/>\n<meta property=\"og:title\" content=\"Aprovado Censo sobre Pessoas com Defici\u00eancia na cidade de S\u00e3o Paulo -\" \/>\n<meta property=\"og:description\" content=\"De autoria da vereadora Mara Gabrilli, lei publicada hoje no Di\u00e1rio Oficial da Cidade prev\u00ea um levantamento detalhado com perfil s\u00f3cio-econ\u00f4mico dos 1,5 milh\u00e3o de pessoas com defici\u00eancia na capital paulistana Foi sancionada nesta quarta-feira (6) pelo Prefeito Gilberto Kassab lei da vereadora Mara Gabrilli que cria o Programa Censo-Inclus\u00e3o. O texto, publicado no Di\u00e1rio [&hellip;]\" \/>\n<meta property=\"og:url\" content=\"https:\/\/inclusivenews.com.br\/?p=13298\" \/>\n<meta property=\"article:publisher\" content=\"https:\/\/www.facebook.com\/agenciainclusive\/\" \/>\n<meta property=\"article:published_time\" content=\"2010-01-07T08:12:42+00:00\" \/>\n<meta property=\"og:image\" content=\"http:\/\/inclusivenews.com.br\/wp-content\/uploads\/2010\/01\/censo-150x130.jpg\" \/>\n<meta name=\"author\" content=\"inclusivenews2024\" \/>\n<meta name=\"twitter:card\" content=\"summary_large_image\" \/>\n<meta name=\"twitter:label1\" content=\"Escrito por\" \/>\n\t<meta name=\"twitter:data1\" content=\"inclusivenews2024\" \/>\n\t<meta name=\"twitter:label2\" content=\"Tempo estimado de leitura\" \/>\n\t<meta name=\"twitter:data2\" content=\"3 minutos\" \/>\n<script type=\"application\/ld+json\" class=\"yoast-schema-graph\">{\"@context\":\"https:\\\/\\\/schema.org\",\"@graph\":[{\"@type\":\"Article\",\"@id\":\"https:\\\/\\\/inclusivenews.com.br\\\/?p=13298#article\",\"isPartOf\":{\"@id\":\"https:\\\/\\\/inclusivenews.com.br\\\/?p=13298\"},\"author\":{\"name\":\"inclusivenews2024\",\"@id\":\"https:\\\/\\\/inclusivenews.com.br\\\/#\\\/schema\\\/person\\\/ae4ec7087559b8692fb33b6fffd2273b\"},\"headline\":\"Aprovado Censo sobre Pessoas com Defici\u00eancia na cidade de S\u00e3o Paulo\",\"datePublished\":\"2010-01-07T08:12:42+00:00\",\"mainEntityOfPage\":{\"@id\":\"https:\\\/\\\/inclusivenews.com.br\\\/?p=13298\"},\"wordCount\":575,\"commentCount\":0,\"publisher\":{\"@id\":\"https:\\\/\\\/inclusivenews.com.br\\\/#organization\"},\"image\":{\"@id\":\"https:\\\/\\\/inclusivenews.com.br\\\/?p=13298#primaryimage\"},\"thumbnailUrl\":\"http:\\\/\\\/inclusivenews.com.br\\\/wp-content\\\/uploads\\\/2010\\\/01\\\/censo-150x130.jpg\",\"articleSection\":[\"NOT\u00cdCIAS\"],\"inLanguage\":\"pt-PT\",\"potentialAction\":[{\"@type\":\"CommentAction\",\"name\":\"Comment\",\"target\":[\"https:\\\/\\\/inclusivenews.com.br\\\/?p=13298#respond\"]}]},{\"@type\":\"WebPage\",\"@id\":\"https:\\\/\\\/inclusivenews.com.br\\\/?p=13298\",\"url\":\"https:\\\/\\\/inclusivenews.com.br\\\/?p=13298\",\"name\":\"Aprovado Censo sobre Pessoas com Defici\u00eancia na cidade de S\u00e3o Paulo -\",\"isPartOf\":{\"@id\":\"https:\\\/\\\/inclusivenews.com.br\\\/#website\"},\"primaryImageOfPage\":{\"@id\":\"https:\\\/\\\/inclusivenews.com.br\\\/?p=13298#primaryimage\"},\"image\":{\"@id\":\"https:\\\/\\\/inclusivenews.com.br\\\/?p=13298#primaryimage\"},\"thumbnailUrl\":\"http:\\\/\\\/inclusivenews.com.br\\\/wp-content\\\/uploads\\\/2010\\\/01\\\/censo-150x130.jpg\",\"datePublished\":\"2010-01-07T08:12:42+00:00\",\"breadcrumb\":{\"@id\":\"https:\\\/\\\/inclusivenews.com.br\\\/?p=13298#breadcrumb\"},\"inLanguage\":\"pt-PT\",\"potentialAction\":[{\"@type\":\"ReadAction\",\"target\":[\"https:\\\/\\\/inclusivenews.com.br\\\/?p=13298\"]}]},{\"@type\":\"ImageObject\",\"inLanguage\":\"pt-PT\",\"@id\":\"https:\\\/\\\/inclusivenews.com.br\\\/?p=13298#primaryimage\",\"url\":\"\",\"contentUrl\":\"\"},{\"@type\":\"BreadcrumbList\",\"@id\":\"https:\\\/\\\/inclusivenews.com.br\\\/?p=13298#breadcrumb\",\"itemListElement\":[{\"@type\":\"ListItem\",\"position\":1,\"name\":\"In\u00edcio\",\"item\":\"https:\\\/\\\/inclusivenews.com.br\\\/\"},{\"@type\":\"ListItem\",\"position\":2,\"name\":\"Aprovado Censo sobre Pessoas com Defici\u00eancia na cidade de S\u00e3o Paulo\"}]},{\"@type\":\"WebSite\",\"@id\":\"https:\\\/\\\/inclusivenews.com.br\\\/#website\",\"url\":\"https:\\\/\\\/inclusivenews.com.br\\\/\",\"name\":\"Inclusive News\",\"description\":\"Inclusive News\",\"publisher\":{\"@id\":\"https:\\\/\\\/inclusivenews.com.br\\\/#organization\"},\"potentialAction\":[{\"@type\":\"SearchAction\",\"target\":{\"@type\":\"EntryPoint\",\"urlTemplate\":\"https:\\\/\\\/inclusivenews.com.br\\\/?s={search_term_string}\"},\"query-input\":{\"@type\":\"PropertyValueSpecification\",\"valueRequired\":true,\"valueName\":\"search_term_string\"}}],\"inLanguage\":\"pt-PT\"},{\"@type\":\"Organization\",\"@id\":\"https:\\\/\\\/inclusivenews.com.br\\\/#organization\",\"name\":\"Inclusive - inclus\u00e3o e cidadania\",\"url\":\"https:\\\/\\\/inclusivenews.com.br\\\/\",\"logo\":{\"@type\":\"ImageObject\",\"inLanguage\":\"pt-PT\",\"@id\":\"https:\\\/\\\/inclusivenews.com.br\\\/#\\\/schema\\\/logo\\\/image\\\/\",\"url\":\"https:\\\/\\\/inclusivenews.com.br\\\/wp-content\\\/uploads\\\/2024\\\/03\\\/@grandesite.png\",\"contentUrl\":\"https:\\\/\\\/inclusivenews.com.br\\\/wp-content\\\/uploads\\\/2024\\\/03\\\/@grandesite.png\",\"width\":1080,\"height\":1080,\"caption\":\"Inclusive - inclus\u00e3o e cidadania\"},\"image\":{\"@id\":\"https:\\\/\\\/inclusivenews.com.br\\\/#\\\/schema\\\/logo\\\/image\\\/\"},\"sameAs\":[\"https:\\\/\\\/www.facebook.com\\\/agenciainclusive\\\/\",\"https:\\\/\\\/www.instagram.com\\\/newsinclusive\\\/\"]},{\"@type\":\"Person\",\"@id\":\"https:\\\/\\\/inclusivenews.com.br\\\/#\\\/schema\\\/person\\\/ae4ec7087559b8692fb33b6fffd2273b\",\"name\":\"inclusivenews2024\",\"image\":{\"@type\":\"ImageObject\",\"inLanguage\":\"pt-PT\",\"@id\":\"https:\\\/\\\/secure.gravatar.com\\\/avatar\\\/c5a7ef84c66fa914f55bc4f7ce26cfa275a3b9a1c5568b907bd184fb4dde7b40?s=96&d=mm&r=g\",\"url\":\"https:\\\/\\\/secure.gravatar.com\\\/avatar\\\/c5a7ef84c66fa914f55bc4f7ce26cfa275a3b9a1c5568b907bd184fb4dde7b40?s=96&d=mm&r=g\",\"contentUrl\":\"https:\\\/\\\/secure.gravatar.com\\\/avatar\\\/c5a7ef84c66fa914f55bc4f7ce26cfa275a3b9a1c5568b907bd184fb4dde7b40?s=96&d=mm&r=g\",\"caption\":\"inclusivenews2024\"},\"sameAs\":[\"https:\\\/\\\/inclusivenews.com.br\"],\"url\":\"https:\\\/\\\/inclusivenews.com.br\\\/?author=1\"}]}<\/script>\n<!-- \/ Yoast SEO plugin. -->","yoast_head_json":{"title":"Aprovado Censo sobre Pessoas com Defici\u00eancia na cidade de S\u00e3o Paulo -","robots":{"index":"index","follow":"follow","max-snippet":"max-snippet:-1","max-image-preview":"max-image-preview:large","max-video-preview":"max-video-preview:-1"},"canonical":"https:\/\/inclusivenews.com.br\/?p=13298","og_locale":"pt_PT","og_type":"article","og_title":"Aprovado Censo sobre Pessoas com Defici\u00eancia na cidade de S\u00e3o Paulo -","og_description":"De autoria da vereadora Mara Gabrilli, lei publicada hoje no Di\u00e1rio Oficial da Cidade prev\u00ea um levantamento detalhado com perfil s\u00f3cio-econ\u00f4mico dos 1,5 milh\u00e3o de pessoas com defici\u00eancia na capital paulistana Foi sancionada nesta quarta-feira (6) pelo Prefeito Gilberto Kassab lei da vereadora Mara Gabrilli que cria o Programa Censo-Inclus\u00e3o. O texto, publicado no Di\u00e1rio [&hellip;]","og_url":"https:\/\/inclusivenews.com.br\/?p=13298","article_publisher":"https:\/\/www.facebook.com\/agenciainclusive\/","article_published_time":"2010-01-07T08:12:42+00:00","og_image":[{"url":"http:\/\/inclusivenews.com.br\/wp-content\/uploads\/2010\/01\/censo-150x130.jpg","type":"","width":"","height":""}],"author":"inclusivenews2024","twitter_card":"summary_large_image","twitter_misc":{"Escrito por":"inclusivenews2024","Tempo estimado de leitura":"3 minutos"},"schema":{"@context":"https:\/\/schema.org","@graph":[{"@type":"Article","@id":"https:\/\/inclusivenews.com.br\/?p=13298#article","isPartOf":{"@id":"https:\/\/inclusivenews.com.br\/?p=13298"},"author":{"name":"inclusivenews2024","@id":"https:\/\/inclusivenews.com.br\/#\/schema\/person\/ae4ec7087559b8692fb33b6fffd2273b"},"headline":"Aprovado Censo sobre Pessoas com Defici\u00eancia na cidade de S\u00e3o Paulo","datePublished":"2010-01-07T08:12:42+00:00","mainEntityOfPage":{"@id":"https:\/\/inclusivenews.com.br\/?p=13298"},"wordCount":575,"commentCount":0,"publisher":{"@id":"https:\/\/inclusivenews.com.br\/#organization"},"image":{"@id":"https:\/\/inclusivenews.com.br\/?p=13298#primaryimage"},"thumbnailUrl":"http:\/\/inclusivenews.com.br\/wp-content\/uploads\/2010\/01\/censo-150x130.jpg","articleSection":["NOT\u00cdCIAS"],"inLanguage":"pt-PT","potentialAction":[{"@type":"CommentAction","name":"Comment","target":["https:\/\/inclusivenews.com.br\/?p=13298#respond"]}]},{"@type":"WebPage","@id":"https:\/\/inclusivenews.com.br\/?p=13298","url":"https:\/\/inclusivenews.com.br\/?p=13298","name":"Aprovado Censo sobre Pessoas com Defici\u00eancia na cidade de S\u00e3o Paulo -","isPartOf":{"@id":"https:\/\/inclusivenews.com.br\/#website"},"primaryImageOfPage":{"@id":"https:\/\/inclusivenews.com.br\/?p=13298#primaryimage"},"image":{"@id":"https:\/\/inclusivenews.com.br\/?p=13298#primaryimage"},"thumbnailUrl":"http:\/\/inclusivenews.com.br\/wp-content\/uploads\/2010\/01\/censo-150x130.jpg","datePublished":"2010-01-07T08:12:42+00:00","breadcrumb":{"@id":"https:\/\/inclusivenews.com.br\/?p=13298#breadcrumb"},"inLanguage":"pt-PT","potentialAction":[{"@type":"ReadAction","target":["https:\/\/inclusivenews.com.br\/?p=13298"]}]},{"@type":"ImageObject","inLanguage":"pt-PT","@id":"https:\/\/inclusivenews.com.br\/?p=13298#primaryimage","url":"","contentUrl":""},{"@type":"BreadcrumbList","@id":"https:\/\/inclusivenews.com.br\/?p=13298#breadcrumb","itemListElement":[{"@type":"ListItem","position":1,"name":"In\u00edcio","item":"https:\/\/inclusivenews.com.br\/"},{"@type":"ListItem","position":2,"name":"Aprovado Censo sobre Pessoas com Defici\u00eancia na cidade de S\u00e3o Paulo"}]},{"@type":"WebSite","@id":"https:\/\/inclusivenews.com.br\/#website","url":"https:\/\/inclusivenews.com.br\/","name":"Inclusive News","description":"Inclusive News","publisher":{"@id":"https:\/\/inclusivenews.com.br\/#organization"},"potentialAction":[{"@type":"SearchAction","target":{"@type":"EntryPoint","urlTemplate":"https:\/\/inclusivenews.com.br\/?s={search_term_string}"},"query-input":{"@type":"PropertyValueSpecification","valueRequired":true,"valueName":"search_term_string"}}],"inLanguage":"pt-PT"},{"@type":"Organization","@id":"https:\/\/inclusivenews.com.br\/#organization","name":"Inclusive - inclus\u00e3o e cidadania","url":"https:\/\/inclusivenews.com.br\/","logo":{"@type":"ImageObject","inLanguage":"pt-PT","@id":"https:\/\/inclusivenews.com.br\/#\/schema\/logo\/image\/","url":"https:\/\/inclusivenews.com.br\/wp-content\/uploads\/2024\/03\/@grandesite.png","contentUrl":"https:\/\/inclusivenews.com.br\/wp-content\/uploads\/2024\/03\/@grandesite.png","width":1080,"height":1080,"caption":"Inclusive - inclus\u00e3o e cidadania"},"image":{"@id":"https:\/\/inclusivenews.com.br\/#\/schema\/logo\/image\/"},"sameAs":["https:\/\/www.facebook.com\/agenciainclusive\/","https:\/\/www.instagram.com\/newsinclusive\/"]},{"@type":"Person","@id":"https:\/\/inclusivenews.com.br\/#\/schema\/person\/ae4ec7087559b8692fb33b6fffd2273b","name":"inclusivenews2024","image":{"@type":"ImageObject","inLanguage":"pt-PT","@id":"https:\/\/secure.gravatar.com\/avatar\/c5a7ef84c66fa914f55bc4f7ce26cfa275a3b9a1c5568b907bd184fb4dde7b40?s=96&d=mm&r=g","url":"https:\/\/secure.gravatar.com\/avatar\/c5a7ef84c66fa914f55bc4f7ce26cfa275a3b9a1c5568b907bd184fb4dde7b40?s=96&d=mm&r=g","contentUrl":"https:\/\/secure.gravatar.com\/avatar\/c5a7ef84c66fa914f55bc4f7ce26cfa275a3b9a1c5568b907bd184fb4dde7b40?s=96&d=mm&r=g","caption":"inclusivenews2024"},"sameAs":["https:\/\/inclusivenews.com.br"],"url":"https:\/\/inclusivenews.com.br\/?author=1"}]}},"_links":{"self":[{"href":"https:\/\/inclusivenews.com.br\/index.php?rest_route=\/wp\/v2\/posts\/13298","targetHints":{"allow":["GET"]}}],"collection":[{"href":"https:\/\/inclusivenews.com.br\/index.php?rest_route=\/wp\/v2\/posts"}],"about":[{"href":"https:\/\/inclusivenews.com.br\/index.php?rest_route=\/wp\/v2\/types\/post"}],"author":[{"embeddable":true,"href":"https:\/\/inclusivenews.com.br\/index.php?rest_route=\/wp\/v2\/users\/1"}],"replies":[{"embeddable":true,"href":"https:\/\/inclusivenews.com.br\/index.php?rest_route=%2Fwp%2Fv2%2Fcomments&post=13298"}],"version-history":[{"count":0,"href":"https:\/\/inclusivenews.com.br\/index.php?rest_route=\/wp\/v2\/posts\/13298\/revisions"}],"wp:attachment":[{"href":"https:\/\/inclusivenews.com.br\/index.php?rest_route=%2Fwp%2Fv2%2Fmedia&parent=13298"}],"wp:term":[{"taxonomy":"category","embeddable":true,"href":"https:\/\/inclusivenews.com.br\/index.php?rest_route=%2Fwp%2Fv2%2Fcategories&post=13298"},{"taxonomy":"post_tag","embeddable":true,"href":"https:\/\/inclusivenews.com.br\/index.php?rest_route=%2Fwp%2Fv2%2Ftags&post=13298"}],"curies":[{"name":"wp","href":"https:\/\/api.w.org\/{rel}","templated":true}]}}