{"id":13307,"date":"2010-01-07T13:58:37","date_gmt":"2010-01-07T16:58:37","guid":{"rendered":"http:\/\/www.inclusive.org.br\/?p=13307"},"modified":"2010-01-07T13:58:37","modified_gmt":"2010-01-07T16:58:37","slug":"o-bugueiro-e-a-militante-que-forca-a-grana-tem-por-alexandre-mapuranga","status":"publish","type":"post","link":"https:\/\/inclusivenews.com.br\/?p=13307","title":{"rendered":"O bugueiro e a militante: que for\u00e7a a grana tem, por Alexandre Mapuranga"},"content":{"rendered":"<div class=\"mceTemp\">\n<dl class=\"wp-caption alignleft\" style=\"width: 286px;\">\n<dt class=\"wp-caption-dt\"><img loading=\"lazy\" decoding=\"async\" title=\"\u00c1rvore com notas de d\u00f3lar ao inv\u00e9s de folhas.\" src=\"http:\/\/novo-mundo.org\/log\/wp-content\/uploads\/dinheiro-em-arvore.jpg\" alt=\"\" width=\"276\" height=\"250\" \/><\/dt>\n<dd class=\"wp-caption-dd\"><\/dd>\n<\/dl>\n<\/div>\n<p style=\"TEXT-ALIGN: justify\">Hoje me lembrei de uma figura que conheci em Jericoacoara, numa viagem com minha mulher. Era um bugueiro e guia que levava constantemente turistas do mundo todo pra passear nos recantos daquele peda\u00e7o de para\u00edso. Conversador que s\u00f3 ele, me lembro que ele disse algo mais ou menos assim: \u201ctudo de ruim pra pobre vem em dobro e j\u00e1 pro rico vem s\u00f3 pela metade\u201d, at\u00e9 deu v\u00e1rios exemplos: \u201cse o pobre ficar doente, ele t\u00e1 com p\u00e9 na cova, j\u00e1 se o rico fica doente, ele t\u00e1 s\u00f3 meio doente. Tem dinheiro pra rem\u00e9dios, tratamentos no exterior, por ai vai&#8230;\u201d e brincava \u201cse o pobre \u00e9 feio, \u00e9 \u2018fei\u2019 que d\u00f3i, num pega nem gripe. J\u00e1 o rico feio, com roupa de marca, no carr\u00e3o importado, at\u00e9 que \u00e9 \u2018simp\u00e1tico\u2019 e s\u00f3 anda rodeado de gata\u201d. Isso nas palavras e na vis\u00e3o do tal bugueiro.<\/p>\n<p style=\"TEXT-ALIGN: justify\">Uma amiga minha chamada Ala\u00edde Aquino, militante do Movimento de Pessoas com Defici\u00eancia (MPcD \u2013Ce), costuma dizer que a diferen\u00e7a fundamental que gera discrimina\u00e7\u00e3o entre as pessoas \u00e9 o fato de ser rico ou pobre.\u00a0 Ou seja, n\u00e3o importa muito ser negro, branca, mulher, homem, alta, baixo, gay, hetero, com ou sem defici\u00eancia. Desde que se tenha dinheiro voc\u00ea acaba, bem ou mal, sendo aceito e as barreiras impostas s\u00e3o mais facilmente vencidas.<\/p>\n<p style=\"TEXT-ALIGN: justify\">Apesar de argumenta\u00e7\u00f5es e experi\u00eancias de vida completamente distintas, o\u00a0bugueiro de Jer\u00ed e Ala\u00edde coadunam do mesmo pensamento de que a quest\u00e3o financeira \u00e9 determinante quando se trata de garantia de direitos e aceita\u00e7\u00e3o social. O que fazem os dois na pr\u00e1tica a partir dessa id\u00e9ia tamb\u00e9m difere bastante.<\/p>\n<p style=\"TEXT-ALIGN: justify\">Ala\u00edde luta por acessibilidade, por habilita\u00e7\u00e3o e reabilita\u00e7\u00e3o, por concess\u00e3o de \u00f3rteses, pr\u00f3teses e insumos de forma \u00e1gil para pessoas com defici\u00eancia, especialmente as mais pobres. J\u00e1 o bugueiro de Jer\u00ed trabalha, trabalha, trabalha e nutre certeza de que algo vai acontecer para que ele pr\u00f3prio deixe de sofrer as mazelas da vida em dobro, como \u00e9 da sina de qualquer pessoa pobre.<\/p>\n<p style=\"TEXT-ALIGN: justify\">\u00c9 claro que, de certa medida, o preconceito e a falta de servi\u00e7os acess\u00edveis \u00e0s pessoas com defici\u00eancia como escolas, hospitais, cinemas, museus, padarias, pra\u00e7as e transportes p\u00fablicos afetam todos, independentemente da grana que se tem, mas s\u00e3o especialmente cru\u00e9is com os mais pobres.<\/p>\n<p style=\"TEXT-ALIGN: justify\">\u00c9 f\u00e1cil ver isso quando se vai, por exemplo, na Reatech \u2013 famosa feira habilita\u00e7\u00e3o e reabilita\u00e7\u00e3o \u2013 onde se pode encontrar carros de luxos com adapta\u00e7\u00f5es mirabolantes e cadeiras de rodas capazes de subir batentes e at\u00e9 escadas, maravilhas de primeiro mundo por pre\u00e7os absolutamente inacess\u00edveis para a grande maioria das pessoas com defici\u00eancia.<\/p>\n<p style=\"TEXT-ALIGN: justify\">\u00c9 claro que quem tem condi\u00e7\u00f5es d\u00e1 seu jeito, compra cadeira, contrata ajudante, acompanhante, terapeuta, fisioterapeuta, carro adaptado e, mesmo ainda que pagando caro, acaba minimizando os efeitos da exclus\u00e3o.<\/p>\n<p style=\"TEXT-ALIGN: justify\">Quem n\u00e3o tem condi\u00e7\u00f5es financeiras acaba a merc\u00ea das prec\u00e1rias pol\u00edticas p\u00fablicas, que nem de longe garantem os direitos e dignidade t\u00e3o duramente conquistados em Lei pelos movimentos de pessoas com defici\u00eancia.<\/p>\n<p style=\"TEXT-ALIGN: justify\">Outro aspecto interessante \u00e9 de como podemos ao mesmo tempo ser oprimidos e opressores, discriminar e ser discriminado, sem nos dar conta de que quando atacamos uma condi\u00e7\u00e3o pessoal de algu\u00e9m, fragilizamos a nossa pr\u00f3pria, contribuindo pra uma sociedade onde o que vale \u00e9 a lei do mais forte, ou a de quem tem mais.<\/p>\n<p style=\"TEXT-ALIGN: justify\">Nesse sentido n\u00e3o \u00e9 dif\u00edcil encontrar uma pessoa com defici\u00eancia contando piada de gays, um trabalhador explorado pelo patr\u00e3o que espanca a mulher, o rico homossexual que tem horror a pobre, por a\u00ed vai.<\/p>\n<p style=\"TEXT-ALIGN: justify\">A \u00faltima foi a do apresentador de sal\u00e1rio milion\u00e1rio Boris Casoy. Pessoa com defici\u00eancia, Boris j\u00e1 enfrentou o preconceito e batalhou muito para ser uma das vozes de maior credibilidade no jornalismo brasileiro. Sem saber que estava no ar ele desdenha, \u201cfaz ora\u201d como se diz no Cear\u00e1, da condi\u00e7\u00e3o de alguns garis que desejaram feliz ano novo aos telespectadores.<\/p>\n<p style=\"TEXT-ALIGN: justify\">Como diria o pr\u00f3prio Casoy: Isto \u00e9 uma vergonha!<\/p>\n<p>Casos como o do Casoy e tamb\u00e9m outros, como aquele do rico m\u00e9dico acusado de estupro que conseguiu liminar do Supremo pra passar o Natal confortavelmente em casa ou aquele outro do Banqueiro mafioso que quando a Pol\u00edcia Federal vai atr\u00e1s a terra treme, mas nada acontece, s\u00e3o exemplos que devem contribuir para que o Bugueiro de Jer\u00ed e Ala\u00edde tenham tanta certeza da for\u00e7a que dinheiro tem.<\/p>\n<p style=\"TEXT-ALIGN: justify\">Eu n\u00e3o posso deixar de registrar minha admira\u00e7\u00e3o e respeito por posturas como a de Ala\u00edde que, percebendo a for\u00e7a da grana para incluir e excluir pessoas, trabalha duramente para que todos sejam respeitados pelo que s\u00e3o: gente.<\/p>\n<p>________________________________<\/p>\n<p style=\"TEXT-ALIGN: justify\">* Membro do MPcD\/CE &#8211; Movimento de Pessoas com Defici\u00eancia do Cear\u00e1<br \/>\nPresidente do Cedef &#8211; Conselho Estadual dos Direitos da Pessoa com Defici\u00eancia<br \/>\nConselheiro Titular do Conade &#8211; Conselho Nacional dos Direitos da Pessoa com Defici\u00eancia<br \/>\nDiretor de Assuntos Jur\u00eddicos da Abra\u00e7a &#8211; Associa\u00e7\u00e3o Brasileira de A\u00e7\u00e3o por Direitos da pessoa Autista<\/p>\n<p style=\"TEXT-ALIGN: justify\">Publicado originalmente em <a href=\"http:\/\/www.inclusaoediversidade.com\/2010\/01\/o-bugueiro-e-militante-que-forca-da.html\">http:\/\/www.inclusaoediversidade.com\/2010\/01\/o-bugueiro-e-militante-que-forca-da.html<\/a><\/p>\n","protected":false},"excerpt":{"rendered":"<p>\u00c9 claro que, de certa medida, o preconceito e a falta de servi\u00e7os acess\u00edveis \u00e0s pessoas com defici\u00eancia como escolas, hospitais, cinemas, museus, padarias, pra\u00e7as e transportes p\u00fablicos afetam todos, independentemente da grana que se tem, mas s\u00e3o especialmente cru\u00e9is com os mais pobres.<\/p>\n","protected":false},"author":1,"featured_media":0,"comment_status":"open","ping_status":"open","sticky":false,"template":"","format":"standard","meta":{"site-container-style":"default","site-container-layout":"default","site-sidebar-layout":"default","disable-article-header":"default","disable-site-header":"default","disable-site-footer":"default","disable-content-area-spacing":"default","footnotes":""},"categories":[36,8],"tags":[],"class_list":["post-13307","post","type-post","status-publish","format-standard","hentry","category-colunas-especiais","category-textos-e-artigos"],"yoast_head":"<!-- This site is optimized with the Yoast SEO plugin v27.4 - https:\/\/yoast.com\/product\/yoast-seo-wordpress\/ -->\n<title>O bugueiro e a militante: que for\u00e7a a grana tem, por Alexandre Mapuranga -<\/title>\n<meta name=\"robots\" content=\"index, follow, max-snippet:-1, max-image-preview:large, max-video-preview:-1\" \/>\n<link rel=\"canonical\" href=\"https:\/\/inclusivenews.com.br\/?p=13307\" \/>\n<meta property=\"og:locale\" content=\"pt_PT\" \/>\n<meta property=\"og:type\" content=\"article\" \/>\n<meta property=\"og:title\" content=\"O bugueiro e a militante: que for\u00e7a a grana tem, por Alexandre Mapuranga -\" \/>\n<meta property=\"og:description\" content=\"\u00c9 claro que, de certa medida, o preconceito e a falta de servi\u00e7os acess\u00edveis \u00e0s pessoas com defici\u00eancia como escolas, hospitais, cinemas, museus, padarias, pra\u00e7as e transportes p\u00fablicos afetam todos, independentemente da grana que se tem, mas s\u00e3o especialmente cru\u00e9is com os mais pobres.\" \/>\n<meta property=\"og:url\" content=\"https:\/\/inclusivenews.com.br\/?p=13307\" \/>\n<meta property=\"article:publisher\" content=\"https:\/\/www.facebook.com\/agenciainclusive\/\" \/>\n<meta property=\"article:published_time\" content=\"2010-01-07T16:58:37+00:00\" \/>\n<meta property=\"og:image\" content=\"http:\/\/novo-mundo.org\/log\/wp-content\/uploads\/dinheiro-em-arvore.jpg\" \/>\n<meta name=\"author\" content=\"inclusivenews2024\" \/>\n<meta name=\"twitter:card\" content=\"summary_large_image\" \/>\n<meta name=\"twitter:label1\" content=\"Escrito por\" \/>\n\t<meta name=\"twitter:data1\" content=\"inclusivenews2024\" \/>\n\t<meta name=\"twitter:label2\" content=\"Tempo estimado de leitura\" \/>\n\t<meta name=\"twitter:data2\" content=\"4 minutos\" \/>\n<script type=\"application\/ld+json\" class=\"yoast-schema-graph\">{\"@context\":\"https:\\\/\\\/schema.org\",\"@graph\":[{\"@type\":\"Article\",\"@id\":\"https:\\\/\\\/inclusivenews.com.br\\\/?p=13307#article\",\"isPartOf\":{\"@id\":\"https:\\\/\\\/inclusivenews.com.br\\\/?p=13307\"},\"author\":{\"name\":\"inclusivenews2024\",\"@id\":\"https:\\\/\\\/inclusivenews.com.br\\\/#\\\/schema\\\/person\\\/ae4ec7087559b8692fb33b6fffd2273b\"},\"headline\":\"O bugueiro e a militante: que for\u00e7a a grana tem, por Alexandre Mapuranga\",\"datePublished\":\"2010-01-07T16:58:37+00:00\",\"mainEntityOfPage\":{\"@id\":\"https:\\\/\\\/inclusivenews.com.br\\\/?p=13307\"},\"wordCount\":902,\"commentCount\":1,\"publisher\":{\"@id\":\"https:\\\/\\\/inclusivenews.com.br\\\/#organization\"},\"image\":{\"@id\":\"https:\\\/\\\/inclusivenews.com.br\\\/?p=13307#primaryimage\"},\"thumbnailUrl\":\"http:\\\/\\\/novo-mundo.org\\\/log\\\/wp-content\\\/uploads\\\/dinheiro-em-arvore.jpg\",\"articleSection\":[\"Colunas especiais\",\"OPINI\u00c3O\"],\"inLanguage\":\"pt-PT\",\"potentialAction\":[{\"@type\":\"CommentAction\",\"name\":\"Comment\",\"target\":[\"https:\\\/\\\/inclusivenews.com.br\\\/?p=13307#respond\"]}]},{\"@type\":\"WebPage\",\"@id\":\"https:\\\/\\\/inclusivenews.com.br\\\/?p=13307\",\"url\":\"https:\\\/\\\/inclusivenews.com.br\\\/?p=13307\",\"name\":\"O bugueiro e a militante: que for\u00e7a a grana tem, por Alexandre Mapuranga -\",\"isPartOf\":{\"@id\":\"https:\\\/\\\/inclusivenews.com.br\\\/#website\"},\"primaryImageOfPage\":{\"@id\":\"https:\\\/\\\/inclusivenews.com.br\\\/?p=13307#primaryimage\"},\"image\":{\"@id\":\"https:\\\/\\\/inclusivenews.com.br\\\/?p=13307#primaryimage\"},\"thumbnailUrl\":\"http:\\\/\\\/novo-mundo.org\\\/log\\\/wp-content\\\/uploads\\\/dinheiro-em-arvore.jpg\",\"datePublished\":\"2010-01-07T16:58:37+00:00\",\"breadcrumb\":{\"@id\":\"https:\\\/\\\/inclusivenews.com.br\\\/?p=13307#breadcrumb\"},\"inLanguage\":\"pt-PT\",\"potentialAction\":[{\"@type\":\"ReadAction\",\"target\":[\"https:\\\/\\\/inclusivenews.com.br\\\/?p=13307\"]}]},{\"@type\":\"ImageObject\",\"inLanguage\":\"pt-PT\",\"@id\":\"https:\\\/\\\/inclusivenews.com.br\\\/?p=13307#primaryimage\",\"url\":\"http:\\\/\\\/novo-mundo.org\\\/log\\\/wp-content\\\/uploads\\\/dinheiro-em-arvore.jpg\",\"contentUrl\":\"http:\\\/\\\/novo-mundo.org\\\/log\\\/wp-content\\\/uploads\\\/dinheiro-em-arvore.jpg\"},{\"@type\":\"BreadcrumbList\",\"@id\":\"https:\\\/\\\/inclusivenews.com.br\\\/?p=13307#breadcrumb\",\"itemListElement\":[{\"@type\":\"ListItem\",\"position\":1,\"name\":\"In\u00edcio\",\"item\":\"https:\\\/\\\/inclusivenews.com.br\\\/\"},{\"@type\":\"ListItem\",\"position\":2,\"name\":\"O bugueiro e a militante: que for\u00e7a a grana tem, por Alexandre Mapuranga\"}]},{\"@type\":\"WebSite\",\"@id\":\"https:\\\/\\\/inclusivenews.com.br\\\/#website\",\"url\":\"https:\\\/\\\/inclusivenews.com.br\\\/\",\"name\":\"Inclusive News\",\"description\":\"Inclusive News\",\"publisher\":{\"@id\":\"https:\\\/\\\/inclusivenews.com.br\\\/#organization\"},\"potentialAction\":[{\"@type\":\"SearchAction\",\"target\":{\"@type\":\"EntryPoint\",\"urlTemplate\":\"https:\\\/\\\/inclusivenews.com.br\\\/?s={search_term_string}\"},\"query-input\":{\"@type\":\"PropertyValueSpecification\",\"valueRequired\":true,\"valueName\":\"search_term_string\"}}],\"inLanguage\":\"pt-PT\"},{\"@type\":\"Organization\",\"@id\":\"https:\\\/\\\/inclusivenews.com.br\\\/#organization\",\"name\":\"Inclusive - inclus\u00e3o e cidadania\",\"url\":\"https:\\\/\\\/inclusivenews.com.br\\\/\",\"logo\":{\"@type\":\"ImageObject\",\"inLanguage\":\"pt-PT\",\"@id\":\"https:\\\/\\\/inclusivenews.com.br\\\/#\\\/schema\\\/logo\\\/image\\\/\",\"url\":\"https:\\\/\\\/inclusivenews.com.br\\\/wp-content\\\/uploads\\\/2024\\\/03\\\/@grandesite.png\",\"contentUrl\":\"https:\\\/\\\/inclusivenews.com.br\\\/wp-content\\\/uploads\\\/2024\\\/03\\\/@grandesite.png\",\"width\":1080,\"height\":1080,\"caption\":\"Inclusive - inclus\u00e3o e cidadania\"},\"image\":{\"@id\":\"https:\\\/\\\/inclusivenews.com.br\\\/#\\\/schema\\\/logo\\\/image\\\/\"},\"sameAs\":[\"https:\\\/\\\/www.facebook.com\\\/agenciainclusive\\\/\",\"https:\\\/\\\/www.instagram.com\\\/newsinclusive\\\/\"]},{\"@type\":\"Person\",\"@id\":\"https:\\\/\\\/inclusivenews.com.br\\\/#\\\/schema\\\/person\\\/ae4ec7087559b8692fb33b6fffd2273b\",\"name\":\"inclusivenews2024\",\"image\":{\"@type\":\"ImageObject\",\"inLanguage\":\"pt-PT\",\"@id\":\"https:\\\/\\\/secure.gravatar.com\\\/avatar\\\/c5a7ef84c66fa914f55bc4f7ce26cfa275a3b9a1c5568b907bd184fb4dde7b40?s=96&d=mm&r=g\",\"url\":\"https:\\\/\\\/secure.gravatar.com\\\/avatar\\\/c5a7ef84c66fa914f55bc4f7ce26cfa275a3b9a1c5568b907bd184fb4dde7b40?s=96&d=mm&r=g\",\"contentUrl\":\"https:\\\/\\\/secure.gravatar.com\\\/avatar\\\/c5a7ef84c66fa914f55bc4f7ce26cfa275a3b9a1c5568b907bd184fb4dde7b40?s=96&d=mm&r=g\",\"caption\":\"inclusivenews2024\"},\"sameAs\":[\"https:\\\/\\\/inclusivenews.com.br\"],\"url\":\"https:\\\/\\\/inclusivenews.com.br\\\/?author=1\"}]}<\/script>\n<!-- \/ Yoast SEO plugin. -->","yoast_head_json":{"title":"O bugueiro e a militante: que for\u00e7a a grana tem, por Alexandre Mapuranga -","robots":{"index":"index","follow":"follow","max-snippet":"max-snippet:-1","max-image-preview":"max-image-preview:large","max-video-preview":"max-video-preview:-1"},"canonical":"https:\/\/inclusivenews.com.br\/?p=13307","og_locale":"pt_PT","og_type":"article","og_title":"O bugueiro e a militante: que for\u00e7a a grana tem, por Alexandre Mapuranga -","og_description":"\u00c9 claro que, de certa medida, o preconceito e a falta de servi\u00e7os acess\u00edveis \u00e0s pessoas com defici\u00eancia como escolas, hospitais, cinemas, museus, padarias, pra\u00e7as e transportes p\u00fablicos afetam todos, independentemente da grana que se tem, mas s\u00e3o especialmente cru\u00e9is com os mais pobres.","og_url":"https:\/\/inclusivenews.com.br\/?p=13307","article_publisher":"https:\/\/www.facebook.com\/agenciainclusive\/","article_published_time":"2010-01-07T16:58:37+00:00","og_image":[{"url":"http:\/\/novo-mundo.org\/log\/wp-content\/uploads\/dinheiro-em-arvore.jpg","type":"","width":"","height":""}],"author":"inclusivenews2024","twitter_card":"summary_large_image","twitter_misc":{"Escrito por":"inclusivenews2024","Tempo estimado de leitura":"4 minutos"},"schema":{"@context":"https:\/\/schema.org","@graph":[{"@type":"Article","@id":"https:\/\/inclusivenews.com.br\/?p=13307#article","isPartOf":{"@id":"https:\/\/inclusivenews.com.br\/?p=13307"},"author":{"name":"inclusivenews2024","@id":"https:\/\/inclusivenews.com.br\/#\/schema\/person\/ae4ec7087559b8692fb33b6fffd2273b"},"headline":"O bugueiro e a militante: que for\u00e7a a grana tem, por Alexandre Mapuranga","datePublished":"2010-01-07T16:58:37+00:00","mainEntityOfPage":{"@id":"https:\/\/inclusivenews.com.br\/?p=13307"},"wordCount":902,"commentCount":1,"publisher":{"@id":"https:\/\/inclusivenews.com.br\/#organization"},"image":{"@id":"https:\/\/inclusivenews.com.br\/?p=13307#primaryimage"},"thumbnailUrl":"http:\/\/novo-mundo.org\/log\/wp-content\/uploads\/dinheiro-em-arvore.jpg","articleSection":["Colunas especiais","OPINI\u00c3O"],"inLanguage":"pt-PT","potentialAction":[{"@type":"CommentAction","name":"Comment","target":["https:\/\/inclusivenews.com.br\/?p=13307#respond"]}]},{"@type":"WebPage","@id":"https:\/\/inclusivenews.com.br\/?p=13307","url":"https:\/\/inclusivenews.com.br\/?p=13307","name":"O bugueiro e a militante: que for\u00e7a a grana tem, por Alexandre Mapuranga -","isPartOf":{"@id":"https:\/\/inclusivenews.com.br\/#website"},"primaryImageOfPage":{"@id":"https:\/\/inclusivenews.com.br\/?p=13307#primaryimage"},"image":{"@id":"https:\/\/inclusivenews.com.br\/?p=13307#primaryimage"},"thumbnailUrl":"http:\/\/novo-mundo.org\/log\/wp-content\/uploads\/dinheiro-em-arvore.jpg","datePublished":"2010-01-07T16:58:37+00:00","breadcrumb":{"@id":"https:\/\/inclusivenews.com.br\/?p=13307#breadcrumb"},"inLanguage":"pt-PT","potentialAction":[{"@type":"ReadAction","target":["https:\/\/inclusivenews.com.br\/?p=13307"]}]},{"@type":"ImageObject","inLanguage":"pt-PT","@id":"https:\/\/inclusivenews.com.br\/?p=13307#primaryimage","url":"http:\/\/novo-mundo.org\/log\/wp-content\/uploads\/dinheiro-em-arvore.jpg","contentUrl":"http:\/\/novo-mundo.org\/log\/wp-content\/uploads\/dinheiro-em-arvore.jpg"},{"@type":"BreadcrumbList","@id":"https:\/\/inclusivenews.com.br\/?p=13307#breadcrumb","itemListElement":[{"@type":"ListItem","position":1,"name":"In\u00edcio","item":"https:\/\/inclusivenews.com.br\/"},{"@type":"ListItem","position":2,"name":"O bugueiro e a militante: que for\u00e7a a grana tem, por Alexandre Mapuranga"}]},{"@type":"WebSite","@id":"https:\/\/inclusivenews.com.br\/#website","url":"https:\/\/inclusivenews.com.br\/","name":"Inclusive News","description":"Inclusive News","publisher":{"@id":"https:\/\/inclusivenews.com.br\/#organization"},"potentialAction":[{"@type":"SearchAction","target":{"@type":"EntryPoint","urlTemplate":"https:\/\/inclusivenews.com.br\/?s={search_term_string}"},"query-input":{"@type":"PropertyValueSpecification","valueRequired":true,"valueName":"search_term_string"}}],"inLanguage":"pt-PT"},{"@type":"Organization","@id":"https:\/\/inclusivenews.com.br\/#organization","name":"Inclusive - inclus\u00e3o e cidadania","url":"https:\/\/inclusivenews.com.br\/","logo":{"@type":"ImageObject","inLanguage":"pt-PT","@id":"https:\/\/inclusivenews.com.br\/#\/schema\/logo\/image\/","url":"https:\/\/inclusivenews.com.br\/wp-content\/uploads\/2024\/03\/@grandesite.png","contentUrl":"https:\/\/inclusivenews.com.br\/wp-content\/uploads\/2024\/03\/@grandesite.png","width":1080,"height":1080,"caption":"Inclusive - inclus\u00e3o e cidadania"},"image":{"@id":"https:\/\/inclusivenews.com.br\/#\/schema\/logo\/image\/"},"sameAs":["https:\/\/www.facebook.com\/agenciainclusive\/","https:\/\/www.instagram.com\/newsinclusive\/"]},{"@type":"Person","@id":"https:\/\/inclusivenews.com.br\/#\/schema\/person\/ae4ec7087559b8692fb33b6fffd2273b","name":"inclusivenews2024","image":{"@type":"ImageObject","inLanguage":"pt-PT","@id":"https:\/\/secure.gravatar.com\/avatar\/c5a7ef84c66fa914f55bc4f7ce26cfa275a3b9a1c5568b907bd184fb4dde7b40?s=96&d=mm&r=g","url":"https:\/\/secure.gravatar.com\/avatar\/c5a7ef84c66fa914f55bc4f7ce26cfa275a3b9a1c5568b907bd184fb4dde7b40?s=96&d=mm&r=g","contentUrl":"https:\/\/secure.gravatar.com\/avatar\/c5a7ef84c66fa914f55bc4f7ce26cfa275a3b9a1c5568b907bd184fb4dde7b40?s=96&d=mm&r=g","caption":"inclusivenews2024"},"sameAs":["https:\/\/inclusivenews.com.br"],"url":"https:\/\/inclusivenews.com.br\/?author=1"}]}},"_links":{"self":[{"href":"https:\/\/inclusivenews.com.br\/index.php?rest_route=\/wp\/v2\/posts\/13307","targetHints":{"allow":["GET"]}}],"collection":[{"href":"https:\/\/inclusivenews.com.br\/index.php?rest_route=\/wp\/v2\/posts"}],"about":[{"href":"https:\/\/inclusivenews.com.br\/index.php?rest_route=\/wp\/v2\/types\/post"}],"author":[{"embeddable":true,"href":"https:\/\/inclusivenews.com.br\/index.php?rest_route=\/wp\/v2\/users\/1"}],"replies":[{"embeddable":true,"href":"https:\/\/inclusivenews.com.br\/index.php?rest_route=%2Fwp%2Fv2%2Fcomments&post=13307"}],"version-history":[{"count":0,"href":"https:\/\/inclusivenews.com.br\/index.php?rest_route=\/wp\/v2\/posts\/13307\/revisions"}],"wp:attachment":[{"href":"https:\/\/inclusivenews.com.br\/index.php?rest_route=%2Fwp%2Fv2%2Fmedia&parent=13307"}],"wp:term":[{"taxonomy":"category","embeddable":true,"href":"https:\/\/inclusivenews.com.br\/index.php?rest_route=%2Fwp%2Fv2%2Fcategories&post=13307"},{"taxonomy":"post_tag","embeddable":true,"href":"https:\/\/inclusivenews.com.br\/index.php?rest_route=%2Fwp%2Fv2%2Ftags&post=13307"}],"curies":[{"name":"wp","href":"https:\/\/api.w.org\/{rel}","templated":true}]}}