{"id":13308,"date":"2010-01-07T13:43:43","date_gmt":"2010-01-07T16:43:43","guid":{"rendered":"http:\/\/www.inclusive.org.br\/?p=13308"},"modified":"2010-01-07T13:43:43","modified_gmt":"2010-01-07T16:43:43","slug":"viver-a-vida","status":"publish","type":"post","link":"https:\/\/inclusivenews.com.br\/?p=13308","title":{"rendered":"Viver a vida&#8230;"},"content":{"rendered":"<p><strong><a rel=\"attachment wp-att-12021\" href=\"http:\/\/www.inclusive.org.br\/?attachment_id=12021\"><img loading=\"lazy\" decoding=\"async\" class=\"alignleft size-full wp-image-12021\" title=\"Fotografia de Leandra Certeza.\" src=\"http:\/\/inclusivenews.com.br\/wp-content\/uploads\/2009\/07\/Leandra_Certeza.jpg\" alt=\"Fotografia de Leandra Certeza.\" width=\"151\" height=\"223\" \/><\/a>por Leandra Migotto Certeza*<\/strong><\/p>\n<p>Sou Leandra Migotto Certeza. Nasci em 1977. Os m\u00e9dicos disseram que eu n\u00e3o iria sobreviver.<\/p>\n<p>J\u00e1 no \u00fatero da minha m\u00e3e tive v\u00e1rias fraturas. Minha defici\u00eancia f\u00edsica era desconhecida, rara e grave. Hoje, muitas crian\u00e7as com \u201cossos de vidro\u201d vivem sem dor e com autonomia.<\/p>\n<p>Eu tive mais de 50 fraturas. Andei com 5 anos, e parei aos 7. Voltei a andar e aprendi a nadar com 14, e hoje me locomovo em uma cadeira de rodas com muita independ\u00eancia.<\/p>\n<p>Minha inf\u00e2ncia foi muito alegre. Brincava na areia, de pega-pega, e corre cotia, andando de bundinha no ch\u00e3o. Meus amiguinhos nunca me deixavam de fora da divers\u00e3o. Dos 5 aos 6 anos, vivi doces anos de crian\u00e7a feliz.<\/p>\n<p>Tenho 96 cm, sou jornalista desde 1999, e vou me casar com a minha alma g\u00eamea, Marcos dos Santos. Sou muito feliz no amor! Estou apaixonada.<\/p>\n<p>Quando tinha 7 anos estudei em uma sala especial de um col\u00e9gio p\u00fablico que segregava os alunos com defici\u00eancia dos demais por uma grade de ferro, como se eles tivessem uma doen\u00e7a contagiosa. O nosso p\u00e1tio era escondido, e entr\u00e1vamos pelos fundos da escola.<\/p>\n<p>Eu sempre tive muita for\u00e7a de vontade para saber crescer em um corpo diferente do que a sociedade convencionou como padr\u00e3o. Tive 6 namorados, e tenho muitos amigos e amigas fi\u00e9is.<\/p>\n<p>A fase mais dif\u00edcil da minha vida foi na adolesc\u00eancia. Todos os garotos sempre viravam o rosto para n\u00e3o me beijarem. Uma ginecologista enfiou um livro de anatomia na minha frente, e disse que eu n\u00e3o podia fazer nada com o meu corpo!<\/p>\n<p>Contei com o fundamental apoio da fam\u00edlia e dos verdadeiros amigos, mas ainda enfrento MUITOS preconceitos, todos os dias, por v\u00e1rias pessoas, e por todos os lados.<\/p>\n<p>Ganhei madalhas em campeonatos de nata\u00e7\u00e3o, desfilei 5 vezes em escolas de samba, andei de moto, viagei sozinha para o Peru, e com o meu noivo para praia, v\u00e1rias vezes. Fiz v\u00e1rios cursos, subi muitas escadas na faculdade, carreguei mochilas muito pesadas e dancei noites inteiras.<\/p>\n<p>Participei sempre das baladas e festas, bebi bastante at\u00e9 cair, assisti muitos shows, filmes e pe\u00e7as de teatro, vi v\u00e1rias exposi\u00e7\u00f5es de arte, e trabalhei como educadora em outras.<\/p>\n<p>Fui revisora de textos, monitora educacional, colunista, rep\u00f3rter, atendente, recepcionista, e hoje sou jornalista, e aprendiz de escritora.<\/p>\n<p>Leiam meus principais artigos:<br \/>\n<a href=\"http:\/\/www.saci.org.br\/index.php?modulo=busca&amp;parametro=Leandra&amp;page=1&amp;limit=10&amp;classificacao\">http:\/\/www.saci.org.br\/index.php?modulo=busca&amp;parametro=Leandra&amp;page=1&amp;limit=10&amp;classificacao<\/a>=<\/p>\n<p>Recebi dois pr\u00eamios pelo meu trabalho como jornalista: um na Col\u00f4mbia, por meu depoimento sobre educa\u00e7\u00e3o para todos, e outro no Peru, pelo projeto de fotos em equipe: &#8220;Fantasias Caleidosc\u00f3picas&#8221;.<\/p>\n<p>Tornei-me uma forte ativista pelos Direitos Humanos das Pessoas com Defici\u00eancia, j\u00e1 fiz fotos sensuais, e coordeno um projeto sobre a sexualidade das pessoas com defici\u00eancia, um dos maiores tabus que ainda existem na sociedade.<\/p>\n<p>Sou feita de honestidade, humildade, solidariedade, \u00e9tica, companheirismo, sinceridade, amizade, simplicidade, energia positiva, for\u00e7a de vontade, carinho, lealdade, fidelidade, garra, corragem, e principalmente, f\u00e9 no ser humano.<\/p>\n<p>Sou eternamente e absolutamente contra: qualquer forma de discrimina\u00e7\u00e3o, preconceito, racismo, homofobia, hipocrisia, injusti\u00e7a, corrup\u00e7\u00e3o, sacanagem, falta de car\u00e1ter e \u00e9tica, desonestidade, maldade, trai\u00e7\u00e3o, humilha\u00e7\u00e3o, hierarquia, prepot\u00eancia, arrog\u00e2ncia, gan\u00e2ncia, e falta de esperan\u00e7a.<\/p>\n<p>Gosto muito do cheiro de terra molhada, comida feita em casa com amor, barulho de crian\u00e7a e bate papo de amigos, alegria de familia reunida, p\u00f4r do sol, mar, praia, sexo, chocolate, sil\u00eancio, olhar doce de crian\u00e7as e idosos, vibra\u00e7\u00e3o de jovens, livros, e mais livros, palavras e mais palavras&#8230;<\/p>\n<p>N\u00e3o sou melhor ou pior do que qualquer ser humano. Hoje busco minha autonomia financeira, equil\u00edbrio emocional, paz interior, e auto-conhecimento.<\/p>\n<p>Sou muito auto-cr\u00edtica, solid\u00e1ria, intensa, verdadeira, forte, &#8216;justiceira&#8217;, libidinosa, transparente, alegre, e companheira. Gosto de uma boa briga, falo pelos cotovelos, amo discutir ideias, trocar experi\u00eancias, e viver cada dia como se fosse o \u00fanico e o \u00faltimo.<\/p>\n<p>Pra mim a diversidade faz parte da vida!<\/p>\n<p>O que mais gosto de fazer \u00e9 escrever. Eu amo viver!<\/p>\n<p>\u201cEm uma estrela, um brilho<br \/>\nEm princ\u00edpio inating\u00edvel<br \/>\nofuscado pelo vidro<br \/>\noprimido, impedido<br \/>\nIlhado por sentido<br \/>\nfundo, profundo<br \/>\nDentro de si mesmo.\u201d<\/p>\n<p style=\"text-align: justify;\">________________________<\/p>\n<p><span style=\"text-decoration: underline;\"><strong>Sobre a autora:<\/strong> <\/span><\/p>\n<p><em>Leandra Migotto Certeza, jornalista da Caleidosc\u00f3pio Comunica\u00e7\u00f5es, rep\u00f3rter volunt\u00e1ria da Rede Saci &#8211;<a href=\"http:\/\/ www.saci.org.br\" target=\"_blank\" rel=\"noopener\"> www.saci.org.br www.saci.org.br<\/a>; ativista em direitos humanos das pessoas com defici\u00eancia da <a href=\"http:\/\/www.conectas.org\" target=\"_blank\" rel=\"noopener\">www.conectas.org <img loading=\"lazy\" decoding=\"async\" title=\"Link abrir\u00e1 em uma nova janela ou aba.\" src=\"http:\/\/www.inclusive.org.br\/images\/new_window.gif\" alt=\"Link abrir\u00e1 em uma nova janela ou aba.\" width=\"16\" height=\"14\" \/><\/a>, e volunt\u00e1ria da Associa\u00e7\u00e3o Brasileira de Osteogenesis Imperfecta &#8211; <a href=\"http:\/\/www.aboi.org.br\" target=\"_blank\" rel=\"noopener\">www.aboi.org.br <img loading=\"lazy\" decoding=\"async\" title=\"Link abrir\u00e1 em uma nova janela ou aba.\" src=\"http:\/\/www.inclusive.org.br\/images\/new_window.gif\" alt=\"Link abrir\u00e1 em uma nova janela ou aba.\" width=\"16\" height=\"14\" \/><\/a>, e autora do Blog Caleidosc\u00f3pio &#8211; <a href=\"http:\/\/leandramigottocerteza.blogspot.com\" target=\"_blank\" rel=\"noopener\">http:\/\/leandramigottocerteza.blogspot.com <img loading=\"lazy\" decoding=\"async\" title=\"Link abrir\u00e1 em uma nova janela ou aba.\" src=\"http:\/\/www.inclusive.org.br\/images\/new_window.gif\" alt=\"Link abrir\u00e1 em uma nova janela ou aba.\" width=\"16\" height=\"14\" \/><\/a> .Tels: 55 (11) 3453-5370 \u2013 Cel: 55 (11) 8697-9067 55 (seg. \u00e0 sext. das 9hs \u00e0s 20hs).<\/em><\/p>\n<p><em>Curr\u00edculo:<br \/>\n<a href=\"http:\/\/lattes.cnpq.br\/5381513499006912\" target=\"_blank\" rel=\"noopener\">http:\/\/lattes.cnpq.br\/5381513499006912 <img loading=\"lazy\" decoding=\"async\" title=\"Link abrir\u00e1 em uma nova janela ou aba.\" src=\"http:\/\/www.inclusive.org.br\/images\/new_window.gif\" alt=\"Link abrir\u00e1 em uma nova janela ou aba.\" width=\"16\" height=\"14\" \/><\/a><\/em><\/p>\n<p><em>Portif\u00f3lio:<\/em><br \/>\n<a href=\"http:\/\/sentidos.uol.com.br\/admin\/leandra\/\" target=\"_blank\" rel=\"noopener\">http:\/\/sentidos.uol.com.br\/admin\/leandra\/ <img loading=\"lazy\" decoding=\"async\" title=\"Link abrir\u00e1 em uma nova janela ou aba.\" src=\"http:\/\/www.inclusive.org.br\/images\/new_window.gif\" alt=\"Link abrir\u00e1 em uma nova janela ou aba.\" width=\"16\" height=\"14\" \/><\/a><br \/>\n<a href=\"http:\/\/www.saci.org.br\/index.php?modulo=busca&amp;parametro=Leandra&amp;page=1&amp;limit=10&amp;classificacao=\" target=\"_blank\" rel=\"noopener\">http:\/\/www.saci.org.br\/index.php?modulo=busca&amp;parametro=Leandra&amp;page=1&amp;limit=10&amp;classificacao= <img loading=\"lazy\" decoding=\"async\" title=\"Link abrir\u00e1 em uma nova janela ou aba.\" src=\"http:\/\/www.inclusive.org.br\/images\/new_window.gif\" alt=\"Link abrir\u00e1 em uma nova janela ou aba.\" width=\"16\" height=\"14\" \/><\/a><\/p>\n<p><em>\u201cO verdadeiro revolucion\u00e1rio \u00e9 movido por grandes sentimentos de amor\u201d<br \/>\nChe Guevara\u201c Enquanto houver injusti\u00e7a e mis\u00e9ria, todo homem deve ser um revoltado\u201d<br \/>\nAlbert Camus<\/em><a href=\"http:\/\/www.inclusive.org.br\/?cat=1\"><\/a><\/p>\n<p align=\"center\"><em><br \/>\n<\/em><\/p>\n","protected":false},"excerpt":{"rendered":"<p>Sou Leandra Migotto Certeza. Nasci em 1977. Os m\u00e9dicos disseram que eu n\u00e3o iria sobreviver. (&#8230;)<\/p>\n","protected":false},"author":1,"featured_media":0,"comment_status":"open","ping_status":"open","sticky":false,"template":"","format":"standard","meta":{"site-container-style":"default","site-container-layout":"default","site-sidebar-layout":"default","disable-article-header":"default","disable-site-header":"default","disable-site-footer":"default","disable-content-area-spacing":"default","footnotes":""},"categories":[36,8],"tags":[45],"class_list":["post-13308","post","type-post","status-publish","format-standard","hentry","category-colunas-especiais","category-textos-e-artigos","tag-caleidoscopio"],"yoast_head":"<!-- This site is optimized with the Yoast SEO plugin v27.4 - https:\/\/yoast.com\/product\/yoast-seo-wordpress\/ -->\n<title>Viver a vida... -<\/title>\n<meta name=\"robots\" content=\"index, follow, max-snippet:-1, max-image-preview:large, max-video-preview:-1\" \/>\n<link rel=\"canonical\" href=\"https:\/\/inclusivenews.com.br\/?p=13308\" \/>\n<meta property=\"og:locale\" content=\"pt_PT\" \/>\n<meta property=\"og:type\" content=\"article\" \/>\n<meta property=\"og:title\" content=\"Viver a vida... -\" \/>\n<meta property=\"og:description\" content=\"Sou Leandra Migotto Certeza. Nasci em 1977. Os m\u00e9dicos disseram que eu n\u00e3o iria sobreviver. (...)\" \/>\n<meta property=\"og:url\" content=\"https:\/\/inclusivenews.com.br\/?p=13308\" \/>\n<meta property=\"article:publisher\" content=\"https:\/\/www.facebook.com\/agenciainclusive\/\" \/>\n<meta property=\"article:published_time\" content=\"2010-01-07T16:43:43+00:00\" \/>\n<meta property=\"og:image\" content=\"http:\/\/inclusivenews.com.br\/wp-content\/uploads\/2009\/07\/Leandra_Certeza.jpg\" \/>\n<meta name=\"author\" content=\"inclusivenews2024\" \/>\n<meta name=\"twitter:card\" content=\"summary_large_image\" \/>\n<meta name=\"twitter:label1\" content=\"Escrito por\" \/>\n\t<meta name=\"twitter:data1\" content=\"inclusivenews2024\" \/>\n\t<meta name=\"twitter:label2\" content=\"Tempo estimado de leitura\" \/>\n\t<meta name=\"twitter:data2\" content=\"4 minutos\" \/>\n<script type=\"application\/ld+json\" class=\"yoast-schema-graph\">{\"@context\":\"https:\\\/\\\/schema.org\",\"@graph\":[{\"@type\":\"Article\",\"@id\":\"https:\\\/\\\/inclusivenews.com.br\\\/?p=13308#article\",\"isPartOf\":{\"@id\":\"https:\\\/\\\/inclusivenews.com.br\\\/?p=13308\"},\"author\":{\"name\":\"inclusivenews2024\",\"@id\":\"https:\\\/\\\/inclusivenews.com.br\\\/#\\\/schema\\\/person\\\/ae4ec7087559b8692fb33b6fffd2273b\"},\"headline\":\"Viver a vida&#8230;\",\"datePublished\":\"2010-01-07T16:43:43+00:00\",\"mainEntityOfPage\":{\"@id\":\"https:\\\/\\\/inclusivenews.com.br\\\/?p=13308\"},\"wordCount\":874,\"commentCount\":2,\"publisher\":{\"@id\":\"https:\\\/\\\/inclusivenews.com.br\\\/#organization\"},\"image\":{\"@id\":\"https:\\\/\\\/inclusivenews.com.br\\\/?p=13308#primaryimage\"},\"thumbnailUrl\":\"http:\\\/\\\/inclusivenews.com.br\\\/wp-content\\\/uploads\\\/2009\\\/07\\\/Leandra_Certeza.jpg\",\"keywords\":[\"Caleidosc\u00f3pio\"],\"articleSection\":[\"Colunas especiais\",\"OPINI\u00c3O\"],\"inLanguage\":\"pt-PT\",\"potentialAction\":[{\"@type\":\"CommentAction\",\"name\":\"Comment\",\"target\":[\"https:\\\/\\\/inclusivenews.com.br\\\/?p=13308#respond\"]}]},{\"@type\":\"WebPage\",\"@id\":\"https:\\\/\\\/inclusivenews.com.br\\\/?p=13308\",\"url\":\"https:\\\/\\\/inclusivenews.com.br\\\/?p=13308\",\"name\":\"Viver a vida... -\",\"isPartOf\":{\"@id\":\"https:\\\/\\\/inclusivenews.com.br\\\/#website\"},\"primaryImageOfPage\":{\"@id\":\"https:\\\/\\\/inclusivenews.com.br\\\/?p=13308#primaryimage\"},\"image\":{\"@id\":\"https:\\\/\\\/inclusivenews.com.br\\\/?p=13308#primaryimage\"},\"thumbnailUrl\":\"http:\\\/\\\/inclusivenews.com.br\\\/wp-content\\\/uploads\\\/2009\\\/07\\\/Leandra_Certeza.jpg\",\"datePublished\":\"2010-01-07T16:43:43+00:00\",\"breadcrumb\":{\"@id\":\"https:\\\/\\\/inclusivenews.com.br\\\/?p=13308#breadcrumb\"},\"inLanguage\":\"pt-PT\",\"potentialAction\":[{\"@type\":\"ReadAction\",\"target\":[\"https:\\\/\\\/inclusivenews.com.br\\\/?p=13308\"]}]},{\"@type\":\"ImageObject\",\"inLanguage\":\"pt-PT\",\"@id\":\"https:\\\/\\\/inclusivenews.com.br\\\/?p=13308#primaryimage\",\"url\":\"https:\\\/\\\/inclusivenews.com.br\\\/wp-content\\\/uploads\\\/2009\\\/07\\\/Leandra_Certeza.jpg\",\"contentUrl\":\"https:\\\/\\\/inclusivenews.com.br\\\/wp-content\\\/uploads\\\/2009\\\/07\\\/Leandra_Certeza.jpg\",\"width\":151,\"height\":223},{\"@type\":\"BreadcrumbList\",\"@id\":\"https:\\\/\\\/inclusivenews.com.br\\\/?p=13308#breadcrumb\",\"itemListElement\":[{\"@type\":\"ListItem\",\"position\":1,\"name\":\"In\u00edcio\",\"item\":\"https:\\\/\\\/inclusivenews.com.br\\\/\"},{\"@type\":\"ListItem\",\"position\":2,\"name\":\"Viver a vida&#8230;\"}]},{\"@type\":\"WebSite\",\"@id\":\"https:\\\/\\\/inclusivenews.com.br\\\/#website\",\"url\":\"https:\\\/\\\/inclusivenews.com.br\\\/\",\"name\":\"Inclusive News\",\"description\":\"Inclusive News\",\"publisher\":{\"@id\":\"https:\\\/\\\/inclusivenews.com.br\\\/#organization\"},\"potentialAction\":[{\"@type\":\"SearchAction\",\"target\":{\"@type\":\"EntryPoint\",\"urlTemplate\":\"https:\\\/\\\/inclusivenews.com.br\\\/?s={search_term_string}\"},\"query-input\":{\"@type\":\"PropertyValueSpecification\",\"valueRequired\":true,\"valueName\":\"search_term_string\"}}],\"inLanguage\":\"pt-PT\"},{\"@type\":\"Organization\",\"@id\":\"https:\\\/\\\/inclusivenews.com.br\\\/#organization\",\"name\":\"Inclusive - inclus\u00e3o e cidadania\",\"url\":\"https:\\\/\\\/inclusivenews.com.br\\\/\",\"logo\":{\"@type\":\"ImageObject\",\"inLanguage\":\"pt-PT\",\"@id\":\"https:\\\/\\\/inclusivenews.com.br\\\/#\\\/schema\\\/logo\\\/image\\\/\",\"url\":\"https:\\\/\\\/inclusivenews.com.br\\\/wp-content\\\/uploads\\\/2024\\\/03\\\/@grandesite.png\",\"contentUrl\":\"https:\\\/\\\/inclusivenews.com.br\\\/wp-content\\\/uploads\\\/2024\\\/03\\\/@grandesite.png\",\"width\":1080,\"height\":1080,\"caption\":\"Inclusive - inclus\u00e3o e cidadania\"},\"image\":{\"@id\":\"https:\\\/\\\/inclusivenews.com.br\\\/#\\\/schema\\\/logo\\\/image\\\/\"},\"sameAs\":[\"https:\\\/\\\/www.facebook.com\\\/agenciainclusive\\\/\",\"https:\\\/\\\/www.instagram.com\\\/newsinclusive\\\/\"]},{\"@type\":\"Person\",\"@id\":\"https:\\\/\\\/inclusivenews.com.br\\\/#\\\/schema\\\/person\\\/ae4ec7087559b8692fb33b6fffd2273b\",\"name\":\"inclusivenews2024\",\"image\":{\"@type\":\"ImageObject\",\"inLanguage\":\"pt-PT\",\"@id\":\"https:\\\/\\\/secure.gravatar.com\\\/avatar\\\/c5a7ef84c66fa914f55bc4f7ce26cfa275a3b9a1c5568b907bd184fb4dde7b40?s=96&d=mm&r=g\",\"url\":\"https:\\\/\\\/secure.gravatar.com\\\/avatar\\\/c5a7ef84c66fa914f55bc4f7ce26cfa275a3b9a1c5568b907bd184fb4dde7b40?s=96&d=mm&r=g\",\"contentUrl\":\"https:\\\/\\\/secure.gravatar.com\\\/avatar\\\/c5a7ef84c66fa914f55bc4f7ce26cfa275a3b9a1c5568b907bd184fb4dde7b40?s=96&d=mm&r=g\",\"caption\":\"inclusivenews2024\"},\"sameAs\":[\"https:\\\/\\\/inclusivenews.com.br\"],\"url\":\"https:\\\/\\\/inclusivenews.com.br\\\/?author=1\"}]}<\/script>\n<!-- \/ Yoast SEO plugin. -->","yoast_head_json":{"title":"Viver a vida... -","robots":{"index":"index","follow":"follow","max-snippet":"max-snippet:-1","max-image-preview":"max-image-preview:large","max-video-preview":"max-video-preview:-1"},"canonical":"https:\/\/inclusivenews.com.br\/?p=13308","og_locale":"pt_PT","og_type":"article","og_title":"Viver a vida... -","og_description":"Sou Leandra Migotto Certeza. Nasci em 1977. Os m\u00e9dicos disseram que eu n\u00e3o iria sobreviver. (...)","og_url":"https:\/\/inclusivenews.com.br\/?p=13308","article_publisher":"https:\/\/www.facebook.com\/agenciainclusive\/","article_published_time":"2010-01-07T16:43:43+00:00","og_image":[{"url":"http:\/\/inclusivenews.com.br\/wp-content\/uploads\/2009\/07\/Leandra_Certeza.jpg","type":"","width":"","height":""}],"author":"inclusivenews2024","twitter_card":"summary_large_image","twitter_misc":{"Escrito por":"inclusivenews2024","Tempo estimado de leitura":"4 minutos"},"schema":{"@context":"https:\/\/schema.org","@graph":[{"@type":"Article","@id":"https:\/\/inclusivenews.com.br\/?p=13308#article","isPartOf":{"@id":"https:\/\/inclusivenews.com.br\/?p=13308"},"author":{"name":"inclusivenews2024","@id":"https:\/\/inclusivenews.com.br\/#\/schema\/person\/ae4ec7087559b8692fb33b6fffd2273b"},"headline":"Viver a vida&#8230;","datePublished":"2010-01-07T16:43:43+00:00","mainEntityOfPage":{"@id":"https:\/\/inclusivenews.com.br\/?p=13308"},"wordCount":874,"commentCount":2,"publisher":{"@id":"https:\/\/inclusivenews.com.br\/#organization"},"image":{"@id":"https:\/\/inclusivenews.com.br\/?p=13308#primaryimage"},"thumbnailUrl":"http:\/\/inclusivenews.com.br\/wp-content\/uploads\/2009\/07\/Leandra_Certeza.jpg","keywords":["Caleidosc\u00f3pio"],"articleSection":["Colunas especiais","OPINI\u00c3O"],"inLanguage":"pt-PT","potentialAction":[{"@type":"CommentAction","name":"Comment","target":["https:\/\/inclusivenews.com.br\/?p=13308#respond"]}]},{"@type":"WebPage","@id":"https:\/\/inclusivenews.com.br\/?p=13308","url":"https:\/\/inclusivenews.com.br\/?p=13308","name":"Viver a vida... -","isPartOf":{"@id":"https:\/\/inclusivenews.com.br\/#website"},"primaryImageOfPage":{"@id":"https:\/\/inclusivenews.com.br\/?p=13308#primaryimage"},"image":{"@id":"https:\/\/inclusivenews.com.br\/?p=13308#primaryimage"},"thumbnailUrl":"http:\/\/inclusivenews.com.br\/wp-content\/uploads\/2009\/07\/Leandra_Certeza.jpg","datePublished":"2010-01-07T16:43:43+00:00","breadcrumb":{"@id":"https:\/\/inclusivenews.com.br\/?p=13308#breadcrumb"},"inLanguage":"pt-PT","potentialAction":[{"@type":"ReadAction","target":["https:\/\/inclusivenews.com.br\/?p=13308"]}]},{"@type":"ImageObject","inLanguage":"pt-PT","@id":"https:\/\/inclusivenews.com.br\/?p=13308#primaryimage","url":"https:\/\/inclusivenews.com.br\/wp-content\/uploads\/2009\/07\/Leandra_Certeza.jpg","contentUrl":"https:\/\/inclusivenews.com.br\/wp-content\/uploads\/2009\/07\/Leandra_Certeza.jpg","width":151,"height":223},{"@type":"BreadcrumbList","@id":"https:\/\/inclusivenews.com.br\/?p=13308#breadcrumb","itemListElement":[{"@type":"ListItem","position":1,"name":"In\u00edcio","item":"https:\/\/inclusivenews.com.br\/"},{"@type":"ListItem","position":2,"name":"Viver a vida&#8230;"}]},{"@type":"WebSite","@id":"https:\/\/inclusivenews.com.br\/#website","url":"https:\/\/inclusivenews.com.br\/","name":"Inclusive News","description":"Inclusive News","publisher":{"@id":"https:\/\/inclusivenews.com.br\/#organization"},"potentialAction":[{"@type":"SearchAction","target":{"@type":"EntryPoint","urlTemplate":"https:\/\/inclusivenews.com.br\/?s={search_term_string}"},"query-input":{"@type":"PropertyValueSpecification","valueRequired":true,"valueName":"search_term_string"}}],"inLanguage":"pt-PT"},{"@type":"Organization","@id":"https:\/\/inclusivenews.com.br\/#organization","name":"Inclusive - inclus\u00e3o e cidadania","url":"https:\/\/inclusivenews.com.br\/","logo":{"@type":"ImageObject","inLanguage":"pt-PT","@id":"https:\/\/inclusivenews.com.br\/#\/schema\/logo\/image\/","url":"https:\/\/inclusivenews.com.br\/wp-content\/uploads\/2024\/03\/@grandesite.png","contentUrl":"https:\/\/inclusivenews.com.br\/wp-content\/uploads\/2024\/03\/@grandesite.png","width":1080,"height":1080,"caption":"Inclusive - inclus\u00e3o e cidadania"},"image":{"@id":"https:\/\/inclusivenews.com.br\/#\/schema\/logo\/image\/"},"sameAs":["https:\/\/www.facebook.com\/agenciainclusive\/","https:\/\/www.instagram.com\/newsinclusive\/"]},{"@type":"Person","@id":"https:\/\/inclusivenews.com.br\/#\/schema\/person\/ae4ec7087559b8692fb33b6fffd2273b","name":"inclusivenews2024","image":{"@type":"ImageObject","inLanguage":"pt-PT","@id":"https:\/\/secure.gravatar.com\/avatar\/c5a7ef84c66fa914f55bc4f7ce26cfa275a3b9a1c5568b907bd184fb4dde7b40?s=96&d=mm&r=g","url":"https:\/\/secure.gravatar.com\/avatar\/c5a7ef84c66fa914f55bc4f7ce26cfa275a3b9a1c5568b907bd184fb4dde7b40?s=96&d=mm&r=g","contentUrl":"https:\/\/secure.gravatar.com\/avatar\/c5a7ef84c66fa914f55bc4f7ce26cfa275a3b9a1c5568b907bd184fb4dde7b40?s=96&d=mm&r=g","caption":"inclusivenews2024"},"sameAs":["https:\/\/inclusivenews.com.br"],"url":"https:\/\/inclusivenews.com.br\/?author=1"}]}},"_links":{"self":[{"href":"https:\/\/inclusivenews.com.br\/index.php?rest_route=\/wp\/v2\/posts\/13308","targetHints":{"allow":["GET"]}}],"collection":[{"href":"https:\/\/inclusivenews.com.br\/index.php?rest_route=\/wp\/v2\/posts"}],"about":[{"href":"https:\/\/inclusivenews.com.br\/index.php?rest_route=\/wp\/v2\/types\/post"}],"author":[{"embeddable":true,"href":"https:\/\/inclusivenews.com.br\/index.php?rest_route=\/wp\/v2\/users\/1"}],"replies":[{"embeddable":true,"href":"https:\/\/inclusivenews.com.br\/index.php?rest_route=%2Fwp%2Fv2%2Fcomments&post=13308"}],"version-history":[{"count":0,"href":"https:\/\/inclusivenews.com.br\/index.php?rest_route=\/wp\/v2\/posts\/13308\/revisions"}],"wp:attachment":[{"href":"https:\/\/inclusivenews.com.br\/index.php?rest_route=%2Fwp%2Fv2%2Fmedia&parent=13308"}],"wp:term":[{"taxonomy":"category","embeddable":true,"href":"https:\/\/inclusivenews.com.br\/index.php?rest_route=%2Fwp%2Fv2%2Fcategories&post=13308"},{"taxonomy":"post_tag","embeddable":true,"href":"https:\/\/inclusivenews.com.br\/index.php?rest_route=%2Fwp%2Fv2%2Ftags&post=13308"}],"curies":[{"name":"wp","href":"https:\/\/api.w.org\/{rel}","templated":true}]}}