{"id":13309,"date":"2010-01-07T15:29:52","date_gmt":"2010-01-07T18:29:52","guid":{"rendered":"http:\/\/www.inclusive.org.br\/?p=13309"},"modified":"2010-01-07T15:29:52","modified_gmt":"2010-01-07T18:29:52","slug":"politicos-e-instituicoes-defasados-no-tempo","status":"publish","type":"post","link":"https:\/\/inclusivenews.com.br\/?p=13309","title":{"rendered":"Pol\u00edticos e institui\u00e7\u00f5es defasados no tempo"},"content":{"rendered":"<p><strong>\u00a0<\/strong><\/p>\n<div><strong><\/strong><\/div>\n<p>\u00a0<\/p>\n<p><strong><\/p>\n<figure id=\"attachment_13315\" aria-describedby=\"caption-attachment-13315\" style=\"width: 150px\" class=\"wp-caption alignleft\"><a href=\"http:\/\/www.inclusivenews.com.br\/wp-content\/uploads\/2010\/01\/tuvalu.jpg\"><img loading=\"lazy\" decoding=\"async\" class=\"size-thumbnail wp-image-13315\" title=\"tuvalu\" src=\"http:\/\/inclusivenews.com.br\/wp-content\/uploads\/2010\/01\/tuvalu-150x150.jpg\" alt=\"Grupo de manifestantes levanta cartazes - Tuvalu is the Real Deal\" width=\"150\" height=\"150\" \/><\/a><figcaption id=\"caption-attachment-13315\" class=\"wp-caption-text\">Grupo de manifestantes levanta cartazes - Tuvalu is the Real Deal<\/figcaption><\/figure>\n<p class=\"documentDescription\" align=\"justify\">Por Atila Roque<\/p>\n<p>\u00a0<\/p>\n<p><\/strong><\/p>\n<p class=\"documentDescription\" align=\"justify\">\u00a0<\/p>\n<p class=\"documentDescription\" align=\"justify\">Talvez a maior li\u00e7\u00e3o da Confer\u00eancia de Copenhague tenha sido demonstrar definitivamente o enorme descompasso entre os problemas que a humanidade enfrenta e as institui\u00e7\u00f5es com a qual contamos para resolv\u00ea-los. O senso de urg\u00eancia que parece cada vez mais evidente \u00e0s pessoas comuns n\u00e3o \u00e9 capaz de sensibilizar os organismos internacionais. A ONU saiu perdendo mais uma vez. E as lideran\u00e7as mundiais carecem da grandeza e da vis\u00e3o pol\u00edtica que seriam necess\u00e1rias nesse momento crucial da hist\u00f3ria humana.<\/p>\n<div class=\"plain\">\n<p style=\"text-align: justify\" align=\"justify\">Um dos momentos mais simb\u00f3licos do fracasso de Copenhague foi o gesto desesperado da pequena ilha de Tuvalu que conseguiu paralisar as negocia\u00e7\u00f5es por algumas horas exigindo compromissos mais efetivos em rela\u00e7\u00e3o a redu\u00e7\u00e3o das emiss\u00f5es e limites para o aquecimento global. A trag\u00e9dia anunciada de Tuvalu, fadada a desaparecer sob as \u00e1guas do Pac\u00edfico, n\u00e3o foi capaz de comover os milhares de delegados oficiais e os chefes de estado presentes na COP 15.<\/p>\n<p style=\"text-align: justify\" align=\"justify\">O imediatismo e os interesses econ\u00f4micos prevaleceram. Estados Unidos e China uniram-se em torno de um pacto med\u00edocre que adia decis\u00f5es e estica a corda do planeta quase ao ponto de ruptura.<\/p>\n<p style=\"text-align: justify\" align=\"justify\">O Brasil conseguiu se sair bem gra\u00e7as ao instinto pol\u00edtico do Presidente Lula que fez um discurso contundente na reta final da confer\u00eancia, rompendo com o falso consenso do G77, como tinha feito antes Tuvalu. Com isso, felizmente, temos o que cobrar no Brasil.<\/p>\n<p style=\"text-align: justify\" align=\"justify\">Mas a pegada ecol\u00f3gica deixada por delegados advindos do mundo inteiros por via a\u00e9rea, as centenas de jatinhos particulares e avi\u00f5es oficiais, inclusive o Air Force One e o do Presidente Lula, sem falar nas 1200 limusines movidas a diesel, deixaram um saldo indubitavelmente negativo para a COP 15.<\/p>\n<p style=\"text-align: justify\" align=\"justify\"><strong>* <\/strong>Membro do Colegiado de Gest\u00e3o do INESC.<br \/>\n________________________<\/p>\n<p style=\"text-align: justify\" align=\"justify\"><strong>Fonte de informa\u00e7\u00e3o: <\/strong><a href=\"http:\/\/www.inesc.org.br\/noticias\/noticias-do-inesc\/2009\/dezembro\/politicos-e-instituicoes-defasados-no-tempo\">INESC<\/a><\/p>\n<\/div>\n","protected":false},"excerpt":{"rendered":"<p>\u00a0 \u00a0 Por Atila Roque \u00a0 \u00a0 Talvez a maior li\u00e7\u00e3o da Confer\u00eancia de Copenhague tenha sido demonstrar definitivamente o enorme descompasso entre os problemas que a humanidade enfrenta e as institui\u00e7\u00f5es com a qual contamos para resolv\u00ea-los. O senso de urg\u00eancia que parece cada vez mais evidente \u00e0s pessoas comuns n\u00e3o \u00e9 capaz de [&hellip;]<\/p>\n","protected":false},"author":1,"featured_media":0,"comment_status":"open","ping_status":"open","sticky":false,"template":"","format":"standard","meta":{"site-container-style":"default","site-container-layout":"default","site-sidebar-layout":"default","disable-article-header":"default","disable-site-header":"default","disable-site-footer":"default","disable-content-area-spacing":"default","footnotes":""},"categories":[11],"tags":[],"class_list":["post-13309","post","type-post","status-publish","format-standard","hentry","category-direitos-humanos"],"yoast_head":"<!-- This site is optimized with the Yoast SEO plugin v27.4 - https:\/\/yoast.com\/product\/yoast-seo-wordpress\/ -->\n<title>Pol\u00edticos e institui\u00e7\u00f5es defasados no tempo -<\/title>\n<meta name=\"robots\" content=\"index, follow, max-snippet:-1, max-image-preview:large, max-video-preview:-1\" \/>\n<link rel=\"canonical\" href=\"https:\/\/inclusivenews.com.br\/?p=13309\" \/>\n<meta property=\"og:locale\" content=\"pt_PT\" \/>\n<meta property=\"og:type\" content=\"article\" \/>\n<meta property=\"og:title\" content=\"Pol\u00edticos e institui\u00e7\u00f5es defasados no tempo -\" \/>\n<meta property=\"og:description\" content=\"\u00a0 \u00a0 Por Atila Roque \u00a0 \u00a0 Talvez a maior li\u00e7\u00e3o da Confer\u00eancia de Copenhague tenha sido demonstrar definitivamente o enorme descompasso entre os problemas que a humanidade enfrenta e as institui\u00e7\u00f5es com a qual contamos para resolv\u00ea-los. O senso de urg\u00eancia que parece cada vez mais evidente \u00e0s pessoas comuns n\u00e3o \u00e9 capaz de [&hellip;]\" \/>\n<meta property=\"og:url\" content=\"https:\/\/inclusivenews.com.br\/?p=13309\" \/>\n<meta property=\"article:publisher\" content=\"https:\/\/www.facebook.com\/agenciainclusive\/\" \/>\n<meta property=\"article:published_time\" content=\"2010-01-07T18:29:52+00:00\" \/>\n<meta property=\"og:image\" content=\"http:\/\/inclusivenews.com.br\/wp-content\/uploads\/2010\/01\/tuvalu-150x150.jpg\" \/>\n<meta name=\"author\" content=\"inclusivenews2024\" \/>\n<meta name=\"twitter:card\" content=\"summary_large_image\" \/>\n<meta name=\"twitter:label1\" content=\"Escrito por\" \/>\n\t<meta name=\"twitter:data1\" content=\"inclusivenews2024\" \/>\n\t<meta name=\"twitter:label2\" content=\"Tempo estimado de leitura\" \/>\n\t<meta name=\"twitter:data2\" content=\"2 minutos\" \/>\n<script type=\"application\/ld+json\" class=\"yoast-schema-graph\">{\"@context\":\"https:\\\/\\\/schema.org\",\"@graph\":[{\"@type\":\"Article\",\"@id\":\"https:\\\/\\\/inclusivenews.com.br\\\/?p=13309#article\",\"isPartOf\":{\"@id\":\"https:\\\/\\\/inclusivenews.com.br\\\/?p=13309\"},\"author\":{\"name\":\"inclusivenews2024\",\"@id\":\"https:\\\/\\\/inclusivenews.com.br\\\/#\\\/schema\\\/person\\\/ae4ec7087559b8692fb33b6fffd2273b\"},\"headline\":\"Pol\u00edticos e institui\u00e7\u00f5es defasados no tempo\",\"datePublished\":\"2010-01-07T18:29:52+00:00\",\"mainEntityOfPage\":{\"@id\":\"https:\\\/\\\/inclusivenews.com.br\\\/?p=13309\"},\"wordCount\":345,\"commentCount\":0,\"publisher\":{\"@id\":\"https:\\\/\\\/inclusivenews.com.br\\\/#organization\"},\"image\":{\"@id\":\"https:\\\/\\\/inclusivenews.com.br\\\/?p=13309#primaryimage\"},\"thumbnailUrl\":\"http:\\\/\\\/inclusivenews.com.br\\\/wp-content\\\/uploads\\\/2010\\\/01\\\/tuvalu-150x150.jpg\",\"articleSection\":[\"DIREITOS HUMANOS\"],\"inLanguage\":\"pt-PT\",\"potentialAction\":[{\"@type\":\"CommentAction\",\"name\":\"Comment\",\"target\":[\"https:\\\/\\\/inclusivenews.com.br\\\/?p=13309#respond\"]}]},{\"@type\":\"WebPage\",\"@id\":\"https:\\\/\\\/inclusivenews.com.br\\\/?p=13309\",\"url\":\"https:\\\/\\\/inclusivenews.com.br\\\/?p=13309\",\"name\":\"Pol\u00edticos e institui\u00e7\u00f5es defasados no tempo -\",\"isPartOf\":{\"@id\":\"https:\\\/\\\/inclusivenews.com.br\\\/#website\"},\"primaryImageOfPage\":{\"@id\":\"https:\\\/\\\/inclusivenews.com.br\\\/?p=13309#primaryimage\"},\"image\":{\"@id\":\"https:\\\/\\\/inclusivenews.com.br\\\/?p=13309#primaryimage\"},\"thumbnailUrl\":\"http:\\\/\\\/inclusivenews.com.br\\\/wp-content\\\/uploads\\\/2010\\\/01\\\/tuvalu-150x150.jpg\",\"datePublished\":\"2010-01-07T18:29:52+00:00\",\"breadcrumb\":{\"@id\":\"https:\\\/\\\/inclusivenews.com.br\\\/?p=13309#breadcrumb\"},\"inLanguage\":\"pt-PT\",\"potentialAction\":[{\"@type\":\"ReadAction\",\"target\":[\"https:\\\/\\\/inclusivenews.com.br\\\/?p=13309\"]}]},{\"@type\":\"ImageObject\",\"inLanguage\":\"pt-PT\",\"@id\":\"https:\\\/\\\/inclusivenews.com.br\\\/?p=13309#primaryimage\",\"url\":\"\",\"contentUrl\":\"\"},{\"@type\":\"BreadcrumbList\",\"@id\":\"https:\\\/\\\/inclusivenews.com.br\\\/?p=13309#breadcrumb\",\"itemListElement\":[{\"@type\":\"ListItem\",\"position\":1,\"name\":\"In\u00edcio\",\"item\":\"https:\\\/\\\/inclusivenews.com.br\\\/\"},{\"@type\":\"ListItem\",\"position\":2,\"name\":\"Pol\u00edticos e institui\u00e7\u00f5es defasados no tempo\"}]},{\"@type\":\"WebSite\",\"@id\":\"https:\\\/\\\/inclusivenews.com.br\\\/#website\",\"url\":\"https:\\\/\\\/inclusivenews.com.br\\\/\",\"name\":\"Inclusive News\",\"description\":\"Inclusive News\",\"publisher\":{\"@id\":\"https:\\\/\\\/inclusivenews.com.br\\\/#organization\"},\"potentialAction\":[{\"@type\":\"SearchAction\",\"target\":{\"@type\":\"EntryPoint\",\"urlTemplate\":\"https:\\\/\\\/inclusivenews.com.br\\\/?s={search_term_string}\"},\"query-input\":{\"@type\":\"PropertyValueSpecification\",\"valueRequired\":true,\"valueName\":\"search_term_string\"}}],\"inLanguage\":\"pt-PT\"},{\"@type\":\"Organization\",\"@id\":\"https:\\\/\\\/inclusivenews.com.br\\\/#organization\",\"name\":\"Inclusive - inclus\u00e3o e cidadania\",\"url\":\"https:\\\/\\\/inclusivenews.com.br\\\/\",\"logo\":{\"@type\":\"ImageObject\",\"inLanguage\":\"pt-PT\",\"@id\":\"https:\\\/\\\/inclusivenews.com.br\\\/#\\\/schema\\\/logo\\\/image\\\/\",\"url\":\"https:\\\/\\\/inclusivenews.com.br\\\/wp-content\\\/uploads\\\/2024\\\/03\\\/@grandesite.png\",\"contentUrl\":\"https:\\\/\\\/inclusivenews.com.br\\\/wp-content\\\/uploads\\\/2024\\\/03\\\/@grandesite.png\",\"width\":1080,\"height\":1080,\"caption\":\"Inclusive - inclus\u00e3o e cidadania\"},\"image\":{\"@id\":\"https:\\\/\\\/inclusivenews.com.br\\\/#\\\/schema\\\/logo\\\/image\\\/\"},\"sameAs\":[\"https:\\\/\\\/www.facebook.com\\\/agenciainclusive\\\/\",\"https:\\\/\\\/www.instagram.com\\\/newsinclusive\\\/\"]},{\"@type\":\"Person\",\"@id\":\"https:\\\/\\\/inclusivenews.com.br\\\/#\\\/schema\\\/person\\\/ae4ec7087559b8692fb33b6fffd2273b\",\"name\":\"inclusivenews2024\",\"image\":{\"@type\":\"ImageObject\",\"inLanguage\":\"pt-PT\",\"@id\":\"https:\\\/\\\/secure.gravatar.com\\\/avatar\\\/c5a7ef84c66fa914f55bc4f7ce26cfa275a3b9a1c5568b907bd184fb4dde7b40?s=96&d=mm&r=g\",\"url\":\"https:\\\/\\\/secure.gravatar.com\\\/avatar\\\/c5a7ef84c66fa914f55bc4f7ce26cfa275a3b9a1c5568b907bd184fb4dde7b40?s=96&d=mm&r=g\",\"contentUrl\":\"https:\\\/\\\/secure.gravatar.com\\\/avatar\\\/c5a7ef84c66fa914f55bc4f7ce26cfa275a3b9a1c5568b907bd184fb4dde7b40?s=96&d=mm&r=g\",\"caption\":\"inclusivenews2024\"},\"sameAs\":[\"https:\\\/\\\/inclusivenews.com.br\"],\"url\":\"https:\\\/\\\/inclusivenews.com.br\\\/?author=1\"}]}<\/script>\n<!-- \/ Yoast SEO plugin. -->","yoast_head_json":{"title":"Pol\u00edticos e institui\u00e7\u00f5es defasados no tempo -","robots":{"index":"index","follow":"follow","max-snippet":"max-snippet:-1","max-image-preview":"max-image-preview:large","max-video-preview":"max-video-preview:-1"},"canonical":"https:\/\/inclusivenews.com.br\/?p=13309","og_locale":"pt_PT","og_type":"article","og_title":"Pol\u00edticos e institui\u00e7\u00f5es defasados no tempo -","og_description":"\u00a0 \u00a0 Por Atila Roque \u00a0 \u00a0 Talvez a maior li\u00e7\u00e3o da Confer\u00eancia de Copenhague tenha sido demonstrar definitivamente o enorme descompasso entre os problemas que a humanidade enfrenta e as institui\u00e7\u00f5es com a qual contamos para resolv\u00ea-los. O senso de urg\u00eancia que parece cada vez mais evidente \u00e0s pessoas comuns n\u00e3o \u00e9 capaz de [&hellip;]","og_url":"https:\/\/inclusivenews.com.br\/?p=13309","article_publisher":"https:\/\/www.facebook.com\/agenciainclusive\/","article_published_time":"2010-01-07T18:29:52+00:00","og_image":[{"url":"http:\/\/inclusivenews.com.br\/wp-content\/uploads\/2010\/01\/tuvalu-150x150.jpg","type":"","width":"","height":""}],"author":"inclusivenews2024","twitter_card":"summary_large_image","twitter_misc":{"Escrito por":"inclusivenews2024","Tempo estimado de leitura":"2 minutos"},"schema":{"@context":"https:\/\/schema.org","@graph":[{"@type":"Article","@id":"https:\/\/inclusivenews.com.br\/?p=13309#article","isPartOf":{"@id":"https:\/\/inclusivenews.com.br\/?p=13309"},"author":{"name":"inclusivenews2024","@id":"https:\/\/inclusivenews.com.br\/#\/schema\/person\/ae4ec7087559b8692fb33b6fffd2273b"},"headline":"Pol\u00edticos e institui\u00e7\u00f5es defasados no tempo","datePublished":"2010-01-07T18:29:52+00:00","mainEntityOfPage":{"@id":"https:\/\/inclusivenews.com.br\/?p=13309"},"wordCount":345,"commentCount":0,"publisher":{"@id":"https:\/\/inclusivenews.com.br\/#organization"},"image":{"@id":"https:\/\/inclusivenews.com.br\/?p=13309#primaryimage"},"thumbnailUrl":"http:\/\/inclusivenews.com.br\/wp-content\/uploads\/2010\/01\/tuvalu-150x150.jpg","articleSection":["DIREITOS HUMANOS"],"inLanguage":"pt-PT","potentialAction":[{"@type":"CommentAction","name":"Comment","target":["https:\/\/inclusivenews.com.br\/?p=13309#respond"]}]},{"@type":"WebPage","@id":"https:\/\/inclusivenews.com.br\/?p=13309","url":"https:\/\/inclusivenews.com.br\/?p=13309","name":"Pol\u00edticos e institui\u00e7\u00f5es defasados no tempo -","isPartOf":{"@id":"https:\/\/inclusivenews.com.br\/#website"},"primaryImageOfPage":{"@id":"https:\/\/inclusivenews.com.br\/?p=13309#primaryimage"},"image":{"@id":"https:\/\/inclusivenews.com.br\/?p=13309#primaryimage"},"thumbnailUrl":"http:\/\/inclusivenews.com.br\/wp-content\/uploads\/2010\/01\/tuvalu-150x150.jpg","datePublished":"2010-01-07T18:29:52+00:00","breadcrumb":{"@id":"https:\/\/inclusivenews.com.br\/?p=13309#breadcrumb"},"inLanguage":"pt-PT","potentialAction":[{"@type":"ReadAction","target":["https:\/\/inclusivenews.com.br\/?p=13309"]}]},{"@type":"ImageObject","inLanguage":"pt-PT","@id":"https:\/\/inclusivenews.com.br\/?p=13309#primaryimage","url":"","contentUrl":""},{"@type":"BreadcrumbList","@id":"https:\/\/inclusivenews.com.br\/?p=13309#breadcrumb","itemListElement":[{"@type":"ListItem","position":1,"name":"In\u00edcio","item":"https:\/\/inclusivenews.com.br\/"},{"@type":"ListItem","position":2,"name":"Pol\u00edticos e institui\u00e7\u00f5es defasados no tempo"}]},{"@type":"WebSite","@id":"https:\/\/inclusivenews.com.br\/#website","url":"https:\/\/inclusivenews.com.br\/","name":"Inclusive News","description":"Inclusive News","publisher":{"@id":"https:\/\/inclusivenews.com.br\/#organization"},"potentialAction":[{"@type":"SearchAction","target":{"@type":"EntryPoint","urlTemplate":"https:\/\/inclusivenews.com.br\/?s={search_term_string}"},"query-input":{"@type":"PropertyValueSpecification","valueRequired":true,"valueName":"search_term_string"}}],"inLanguage":"pt-PT"},{"@type":"Organization","@id":"https:\/\/inclusivenews.com.br\/#organization","name":"Inclusive - inclus\u00e3o e cidadania","url":"https:\/\/inclusivenews.com.br\/","logo":{"@type":"ImageObject","inLanguage":"pt-PT","@id":"https:\/\/inclusivenews.com.br\/#\/schema\/logo\/image\/","url":"https:\/\/inclusivenews.com.br\/wp-content\/uploads\/2024\/03\/@grandesite.png","contentUrl":"https:\/\/inclusivenews.com.br\/wp-content\/uploads\/2024\/03\/@grandesite.png","width":1080,"height":1080,"caption":"Inclusive - inclus\u00e3o e cidadania"},"image":{"@id":"https:\/\/inclusivenews.com.br\/#\/schema\/logo\/image\/"},"sameAs":["https:\/\/www.facebook.com\/agenciainclusive\/","https:\/\/www.instagram.com\/newsinclusive\/"]},{"@type":"Person","@id":"https:\/\/inclusivenews.com.br\/#\/schema\/person\/ae4ec7087559b8692fb33b6fffd2273b","name":"inclusivenews2024","image":{"@type":"ImageObject","inLanguage":"pt-PT","@id":"https:\/\/secure.gravatar.com\/avatar\/c5a7ef84c66fa914f55bc4f7ce26cfa275a3b9a1c5568b907bd184fb4dde7b40?s=96&d=mm&r=g","url":"https:\/\/secure.gravatar.com\/avatar\/c5a7ef84c66fa914f55bc4f7ce26cfa275a3b9a1c5568b907bd184fb4dde7b40?s=96&d=mm&r=g","contentUrl":"https:\/\/secure.gravatar.com\/avatar\/c5a7ef84c66fa914f55bc4f7ce26cfa275a3b9a1c5568b907bd184fb4dde7b40?s=96&d=mm&r=g","caption":"inclusivenews2024"},"sameAs":["https:\/\/inclusivenews.com.br"],"url":"https:\/\/inclusivenews.com.br\/?author=1"}]}},"_links":{"self":[{"href":"https:\/\/inclusivenews.com.br\/index.php?rest_route=\/wp\/v2\/posts\/13309","targetHints":{"allow":["GET"]}}],"collection":[{"href":"https:\/\/inclusivenews.com.br\/index.php?rest_route=\/wp\/v2\/posts"}],"about":[{"href":"https:\/\/inclusivenews.com.br\/index.php?rest_route=\/wp\/v2\/types\/post"}],"author":[{"embeddable":true,"href":"https:\/\/inclusivenews.com.br\/index.php?rest_route=\/wp\/v2\/users\/1"}],"replies":[{"embeddable":true,"href":"https:\/\/inclusivenews.com.br\/index.php?rest_route=%2Fwp%2Fv2%2Fcomments&post=13309"}],"version-history":[{"count":0,"href":"https:\/\/inclusivenews.com.br\/index.php?rest_route=\/wp\/v2\/posts\/13309\/revisions"}],"wp:attachment":[{"href":"https:\/\/inclusivenews.com.br\/index.php?rest_route=%2Fwp%2Fv2%2Fmedia&parent=13309"}],"wp:term":[{"taxonomy":"category","embeddable":true,"href":"https:\/\/inclusivenews.com.br\/index.php?rest_route=%2Fwp%2Fv2%2Fcategories&post=13309"},{"taxonomy":"post_tag","embeddable":true,"href":"https:\/\/inclusivenews.com.br\/index.php?rest_route=%2Fwp%2Fv2%2Ftags&post=13309"}],"curies":[{"name":"wp","href":"https:\/\/api.w.org\/{rel}","templated":true}]}}