{"id":13310,"date":"2010-01-07T15:12:49","date_gmt":"2010-01-07T18:12:49","guid":{"rendered":"http:\/\/www.inclusive.org.br\/?p=13310"},"modified":"2010-01-07T15:12:49","modified_gmt":"2010-01-07T18:12:49","slug":"um-2010-de-verdade","status":"publish","type":"post","link":"https:\/\/inclusivenews.com.br\/?p=13310","title":{"rendered":"Um 2010 de verdade"},"content":{"rendered":"<p><strong>\u00a0<\/strong><\/p>\n<figure id=\"attachment_13313\" aria-describedby=\"caption-attachment-13313\" style=\"width: 130px\" class=\"wp-caption alignleft\"><a href=\"http:\/\/www.inclusivenews.com.br\/wp-content\/uploads\/2010\/01\/fotorolim.jpg\"><img loading=\"lazy\" decoding=\"async\" class=\"size-full wp-image-13313\" title=\"fotorolim\" src=\"http:\/\/inclusivenews.com.br\/wp-content\/uploads\/2010\/01\/fotorolim.jpg\" alt=\"Foto de Marcos Rolim\" width=\"130\" height=\"94\" \/><\/a><figcaption id=\"caption-attachment-13313\" class=\"wp-caption-text\">Foto de Marcos Rolim<\/figcaption><\/figure>\n<p>Por Marcos Rolim<\/p>\n<p>\u00c9 preciso cuidado com as palavras, porque, quando as empregamos, atribu\u00edmos significados \u00e0s coisas e, assim, come\u00e7amos a valor\u00e1-las. Os brasileiros deveriam se sentir ofendidos quando uma mat\u00e9ria jornal\u00edstica chama os atos de tortura e as execu\u00e7\u00f5es patrocinadas pela ditadura militar de \u201cexcessos\u201d.<\/p>\n<p>O primeiro problema aqui \u00e9 que a maioria dos leitores n\u00e3o se sentir\u00e1 incomodada com a escolha desta palavra. \u00c9 poss\u00edvel que os pr\u00f3prios jornalistas que ainda a usam n\u00e3o se d\u00eaem conta de que esta escolha n\u00e3o \u00e9 apenas infeliz, mas que ela j\u00e1 insinua a moldura na qual o horror se desmancha no ar. Uma autoridade se excede quando, por exemplo, aplica a for\u00e7a leg\u00edtima al\u00e9m do necess\u00e1rio para a conten\u00e7\u00e3o de amea\u00e7a iminente. O excesso, assim, guarda rela\u00e7\u00e3o com a aplica\u00e7\u00e3o desproporcional da for\u00e7a. Prender algu\u00e9m ilegalmente, conduzi-lo a uma c\u00e2mara de tortura, submet\u00ea-lo durante semanas infinitas ao pau de arara, ao choque el\u00e9trico, aos espancamentos, arrancar suas unhas, amassar seus test\u00edculos; por fim, mat\u00e1-lo e, depois, desaparecer com o cad\u00e1ver n\u00e3o \u00e9 \u201cexcesso\u201d, \u00e9 crime contra a humanidade, vergonha e covardia.<\/p>\n<p>A maioria dos brasileiros n\u00e3o se importa com o que ocorreu durante a ditadura militar. As gera\u00e7\u00f5es mais novas talvez nem saibam o que \u00e9 uma ditadura e, ainda hoje, h\u00e1 quem manifeste \u201csaudades\u201d do per\u00edodo; o que n\u00e3o \u00e9 apenas triste, mas desesperador. Trata-se de resultado previs\u00edvel, entretanto, pois a verdade sobre o que ocorreu ainda n\u00e3o foi contada. Temos v\u00e1rios livros importantes sobre o tema, milhares de depoimentos, document\u00e1rios e filmes, mas n\u00e3o temos uma verdade jur\u00eddica. Vale dizer: cada um conta o que quer e todos os relatos seguem sendo considerados apenas \u201cvers\u00f5es\u201d. Como regra, os textos falam aos convertidos e assim seguimos em Pindorama por sobre a maior das \u201cpizzas\u201d: aquela montada pelos que repetem que a Anistia \u201csepultou os acontecimentos\u201d. Anistia \u00e9 perd\u00e3o, mas perdoar n\u00e3o \u00e9 o mesmo que impedir o acesso \u00e0 verdade. J\u00e1 disse que n\u00e3o vejo sentido na pretens\u00e3o de punir os respons\u00e1veis pelos crimes praticados h\u00e1 mais de 30 anos. Mas tenho como revoltante seguir convivendo com o sil\u00eancio oficial, com este pacto de mediocridade firmado pelos pol\u00edticos e os comandantes militares; um pacto estabelecido \u2013 como conv\u00e9m \u2013 longe do escrut\u00ednio p\u00fablico, exatamente para que ningu\u00e9m soubesse, para que a verdade jamais viesse \u00e0 tona.<\/p>\n<p>A proposta inclu\u00edda no Programa Nacional de Direitos Humanos (PNDH-III) de forma\u00e7\u00e3o de uma \u201cComiss\u00e3o de Verdade\u201d para investigar e reconstruir epis\u00f3dios de viola\u00e7\u00e3o durante o per\u00edodo ditatorial \u00e9 uma iniciativa elementar, \u00f3bvia at\u00e9, que deveria ter sido tomada h\u00e1 muitos anos. Ela se situa acima de qualquer ideologia e deve implicar no levantamento de todas as viola\u00e7\u00f5es cometidas, n\u00e3o importa por quem, nem em nome de que. Como uma das pessoas que auxiliou a redigir o Programa, afirmo que ela n\u00e3o tem a ver com puni\u00e7\u00e3o, tem a ver com a hist\u00f3ria do Brasil e com a chance de afirmar a dignidade ali onde, at\u00e9 agora, s\u00f3 existe dor e humilha\u00e7\u00e3o. As vozes que se erguem contra esta iniciativa n\u00e3o s\u00e3o apenas as vozes de um passado tenebroso que, infelizmente, sequer \u00e9 passado. S\u00e3o as vozes de um pa\u00eds que oscila entre a civiliza\u00e7\u00e3o e a barb\u00e1rie, entre o direito e o privil\u00e9gio, entre o respeito e o preconceito, entre a ordem democr\u00e1tica e a ordem das baionetas&#8230;.e que prefere, sobretudo, a mentira.<\/p>\n<p>_____________________________<\/p>\n<div><strong>\u00a0<\/strong><\/div>\n<p>\u00a0<\/p>\n<div><strong>Fonte de informa\u00e7\u00e3o: <a href=\"http:\/\/rolim.com.br\/2006\/index.php?option=com_content&amp;task=view&amp;id=744&amp;Itemid=3\">Marcos Rolim<\/a><\/strong><\/div>\n<div><strong><\/strong><\/div>\n<p>\u00a0<\/p>\n<p><strong><\/p>\n<div><span style=\"font-size: 10pt;font-family: arial,helvetica,sans-serif\">\u00a0<\/span><\/div>\n<p>\u00a0<\/p>\n<p>\u00a0<\/p>\n<p><\/strong><\/p>\n","protected":false},"excerpt":{"rendered":"<p>\u00a0 Por Marcos Rolim \u00c9 preciso cuidado com as palavras, porque, quando as empregamos, atribu\u00edmos significados \u00e0s coisas e, assim, come\u00e7amos a valor\u00e1-las. Os brasileiros deveriam se sentir ofendidos quando uma mat\u00e9ria jornal\u00edstica chama os atos de tortura e as execu\u00e7\u00f5es patrocinadas pela ditadura militar de \u201cexcessos\u201d. O primeiro problema aqui \u00e9 que a maioria [&hellip;]<\/p>\n","protected":false},"author":1,"featured_media":0,"comment_status":"open","ping_status":"open","sticky":false,"template":"","format":"standard","meta":{"site-container-style":"default","site-container-layout":"default","site-sidebar-layout":"default","disable-article-header":"default","disable-site-header":"default","disable-site-footer":"default","disable-content-area-spacing":"default","footnotes":""},"categories":[11,4],"tags":[],"class_list":["post-13310","post","type-post","status-publish","format-standard","hentry","category-direitos-humanos","category-noticias"],"yoast_head":"<!-- This site is optimized with the Yoast SEO plugin v27.4 - https:\/\/yoast.com\/product\/yoast-seo-wordpress\/ -->\n<title>Um 2010 de verdade -<\/title>\n<meta name=\"robots\" content=\"index, follow, max-snippet:-1, max-image-preview:large, max-video-preview:-1\" \/>\n<link rel=\"canonical\" href=\"https:\/\/inclusivenews.com.br\/?p=13310\" \/>\n<meta property=\"og:locale\" content=\"pt_PT\" \/>\n<meta property=\"og:type\" content=\"article\" \/>\n<meta property=\"og:title\" content=\"Um 2010 de verdade -\" \/>\n<meta property=\"og:description\" content=\"\u00a0 Por Marcos Rolim \u00c9 preciso cuidado com as palavras, porque, quando as empregamos, atribu\u00edmos significados \u00e0s coisas e, assim, come\u00e7amos a valor\u00e1-las. Os brasileiros deveriam se sentir ofendidos quando uma mat\u00e9ria jornal\u00edstica chama os atos de tortura e as execu\u00e7\u00f5es patrocinadas pela ditadura militar de \u201cexcessos\u201d. O primeiro problema aqui \u00e9 que a maioria [&hellip;]\" \/>\n<meta property=\"og:url\" content=\"https:\/\/inclusivenews.com.br\/?p=13310\" \/>\n<meta property=\"article:publisher\" content=\"https:\/\/www.facebook.com\/agenciainclusive\/\" \/>\n<meta property=\"article:published_time\" content=\"2010-01-07T18:12:49+00:00\" \/>\n<meta property=\"og:image\" content=\"http:\/\/inclusivenews.com.br\/wp-content\/uploads\/2010\/01\/fotorolim.jpg\" \/>\n<meta name=\"author\" content=\"inclusivenews2024\" \/>\n<meta name=\"twitter:card\" content=\"summary_large_image\" \/>\n<meta name=\"twitter:label1\" content=\"Escrito por\" \/>\n\t<meta name=\"twitter:data1\" content=\"inclusivenews2024\" \/>\n\t<meta name=\"twitter:label2\" content=\"Tempo estimado de leitura\" \/>\n\t<meta name=\"twitter:data2\" content=\"3 minutos\" \/>\n<script type=\"application\/ld+json\" class=\"yoast-schema-graph\">{\"@context\":\"https:\\\/\\\/schema.org\",\"@graph\":[{\"@type\":\"Article\",\"@id\":\"https:\\\/\\\/inclusivenews.com.br\\\/?p=13310#article\",\"isPartOf\":{\"@id\":\"https:\\\/\\\/inclusivenews.com.br\\\/?p=13310\"},\"author\":{\"name\":\"inclusivenews2024\",\"@id\":\"https:\\\/\\\/inclusivenews.com.br\\\/#\\\/schema\\\/person\\\/ae4ec7087559b8692fb33b6fffd2273b\"},\"headline\":\"Um 2010 de verdade\",\"datePublished\":\"2010-01-07T18:12:49+00:00\",\"mainEntityOfPage\":{\"@id\":\"https:\\\/\\\/inclusivenews.com.br\\\/?p=13310\"},\"wordCount\":637,\"commentCount\":0,\"publisher\":{\"@id\":\"https:\\\/\\\/inclusivenews.com.br\\\/#organization\"},\"image\":{\"@id\":\"https:\\\/\\\/inclusivenews.com.br\\\/?p=13310#primaryimage\"},\"thumbnailUrl\":\"http:\\\/\\\/inclusivenews.com.br\\\/wp-content\\\/uploads\\\/2010\\\/01\\\/fotorolim.jpg\",\"articleSection\":[\"DIREITOS HUMANOS\",\"NOT\u00cdCIAS\"],\"inLanguage\":\"pt-PT\",\"potentialAction\":[{\"@type\":\"CommentAction\",\"name\":\"Comment\",\"target\":[\"https:\\\/\\\/inclusivenews.com.br\\\/?p=13310#respond\"]}]},{\"@type\":\"WebPage\",\"@id\":\"https:\\\/\\\/inclusivenews.com.br\\\/?p=13310\",\"url\":\"https:\\\/\\\/inclusivenews.com.br\\\/?p=13310\",\"name\":\"Um 2010 de verdade -\",\"isPartOf\":{\"@id\":\"https:\\\/\\\/inclusivenews.com.br\\\/#website\"},\"primaryImageOfPage\":{\"@id\":\"https:\\\/\\\/inclusivenews.com.br\\\/?p=13310#primaryimage\"},\"image\":{\"@id\":\"https:\\\/\\\/inclusivenews.com.br\\\/?p=13310#primaryimage\"},\"thumbnailUrl\":\"http:\\\/\\\/inclusivenews.com.br\\\/wp-content\\\/uploads\\\/2010\\\/01\\\/fotorolim.jpg\",\"datePublished\":\"2010-01-07T18:12:49+00:00\",\"breadcrumb\":{\"@id\":\"https:\\\/\\\/inclusivenews.com.br\\\/?p=13310#breadcrumb\"},\"inLanguage\":\"pt-PT\",\"potentialAction\":[{\"@type\":\"ReadAction\",\"target\":[\"https:\\\/\\\/inclusivenews.com.br\\\/?p=13310\"]}]},{\"@type\":\"ImageObject\",\"inLanguage\":\"pt-PT\",\"@id\":\"https:\\\/\\\/inclusivenews.com.br\\\/?p=13310#primaryimage\",\"url\":\"\",\"contentUrl\":\"\"},{\"@type\":\"BreadcrumbList\",\"@id\":\"https:\\\/\\\/inclusivenews.com.br\\\/?p=13310#breadcrumb\",\"itemListElement\":[{\"@type\":\"ListItem\",\"position\":1,\"name\":\"In\u00edcio\",\"item\":\"https:\\\/\\\/inclusivenews.com.br\\\/\"},{\"@type\":\"ListItem\",\"position\":2,\"name\":\"Um 2010 de verdade\"}]},{\"@type\":\"WebSite\",\"@id\":\"https:\\\/\\\/inclusivenews.com.br\\\/#website\",\"url\":\"https:\\\/\\\/inclusivenews.com.br\\\/\",\"name\":\"Inclusive News\",\"description\":\"Inclusive News\",\"publisher\":{\"@id\":\"https:\\\/\\\/inclusivenews.com.br\\\/#organization\"},\"potentialAction\":[{\"@type\":\"SearchAction\",\"target\":{\"@type\":\"EntryPoint\",\"urlTemplate\":\"https:\\\/\\\/inclusivenews.com.br\\\/?s={search_term_string}\"},\"query-input\":{\"@type\":\"PropertyValueSpecification\",\"valueRequired\":true,\"valueName\":\"search_term_string\"}}],\"inLanguage\":\"pt-PT\"},{\"@type\":\"Organization\",\"@id\":\"https:\\\/\\\/inclusivenews.com.br\\\/#organization\",\"name\":\"Inclusive - inclus\u00e3o e cidadania\",\"url\":\"https:\\\/\\\/inclusivenews.com.br\\\/\",\"logo\":{\"@type\":\"ImageObject\",\"inLanguage\":\"pt-PT\",\"@id\":\"https:\\\/\\\/inclusivenews.com.br\\\/#\\\/schema\\\/logo\\\/image\\\/\",\"url\":\"https:\\\/\\\/inclusivenews.com.br\\\/wp-content\\\/uploads\\\/2024\\\/03\\\/@grandesite.png\",\"contentUrl\":\"https:\\\/\\\/inclusivenews.com.br\\\/wp-content\\\/uploads\\\/2024\\\/03\\\/@grandesite.png\",\"width\":1080,\"height\":1080,\"caption\":\"Inclusive - inclus\u00e3o e cidadania\"},\"image\":{\"@id\":\"https:\\\/\\\/inclusivenews.com.br\\\/#\\\/schema\\\/logo\\\/image\\\/\"},\"sameAs\":[\"https:\\\/\\\/www.facebook.com\\\/agenciainclusive\\\/\",\"https:\\\/\\\/www.instagram.com\\\/newsinclusive\\\/\"]},{\"@type\":\"Person\",\"@id\":\"https:\\\/\\\/inclusivenews.com.br\\\/#\\\/schema\\\/person\\\/ae4ec7087559b8692fb33b6fffd2273b\",\"name\":\"inclusivenews2024\",\"image\":{\"@type\":\"ImageObject\",\"inLanguage\":\"pt-PT\",\"@id\":\"https:\\\/\\\/secure.gravatar.com\\\/avatar\\\/c5a7ef84c66fa914f55bc4f7ce26cfa275a3b9a1c5568b907bd184fb4dde7b40?s=96&d=mm&r=g\",\"url\":\"https:\\\/\\\/secure.gravatar.com\\\/avatar\\\/c5a7ef84c66fa914f55bc4f7ce26cfa275a3b9a1c5568b907bd184fb4dde7b40?s=96&d=mm&r=g\",\"contentUrl\":\"https:\\\/\\\/secure.gravatar.com\\\/avatar\\\/c5a7ef84c66fa914f55bc4f7ce26cfa275a3b9a1c5568b907bd184fb4dde7b40?s=96&d=mm&r=g\",\"caption\":\"inclusivenews2024\"},\"sameAs\":[\"https:\\\/\\\/inclusivenews.com.br\"],\"url\":\"https:\\\/\\\/inclusivenews.com.br\\\/?author=1\"}]}<\/script>\n<!-- \/ Yoast SEO plugin. -->","yoast_head_json":{"title":"Um 2010 de verdade -","robots":{"index":"index","follow":"follow","max-snippet":"max-snippet:-1","max-image-preview":"max-image-preview:large","max-video-preview":"max-video-preview:-1"},"canonical":"https:\/\/inclusivenews.com.br\/?p=13310","og_locale":"pt_PT","og_type":"article","og_title":"Um 2010 de verdade -","og_description":"\u00a0 Por Marcos Rolim \u00c9 preciso cuidado com as palavras, porque, quando as empregamos, atribu\u00edmos significados \u00e0s coisas e, assim, come\u00e7amos a valor\u00e1-las. Os brasileiros deveriam se sentir ofendidos quando uma mat\u00e9ria jornal\u00edstica chama os atos de tortura e as execu\u00e7\u00f5es patrocinadas pela ditadura militar de \u201cexcessos\u201d. O primeiro problema aqui \u00e9 que a maioria [&hellip;]","og_url":"https:\/\/inclusivenews.com.br\/?p=13310","article_publisher":"https:\/\/www.facebook.com\/agenciainclusive\/","article_published_time":"2010-01-07T18:12:49+00:00","og_image":[{"url":"http:\/\/inclusivenews.com.br\/wp-content\/uploads\/2010\/01\/fotorolim.jpg","type":"","width":"","height":""}],"author":"inclusivenews2024","twitter_card":"summary_large_image","twitter_misc":{"Escrito por":"inclusivenews2024","Tempo estimado de leitura":"3 minutos"},"schema":{"@context":"https:\/\/schema.org","@graph":[{"@type":"Article","@id":"https:\/\/inclusivenews.com.br\/?p=13310#article","isPartOf":{"@id":"https:\/\/inclusivenews.com.br\/?p=13310"},"author":{"name":"inclusivenews2024","@id":"https:\/\/inclusivenews.com.br\/#\/schema\/person\/ae4ec7087559b8692fb33b6fffd2273b"},"headline":"Um 2010 de verdade","datePublished":"2010-01-07T18:12:49+00:00","mainEntityOfPage":{"@id":"https:\/\/inclusivenews.com.br\/?p=13310"},"wordCount":637,"commentCount":0,"publisher":{"@id":"https:\/\/inclusivenews.com.br\/#organization"},"image":{"@id":"https:\/\/inclusivenews.com.br\/?p=13310#primaryimage"},"thumbnailUrl":"http:\/\/inclusivenews.com.br\/wp-content\/uploads\/2010\/01\/fotorolim.jpg","articleSection":["DIREITOS HUMANOS","NOT\u00cdCIAS"],"inLanguage":"pt-PT","potentialAction":[{"@type":"CommentAction","name":"Comment","target":["https:\/\/inclusivenews.com.br\/?p=13310#respond"]}]},{"@type":"WebPage","@id":"https:\/\/inclusivenews.com.br\/?p=13310","url":"https:\/\/inclusivenews.com.br\/?p=13310","name":"Um 2010 de verdade -","isPartOf":{"@id":"https:\/\/inclusivenews.com.br\/#website"},"primaryImageOfPage":{"@id":"https:\/\/inclusivenews.com.br\/?p=13310#primaryimage"},"image":{"@id":"https:\/\/inclusivenews.com.br\/?p=13310#primaryimage"},"thumbnailUrl":"http:\/\/inclusivenews.com.br\/wp-content\/uploads\/2010\/01\/fotorolim.jpg","datePublished":"2010-01-07T18:12:49+00:00","breadcrumb":{"@id":"https:\/\/inclusivenews.com.br\/?p=13310#breadcrumb"},"inLanguage":"pt-PT","potentialAction":[{"@type":"ReadAction","target":["https:\/\/inclusivenews.com.br\/?p=13310"]}]},{"@type":"ImageObject","inLanguage":"pt-PT","@id":"https:\/\/inclusivenews.com.br\/?p=13310#primaryimage","url":"","contentUrl":""},{"@type":"BreadcrumbList","@id":"https:\/\/inclusivenews.com.br\/?p=13310#breadcrumb","itemListElement":[{"@type":"ListItem","position":1,"name":"In\u00edcio","item":"https:\/\/inclusivenews.com.br\/"},{"@type":"ListItem","position":2,"name":"Um 2010 de verdade"}]},{"@type":"WebSite","@id":"https:\/\/inclusivenews.com.br\/#website","url":"https:\/\/inclusivenews.com.br\/","name":"Inclusive News","description":"Inclusive News","publisher":{"@id":"https:\/\/inclusivenews.com.br\/#organization"},"potentialAction":[{"@type":"SearchAction","target":{"@type":"EntryPoint","urlTemplate":"https:\/\/inclusivenews.com.br\/?s={search_term_string}"},"query-input":{"@type":"PropertyValueSpecification","valueRequired":true,"valueName":"search_term_string"}}],"inLanguage":"pt-PT"},{"@type":"Organization","@id":"https:\/\/inclusivenews.com.br\/#organization","name":"Inclusive - inclus\u00e3o e cidadania","url":"https:\/\/inclusivenews.com.br\/","logo":{"@type":"ImageObject","inLanguage":"pt-PT","@id":"https:\/\/inclusivenews.com.br\/#\/schema\/logo\/image\/","url":"https:\/\/inclusivenews.com.br\/wp-content\/uploads\/2024\/03\/@grandesite.png","contentUrl":"https:\/\/inclusivenews.com.br\/wp-content\/uploads\/2024\/03\/@grandesite.png","width":1080,"height":1080,"caption":"Inclusive - inclus\u00e3o e cidadania"},"image":{"@id":"https:\/\/inclusivenews.com.br\/#\/schema\/logo\/image\/"},"sameAs":["https:\/\/www.facebook.com\/agenciainclusive\/","https:\/\/www.instagram.com\/newsinclusive\/"]},{"@type":"Person","@id":"https:\/\/inclusivenews.com.br\/#\/schema\/person\/ae4ec7087559b8692fb33b6fffd2273b","name":"inclusivenews2024","image":{"@type":"ImageObject","inLanguage":"pt-PT","@id":"https:\/\/secure.gravatar.com\/avatar\/c5a7ef84c66fa914f55bc4f7ce26cfa275a3b9a1c5568b907bd184fb4dde7b40?s=96&d=mm&r=g","url":"https:\/\/secure.gravatar.com\/avatar\/c5a7ef84c66fa914f55bc4f7ce26cfa275a3b9a1c5568b907bd184fb4dde7b40?s=96&d=mm&r=g","contentUrl":"https:\/\/secure.gravatar.com\/avatar\/c5a7ef84c66fa914f55bc4f7ce26cfa275a3b9a1c5568b907bd184fb4dde7b40?s=96&d=mm&r=g","caption":"inclusivenews2024"},"sameAs":["https:\/\/inclusivenews.com.br"],"url":"https:\/\/inclusivenews.com.br\/?author=1"}]}},"_links":{"self":[{"href":"https:\/\/inclusivenews.com.br\/index.php?rest_route=\/wp\/v2\/posts\/13310","targetHints":{"allow":["GET"]}}],"collection":[{"href":"https:\/\/inclusivenews.com.br\/index.php?rest_route=\/wp\/v2\/posts"}],"about":[{"href":"https:\/\/inclusivenews.com.br\/index.php?rest_route=\/wp\/v2\/types\/post"}],"author":[{"embeddable":true,"href":"https:\/\/inclusivenews.com.br\/index.php?rest_route=\/wp\/v2\/users\/1"}],"replies":[{"embeddable":true,"href":"https:\/\/inclusivenews.com.br\/index.php?rest_route=%2Fwp%2Fv2%2Fcomments&post=13310"}],"version-history":[{"count":0,"href":"https:\/\/inclusivenews.com.br\/index.php?rest_route=\/wp\/v2\/posts\/13310\/revisions"}],"wp:attachment":[{"href":"https:\/\/inclusivenews.com.br\/index.php?rest_route=%2Fwp%2Fv2%2Fmedia&parent=13310"}],"wp:term":[{"taxonomy":"category","embeddable":true,"href":"https:\/\/inclusivenews.com.br\/index.php?rest_route=%2Fwp%2Fv2%2Fcategories&post=13310"},{"taxonomy":"post_tag","embeddable":true,"href":"https:\/\/inclusivenews.com.br\/index.php?rest_route=%2Fwp%2Fv2%2Ftags&post=13310"}],"curies":[{"name":"wp","href":"https:\/\/api.w.org\/{rel}","templated":true}]}}