{"id":13311,"date":"2010-01-07T15:24:49","date_gmt":"2010-01-07T18:24:49","guid":{"rendered":"http:\/\/www.inclusive.org.br\/?p=13311"},"modified":"2010-01-07T15:24:49","modified_gmt":"2010-01-07T18:24:49","slug":"a-favor-da-defensoria-publica","status":"publish","type":"post","link":"https:\/\/inclusivenews.com.br\/?p=13311","title":{"rendered":"A favor da Defensoria P\u00fablica"},"content":{"rendered":"<p><strong><\/p>\n<figure id=\"attachment_13314\" aria-describedby=\"caption-attachment-13314\" style=\"width: 150px\" class=\"wp-caption alignleft\"><a href=\"http:\/\/www.inclusivenews.com.br\/wp-content\/uploads\/2010\/01\/DEFENSORIA_PUBLICA.jpg\"><img loading=\"lazy\" decoding=\"async\" class=\"size-thumbnail wp-image-13314\" title=\"DEFENSORIA_PUBLICA\" src=\"http:\/\/inclusivenews.com.br\/wp-content\/uploads\/2010\/01\/DEFENSORIA_PUBLICA-150x150.jpg\" alt=\"Bandeira branca e vermelha com a inscri\u00e7\u00e3o Defensoria P\u00fablica e Direito Sonegado\" width=\"150\" height=\"150\" \/><\/a><figcaption id=\"caption-attachment-13314\" class=\"wp-caption-text\">Bandeira branca e vermelha com a inscri\u00e7\u00e3o Defensoria P\u00fablica e Direito Sonegado<\/figcaption><\/figure>\n<p>Jo\u00e3o Baptista Herkenhoff *<\/p>\n<p><\/strong><\/p>\n<p>A Defensoria P\u00fablica \u00e9 o \u00f3rg\u00e3o a que incumbe a orienta\u00e7\u00e3o jur\u00eddica e a defesa dos necessitados.<\/p>\n<p>A Constitui\u00e7\u00e3o Federal define a Defensoria P\u00fablica como institui\u00e7\u00e3o essencial \u00e0 fun\u00e7\u00e3o jurisdicional do Estado, ou seja, diz a Constitui\u00e7\u00e3o que a Defensoria P\u00fablica \u00e9 essencial para que o Estado distribua Justi\u00e7a.<\/p>\n<p>Se aos pobres n\u00e3o fosse proporcionada a assist\u00eancia da Defensoria P\u00fablica estaria negado o princ\u00edpio democr\u00e1tico do direito universal \u00e0 Justi\u00e7a.<\/p>\n<p>Prestando orienta\u00e7\u00e3o jur\u00eddica aos cidad\u00e3os e cidad\u00e3s vulnerabilizados socialmente e promovendo a defesa deles, em todos os graus, a Defensoria P\u00fablica assegura a seus patrocinados justamente este direito, o acesso \u00e0 Justi\u00e7a, condi\u00e7\u00e3o indispens\u00e1vel ao exerc\u00edcio e defesa da Cidadania.\u00a0<\/p>\n<p>Os pobres t\u00eam direito de ter uma Defensoria P\u00fablica atuante, vigilante e competente. O Estado tem o dever de manter uma Defensoria P\u00fablica de excelente padr\u00e3o, inclusive remunerando condignamente os Defensores P\u00fablicos.<\/p>\n<p>Antes de ser institu\u00edda a Defensoria P\u00fablica, a OAB ou o Juiz de Direito designava um &#8220;advogado dativo&#8221; para defender as pessoas que n\u00e3o podiam pagar um caus\u00eddico.<\/p>\n<p>Muitos advogados notabilizaram-se pela dedica\u00e7\u00e3o que devotavam \u00e0 defesa dos pobres, da mesma forma que muitos m\u00e9dicos mereceram a gratid\u00e3o da comunidade quando, praticamente inexistindo a Medicina p\u00fablica, proporcionavam aos humildes a assist\u00eancia devida.<\/p>\n<p>Sem preju\u00edzo do dever de exaltar esses profissionais, deve ser observado que o Poder P\u00fablico n\u00e3o pode esquivar-se da obriga\u00e7\u00e3o de proporcionar amparo jur\u00eddico e m\u00e9dico aos pobres, atribuindo esse papel a profissionais liberais.<\/p>\n<p>O que a institui\u00e7\u00e3o da Defensoria P\u00fablica traduz \u00e9 um princ\u00edpio democr\u00e1tico: ter o pobre um advogado n\u00e3o \u00e9 favor, mas direito.<\/p>\n<p>A quest\u00e3o da Defensoria P\u00fablica toca-me profundamente porque de muito tempo vi a absoluta necessidade da cria\u00e7\u00e3o desse \u00f3rg\u00e3o. J\u00e1 em 9 de junho de 1960, h\u00e1 quase meio s\u00e9culo portanto, eu defendia esta tese no seman\u00e1rio Folha da Cidade, de Cachoeiro de Itapemirim (ES). Publiquei a respeito do assunto um artigo com o t\u00edtulo &#8220;Defesa tamb\u00e9m para os pobres&#8221;. Voltei \u00e0 carga no jornal 6 Dias, tamb\u00e9m de Cachoeiro, em 26 de setembro de 1960 e em 4 outubro de 1961.<\/p>\n<p>Pode parecer curioso que em pequenos jornais de uma cidade do interior estiv\u00e9ssemos nos ocupando deste tema. Mas Cachoeiro de Itapemirim sempre foi uma c\u00e9lula de cidadania e n\u00e3o causava estranheza pugnar por princ\u00edpios \u00e9ticos, por causas humanas, por teses universais, naquela comunidade.<\/p>\n<p>Congratulo-me com os Defensores P\u00fablicos deste imenso Brasil. Eu os encorajo a que prossigam com entusiasmo seu trabalho, c\u00f4nscios de que contribuem significativamente para a constru\u00e7\u00e3o do arcabou\u00e7o democr\u00e1tico e cidad\u00e3o, em nosso pa\u00eds. Os Defensores P\u00fablicos merecem o reconhecimento dos governantes e do povo.<\/p>\n<p>* Jo\u00e3o Baptista Herkenhoff \u00e9 professor pesquisador da Faculdade Est\u00e1cio de S\u00e1 de Vila Velha (ES) e escritor. Homepage: <a href=\"http:\/\/www.jbherkenhoff.com.br\/\">http:\/\/www.jbherkenhoff.com.br\/<\/a><\/p>\n<div><strong><br \/>\n___________________________________<\/strong><\/div>\n<p><strong>Fonte de informa\u00e7\u00e3o: <a href=\"http:\/\/www.correiocidadania.com.br\/content\/view\/4213\/56\/\">Correio da Cidadania<\/a><br \/>\nLicenciado pela CC 2.5<\/p>\n<p><\/strong><\/p>\n","protected":false},"excerpt":{"rendered":"<p>Jo\u00e3o Baptista Herkenhoff * A Defensoria P\u00fablica \u00e9 o \u00f3rg\u00e3o a que incumbe a orienta\u00e7\u00e3o jur\u00eddica e a defesa dos necessitados. A Constitui\u00e7\u00e3o Federal define a Defensoria P\u00fablica como institui\u00e7\u00e3o essencial \u00e0 fun\u00e7\u00e3o jurisdicional do Estado, ou seja, diz a Constitui\u00e7\u00e3o que a Defensoria P\u00fablica \u00e9 essencial para que o Estado distribua Justi\u00e7a. Se aos [&hellip;]<\/p>\n","protected":false},"author":1,"featured_media":0,"comment_status":"open","ping_status":"open","sticky":false,"template":"","format":"standard","meta":{"site-container-style":"default","site-container-layout":"default","site-sidebar-layout":"default","disable-article-header":"default","disable-site-header":"default","disable-site-footer":"default","disable-content-area-spacing":"default","footnotes":""},"categories":[1],"tags":[],"class_list":["post-13311","post","type-post","status-publish","format-standard","hentry","category-blog"],"yoast_head":"<!-- This site is optimized with the Yoast SEO plugin v27.4 - https:\/\/yoast.com\/product\/yoast-seo-wordpress\/ -->\n<title>A favor da Defensoria P\u00fablica -<\/title>\n<meta name=\"robots\" content=\"index, follow, max-snippet:-1, max-image-preview:large, max-video-preview:-1\" \/>\n<link rel=\"canonical\" href=\"https:\/\/inclusivenews.com.br\/?p=13311\" \/>\n<meta property=\"og:locale\" content=\"pt_PT\" \/>\n<meta property=\"og:type\" content=\"article\" \/>\n<meta property=\"og:title\" content=\"A favor da Defensoria P\u00fablica -\" \/>\n<meta property=\"og:description\" content=\"Jo\u00e3o Baptista Herkenhoff * A Defensoria P\u00fablica \u00e9 o \u00f3rg\u00e3o a que incumbe a orienta\u00e7\u00e3o jur\u00eddica e a defesa dos necessitados. A Constitui\u00e7\u00e3o Federal define a Defensoria P\u00fablica como institui\u00e7\u00e3o essencial \u00e0 fun\u00e7\u00e3o jurisdicional do Estado, ou seja, diz a Constitui\u00e7\u00e3o que a Defensoria P\u00fablica \u00e9 essencial para que o Estado distribua Justi\u00e7a. Se aos [&hellip;]\" \/>\n<meta property=\"og:url\" content=\"https:\/\/inclusivenews.com.br\/?p=13311\" \/>\n<meta property=\"article:publisher\" content=\"https:\/\/www.facebook.com\/agenciainclusive\/\" \/>\n<meta property=\"article:published_time\" content=\"2010-01-07T18:24:49+00:00\" \/>\n<meta property=\"og:image\" content=\"http:\/\/inclusivenews.com.br\/wp-content\/uploads\/2010\/01\/DEFENSORIA_PUBLICA-150x150.jpg\" \/>\n<meta name=\"author\" content=\"inclusivenews2024\" \/>\n<meta name=\"twitter:card\" content=\"summary_large_image\" \/>\n<meta name=\"twitter:label1\" content=\"Escrito por\" \/>\n\t<meta name=\"twitter:data1\" content=\"inclusivenews2024\" \/>\n\t<meta name=\"twitter:label2\" content=\"Tempo estimado de leitura\" \/>\n\t<meta name=\"twitter:data2\" content=\"3 minutos\" \/>\n<script type=\"application\/ld+json\" class=\"yoast-schema-graph\">{\"@context\":\"https:\\\/\\\/schema.org\",\"@graph\":[{\"@type\":\"Article\",\"@id\":\"https:\\\/\\\/inclusivenews.com.br\\\/?p=13311#article\",\"isPartOf\":{\"@id\":\"https:\\\/\\\/inclusivenews.com.br\\\/?p=13311\"},\"author\":{\"name\":\"inclusivenews2024\",\"@id\":\"https:\\\/\\\/inclusivenews.com.br\\\/#\\\/schema\\\/person\\\/ae4ec7087559b8692fb33b6fffd2273b\"},\"headline\":\"A favor da Defensoria P\u00fablica\",\"datePublished\":\"2010-01-07T18:24:49+00:00\",\"mainEntityOfPage\":{\"@id\":\"https:\\\/\\\/inclusivenews.com.br\\\/?p=13311\"},\"wordCount\":552,\"commentCount\":0,\"publisher\":{\"@id\":\"https:\\\/\\\/inclusivenews.com.br\\\/#organization\"},\"image\":{\"@id\":\"https:\\\/\\\/inclusivenews.com.br\\\/?p=13311#primaryimage\"},\"thumbnailUrl\":\"http:\\\/\\\/inclusivenews.com.br\\\/wp-content\\\/uploads\\\/2010\\\/01\\\/DEFENSORIA_PUBLICA-150x150.jpg\",\"articleSection\":[\"Blog\"],\"inLanguage\":\"pt-PT\",\"potentialAction\":[{\"@type\":\"CommentAction\",\"name\":\"Comment\",\"target\":[\"https:\\\/\\\/inclusivenews.com.br\\\/?p=13311#respond\"]}]},{\"@type\":\"WebPage\",\"@id\":\"https:\\\/\\\/inclusivenews.com.br\\\/?p=13311\",\"url\":\"https:\\\/\\\/inclusivenews.com.br\\\/?p=13311\",\"name\":\"A favor da Defensoria P\u00fablica -\",\"isPartOf\":{\"@id\":\"https:\\\/\\\/inclusivenews.com.br\\\/#website\"},\"primaryImageOfPage\":{\"@id\":\"https:\\\/\\\/inclusivenews.com.br\\\/?p=13311#primaryimage\"},\"image\":{\"@id\":\"https:\\\/\\\/inclusivenews.com.br\\\/?p=13311#primaryimage\"},\"thumbnailUrl\":\"http:\\\/\\\/inclusivenews.com.br\\\/wp-content\\\/uploads\\\/2010\\\/01\\\/DEFENSORIA_PUBLICA-150x150.jpg\",\"datePublished\":\"2010-01-07T18:24:49+00:00\",\"breadcrumb\":{\"@id\":\"https:\\\/\\\/inclusivenews.com.br\\\/?p=13311#breadcrumb\"},\"inLanguage\":\"pt-PT\",\"potentialAction\":[{\"@type\":\"ReadAction\",\"target\":[\"https:\\\/\\\/inclusivenews.com.br\\\/?p=13311\"]}]},{\"@type\":\"ImageObject\",\"inLanguage\":\"pt-PT\",\"@id\":\"https:\\\/\\\/inclusivenews.com.br\\\/?p=13311#primaryimage\",\"url\":\"\",\"contentUrl\":\"\"},{\"@type\":\"BreadcrumbList\",\"@id\":\"https:\\\/\\\/inclusivenews.com.br\\\/?p=13311#breadcrumb\",\"itemListElement\":[{\"@type\":\"ListItem\",\"position\":1,\"name\":\"In\u00edcio\",\"item\":\"https:\\\/\\\/inclusivenews.com.br\\\/\"},{\"@type\":\"ListItem\",\"position\":2,\"name\":\"A favor da Defensoria P\u00fablica\"}]},{\"@type\":\"WebSite\",\"@id\":\"https:\\\/\\\/inclusivenews.com.br\\\/#website\",\"url\":\"https:\\\/\\\/inclusivenews.com.br\\\/\",\"name\":\"Inclusive News\",\"description\":\"Inclusive News\",\"publisher\":{\"@id\":\"https:\\\/\\\/inclusivenews.com.br\\\/#organization\"},\"potentialAction\":[{\"@type\":\"SearchAction\",\"target\":{\"@type\":\"EntryPoint\",\"urlTemplate\":\"https:\\\/\\\/inclusivenews.com.br\\\/?s={search_term_string}\"},\"query-input\":{\"@type\":\"PropertyValueSpecification\",\"valueRequired\":true,\"valueName\":\"search_term_string\"}}],\"inLanguage\":\"pt-PT\"},{\"@type\":\"Organization\",\"@id\":\"https:\\\/\\\/inclusivenews.com.br\\\/#organization\",\"name\":\"Inclusive - inclus\u00e3o e cidadania\",\"url\":\"https:\\\/\\\/inclusivenews.com.br\\\/\",\"logo\":{\"@type\":\"ImageObject\",\"inLanguage\":\"pt-PT\",\"@id\":\"https:\\\/\\\/inclusivenews.com.br\\\/#\\\/schema\\\/logo\\\/image\\\/\",\"url\":\"https:\\\/\\\/inclusivenews.com.br\\\/wp-content\\\/uploads\\\/2024\\\/03\\\/@grandesite.png\",\"contentUrl\":\"https:\\\/\\\/inclusivenews.com.br\\\/wp-content\\\/uploads\\\/2024\\\/03\\\/@grandesite.png\",\"width\":1080,\"height\":1080,\"caption\":\"Inclusive - inclus\u00e3o e cidadania\"},\"image\":{\"@id\":\"https:\\\/\\\/inclusivenews.com.br\\\/#\\\/schema\\\/logo\\\/image\\\/\"},\"sameAs\":[\"https:\\\/\\\/www.facebook.com\\\/agenciainclusive\\\/\",\"https:\\\/\\\/www.instagram.com\\\/newsinclusive\\\/\"]},{\"@type\":\"Person\",\"@id\":\"https:\\\/\\\/inclusivenews.com.br\\\/#\\\/schema\\\/person\\\/ae4ec7087559b8692fb33b6fffd2273b\",\"name\":\"inclusivenews2024\",\"image\":{\"@type\":\"ImageObject\",\"inLanguage\":\"pt-PT\",\"@id\":\"https:\\\/\\\/secure.gravatar.com\\\/avatar\\\/c5a7ef84c66fa914f55bc4f7ce26cfa275a3b9a1c5568b907bd184fb4dde7b40?s=96&d=mm&r=g\",\"url\":\"https:\\\/\\\/secure.gravatar.com\\\/avatar\\\/c5a7ef84c66fa914f55bc4f7ce26cfa275a3b9a1c5568b907bd184fb4dde7b40?s=96&d=mm&r=g\",\"contentUrl\":\"https:\\\/\\\/secure.gravatar.com\\\/avatar\\\/c5a7ef84c66fa914f55bc4f7ce26cfa275a3b9a1c5568b907bd184fb4dde7b40?s=96&d=mm&r=g\",\"caption\":\"inclusivenews2024\"},\"sameAs\":[\"https:\\\/\\\/inclusivenews.com.br\"],\"url\":\"https:\\\/\\\/inclusivenews.com.br\\\/?author=1\"}]}<\/script>\n<!-- \/ Yoast SEO plugin. -->","yoast_head_json":{"title":"A favor da Defensoria P\u00fablica -","robots":{"index":"index","follow":"follow","max-snippet":"max-snippet:-1","max-image-preview":"max-image-preview:large","max-video-preview":"max-video-preview:-1"},"canonical":"https:\/\/inclusivenews.com.br\/?p=13311","og_locale":"pt_PT","og_type":"article","og_title":"A favor da Defensoria P\u00fablica -","og_description":"Jo\u00e3o Baptista Herkenhoff * A Defensoria P\u00fablica \u00e9 o \u00f3rg\u00e3o a que incumbe a orienta\u00e7\u00e3o jur\u00eddica e a defesa dos necessitados. A Constitui\u00e7\u00e3o Federal define a Defensoria P\u00fablica como institui\u00e7\u00e3o essencial \u00e0 fun\u00e7\u00e3o jurisdicional do Estado, ou seja, diz a Constitui\u00e7\u00e3o que a Defensoria P\u00fablica \u00e9 essencial para que o Estado distribua Justi\u00e7a. Se aos [&hellip;]","og_url":"https:\/\/inclusivenews.com.br\/?p=13311","article_publisher":"https:\/\/www.facebook.com\/agenciainclusive\/","article_published_time":"2010-01-07T18:24:49+00:00","og_image":[{"url":"http:\/\/inclusivenews.com.br\/wp-content\/uploads\/2010\/01\/DEFENSORIA_PUBLICA-150x150.jpg","type":"","width":"","height":""}],"author":"inclusivenews2024","twitter_card":"summary_large_image","twitter_misc":{"Escrito por":"inclusivenews2024","Tempo estimado de leitura":"3 minutos"},"schema":{"@context":"https:\/\/schema.org","@graph":[{"@type":"Article","@id":"https:\/\/inclusivenews.com.br\/?p=13311#article","isPartOf":{"@id":"https:\/\/inclusivenews.com.br\/?p=13311"},"author":{"name":"inclusivenews2024","@id":"https:\/\/inclusivenews.com.br\/#\/schema\/person\/ae4ec7087559b8692fb33b6fffd2273b"},"headline":"A favor da Defensoria P\u00fablica","datePublished":"2010-01-07T18:24:49+00:00","mainEntityOfPage":{"@id":"https:\/\/inclusivenews.com.br\/?p=13311"},"wordCount":552,"commentCount":0,"publisher":{"@id":"https:\/\/inclusivenews.com.br\/#organization"},"image":{"@id":"https:\/\/inclusivenews.com.br\/?p=13311#primaryimage"},"thumbnailUrl":"http:\/\/inclusivenews.com.br\/wp-content\/uploads\/2010\/01\/DEFENSORIA_PUBLICA-150x150.jpg","articleSection":["Blog"],"inLanguage":"pt-PT","potentialAction":[{"@type":"CommentAction","name":"Comment","target":["https:\/\/inclusivenews.com.br\/?p=13311#respond"]}]},{"@type":"WebPage","@id":"https:\/\/inclusivenews.com.br\/?p=13311","url":"https:\/\/inclusivenews.com.br\/?p=13311","name":"A favor da Defensoria P\u00fablica -","isPartOf":{"@id":"https:\/\/inclusivenews.com.br\/#website"},"primaryImageOfPage":{"@id":"https:\/\/inclusivenews.com.br\/?p=13311#primaryimage"},"image":{"@id":"https:\/\/inclusivenews.com.br\/?p=13311#primaryimage"},"thumbnailUrl":"http:\/\/inclusivenews.com.br\/wp-content\/uploads\/2010\/01\/DEFENSORIA_PUBLICA-150x150.jpg","datePublished":"2010-01-07T18:24:49+00:00","breadcrumb":{"@id":"https:\/\/inclusivenews.com.br\/?p=13311#breadcrumb"},"inLanguage":"pt-PT","potentialAction":[{"@type":"ReadAction","target":["https:\/\/inclusivenews.com.br\/?p=13311"]}]},{"@type":"ImageObject","inLanguage":"pt-PT","@id":"https:\/\/inclusivenews.com.br\/?p=13311#primaryimage","url":"","contentUrl":""},{"@type":"BreadcrumbList","@id":"https:\/\/inclusivenews.com.br\/?p=13311#breadcrumb","itemListElement":[{"@type":"ListItem","position":1,"name":"In\u00edcio","item":"https:\/\/inclusivenews.com.br\/"},{"@type":"ListItem","position":2,"name":"A favor da Defensoria P\u00fablica"}]},{"@type":"WebSite","@id":"https:\/\/inclusivenews.com.br\/#website","url":"https:\/\/inclusivenews.com.br\/","name":"Inclusive News","description":"Inclusive News","publisher":{"@id":"https:\/\/inclusivenews.com.br\/#organization"},"potentialAction":[{"@type":"SearchAction","target":{"@type":"EntryPoint","urlTemplate":"https:\/\/inclusivenews.com.br\/?s={search_term_string}"},"query-input":{"@type":"PropertyValueSpecification","valueRequired":true,"valueName":"search_term_string"}}],"inLanguage":"pt-PT"},{"@type":"Organization","@id":"https:\/\/inclusivenews.com.br\/#organization","name":"Inclusive - inclus\u00e3o e cidadania","url":"https:\/\/inclusivenews.com.br\/","logo":{"@type":"ImageObject","inLanguage":"pt-PT","@id":"https:\/\/inclusivenews.com.br\/#\/schema\/logo\/image\/","url":"https:\/\/inclusivenews.com.br\/wp-content\/uploads\/2024\/03\/@grandesite.png","contentUrl":"https:\/\/inclusivenews.com.br\/wp-content\/uploads\/2024\/03\/@grandesite.png","width":1080,"height":1080,"caption":"Inclusive - inclus\u00e3o e cidadania"},"image":{"@id":"https:\/\/inclusivenews.com.br\/#\/schema\/logo\/image\/"},"sameAs":["https:\/\/www.facebook.com\/agenciainclusive\/","https:\/\/www.instagram.com\/newsinclusive\/"]},{"@type":"Person","@id":"https:\/\/inclusivenews.com.br\/#\/schema\/person\/ae4ec7087559b8692fb33b6fffd2273b","name":"inclusivenews2024","image":{"@type":"ImageObject","inLanguage":"pt-PT","@id":"https:\/\/secure.gravatar.com\/avatar\/c5a7ef84c66fa914f55bc4f7ce26cfa275a3b9a1c5568b907bd184fb4dde7b40?s=96&d=mm&r=g","url":"https:\/\/secure.gravatar.com\/avatar\/c5a7ef84c66fa914f55bc4f7ce26cfa275a3b9a1c5568b907bd184fb4dde7b40?s=96&d=mm&r=g","contentUrl":"https:\/\/secure.gravatar.com\/avatar\/c5a7ef84c66fa914f55bc4f7ce26cfa275a3b9a1c5568b907bd184fb4dde7b40?s=96&d=mm&r=g","caption":"inclusivenews2024"},"sameAs":["https:\/\/inclusivenews.com.br"],"url":"https:\/\/inclusivenews.com.br\/?author=1"}]}},"_links":{"self":[{"href":"https:\/\/inclusivenews.com.br\/index.php?rest_route=\/wp\/v2\/posts\/13311","targetHints":{"allow":["GET"]}}],"collection":[{"href":"https:\/\/inclusivenews.com.br\/index.php?rest_route=\/wp\/v2\/posts"}],"about":[{"href":"https:\/\/inclusivenews.com.br\/index.php?rest_route=\/wp\/v2\/types\/post"}],"author":[{"embeddable":true,"href":"https:\/\/inclusivenews.com.br\/index.php?rest_route=\/wp\/v2\/users\/1"}],"replies":[{"embeddable":true,"href":"https:\/\/inclusivenews.com.br\/index.php?rest_route=%2Fwp%2Fv2%2Fcomments&post=13311"}],"version-history":[{"count":0,"href":"https:\/\/inclusivenews.com.br\/index.php?rest_route=\/wp\/v2\/posts\/13311\/revisions"}],"wp:attachment":[{"href":"https:\/\/inclusivenews.com.br\/index.php?rest_route=%2Fwp%2Fv2%2Fmedia&parent=13311"}],"wp:term":[{"taxonomy":"category","embeddable":true,"href":"https:\/\/inclusivenews.com.br\/index.php?rest_route=%2Fwp%2Fv2%2Fcategories&post=13311"},{"taxonomy":"post_tag","embeddable":true,"href":"https:\/\/inclusivenews.com.br\/index.php?rest_route=%2Fwp%2Fv2%2Ftags&post=13311"}],"curies":[{"name":"wp","href":"https:\/\/api.w.org\/{rel}","templated":true}]}}