{"id":13371,"date":"2010-01-13T06:59:27","date_gmt":"2010-01-13T09:59:27","guid":{"rendered":"http:\/\/www.inclusive.org.br\/?p=13371"},"modified":"2010-01-13T06:59:27","modified_gmt":"2010-01-13T09:59:27","slug":"o-jornalismo-derrotado-por-marcos-rolim","status":"publish","type":"post","link":"https:\/\/inclusivenews.com.br\/?p=13371","title":{"rendered":"O jornalismo derrotado, por Marcos Rolim"},"content":{"rendered":"<figure id=\"attachment_13141\" aria-describedby=\"caption-attachment-13141\" style=\"width: 350px\" class=\"wp-caption alignleft\"><a href=\"http:\/\/www.inclusivenews.com.br\/wp-content\/uploads\/2009\/12\/Inclusive_direitos_humanos.jpg\"><img loading=\"lazy\" decoding=\"async\" class=\"size-full wp-image-13141\" title=\"Inclusive - direitos humanos: o globo terrestre e \u00edcones represnetando pessoas de v\u00e1rias cores.\" src=\"http:\/\/inclusivenews.com.br\/wp-content\/uploads\/2009\/12\/Inclusive_direitos_humanos.jpg\" alt=\"Inclusive - direitos humanos: o globo terrestre e \u00edcones represnetando pessoas de v\u00e1rias cores.\" width=\"350\" height=\"288\" \/><\/a><figcaption id=\"caption-attachment-13141\" class=\"wp-caption-text\"> <\/figcaption><\/figure>\n<p style=\"text-align: justify;\"><strong>por Marcos Rolim<\/strong><br \/>\n<span class=\"art_texto\"><br \/>\nA julgar pelos notici\u00e1rios, um fantasma assola o Brasil: o Programa Nacional de Direitos Humanos em sua\u3000terceira vers\u00e3o (PNDH-III). Todas as pot\u00eancias da Santa Alian\u00e7a unem-se contra ele: setores da m\u00eddia, pol\u00edticos conservadores, o agroneg\u00f3cio, os militares e a c\u00fapula da Igreja. Os cr\u00edticos afirmam que o programa prop\u00f5e a &#8220;revis\u00e3o da Lei de Anistia&#8221;, que \u00e9 autorit\u00e1rio ao propor &#8220;controle sobre os meios de comunica\u00e7\u00e3o&#8221;, al\u00e9m de ser &#8220;contra o agroneg\u00f3cio&#8221;. Radicalizando, houve quem \u2013 fora dos manic\u00f4mios \u2013 identificasse no texto disposi\u00e7\u00e3o por uma &#8220;ditadura comunista&#8221;. \u00c9 hora de denunciar esta farsa onde a desinforma\u00e7\u00e3o se cruza com o preconceito e a manipula\u00e7\u00e3o pol\u00edtica.<\/p>\n<p style=\"text-align: justify;\">Auxiliei a redigir o texto final do Programa, juntamente com os professores Paulo S\u00e9rgio Pinheiro e Luiz Alberto Gomes de Souza. A parte que me coube foi a da Seguran\u00e7a P\u00fablica, mas participei de todos os debates. Assinalo, assim, que a 11\u00aa Confer\u00eancia Nacional de Direitos Humanos havia proposto uma &#8220;Comiss\u00e3o de Verdade e Justi\u00e7a&#8221;; nome que traduzia a vontade de &#8220;investigar e punir&#8221; os respons\u00e1veis pelas viola\u00e7\u00f5es durante a ditadura. O PNDH-III, entretanto, prop\u00f4s uma &#8220;Comiss\u00e3o da Verdade&#8221;, porque prevaleceu o entendimento de que o decisivo \u00e9 a recupera\u00e7\u00e3o das informa\u00e7\u00f5es, ainda sonegadas, sobre as execu\u00e7\u00f5es e a tortura.<\/p>\n<p style=\"text-align: justify;\"><strong>Pr\u00e1tica democr\u00e1tica<\/strong><\/p>\n<p style=\"text-align: justify;\">O Programa n\u00e3o fala em &#8220;revisar a Lei da Anistia&#8221;; pelo contr\u00e1rio, afirma que a Comiss\u00e3o deve &#8220;colaborar com todas as inst\u00e2ncias do Poder P\u00fablico para a apura\u00e7\u00e3o de viola\u00e7\u00f5es de Direitos Humanos, <em>observadas as disposi\u00e7\u00f5es da Lei n\u00ba 6.683, de 28 de agosto de 1979<\/em>&#8220;.<em> <\/em>Para quem n\u00e3o sabe, a lei citada \u00e9 a Lei de Anistia. A not\u00edcia, assim, era o afastamento da pretens\u00e3o punitiva. O caminho escolhido, como se sabe, foi o oposto; o que n\u00e3o assinala informar mal, mas desinformar, simplesmente.<\/p>\n<p style=\"text-align: justify;\">No mais, \u00e9 interessante que os cr\u00edticos nunca tenham se manifestado quando, no per\u00edodo do presidente Fernando Henrique Cardoso, propostas muito semelhantes foram apresentadas. Sen\u00e3o vejamos: no que diz respeito aos conflitos agr\u00e1rios, o PNDH-I (1996) j\u00e1 propunha &#8220;projeto de lei para tornar obrigat\u00f3ria a presen\u00e7a no local, do juiz ou do Minist\u00e9rio P\u00fablico, no cumprimento de mandado de manuten\u00e7\u00e3o ou reintegra\u00e7\u00e3o de posse de terras, quando houver pluralidade de r\u00e9us, para prevenir conflitos violentos no campo, ouvido tamb\u00e9m o Incra&#8221;<em>. <\/em>O PNDH-II, seis anos depois, repetiu a proposta.<\/p>\n<p style=\"text-align: justify;\">Qual a novidade, neste particular, do PNDH-III? Apenas a ideia de media\u00e7\u00e3o dos conflitos; pr\u00e1tica que tem sido usual e que seria institucionalizada por lei. A senadora K\u00e1tia Abreu, ent\u00e3o, pode ficar tranquila. Se o governo apresentar o projeto, ela ter\u00e1 a chance de se posicionar contra a media\u00e7\u00e3o de conflitos e exigir que o tema seja resolvido \u00e0 bala, como conv\u00e9m a sua particular concep\u00e7\u00e3o de democracia.<\/p>\n<p style=\"text-align: justify;\"><strong>Rea\u00e7\u00e3o vexat\u00f3ria<\/strong><\/p>\n<p style=\"text-align: justify;\">Quanto \u00e0 rea\u00e7\u00e3o ao tal ranking de ve\u00edculos comprometidos com os direitos humanos<em>,<\/em> o assombro \u00e9 ainda maior, porque o primeiro PNDH trouxe a ideia de: <em>&#8220;<\/em>Promover o mapeamento dos programas de r\u00e1dio e TV que estimulem a apologia do crime, da viol\u00eancia, da tortura, das discrimina\u00e7\u00f5es, do racismo, [&#8230;] e da pena de morte, com vistas a [&#8230;] adotar as medidas legais pertinentes&#8221;<em>.<\/em> A mesma proposta foi repetida no PNDH-II.<\/p>\n<p style=\"text-align: justify;\">Assinale-se que o PNDH-II prop\u00f4s, al\u00e9m disso: &#8220;Apoiar a instala\u00e7\u00e3o do Conselho de Comunica\u00e7\u00e3o Social, com o objetivo de garantir o controle democr\u00e1tico das concess\u00f5es de r\u00e1dio e TV [&#8230;] e coibir pr\u00e1ticas contr\u00e1rias aos direitos humanos&#8221; e &#8220;Garantir a fiscaliza\u00e7\u00e3o da programa\u00e7\u00e3o das emissoras de r\u00e1dio e TV, com vistas a assegurar o controle social [&#8230;] e a penalizar as empresas [&#8230;] que veicularem programa\u00e7\u00e3o ou publicidade atentat\u00f3ria aos direitos humanos&#8221;.<\/p>\n<p style=\"text-align: justify;\">Uau! N\u00e3o s\u00e3o estas as armas dos inimigos da &#8220;liberdade de express\u00e3o&#8221;? Mas, se \u00e9 assim, por que os cr\u00edticos n\u00e3o identificaram o &#8220;ovo da serpente&#8221; na \u00e9poca?<\/p>\n<p style=\"text-align: justify;\">Mais uma vez, ao inv\u00e9s de aprofundar o debate sobre as pol\u00edticas p\u00fablicas, a maior parte da m\u00eddia se deliciou com a rea\u00e7\u00e3o vexat\u00f3ria dos militares, com o oportunismo da direita e com o medievalismo da Igreja, e o fez \u00e0s custas da informa\u00e7\u00e3o, para n\u00e3o variar.<br \/>\n______________________________________________________<\/p>\n<p><\/span><\/p>\n<p style=\"text-align: justify;\"><span class=\"art_texto\"><strong>Fonte de informa\u00e7\u00e3o:<\/strong> <a href=\"http:\/\/www.observatoriodaimprensa.com.br\/artigos.asp?cod=572CID003\">Observat\u00f3rio da Imprensa\/Gramsci e o Brasil<\/a><\/span><\/p>\n","protected":false},"excerpt":{"rendered":"<p>&#8221; (&#8230;) Mais uma vez, ao inv\u00e9s de aprofundar o debate sobre as pol\u00edticas p\u00fablicas, a maior parte da m\u00eddia se deliciou com a rea\u00e7\u00e3o vexat\u00f3ria dos militares, com o oportunismo da direita e com o medievalismo da Igreja, e o fez \u00e0s custas da informa\u00e7\u00e3o, para n\u00e3o variar.&#8221;<\/p>\n","protected":false},"author":1,"featured_media":0,"comment_status":"open","ping_status":"open","sticky":false,"template":"","format":"standard","meta":{"site-container-style":"default","site-container-layout":"default","site-sidebar-layout":"default","disable-article-header":"default","disable-site-header":"default","disable-site-footer":"default","disable-content-area-spacing":"default","footnotes":""},"categories":[36,11,8],"tags":[],"class_list":["post-13371","post","type-post","status-publish","format-standard","hentry","category-colunas-especiais","category-direitos-humanos","category-textos-e-artigos"],"yoast_head":"<!-- This site is optimized with the Yoast SEO plugin v27.4 - https:\/\/yoast.com\/product\/yoast-seo-wordpress\/ -->\n<title>O jornalismo derrotado, por Marcos Rolim -<\/title>\n<meta name=\"robots\" content=\"index, follow, max-snippet:-1, max-image-preview:large, max-video-preview:-1\" \/>\n<link rel=\"canonical\" href=\"https:\/\/inclusivenews.com.br\/?p=13371\" \/>\n<meta property=\"og:locale\" content=\"pt_PT\" \/>\n<meta property=\"og:type\" content=\"article\" \/>\n<meta property=\"og:title\" content=\"O jornalismo derrotado, por Marcos Rolim -\" \/>\n<meta property=\"og:description\" content=\"&quot; (...) Mais uma vez, ao inv\u00e9s de aprofundar o debate sobre as pol\u00edticas p\u00fablicas, a maior parte da m\u00eddia se deliciou com a rea\u00e7\u00e3o vexat\u00f3ria dos militares, com o oportunismo da direita e com o medievalismo da Igreja, e o fez \u00e0s custas da informa\u00e7\u00e3o, para n\u00e3o variar.&quot;\" \/>\n<meta property=\"og:url\" content=\"https:\/\/inclusivenews.com.br\/?p=13371\" \/>\n<meta property=\"article:publisher\" content=\"https:\/\/www.facebook.com\/agenciainclusive\/\" \/>\n<meta property=\"article:published_time\" content=\"2010-01-13T09:59:27+00:00\" \/>\n<meta property=\"og:image\" content=\"http:\/\/inclusivenews.com.br\/wp-content\/uploads\/2009\/12\/Inclusive_direitos_humanos.jpg\" \/>\n<meta name=\"author\" content=\"inclusivenews2024\" \/>\n<meta name=\"twitter:card\" content=\"summary_large_image\" \/>\n<meta name=\"twitter:label1\" content=\"Escrito por\" \/>\n\t<meta name=\"twitter:data1\" content=\"inclusivenews2024\" \/>\n\t<meta name=\"twitter:label2\" content=\"Tempo estimado de leitura\" \/>\n\t<meta name=\"twitter:data2\" content=\"4 minutos\" \/>\n<script type=\"application\/ld+json\" class=\"yoast-schema-graph\">{\"@context\":\"https:\\\/\\\/schema.org\",\"@graph\":[{\"@type\":\"Article\",\"@id\":\"https:\\\/\\\/inclusivenews.com.br\\\/?p=13371#article\",\"isPartOf\":{\"@id\":\"https:\\\/\\\/inclusivenews.com.br\\\/?p=13371\"},\"author\":{\"name\":\"inclusivenews2024\",\"@id\":\"https:\\\/\\\/inclusivenews.com.br\\\/#\\\/schema\\\/person\\\/ae4ec7087559b8692fb33b6fffd2273b\"},\"headline\":\"O jornalismo derrotado, por Marcos Rolim\",\"datePublished\":\"2010-01-13T09:59:27+00:00\",\"mainEntityOfPage\":{\"@id\":\"https:\\\/\\\/inclusivenews.com.br\\\/?p=13371\"},\"wordCount\":779,\"commentCount\":1,\"publisher\":{\"@id\":\"https:\\\/\\\/inclusivenews.com.br\\\/#organization\"},\"image\":{\"@id\":\"https:\\\/\\\/inclusivenews.com.br\\\/?p=13371#primaryimage\"},\"thumbnailUrl\":\"http:\\\/\\\/inclusivenews.com.br\\\/wp-content\\\/uploads\\\/2009\\\/12\\\/Inclusive_direitos_humanos.jpg\",\"articleSection\":[\"Colunas especiais\",\"DIREITOS HUMANOS\",\"OPINI\u00c3O\"],\"inLanguage\":\"pt-PT\",\"potentialAction\":[{\"@type\":\"CommentAction\",\"name\":\"Comment\",\"target\":[\"https:\\\/\\\/inclusivenews.com.br\\\/?p=13371#respond\"]}]},{\"@type\":\"WebPage\",\"@id\":\"https:\\\/\\\/inclusivenews.com.br\\\/?p=13371\",\"url\":\"https:\\\/\\\/inclusivenews.com.br\\\/?p=13371\",\"name\":\"O jornalismo derrotado, por Marcos Rolim -\",\"isPartOf\":{\"@id\":\"https:\\\/\\\/inclusivenews.com.br\\\/#website\"},\"primaryImageOfPage\":{\"@id\":\"https:\\\/\\\/inclusivenews.com.br\\\/?p=13371#primaryimage\"},\"image\":{\"@id\":\"https:\\\/\\\/inclusivenews.com.br\\\/?p=13371#primaryimage\"},\"thumbnailUrl\":\"http:\\\/\\\/inclusivenews.com.br\\\/wp-content\\\/uploads\\\/2009\\\/12\\\/Inclusive_direitos_humanos.jpg\",\"datePublished\":\"2010-01-13T09:59:27+00:00\",\"breadcrumb\":{\"@id\":\"https:\\\/\\\/inclusivenews.com.br\\\/?p=13371#breadcrumb\"},\"inLanguage\":\"pt-PT\",\"potentialAction\":[{\"@type\":\"ReadAction\",\"target\":[\"https:\\\/\\\/inclusivenews.com.br\\\/?p=13371\"]}]},{\"@type\":\"ImageObject\",\"inLanguage\":\"pt-PT\",\"@id\":\"https:\\\/\\\/inclusivenews.com.br\\\/?p=13371#primaryimage\",\"url\":\"\",\"contentUrl\":\"\"},{\"@type\":\"BreadcrumbList\",\"@id\":\"https:\\\/\\\/inclusivenews.com.br\\\/?p=13371#breadcrumb\",\"itemListElement\":[{\"@type\":\"ListItem\",\"position\":1,\"name\":\"In\u00edcio\",\"item\":\"https:\\\/\\\/inclusivenews.com.br\\\/\"},{\"@type\":\"ListItem\",\"position\":2,\"name\":\"O jornalismo derrotado, por Marcos Rolim\"}]},{\"@type\":\"WebSite\",\"@id\":\"https:\\\/\\\/inclusivenews.com.br\\\/#website\",\"url\":\"https:\\\/\\\/inclusivenews.com.br\\\/\",\"name\":\"Inclusive News\",\"description\":\"Inclusive News\",\"publisher\":{\"@id\":\"https:\\\/\\\/inclusivenews.com.br\\\/#organization\"},\"potentialAction\":[{\"@type\":\"SearchAction\",\"target\":{\"@type\":\"EntryPoint\",\"urlTemplate\":\"https:\\\/\\\/inclusivenews.com.br\\\/?s={search_term_string}\"},\"query-input\":{\"@type\":\"PropertyValueSpecification\",\"valueRequired\":true,\"valueName\":\"search_term_string\"}}],\"inLanguage\":\"pt-PT\"},{\"@type\":\"Organization\",\"@id\":\"https:\\\/\\\/inclusivenews.com.br\\\/#organization\",\"name\":\"Inclusive - inclus\u00e3o e cidadania\",\"url\":\"https:\\\/\\\/inclusivenews.com.br\\\/\",\"logo\":{\"@type\":\"ImageObject\",\"inLanguage\":\"pt-PT\",\"@id\":\"https:\\\/\\\/inclusivenews.com.br\\\/#\\\/schema\\\/logo\\\/image\\\/\",\"url\":\"https:\\\/\\\/inclusivenews.com.br\\\/wp-content\\\/uploads\\\/2024\\\/03\\\/@grandesite.png\",\"contentUrl\":\"https:\\\/\\\/inclusivenews.com.br\\\/wp-content\\\/uploads\\\/2024\\\/03\\\/@grandesite.png\",\"width\":1080,\"height\":1080,\"caption\":\"Inclusive - inclus\u00e3o e cidadania\"},\"image\":{\"@id\":\"https:\\\/\\\/inclusivenews.com.br\\\/#\\\/schema\\\/logo\\\/image\\\/\"},\"sameAs\":[\"https:\\\/\\\/www.facebook.com\\\/agenciainclusive\\\/\",\"https:\\\/\\\/www.instagram.com\\\/newsinclusive\\\/\"]},{\"@type\":\"Person\",\"@id\":\"https:\\\/\\\/inclusivenews.com.br\\\/#\\\/schema\\\/person\\\/ae4ec7087559b8692fb33b6fffd2273b\",\"name\":\"inclusivenews2024\",\"image\":{\"@type\":\"ImageObject\",\"inLanguage\":\"pt-PT\",\"@id\":\"https:\\\/\\\/secure.gravatar.com\\\/avatar\\\/c5a7ef84c66fa914f55bc4f7ce26cfa275a3b9a1c5568b907bd184fb4dde7b40?s=96&d=mm&r=g\",\"url\":\"https:\\\/\\\/secure.gravatar.com\\\/avatar\\\/c5a7ef84c66fa914f55bc4f7ce26cfa275a3b9a1c5568b907bd184fb4dde7b40?s=96&d=mm&r=g\",\"contentUrl\":\"https:\\\/\\\/secure.gravatar.com\\\/avatar\\\/c5a7ef84c66fa914f55bc4f7ce26cfa275a3b9a1c5568b907bd184fb4dde7b40?s=96&d=mm&r=g\",\"caption\":\"inclusivenews2024\"},\"sameAs\":[\"https:\\\/\\\/inclusivenews.com.br\"],\"url\":\"https:\\\/\\\/inclusivenews.com.br\\\/?author=1\"}]}<\/script>\n<!-- \/ Yoast SEO plugin. -->","yoast_head_json":{"title":"O jornalismo derrotado, por Marcos Rolim -","robots":{"index":"index","follow":"follow","max-snippet":"max-snippet:-1","max-image-preview":"max-image-preview:large","max-video-preview":"max-video-preview:-1"},"canonical":"https:\/\/inclusivenews.com.br\/?p=13371","og_locale":"pt_PT","og_type":"article","og_title":"O jornalismo derrotado, por Marcos Rolim -","og_description":"\" (...) Mais uma vez, ao inv\u00e9s de aprofundar o debate sobre as pol\u00edticas p\u00fablicas, a maior parte da m\u00eddia se deliciou com a rea\u00e7\u00e3o vexat\u00f3ria dos militares, com o oportunismo da direita e com o medievalismo da Igreja, e o fez \u00e0s custas da informa\u00e7\u00e3o, para n\u00e3o variar.\"","og_url":"https:\/\/inclusivenews.com.br\/?p=13371","article_publisher":"https:\/\/www.facebook.com\/agenciainclusive\/","article_published_time":"2010-01-13T09:59:27+00:00","og_image":[{"url":"http:\/\/inclusivenews.com.br\/wp-content\/uploads\/2009\/12\/Inclusive_direitos_humanos.jpg","type":"","width":"","height":""}],"author":"inclusivenews2024","twitter_card":"summary_large_image","twitter_misc":{"Escrito por":"inclusivenews2024","Tempo estimado de leitura":"4 minutos"},"schema":{"@context":"https:\/\/schema.org","@graph":[{"@type":"Article","@id":"https:\/\/inclusivenews.com.br\/?p=13371#article","isPartOf":{"@id":"https:\/\/inclusivenews.com.br\/?p=13371"},"author":{"name":"inclusivenews2024","@id":"https:\/\/inclusivenews.com.br\/#\/schema\/person\/ae4ec7087559b8692fb33b6fffd2273b"},"headline":"O jornalismo derrotado, por Marcos Rolim","datePublished":"2010-01-13T09:59:27+00:00","mainEntityOfPage":{"@id":"https:\/\/inclusivenews.com.br\/?p=13371"},"wordCount":779,"commentCount":1,"publisher":{"@id":"https:\/\/inclusivenews.com.br\/#organization"},"image":{"@id":"https:\/\/inclusivenews.com.br\/?p=13371#primaryimage"},"thumbnailUrl":"http:\/\/inclusivenews.com.br\/wp-content\/uploads\/2009\/12\/Inclusive_direitos_humanos.jpg","articleSection":["Colunas especiais","DIREITOS HUMANOS","OPINI\u00c3O"],"inLanguage":"pt-PT","potentialAction":[{"@type":"CommentAction","name":"Comment","target":["https:\/\/inclusivenews.com.br\/?p=13371#respond"]}]},{"@type":"WebPage","@id":"https:\/\/inclusivenews.com.br\/?p=13371","url":"https:\/\/inclusivenews.com.br\/?p=13371","name":"O jornalismo derrotado, por Marcos Rolim -","isPartOf":{"@id":"https:\/\/inclusivenews.com.br\/#website"},"primaryImageOfPage":{"@id":"https:\/\/inclusivenews.com.br\/?p=13371#primaryimage"},"image":{"@id":"https:\/\/inclusivenews.com.br\/?p=13371#primaryimage"},"thumbnailUrl":"http:\/\/inclusivenews.com.br\/wp-content\/uploads\/2009\/12\/Inclusive_direitos_humanos.jpg","datePublished":"2010-01-13T09:59:27+00:00","breadcrumb":{"@id":"https:\/\/inclusivenews.com.br\/?p=13371#breadcrumb"},"inLanguage":"pt-PT","potentialAction":[{"@type":"ReadAction","target":["https:\/\/inclusivenews.com.br\/?p=13371"]}]},{"@type":"ImageObject","inLanguage":"pt-PT","@id":"https:\/\/inclusivenews.com.br\/?p=13371#primaryimage","url":"","contentUrl":""},{"@type":"BreadcrumbList","@id":"https:\/\/inclusivenews.com.br\/?p=13371#breadcrumb","itemListElement":[{"@type":"ListItem","position":1,"name":"In\u00edcio","item":"https:\/\/inclusivenews.com.br\/"},{"@type":"ListItem","position":2,"name":"O jornalismo derrotado, por Marcos Rolim"}]},{"@type":"WebSite","@id":"https:\/\/inclusivenews.com.br\/#website","url":"https:\/\/inclusivenews.com.br\/","name":"Inclusive News","description":"Inclusive News","publisher":{"@id":"https:\/\/inclusivenews.com.br\/#organization"},"potentialAction":[{"@type":"SearchAction","target":{"@type":"EntryPoint","urlTemplate":"https:\/\/inclusivenews.com.br\/?s={search_term_string}"},"query-input":{"@type":"PropertyValueSpecification","valueRequired":true,"valueName":"search_term_string"}}],"inLanguage":"pt-PT"},{"@type":"Organization","@id":"https:\/\/inclusivenews.com.br\/#organization","name":"Inclusive - inclus\u00e3o e cidadania","url":"https:\/\/inclusivenews.com.br\/","logo":{"@type":"ImageObject","inLanguage":"pt-PT","@id":"https:\/\/inclusivenews.com.br\/#\/schema\/logo\/image\/","url":"https:\/\/inclusivenews.com.br\/wp-content\/uploads\/2024\/03\/@grandesite.png","contentUrl":"https:\/\/inclusivenews.com.br\/wp-content\/uploads\/2024\/03\/@grandesite.png","width":1080,"height":1080,"caption":"Inclusive - inclus\u00e3o e cidadania"},"image":{"@id":"https:\/\/inclusivenews.com.br\/#\/schema\/logo\/image\/"},"sameAs":["https:\/\/www.facebook.com\/agenciainclusive\/","https:\/\/www.instagram.com\/newsinclusive\/"]},{"@type":"Person","@id":"https:\/\/inclusivenews.com.br\/#\/schema\/person\/ae4ec7087559b8692fb33b6fffd2273b","name":"inclusivenews2024","image":{"@type":"ImageObject","inLanguage":"pt-PT","@id":"https:\/\/secure.gravatar.com\/avatar\/c5a7ef84c66fa914f55bc4f7ce26cfa275a3b9a1c5568b907bd184fb4dde7b40?s=96&d=mm&r=g","url":"https:\/\/secure.gravatar.com\/avatar\/c5a7ef84c66fa914f55bc4f7ce26cfa275a3b9a1c5568b907bd184fb4dde7b40?s=96&d=mm&r=g","contentUrl":"https:\/\/secure.gravatar.com\/avatar\/c5a7ef84c66fa914f55bc4f7ce26cfa275a3b9a1c5568b907bd184fb4dde7b40?s=96&d=mm&r=g","caption":"inclusivenews2024"},"sameAs":["https:\/\/inclusivenews.com.br"],"url":"https:\/\/inclusivenews.com.br\/?author=1"}]}},"_links":{"self":[{"href":"https:\/\/inclusivenews.com.br\/index.php?rest_route=\/wp\/v2\/posts\/13371","targetHints":{"allow":["GET"]}}],"collection":[{"href":"https:\/\/inclusivenews.com.br\/index.php?rest_route=\/wp\/v2\/posts"}],"about":[{"href":"https:\/\/inclusivenews.com.br\/index.php?rest_route=\/wp\/v2\/types\/post"}],"author":[{"embeddable":true,"href":"https:\/\/inclusivenews.com.br\/index.php?rest_route=\/wp\/v2\/users\/1"}],"replies":[{"embeddable":true,"href":"https:\/\/inclusivenews.com.br\/index.php?rest_route=%2Fwp%2Fv2%2Fcomments&post=13371"}],"version-history":[{"count":0,"href":"https:\/\/inclusivenews.com.br\/index.php?rest_route=\/wp\/v2\/posts\/13371\/revisions"}],"wp:attachment":[{"href":"https:\/\/inclusivenews.com.br\/index.php?rest_route=%2Fwp%2Fv2%2Fmedia&parent=13371"}],"wp:term":[{"taxonomy":"category","embeddable":true,"href":"https:\/\/inclusivenews.com.br\/index.php?rest_route=%2Fwp%2Fv2%2Fcategories&post=13371"},{"taxonomy":"post_tag","embeddable":true,"href":"https:\/\/inclusivenews.com.br\/index.php?rest_route=%2Fwp%2Fv2%2Ftags&post=13371"}],"curies":[{"name":"wp","href":"https:\/\/api.w.org\/{rel}","templated":true}]}}