{"id":13375,"date":"2010-01-13T06:44:02","date_gmt":"2010-01-13T09:44:02","guid":{"rendered":"http:\/\/www.inclusive.org.br\/?p=13375"},"modified":"2010-01-13T06:44:02","modified_gmt":"2010-01-13T09:44:02","slug":"a-utopia-do-mundo-perfeito-e-opressora-por-joao-luis-de-almeida-machado","status":"publish","type":"post","link":"https:\/\/inclusivenews.com.br\/?p=13375","title":{"rendered":"A utopia do mundo perfeito \u00e9 opressora, por Jo\u00e3o Lu\u00eds de Almeida Machado"},"content":{"rendered":"<figure id=\"attachment_12698\" aria-describedby=\"caption-attachment-12698\" style=\"width: 166px\" class=\"wp-caption alignleft\"><a href=\"http:\/\/www.inclusivenews.com.br\/wp-content\/uploads\/2009\/11\/planeta_educacao.jpg\"><img loading=\"lazy\" decoding=\"async\" class=\"size-full wp-image-12698\" title=\"Logotipo do Planeta Educacao, onde v\u00ea-se a letra &quot;e&quot; imitando o globo terrestre e o texto &quot;um mundo de servi\u00e7os para escola&quot;.\" src=\"http:\/\/inclusivenews.com.br\/wp-content\/uploads\/2009\/11\/planeta_educacao.jpg\" alt=\"Logotipo do Planeta Educacao, onde v\u00ea-se a letra &quot;e&quot; imitando o globo terrestre e o texto &quot;um mundo de servi\u00e7os para escola&quot;.\" width=\"166\" height=\"166\" srcset=\"https:\/\/inclusivenews.com.br\/wp-content\/uploads\/2009\/11\/planeta_educacao.jpg 184w, https:\/\/inclusivenews.com.br\/wp-content\/uploads\/2009\/11\/planeta_educacao-150x150.jpg 150w\" sizes=\"auto, (max-width: 166px) 100vw, 166px\" \/><\/a><figcaption id=\"caption-attachment-12698\" class=\"wp-caption-text\"> <\/figcaption><\/figure>\n<p><strong><\/strong><strong>Por Jo\u00e3o Lu\u00eds de Almeida Machado<\/strong><\/p>\n<blockquote>\n<p align=\"justify\"><em>Veja &#8211; Existe uma f\u00f3rmula para evitar que os filhos sigam por um caminho errado?<\/em><br \/>\n<em>Jean Pierre Lebrun &#8211; \u00c9 preciso ensin\u00e1-los a falhar. Uma coisa certa na vida \u00e9 que as crian\u00e7as v\u00e3o falhar, n\u00e3o h\u00e1 como ser diferente. Quando os pais, a fam\u00edlia e a sociedade dizem o tempo todo que \u00e9 preciso conseguir, conseguir, conseguir, massacram os filhos. \u00c9 inescap\u00e1vel errar. Todo mundo, em algum momento, vai passar por isso. Aprender a lidar com o fracasso evita que ele se torne algo destrutivo. \u00c0s vezes \u00e9 preciso lembrar coisas muito simples que as pessoas parecem ter esquecido completamente. Estamos como que dopados. Os pais sabem que as crian\u00e7as n\u00e3o ficar\u00e3o com eles a vida inteira, que n\u00e3o v\u00e3o conseguir tudo o que sonharam, que v\u00e3o estabelecer liga\u00e7\u00f5es sociais e afetivas que, por vezes, lhes far\u00e3o mal, mas tentam agir como se n\u00e3o soubessem disso. Hoje os filhos se tornaram um indicador do sucesso dos pais. Isso \u00e9 perigoso, porque cada um tem a sua vida. N\u00e3o \u00e9 justo que, al\u00e9m de carregarem o peso das pr\u00f3prias dificuldades, os filhos tamb\u00e9m tenham de suportar a ang\u00fastia de falhar em rela\u00e7\u00e3o \u00e0 expectativa depositada neles. <\/em>(Entrevista de Jean-Pierre LeBrun a Revista Veja, Ed. 2142, 09\/12\/09)<\/p><\/blockquote>\n<p align=\"justify\">N\u00e3o h\u00e1 tempo e espa\u00e7o para erros nos dias de hoje. E isto se aplica ao mundo dos neg\u00f3cios tanto quanto \u00e0 escola. Pelo menos \u00e9 esta a postura adotada por milh\u00f5es de pessoas em diferentes pa\u00edses que comp\u00f5em o planeta. Errar deixou de ser uma possibilidade, tornou-se praticamente um crime ou um pecado mortal, como queiram&#8230; E se tentarmos raciocinar dentro desta linha de pensamento, vamos na seguinte dire\u00e7\u00e3o: Qualquer falha, por menor que seja, indica fraqueza e, com isto, incapacidade de quem errou para estar na posi\u00e7\u00e3o em que se encontra em uma empresa, por exemplo.<\/p>\n<p align=\"justify\">Outra circunst\u00e2ncia, se os erros s\u00e3o percebidos nas crian\u00e7as ou nos adolescentes \u00e9 preciso resolver tais quest\u00f5es e dificuldades o mais rapidamente poss\u00edvel, para que eles n\u00e3o sejam fadados ao fracasso e possam, hoje e no futuro, fazer parte do grupo dos vencedores, aqueles imortais que ascendem aos melhores postos de trabalho, no alto do p\u00f3dio, no Ol\u00edmpio da vida&#8230;<\/p>\n<p align=\"justify\">Com isto, na verdade, estamos, todos n\u00f3s, errando feio&#8230; N\u00e3o percebemos que tal press\u00e3o acaba gerando uma s\u00e9rie de problemas para todos, que v\u00e3o do stress \u00e0 depress\u00e3o, passando pela s\u00edndrome do p\u00e2nico e a ansiedade, para mencionar apenas os efeitos psicol\u00f3gicos&#8230;<\/p>\n<p align=\"justify\">Imaginem esta press\u00e3o entre os alunos de uma escola, por exemplo, aonde pode levar? E em funcion\u00e1rios de uma empresa, que sempre devem lucrar e que, para tal, precisam todo o tempo do mais alto grau de comprometimento e sucesso de todos os seus trabalhadores? Aonde vamos parar com isto?<\/p>\n<p align=\"justify\">Quando li a entrevista de Jean-Pierre LeBrun \u00e0 Veja, identifiquei a tem\u00e1tica por ele abordada como fundamental para nossas vidas. At\u00e9 mesmo porque me vejo pressionado, sinto que tamb\u00e9m acabo cobrando o erro zero de pessoas com as quais convivo, percebo tantos conhecidos e colegas passando por situa\u00e7\u00e3o semelhante, leio nos jornais a carga de responsabilidades crescendo num ritmo avassalador no que tange a cobran\u00e7as de sucesso permanente&#8230;<\/p>\n<p align=\"justify\">E o Direito de Errar, n\u00e3o existe mais? E a ideia de que aprendemos com nossos erros, onde foi parar?<\/p>\n<p align=\"justify\">Gosto sempre de lembrar que somos\u00a0<em>seres errantes<\/em>, sei que o sentido mais \u00f3bvio \u00e9 o de que vagamos pelo mundo, realizando nossas vidas por diferentes (ou nem tanto assim) trilhas. Errar, neste sentido, significa conhecer, explorar, viajar, descobrir e tentar&#8230; E nestes caminhos que percorremos, \u00e9 certo que vamos sempre cometer falhas, pequenas ou grandes, que podem nos legar dores e dissabores, mas sem as quais nossas vidas n\u00e3o teriam a mesma grandeza e possibilidade de nos refazermos, de crescermos, de amadurecermos diante daquilo que a princ\u00edpio pode parecer azar, amargura, drama, trag\u00e9dia&#8230;<\/p>\n<p align=\"justify\">Erro porque sou humano e esta n\u00e3o \u00e9 uma sina, mas uma certeza em nossas vidas, a de que em alguns momentos iremos falhar. Temos que administrar melhor isto, nos permitir o erro como outrora o faz\u00edamos. Estender esta possibilidade para as novas gera\u00e7\u00f5es, cuja bagagem que carregam parece cada vez mais pesada e dif\u00edcil para os trajetos que ter\u00e3o pela frente, o que torna ainda mais complexa a tarefa de passar por esta exist\u00eancia sem que sejam\u00a0<em>errantes<\/em>, no duplo sentido do termo&#8230;<\/p>\n<p align=\"justify\">Pe\u00e7o perd\u00e3o se nestas palavras revelo minha fraqueza, que tamb\u00e9m \u00e9 a de todos os demais seres humanos, e reconhe\u00e7o nossa perspectiva de erro, certeza t\u00e3o grande em nossas vidas quanto os acertos e a morte, que \u00e9 hora de admitirmos o quanto isto \u00e9 natural em nossas vidas e que nos violentar \u00e9 tentar a todo o custo e tempo viver como se f\u00f4ssemos imaculados, ou seja, livres de qualquer erro, falha, pecado&#8230;<\/p>\n<p align=\"justify\">* Editor do Portal Planeta Educa\u00e7\u00e3o; Doutor em Educa\u00e7\u00e3o pela PUC-SP; Mestre em Educa\u00e7\u00e3o, Arte e Hist\u00f3ria da Cultura pela Universidade Presbiteriana Mackenzie (SP); Professor Universit\u00e1rio e Pesquisador; Autor do livro &#8220;Na Sala de Aula com a S\u00e9tima Arte \u2013 Aprendendo com o Cinema&#8221; (Editora Intersubjetiva).<br \/>\n________________________________________________________<\/p>\n<p align=\"justify\"><strong>Fonte de informa\u00e7\u00e3o:<\/strong> <a href=\"http:\/\/www.planetaeducacao.com.br\/portal\/artigo.asp?artigo=1719\">Planeta Educa\u00e7\u00e3o (www.planetaeducacao.com.br)<\/a><\/p>\n","protected":false},"excerpt":{"rendered":"<p>&#8220;Gosto sempre de lembrar que somos seres errantes, sei que o sentido mais \u00f3bvio \u00e9 o de que vagamos pelo mundo, realizando nossas vidas por diferentes (ou nem tanto assim) trilhas. Errar, neste sentido, significa conhecer, explorar, viajar, descobrir e tentar&#8230; &#8220;<\/p>\n","protected":false},"author":1,"featured_media":0,"comment_status":"open","ping_status":"open","sticky":false,"template":"","format":"standard","meta":{"site-container-style":"default","site-container-layout":"default","site-sidebar-layout":"default","disable-article-header":"default","disable-site-header":"default","disable-site-footer":"default","disable-content-area-spacing":"default","footnotes":""},"categories":[36,6,8],"tags":[],"class_list":["post-13375","post","type-post","status-publish","format-standard","hentry","category-colunas-especiais","category-educacao","category-textos-e-artigos"],"yoast_head":"<!-- This site is optimized with the Yoast SEO plugin v27.4 - https:\/\/yoast.com\/product\/yoast-seo-wordpress\/ -->\n<title>A utopia do mundo perfeito \u00e9 opressora, por Jo\u00e3o Lu\u00eds de Almeida Machado -<\/title>\n<meta name=\"robots\" content=\"index, follow, max-snippet:-1, max-image-preview:large, max-video-preview:-1\" \/>\n<link rel=\"canonical\" href=\"https:\/\/inclusivenews.com.br\/?p=13375\" \/>\n<meta property=\"og:locale\" content=\"pt_PT\" \/>\n<meta property=\"og:type\" content=\"article\" \/>\n<meta property=\"og:title\" content=\"A utopia do mundo perfeito \u00e9 opressora, por Jo\u00e3o Lu\u00eds de Almeida Machado -\" \/>\n<meta property=\"og:description\" content=\"&quot;Gosto sempre de lembrar que somos seres errantes, sei que o sentido mais \u00f3bvio \u00e9 o de que vagamos pelo mundo, realizando nossas vidas por diferentes (ou nem tanto assim) trilhas. Errar, neste sentido, significa conhecer, explorar, viajar, descobrir e tentar... &quot;\" \/>\n<meta property=\"og:url\" content=\"https:\/\/inclusivenews.com.br\/?p=13375\" \/>\n<meta property=\"article:publisher\" content=\"https:\/\/www.facebook.com\/agenciainclusive\/\" \/>\n<meta property=\"article:published_time\" content=\"2010-01-13T09:44:02+00:00\" \/>\n<meta property=\"og:image\" content=\"http:\/\/inclusivenews.com.br\/wp-content\/uploads\/2009\/11\/planeta_educacao.jpg\" \/>\n<meta name=\"author\" content=\"inclusivenews2024\" \/>\n<meta name=\"twitter:card\" content=\"summary_large_image\" \/>\n<meta name=\"twitter:label1\" content=\"Escrito por\" \/>\n\t<meta name=\"twitter:data1\" content=\"inclusivenews2024\" \/>\n\t<meta name=\"twitter:label2\" content=\"Tempo estimado de leitura\" \/>\n\t<meta name=\"twitter:data2\" content=\"5 minutos\" \/>\n<script type=\"application\/ld+json\" class=\"yoast-schema-graph\">{\"@context\":\"https:\\\/\\\/schema.org\",\"@graph\":[{\"@type\":\"Article\",\"@id\":\"https:\\\/\\\/inclusivenews.com.br\\\/?p=13375#article\",\"isPartOf\":{\"@id\":\"https:\\\/\\\/inclusivenews.com.br\\\/?p=13375\"},\"author\":{\"name\":\"inclusivenews2024\",\"@id\":\"https:\\\/\\\/inclusivenews.com.br\\\/#\\\/schema\\\/person\\\/ae4ec7087559b8692fb33b6fffd2273b\"},\"headline\":\"A utopia do mundo perfeito \u00e9 opressora, por Jo\u00e3o Lu\u00eds de Almeida Machado\",\"datePublished\":\"2010-01-13T09:44:02+00:00\",\"mainEntityOfPage\":{\"@id\":\"https:\\\/\\\/inclusivenews.com.br\\\/?p=13375\"},\"wordCount\":934,\"commentCount\":0,\"publisher\":{\"@id\":\"https:\\\/\\\/inclusivenews.com.br\\\/#organization\"},\"image\":{\"@id\":\"https:\\\/\\\/inclusivenews.com.br\\\/?p=13375#primaryimage\"},\"thumbnailUrl\":\"http:\\\/\\\/inclusivenews.com.br\\\/wp-content\\\/uploads\\\/2009\\\/11\\\/planeta_educacao.jpg\",\"articleSection\":[\"Colunas especiais\",\"EDUCA\u00c7\u00c3O\",\"OPINI\u00c3O\"],\"inLanguage\":\"pt-PT\",\"potentialAction\":[{\"@type\":\"CommentAction\",\"name\":\"Comment\",\"target\":[\"https:\\\/\\\/inclusivenews.com.br\\\/?p=13375#respond\"]}]},{\"@type\":\"WebPage\",\"@id\":\"https:\\\/\\\/inclusivenews.com.br\\\/?p=13375\",\"url\":\"https:\\\/\\\/inclusivenews.com.br\\\/?p=13375\",\"name\":\"A utopia do mundo perfeito \u00e9 opressora, por Jo\u00e3o Lu\u00eds de Almeida Machado -\",\"isPartOf\":{\"@id\":\"https:\\\/\\\/inclusivenews.com.br\\\/#website\"},\"primaryImageOfPage\":{\"@id\":\"https:\\\/\\\/inclusivenews.com.br\\\/?p=13375#primaryimage\"},\"image\":{\"@id\":\"https:\\\/\\\/inclusivenews.com.br\\\/?p=13375#primaryimage\"},\"thumbnailUrl\":\"http:\\\/\\\/inclusivenews.com.br\\\/wp-content\\\/uploads\\\/2009\\\/11\\\/planeta_educacao.jpg\",\"datePublished\":\"2010-01-13T09:44:02+00:00\",\"breadcrumb\":{\"@id\":\"https:\\\/\\\/inclusivenews.com.br\\\/?p=13375#breadcrumb\"},\"inLanguage\":\"pt-PT\",\"potentialAction\":[{\"@type\":\"ReadAction\",\"target\":[\"https:\\\/\\\/inclusivenews.com.br\\\/?p=13375\"]}]},{\"@type\":\"ImageObject\",\"inLanguage\":\"pt-PT\",\"@id\":\"https:\\\/\\\/inclusivenews.com.br\\\/?p=13375#primaryimage\",\"url\":\"https:\\\/\\\/inclusivenews.com.br\\\/wp-content\\\/uploads\\\/2009\\\/11\\\/planeta_educacao.jpg\",\"contentUrl\":\"https:\\\/\\\/inclusivenews.com.br\\\/wp-content\\\/uploads\\\/2009\\\/11\\\/planeta_educacao.jpg\",\"width\":184,\"height\":184},{\"@type\":\"BreadcrumbList\",\"@id\":\"https:\\\/\\\/inclusivenews.com.br\\\/?p=13375#breadcrumb\",\"itemListElement\":[{\"@type\":\"ListItem\",\"position\":1,\"name\":\"In\u00edcio\",\"item\":\"https:\\\/\\\/inclusivenews.com.br\\\/\"},{\"@type\":\"ListItem\",\"position\":2,\"name\":\"A utopia do mundo perfeito \u00e9 opressora, por Jo\u00e3o Lu\u00eds de Almeida Machado\"}]},{\"@type\":\"WebSite\",\"@id\":\"https:\\\/\\\/inclusivenews.com.br\\\/#website\",\"url\":\"https:\\\/\\\/inclusivenews.com.br\\\/\",\"name\":\"Inclusive News\",\"description\":\"Inclusive News\",\"publisher\":{\"@id\":\"https:\\\/\\\/inclusivenews.com.br\\\/#organization\"},\"potentialAction\":[{\"@type\":\"SearchAction\",\"target\":{\"@type\":\"EntryPoint\",\"urlTemplate\":\"https:\\\/\\\/inclusivenews.com.br\\\/?s={search_term_string}\"},\"query-input\":{\"@type\":\"PropertyValueSpecification\",\"valueRequired\":true,\"valueName\":\"search_term_string\"}}],\"inLanguage\":\"pt-PT\"},{\"@type\":\"Organization\",\"@id\":\"https:\\\/\\\/inclusivenews.com.br\\\/#organization\",\"name\":\"Inclusive - inclus\u00e3o e cidadania\",\"url\":\"https:\\\/\\\/inclusivenews.com.br\\\/\",\"logo\":{\"@type\":\"ImageObject\",\"inLanguage\":\"pt-PT\",\"@id\":\"https:\\\/\\\/inclusivenews.com.br\\\/#\\\/schema\\\/logo\\\/image\\\/\",\"url\":\"https:\\\/\\\/inclusivenews.com.br\\\/wp-content\\\/uploads\\\/2024\\\/03\\\/@grandesite.png\",\"contentUrl\":\"https:\\\/\\\/inclusivenews.com.br\\\/wp-content\\\/uploads\\\/2024\\\/03\\\/@grandesite.png\",\"width\":1080,\"height\":1080,\"caption\":\"Inclusive - inclus\u00e3o e cidadania\"},\"image\":{\"@id\":\"https:\\\/\\\/inclusivenews.com.br\\\/#\\\/schema\\\/logo\\\/image\\\/\"},\"sameAs\":[\"https:\\\/\\\/www.facebook.com\\\/agenciainclusive\\\/\",\"https:\\\/\\\/www.instagram.com\\\/newsinclusive\\\/\"]},{\"@type\":\"Person\",\"@id\":\"https:\\\/\\\/inclusivenews.com.br\\\/#\\\/schema\\\/person\\\/ae4ec7087559b8692fb33b6fffd2273b\",\"name\":\"inclusivenews2024\",\"image\":{\"@type\":\"ImageObject\",\"inLanguage\":\"pt-PT\",\"@id\":\"https:\\\/\\\/secure.gravatar.com\\\/avatar\\\/c5a7ef84c66fa914f55bc4f7ce26cfa275a3b9a1c5568b907bd184fb4dde7b40?s=96&d=mm&r=g\",\"url\":\"https:\\\/\\\/secure.gravatar.com\\\/avatar\\\/c5a7ef84c66fa914f55bc4f7ce26cfa275a3b9a1c5568b907bd184fb4dde7b40?s=96&d=mm&r=g\",\"contentUrl\":\"https:\\\/\\\/secure.gravatar.com\\\/avatar\\\/c5a7ef84c66fa914f55bc4f7ce26cfa275a3b9a1c5568b907bd184fb4dde7b40?s=96&d=mm&r=g\",\"caption\":\"inclusivenews2024\"},\"sameAs\":[\"https:\\\/\\\/inclusivenews.com.br\"],\"url\":\"https:\\\/\\\/inclusivenews.com.br\\\/?author=1\"}]}<\/script>\n<!-- \/ Yoast SEO plugin. -->","yoast_head_json":{"title":"A utopia do mundo perfeito \u00e9 opressora, por Jo\u00e3o Lu\u00eds de Almeida Machado -","robots":{"index":"index","follow":"follow","max-snippet":"max-snippet:-1","max-image-preview":"max-image-preview:large","max-video-preview":"max-video-preview:-1"},"canonical":"https:\/\/inclusivenews.com.br\/?p=13375","og_locale":"pt_PT","og_type":"article","og_title":"A utopia do mundo perfeito \u00e9 opressora, por Jo\u00e3o Lu\u00eds de Almeida Machado -","og_description":"\"Gosto sempre de lembrar que somos seres errantes, sei que o sentido mais \u00f3bvio \u00e9 o de que vagamos pelo mundo, realizando nossas vidas por diferentes (ou nem tanto assim) trilhas. Errar, neste sentido, significa conhecer, explorar, viajar, descobrir e tentar... \"","og_url":"https:\/\/inclusivenews.com.br\/?p=13375","article_publisher":"https:\/\/www.facebook.com\/agenciainclusive\/","article_published_time":"2010-01-13T09:44:02+00:00","og_image":[{"url":"http:\/\/inclusivenews.com.br\/wp-content\/uploads\/2009\/11\/planeta_educacao.jpg","type":"","width":"","height":""}],"author":"inclusivenews2024","twitter_card":"summary_large_image","twitter_misc":{"Escrito por":"inclusivenews2024","Tempo estimado de leitura":"5 minutos"},"schema":{"@context":"https:\/\/schema.org","@graph":[{"@type":"Article","@id":"https:\/\/inclusivenews.com.br\/?p=13375#article","isPartOf":{"@id":"https:\/\/inclusivenews.com.br\/?p=13375"},"author":{"name":"inclusivenews2024","@id":"https:\/\/inclusivenews.com.br\/#\/schema\/person\/ae4ec7087559b8692fb33b6fffd2273b"},"headline":"A utopia do mundo perfeito \u00e9 opressora, por Jo\u00e3o Lu\u00eds de Almeida Machado","datePublished":"2010-01-13T09:44:02+00:00","mainEntityOfPage":{"@id":"https:\/\/inclusivenews.com.br\/?p=13375"},"wordCount":934,"commentCount":0,"publisher":{"@id":"https:\/\/inclusivenews.com.br\/#organization"},"image":{"@id":"https:\/\/inclusivenews.com.br\/?p=13375#primaryimage"},"thumbnailUrl":"http:\/\/inclusivenews.com.br\/wp-content\/uploads\/2009\/11\/planeta_educacao.jpg","articleSection":["Colunas especiais","EDUCA\u00c7\u00c3O","OPINI\u00c3O"],"inLanguage":"pt-PT","potentialAction":[{"@type":"CommentAction","name":"Comment","target":["https:\/\/inclusivenews.com.br\/?p=13375#respond"]}]},{"@type":"WebPage","@id":"https:\/\/inclusivenews.com.br\/?p=13375","url":"https:\/\/inclusivenews.com.br\/?p=13375","name":"A utopia do mundo perfeito \u00e9 opressora, por Jo\u00e3o Lu\u00eds de Almeida Machado -","isPartOf":{"@id":"https:\/\/inclusivenews.com.br\/#website"},"primaryImageOfPage":{"@id":"https:\/\/inclusivenews.com.br\/?p=13375#primaryimage"},"image":{"@id":"https:\/\/inclusivenews.com.br\/?p=13375#primaryimage"},"thumbnailUrl":"http:\/\/inclusivenews.com.br\/wp-content\/uploads\/2009\/11\/planeta_educacao.jpg","datePublished":"2010-01-13T09:44:02+00:00","breadcrumb":{"@id":"https:\/\/inclusivenews.com.br\/?p=13375#breadcrumb"},"inLanguage":"pt-PT","potentialAction":[{"@type":"ReadAction","target":["https:\/\/inclusivenews.com.br\/?p=13375"]}]},{"@type":"ImageObject","inLanguage":"pt-PT","@id":"https:\/\/inclusivenews.com.br\/?p=13375#primaryimage","url":"https:\/\/inclusivenews.com.br\/wp-content\/uploads\/2009\/11\/planeta_educacao.jpg","contentUrl":"https:\/\/inclusivenews.com.br\/wp-content\/uploads\/2009\/11\/planeta_educacao.jpg","width":184,"height":184},{"@type":"BreadcrumbList","@id":"https:\/\/inclusivenews.com.br\/?p=13375#breadcrumb","itemListElement":[{"@type":"ListItem","position":1,"name":"In\u00edcio","item":"https:\/\/inclusivenews.com.br\/"},{"@type":"ListItem","position":2,"name":"A utopia do mundo perfeito \u00e9 opressora, por Jo\u00e3o Lu\u00eds de Almeida Machado"}]},{"@type":"WebSite","@id":"https:\/\/inclusivenews.com.br\/#website","url":"https:\/\/inclusivenews.com.br\/","name":"Inclusive News","description":"Inclusive News","publisher":{"@id":"https:\/\/inclusivenews.com.br\/#organization"},"potentialAction":[{"@type":"SearchAction","target":{"@type":"EntryPoint","urlTemplate":"https:\/\/inclusivenews.com.br\/?s={search_term_string}"},"query-input":{"@type":"PropertyValueSpecification","valueRequired":true,"valueName":"search_term_string"}}],"inLanguage":"pt-PT"},{"@type":"Organization","@id":"https:\/\/inclusivenews.com.br\/#organization","name":"Inclusive - inclus\u00e3o e cidadania","url":"https:\/\/inclusivenews.com.br\/","logo":{"@type":"ImageObject","inLanguage":"pt-PT","@id":"https:\/\/inclusivenews.com.br\/#\/schema\/logo\/image\/","url":"https:\/\/inclusivenews.com.br\/wp-content\/uploads\/2024\/03\/@grandesite.png","contentUrl":"https:\/\/inclusivenews.com.br\/wp-content\/uploads\/2024\/03\/@grandesite.png","width":1080,"height":1080,"caption":"Inclusive - inclus\u00e3o e cidadania"},"image":{"@id":"https:\/\/inclusivenews.com.br\/#\/schema\/logo\/image\/"},"sameAs":["https:\/\/www.facebook.com\/agenciainclusive\/","https:\/\/www.instagram.com\/newsinclusive\/"]},{"@type":"Person","@id":"https:\/\/inclusivenews.com.br\/#\/schema\/person\/ae4ec7087559b8692fb33b6fffd2273b","name":"inclusivenews2024","image":{"@type":"ImageObject","inLanguage":"pt-PT","@id":"https:\/\/secure.gravatar.com\/avatar\/c5a7ef84c66fa914f55bc4f7ce26cfa275a3b9a1c5568b907bd184fb4dde7b40?s=96&d=mm&r=g","url":"https:\/\/secure.gravatar.com\/avatar\/c5a7ef84c66fa914f55bc4f7ce26cfa275a3b9a1c5568b907bd184fb4dde7b40?s=96&d=mm&r=g","contentUrl":"https:\/\/secure.gravatar.com\/avatar\/c5a7ef84c66fa914f55bc4f7ce26cfa275a3b9a1c5568b907bd184fb4dde7b40?s=96&d=mm&r=g","caption":"inclusivenews2024"},"sameAs":["https:\/\/inclusivenews.com.br"],"url":"https:\/\/inclusivenews.com.br\/?author=1"}]}},"_links":{"self":[{"href":"https:\/\/inclusivenews.com.br\/index.php?rest_route=\/wp\/v2\/posts\/13375","targetHints":{"allow":["GET"]}}],"collection":[{"href":"https:\/\/inclusivenews.com.br\/index.php?rest_route=\/wp\/v2\/posts"}],"about":[{"href":"https:\/\/inclusivenews.com.br\/index.php?rest_route=\/wp\/v2\/types\/post"}],"author":[{"embeddable":true,"href":"https:\/\/inclusivenews.com.br\/index.php?rest_route=\/wp\/v2\/users\/1"}],"replies":[{"embeddable":true,"href":"https:\/\/inclusivenews.com.br\/index.php?rest_route=%2Fwp%2Fv2%2Fcomments&post=13375"}],"version-history":[{"count":0,"href":"https:\/\/inclusivenews.com.br\/index.php?rest_route=\/wp\/v2\/posts\/13375\/revisions"}],"wp:attachment":[{"href":"https:\/\/inclusivenews.com.br\/index.php?rest_route=%2Fwp%2Fv2%2Fmedia&parent=13375"}],"wp:term":[{"taxonomy":"category","embeddable":true,"href":"https:\/\/inclusivenews.com.br\/index.php?rest_route=%2Fwp%2Fv2%2Fcategories&post=13375"},{"taxonomy":"post_tag","embeddable":true,"href":"https:\/\/inclusivenews.com.br\/index.php?rest_route=%2Fwp%2Fv2%2Ftags&post=13375"}],"curies":[{"name":"wp","href":"https:\/\/api.w.org\/{rel}","templated":true}]}}