{"id":13378,"date":"2010-01-14T07:02:58","date_gmt":"2010-01-14T10:02:58","guid":{"rendered":"http:\/\/www.inclusive.org.br\/?p=13378"},"modified":"2010-01-14T07:02:58","modified_gmt":"2010-01-14T10:02:58","slug":"dia-internacional-da-crianca-no-radio-e-na-tv","status":"publish","type":"post","link":"https:\/\/inclusivenews.com.br\/?p=13378","title":{"rendered":"Dia Internacional da Crian\u00e7a no R\u00e1dio e na TV"},"content":{"rendered":"<figure style=\"width: 190px\" class=\"wp-caption alignleft\"><img loading=\"lazy\" decoding=\"async\" title=\"Crian\u00e7as em est\u00fadio de r\u00e1dio\" src=\"http:\/\/www.unicef.org\/brazil\/pt\/br_ribas_001.jpg\" alt=\"\" width=\"190\" height=\"138\" \/><figcaption class=\"wp-caption-text\"> <\/figcaption><\/figure>\n<p align=\"justify\"><span class=\"pagesubhead\"> <\/span>O UNICEF aproveita o 20\u00ba anivers\u00e1rio da Conven\u00e7\u00e3o sobre os Direitos da Crian\u00e7a para dar destaque, no Dia Internacional da Crian\u00e7a no R\u00e1dio e na TV (ICDB)*, a todos esses direitos. Quer se trate de uma educa\u00e7\u00e3o de qualidade ou de uma casa segura, de alimenta\u00e7\u00e3o adequada e \u00e1gua pot\u00e1vel ou da possibilidade de participar na sociedade, as crian\u00e7as devem receber o que precisam para se tornar integrantes plenos de suas comunidades.<\/p>\n<p align=\"justify\">Como crian\u00e7as e adolescentes podem descobrir mais sobre seus direitos e responsabilidades? Hoje a m\u00eddia \u00e9 uma das mais amplamente reconhecidas formas para alcan\u00e7ar os mais jovens. As emissoras de r\u00e1dio e TV t\u00eam a responsabilidade de destacar as quest\u00f5es que afetam as crian\u00e7as e de abrir os olhos de meninas e meninos para as oportunidades e os direitos, que, muitas vezes, podem n\u00e3o ser conhecidos por eles.<\/p>\n<p align=\"justify\">O <strong>Dia Internacional da Crian\u00e7a no R\u00e1dio e na TV<\/strong> foi criado para dar mais visibilidade aos direitos de meninas e meninos. Com o passar dos anos, tornou-se tamb\u00e9m um dia para celebrar os mais jovens na m\u00eddia.<\/p>\n<p align=\"justify\">O direito \u00e0 participa\u00e7\u00e3o e \u00e0 liberdade de express\u00e3o \u00e9 essencial para o desenvolvimento dos adolescentes. Ao dar voz aos mais jovens, as emissoras t\u00eam a oportunidade de fortalecer meninas e meninos em seus conhecimentos sobre os meios de comunica\u00e7\u00e3o. Isso mostra a outros adolescentes que eles tamb\u00e9m podem se expressar. E mostra ao mundo o que os mais jovens pensam sobre sua vida e suas comunidades.<\/p>\n<p align=\"justify\">Convidamos todas as emissoras de r\u00e1dio e televis\u00e3o para, <strong>no pr\u00f3ximo dia 7 de mar\u00e7o<\/strong>, celebrar o ICDB e apresentar uma programa\u00e7\u00e3o realizada por, para e sobre crian\u00e7as e adolescentes. O tema do Dia em 2010 \u00e9 <strong>Todos os direitos. Todas as crian\u00e7as.<\/strong><\/p>\n<p align=\"justify\">As emissoras podem criar uma programa\u00e7\u00e3o especial para o Dia ou agrupar programas j\u00e1 existentes em uma \u201cmaratona ICDB\u201d. <a href=\"http:\/\/www.unicef.org\/brazil\/pt\/media_9920.htm\">Veja aqui outras ideias de como as emissoras podem participar<\/a>.<\/p>\n<p align=\"justify\">Em honra ao 20\u00ba anivers\u00e1rio da Conven\u00e7\u00e3o sobre os Direitos da Crian\u00e7a, celebrado em novembro de 2009, o UNICEF convoca as emissoras de r\u00e1dio e TV de todo o mundo para que convidem meninas e meninos aos seus est\u00fadios e que divulguem suas opini\u00f5es e fa\u00e7am valer seus direitos \u00e0 informa\u00e7\u00e3o e \u00e0 express\u00e3o. <strong>Junte-se a rede de emissoras que celebram o Dia Internacional da Crian\u00e7a no R\u00e1dio e na TV e Sintonize nas Crian\u00e7as!<\/strong><\/p>\n<p align=\"justify\"><strong>Premia\u00e7\u00e3o<\/strong><br \/>\nO UNICEF vai premiar as emissoras de r\u00e1dio e TV que melhor capturarem o esp\u00edrito do ICDB. As inscri\u00e7\u00f5es para o pr\u00eamio ser\u00e3o abertas logo ap\u00f3s o Dia, quando as emissoras poder\u00e3o submeter seus programas e programa\u00e7\u00e3o do Dia Internacional da Crian\u00e7a no R\u00e1dio e na TV 2010. O prazo para as inscri\u00e7\u00f5es encerra-se em 15 de junho de 2010.<\/p>\n<p align=\"justify\">O UNICEF vai oferecer pr\u00eamios regionais \u00e0s emissoras que melhor promoverem os princ\u00edpios, as propostas e o tema principal do Dia. Cada ganhador regional ser\u00e1 convidado para ir a Nova Iorque em novembro de 2010, e uma dessas emissoras de televis\u00e3o e uma de r\u00e1dio receber\u00e3o o aclamado Pr\u00eamio Dia Internacional da Crian\u00e7a no R\u00e1dio e na TV.<\/p>\n<p align=\"justify\"><strong>Brasil \u00e9 reconhecido por sua programa\u00e7\u00e3o<\/strong><br \/>\nAs emissoras brasileiras de r\u00e1dio e TV participam ativamente do ICDB desde a sua cria\u00e7\u00e3o. A TV Cultura, de S\u00e3o Paulo, ganhou por tr\u00eas anos consecutivos (1998-2000) o pr\u00eamio Emmy especial Dia Internacional da Crian\u00e7a no R\u00e1dio e na TV; e foi finalista do pr\u00eamio em 2007. Foi tamb\u00e9m reconhecida, em 2004, por sua cont\u00ednua e excelente contribui\u00e7\u00e3o para o ICDB e para uma televis\u00e3o de qualidade para as crian\u00e7as na Am\u00e9rica Latina.<\/p>\n<p align=\"justify\">Em 2008, a R\u00e1dio MEC, do Rio de Janeiro, ganhou o pr\u00eamio regional de r\u00e1dio. E, <a href=\"http:\/\/www.unicef.org\/brazil\/pt\/media_16427.htm\">em 2009, a R\u00e1dio Justi\u00e7a do Brasil, emissora do Supremo Tribunal Federal brasileiro, ganhou o Pr\u00eamio Global ICDB de R\u00e1dio<\/a>, por suas 24 horas de transmiss\u00e3o envolvendo crian\u00e7as de comunidades populares e escolas p\u00fablicas de Bras\u00edlia.<\/p>\n<p align=\"justify\"><span class=\"pagesubhead\">N\u00e3o importa se sua emissora \u00e9 grande ou pequena, todos s\u00e3o muito bem-vindos a participar! Contamos com seu apoio!<\/span><\/p>\n<p align=\"justify\">* <em>A sigla ICDB vem do nome em ingl\u00eas: International Children&#8217;s Day of Broadcasting<\/em><\/p>\n<p align=\"justify\"><a href=\"http:\/\/www.unicef.org\/brazil\/pt\/media_9920.htm\">Sugest\u00f5es para as emissoras<\/a><br \/>\nVeja o que mais os profissionais de comunica\u00e7\u00e3o podem fazer no Dia Internacional da Crian\u00e7a no R\u00e1dio e na TV<br \/>\n____________________________<\/p>\n<p><strong>Fonte de informa\u00e7\u00e3o:<\/strong> <a href=\"http:\/\/www.unicef.org\/brazil\/pt\/media_9449.htm\">R\u00e1dio ONU<\/a><\/p>\n","protected":false},"excerpt":{"rendered":"<p>O tema ser\u00e1 Todos os direitos. Todas as crian\u00e7as. Quer se trate de uma educa\u00e7\u00e3o de qualidade ou de uma casa segura, de alimenta\u00e7\u00e3o adequada e \u00e1gua pot\u00e1vel ou da possibilidade de participar na sociedade, as crian\u00e7as devem receber o que precisam para se tornar integrantes plenos de suas comunidades.<\/p>\n","protected":false},"author":1,"featured_media":0,"comment_status":"open","ping_status":"open","sticky":false,"template":"","format":"standard","meta":{"site-container-style":"default","site-container-layout":"default","site-sidebar-layout":"default","disable-article-header":"default","disable-site-header":"default","disable-site-footer":"default","disable-content-area-spacing":"default","footnotes":""},"categories":[4],"tags":[60],"class_list":["post-13378","post","type-post","status-publish","format-standard","hentry","category-noticias","tag-infancia"],"yoast_head":"<!-- This site is optimized with the Yoast SEO plugin v27.4 - https:\/\/yoast.com\/product\/yoast-seo-wordpress\/ -->\n<title>Dia Internacional da Crian\u00e7a no R\u00e1dio e na TV -<\/title>\n<meta name=\"robots\" content=\"index, follow, max-snippet:-1, max-image-preview:large, max-video-preview:-1\" \/>\n<link rel=\"canonical\" href=\"https:\/\/inclusivenews.com.br\/?p=13378\" \/>\n<meta property=\"og:locale\" content=\"pt_PT\" \/>\n<meta property=\"og:type\" content=\"article\" \/>\n<meta property=\"og:title\" content=\"Dia Internacional da Crian\u00e7a no R\u00e1dio e na TV -\" \/>\n<meta property=\"og:description\" content=\"O tema ser\u00e1 Todos os direitos. Todas as crian\u00e7as. Quer se trate de uma educa\u00e7\u00e3o de qualidade ou de uma casa segura, de alimenta\u00e7\u00e3o adequada e \u00e1gua pot\u00e1vel ou da possibilidade de participar na sociedade, as crian\u00e7as devem receber o que precisam para se tornar integrantes plenos de suas comunidades.\" \/>\n<meta property=\"og:url\" content=\"https:\/\/inclusivenews.com.br\/?p=13378\" \/>\n<meta property=\"article:publisher\" content=\"https:\/\/www.facebook.com\/agenciainclusive\/\" \/>\n<meta property=\"article:published_time\" content=\"2010-01-14T10:02:58+00:00\" \/>\n<meta property=\"og:image\" content=\"http:\/\/www.unicef.org\/brazil\/pt\/br_ribas_001.jpg\" \/>\n<meta name=\"author\" content=\"inclusivenews2024\" \/>\n<meta name=\"twitter:card\" content=\"summary_large_image\" \/>\n<meta name=\"twitter:label1\" content=\"Escrito por\" \/>\n\t<meta name=\"twitter:data1\" content=\"inclusivenews2024\" \/>\n\t<meta name=\"twitter:label2\" content=\"Tempo estimado de leitura\" \/>\n\t<meta name=\"twitter:data2\" content=\"4 minutos\" \/>\n<script type=\"application\/ld+json\" class=\"yoast-schema-graph\">{\"@context\":\"https:\\\/\\\/schema.org\",\"@graph\":[{\"@type\":\"Article\",\"@id\":\"https:\\\/\\\/inclusivenews.com.br\\\/?p=13378#article\",\"isPartOf\":{\"@id\":\"https:\\\/\\\/inclusivenews.com.br\\\/?p=13378\"},\"author\":{\"name\":\"inclusivenews2024\",\"@id\":\"https:\\\/\\\/inclusivenews.com.br\\\/#\\\/schema\\\/person\\\/ae4ec7087559b8692fb33b6fffd2273b\"},\"headline\":\"Dia Internacional da Crian\u00e7a no R\u00e1dio e na TV\",\"datePublished\":\"2010-01-14T10:02:58+00:00\",\"mainEntityOfPage\":{\"@id\":\"https:\\\/\\\/inclusivenews.com.br\\\/?p=13378\"},\"wordCount\":800,\"commentCount\":0,\"publisher\":{\"@id\":\"https:\\\/\\\/inclusivenews.com.br\\\/#organization\"},\"image\":{\"@id\":\"https:\\\/\\\/inclusivenews.com.br\\\/?p=13378#primaryimage\"},\"thumbnailUrl\":\"http:\\\/\\\/www.unicef.org\\\/brazil\\\/pt\\\/br_ribas_001.jpg\",\"keywords\":[\"Inf\u00e2ncia\"],\"articleSection\":[\"NOT\u00cdCIAS\"],\"inLanguage\":\"pt-PT\",\"potentialAction\":[{\"@type\":\"CommentAction\",\"name\":\"Comment\",\"target\":[\"https:\\\/\\\/inclusivenews.com.br\\\/?p=13378#respond\"]}]},{\"@type\":\"WebPage\",\"@id\":\"https:\\\/\\\/inclusivenews.com.br\\\/?p=13378\",\"url\":\"https:\\\/\\\/inclusivenews.com.br\\\/?p=13378\",\"name\":\"Dia Internacional da Crian\u00e7a no R\u00e1dio e na TV -\",\"isPartOf\":{\"@id\":\"https:\\\/\\\/inclusivenews.com.br\\\/#website\"},\"primaryImageOfPage\":{\"@id\":\"https:\\\/\\\/inclusivenews.com.br\\\/?p=13378#primaryimage\"},\"image\":{\"@id\":\"https:\\\/\\\/inclusivenews.com.br\\\/?p=13378#primaryimage\"},\"thumbnailUrl\":\"http:\\\/\\\/www.unicef.org\\\/brazil\\\/pt\\\/br_ribas_001.jpg\",\"datePublished\":\"2010-01-14T10:02:58+00:00\",\"breadcrumb\":{\"@id\":\"https:\\\/\\\/inclusivenews.com.br\\\/?p=13378#breadcrumb\"},\"inLanguage\":\"pt-PT\",\"potentialAction\":[{\"@type\":\"ReadAction\",\"target\":[\"https:\\\/\\\/inclusivenews.com.br\\\/?p=13378\"]}]},{\"@type\":\"ImageObject\",\"inLanguage\":\"pt-PT\",\"@id\":\"https:\\\/\\\/inclusivenews.com.br\\\/?p=13378#primaryimage\",\"url\":\"http:\\\/\\\/www.unicef.org\\\/brazil\\\/pt\\\/br_ribas_001.jpg\",\"contentUrl\":\"http:\\\/\\\/www.unicef.org\\\/brazil\\\/pt\\\/br_ribas_001.jpg\"},{\"@type\":\"BreadcrumbList\",\"@id\":\"https:\\\/\\\/inclusivenews.com.br\\\/?p=13378#breadcrumb\",\"itemListElement\":[{\"@type\":\"ListItem\",\"position\":1,\"name\":\"In\u00edcio\",\"item\":\"https:\\\/\\\/inclusivenews.com.br\\\/\"},{\"@type\":\"ListItem\",\"position\":2,\"name\":\"Dia Internacional da Crian\u00e7a no R\u00e1dio e na TV\"}]},{\"@type\":\"WebSite\",\"@id\":\"https:\\\/\\\/inclusivenews.com.br\\\/#website\",\"url\":\"https:\\\/\\\/inclusivenews.com.br\\\/\",\"name\":\"Inclusive News\",\"description\":\"Inclusive News\",\"publisher\":{\"@id\":\"https:\\\/\\\/inclusivenews.com.br\\\/#organization\"},\"potentialAction\":[{\"@type\":\"SearchAction\",\"target\":{\"@type\":\"EntryPoint\",\"urlTemplate\":\"https:\\\/\\\/inclusivenews.com.br\\\/?s={search_term_string}\"},\"query-input\":{\"@type\":\"PropertyValueSpecification\",\"valueRequired\":true,\"valueName\":\"search_term_string\"}}],\"inLanguage\":\"pt-PT\"},{\"@type\":\"Organization\",\"@id\":\"https:\\\/\\\/inclusivenews.com.br\\\/#organization\",\"name\":\"Inclusive - inclus\u00e3o e cidadania\",\"url\":\"https:\\\/\\\/inclusivenews.com.br\\\/\",\"logo\":{\"@type\":\"ImageObject\",\"inLanguage\":\"pt-PT\",\"@id\":\"https:\\\/\\\/inclusivenews.com.br\\\/#\\\/schema\\\/logo\\\/image\\\/\",\"url\":\"https:\\\/\\\/inclusivenews.com.br\\\/wp-content\\\/uploads\\\/2024\\\/03\\\/@grandesite.png\",\"contentUrl\":\"https:\\\/\\\/inclusivenews.com.br\\\/wp-content\\\/uploads\\\/2024\\\/03\\\/@grandesite.png\",\"width\":1080,\"height\":1080,\"caption\":\"Inclusive - inclus\u00e3o e cidadania\"},\"image\":{\"@id\":\"https:\\\/\\\/inclusivenews.com.br\\\/#\\\/schema\\\/logo\\\/image\\\/\"},\"sameAs\":[\"https:\\\/\\\/www.facebook.com\\\/agenciainclusive\\\/\",\"https:\\\/\\\/www.instagram.com\\\/newsinclusive\\\/\"]},{\"@type\":\"Person\",\"@id\":\"https:\\\/\\\/inclusivenews.com.br\\\/#\\\/schema\\\/person\\\/ae4ec7087559b8692fb33b6fffd2273b\",\"name\":\"inclusivenews2024\",\"image\":{\"@type\":\"ImageObject\",\"inLanguage\":\"pt-PT\",\"@id\":\"https:\\\/\\\/secure.gravatar.com\\\/avatar\\\/c5a7ef84c66fa914f55bc4f7ce26cfa275a3b9a1c5568b907bd184fb4dde7b40?s=96&d=mm&r=g\",\"url\":\"https:\\\/\\\/secure.gravatar.com\\\/avatar\\\/c5a7ef84c66fa914f55bc4f7ce26cfa275a3b9a1c5568b907bd184fb4dde7b40?s=96&d=mm&r=g\",\"contentUrl\":\"https:\\\/\\\/secure.gravatar.com\\\/avatar\\\/c5a7ef84c66fa914f55bc4f7ce26cfa275a3b9a1c5568b907bd184fb4dde7b40?s=96&d=mm&r=g\",\"caption\":\"inclusivenews2024\"},\"sameAs\":[\"https:\\\/\\\/inclusivenews.com.br\"],\"url\":\"https:\\\/\\\/inclusivenews.com.br\\\/?author=1\"}]}<\/script>\n<!-- \/ Yoast SEO plugin. -->","yoast_head_json":{"title":"Dia Internacional da Crian\u00e7a no R\u00e1dio e na TV -","robots":{"index":"index","follow":"follow","max-snippet":"max-snippet:-1","max-image-preview":"max-image-preview:large","max-video-preview":"max-video-preview:-1"},"canonical":"https:\/\/inclusivenews.com.br\/?p=13378","og_locale":"pt_PT","og_type":"article","og_title":"Dia Internacional da Crian\u00e7a no R\u00e1dio e na TV -","og_description":"O tema ser\u00e1 Todos os direitos. Todas as crian\u00e7as. Quer se trate de uma educa\u00e7\u00e3o de qualidade ou de uma casa segura, de alimenta\u00e7\u00e3o adequada e \u00e1gua pot\u00e1vel ou da possibilidade de participar na sociedade, as crian\u00e7as devem receber o que precisam para se tornar integrantes plenos de suas comunidades.","og_url":"https:\/\/inclusivenews.com.br\/?p=13378","article_publisher":"https:\/\/www.facebook.com\/agenciainclusive\/","article_published_time":"2010-01-14T10:02:58+00:00","og_image":[{"url":"http:\/\/www.unicef.org\/brazil\/pt\/br_ribas_001.jpg","type":"","width":"","height":""}],"author":"inclusivenews2024","twitter_card":"summary_large_image","twitter_misc":{"Escrito por":"inclusivenews2024","Tempo estimado de leitura":"4 minutos"},"schema":{"@context":"https:\/\/schema.org","@graph":[{"@type":"Article","@id":"https:\/\/inclusivenews.com.br\/?p=13378#article","isPartOf":{"@id":"https:\/\/inclusivenews.com.br\/?p=13378"},"author":{"name":"inclusivenews2024","@id":"https:\/\/inclusivenews.com.br\/#\/schema\/person\/ae4ec7087559b8692fb33b6fffd2273b"},"headline":"Dia Internacional da Crian\u00e7a no R\u00e1dio e na TV","datePublished":"2010-01-14T10:02:58+00:00","mainEntityOfPage":{"@id":"https:\/\/inclusivenews.com.br\/?p=13378"},"wordCount":800,"commentCount":0,"publisher":{"@id":"https:\/\/inclusivenews.com.br\/#organization"},"image":{"@id":"https:\/\/inclusivenews.com.br\/?p=13378#primaryimage"},"thumbnailUrl":"http:\/\/www.unicef.org\/brazil\/pt\/br_ribas_001.jpg","keywords":["Inf\u00e2ncia"],"articleSection":["NOT\u00cdCIAS"],"inLanguage":"pt-PT","potentialAction":[{"@type":"CommentAction","name":"Comment","target":["https:\/\/inclusivenews.com.br\/?p=13378#respond"]}]},{"@type":"WebPage","@id":"https:\/\/inclusivenews.com.br\/?p=13378","url":"https:\/\/inclusivenews.com.br\/?p=13378","name":"Dia Internacional da Crian\u00e7a no R\u00e1dio e na TV -","isPartOf":{"@id":"https:\/\/inclusivenews.com.br\/#website"},"primaryImageOfPage":{"@id":"https:\/\/inclusivenews.com.br\/?p=13378#primaryimage"},"image":{"@id":"https:\/\/inclusivenews.com.br\/?p=13378#primaryimage"},"thumbnailUrl":"http:\/\/www.unicef.org\/brazil\/pt\/br_ribas_001.jpg","datePublished":"2010-01-14T10:02:58+00:00","breadcrumb":{"@id":"https:\/\/inclusivenews.com.br\/?p=13378#breadcrumb"},"inLanguage":"pt-PT","potentialAction":[{"@type":"ReadAction","target":["https:\/\/inclusivenews.com.br\/?p=13378"]}]},{"@type":"ImageObject","inLanguage":"pt-PT","@id":"https:\/\/inclusivenews.com.br\/?p=13378#primaryimage","url":"http:\/\/www.unicef.org\/brazil\/pt\/br_ribas_001.jpg","contentUrl":"http:\/\/www.unicef.org\/brazil\/pt\/br_ribas_001.jpg"},{"@type":"BreadcrumbList","@id":"https:\/\/inclusivenews.com.br\/?p=13378#breadcrumb","itemListElement":[{"@type":"ListItem","position":1,"name":"In\u00edcio","item":"https:\/\/inclusivenews.com.br\/"},{"@type":"ListItem","position":2,"name":"Dia Internacional da Crian\u00e7a no R\u00e1dio e na TV"}]},{"@type":"WebSite","@id":"https:\/\/inclusivenews.com.br\/#website","url":"https:\/\/inclusivenews.com.br\/","name":"Inclusive News","description":"Inclusive News","publisher":{"@id":"https:\/\/inclusivenews.com.br\/#organization"},"potentialAction":[{"@type":"SearchAction","target":{"@type":"EntryPoint","urlTemplate":"https:\/\/inclusivenews.com.br\/?s={search_term_string}"},"query-input":{"@type":"PropertyValueSpecification","valueRequired":true,"valueName":"search_term_string"}}],"inLanguage":"pt-PT"},{"@type":"Organization","@id":"https:\/\/inclusivenews.com.br\/#organization","name":"Inclusive - inclus\u00e3o e cidadania","url":"https:\/\/inclusivenews.com.br\/","logo":{"@type":"ImageObject","inLanguage":"pt-PT","@id":"https:\/\/inclusivenews.com.br\/#\/schema\/logo\/image\/","url":"https:\/\/inclusivenews.com.br\/wp-content\/uploads\/2024\/03\/@grandesite.png","contentUrl":"https:\/\/inclusivenews.com.br\/wp-content\/uploads\/2024\/03\/@grandesite.png","width":1080,"height":1080,"caption":"Inclusive - inclus\u00e3o e cidadania"},"image":{"@id":"https:\/\/inclusivenews.com.br\/#\/schema\/logo\/image\/"},"sameAs":["https:\/\/www.facebook.com\/agenciainclusive\/","https:\/\/www.instagram.com\/newsinclusive\/"]},{"@type":"Person","@id":"https:\/\/inclusivenews.com.br\/#\/schema\/person\/ae4ec7087559b8692fb33b6fffd2273b","name":"inclusivenews2024","image":{"@type":"ImageObject","inLanguage":"pt-PT","@id":"https:\/\/secure.gravatar.com\/avatar\/c5a7ef84c66fa914f55bc4f7ce26cfa275a3b9a1c5568b907bd184fb4dde7b40?s=96&d=mm&r=g","url":"https:\/\/secure.gravatar.com\/avatar\/c5a7ef84c66fa914f55bc4f7ce26cfa275a3b9a1c5568b907bd184fb4dde7b40?s=96&d=mm&r=g","contentUrl":"https:\/\/secure.gravatar.com\/avatar\/c5a7ef84c66fa914f55bc4f7ce26cfa275a3b9a1c5568b907bd184fb4dde7b40?s=96&d=mm&r=g","caption":"inclusivenews2024"},"sameAs":["https:\/\/inclusivenews.com.br"],"url":"https:\/\/inclusivenews.com.br\/?author=1"}]}},"_links":{"self":[{"href":"https:\/\/inclusivenews.com.br\/index.php?rest_route=\/wp\/v2\/posts\/13378","targetHints":{"allow":["GET"]}}],"collection":[{"href":"https:\/\/inclusivenews.com.br\/index.php?rest_route=\/wp\/v2\/posts"}],"about":[{"href":"https:\/\/inclusivenews.com.br\/index.php?rest_route=\/wp\/v2\/types\/post"}],"author":[{"embeddable":true,"href":"https:\/\/inclusivenews.com.br\/index.php?rest_route=\/wp\/v2\/users\/1"}],"replies":[{"embeddable":true,"href":"https:\/\/inclusivenews.com.br\/index.php?rest_route=%2Fwp%2Fv2%2Fcomments&post=13378"}],"version-history":[{"count":0,"href":"https:\/\/inclusivenews.com.br\/index.php?rest_route=\/wp\/v2\/posts\/13378\/revisions"}],"wp:attachment":[{"href":"https:\/\/inclusivenews.com.br\/index.php?rest_route=%2Fwp%2Fv2%2Fmedia&parent=13378"}],"wp:term":[{"taxonomy":"category","embeddable":true,"href":"https:\/\/inclusivenews.com.br\/index.php?rest_route=%2Fwp%2Fv2%2Fcategories&post=13378"},{"taxonomy":"post_tag","embeddable":true,"href":"https:\/\/inclusivenews.com.br\/index.php?rest_route=%2Fwp%2Fv2%2Ftags&post=13378"}],"curies":[{"name":"wp","href":"https:\/\/api.w.org\/{rel}","templated":true}]}}