{"id":13379,"date":"2010-01-14T07:00:24","date_gmt":"2010-01-14T10:00:24","guid":{"rendered":"http:\/\/www.inclusive.org.br\/?p=13379"},"modified":"2010-01-14T07:00:24","modified_gmt":"2010-01-14T10:00:24","slug":"forum-social-mundial-2010-entrevista-com-moema-miranda","status":"publish","type":"post","link":"https:\/\/inclusivenews.com.br\/?p=13379","title":{"rendered":"F\u00f3rum Social Mundial 2010 &#8211; Entrevista com Moema Miranda"},"content":{"rendered":"<figure style=\"width: 292px\" class=\"wp-caption alignleft\"><a class=\"moz-txt-link-freetext\" href=\"http:\/\/www.inclusaosocial.com\/userfiles\/fsm.JPG\"><img loading=\"lazy\" decoding=\"async\" title=\"F\u00f3rum Social Mundial - Um Outro Mundo \u00e9 Poss\u00edvel\" src=\"http:\/\/www.inclusaosocial.com\/userfiles\/fsm.JPG\" alt=\"\" width=\"292\" height=\"212\" \/><\/a><figcaption class=\"wp-caption-text\"> <\/figcaption><\/figure>\n<p style=\"text-align: justify;\"><strong>Por Jamile Chequer e Diego Santos<\/strong><\/p>\n<p style=\"text-align: justify;\">O F\u00f3rum Social Mundial (FSM) completa 10 anos de exist\u00eancia. Nesse per\u00edodo, o F\u00f3rum se estabeleceu como espa\u00e7o plural de discuss\u00e3o e constru\u00e7\u00e3o de novas agendas. A edi\u00e7\u00e3o de 2009, em Bel\u00e9m do Par\u00e1, reuniu cerca de 150 mil ativistas e representantes de movimentos sociais do mundo inteiro. Este ano, uma agenda re\u00fane os diversos encontros pelo mundo. Nesta entrevista, a coordenadora do Ibase e integrante do Grupo de reflex\u00e3o e Apoio ao processo FSM, Moema Miranda, faz um panorama do processo FSM 2010 e aponta alguns desafios que ainda precisam ser enfrentados.<\/p>\n<p style=\"text-align: justify;\"><strong>Ibase: O que significa 10 anos de FSM?<\/strong><\/p>\n<p style=\"text-align: justify;\"><strong>Moema Miranda:<\/strong> O FSM nasceu em um mundo bastante diferente, no apogeu do pensamento neoliberal e em um momento no qual surgiam diversos questionamentos. Os movimentos sociais ainda estavam fragmentados e divididos. Era necess\u00e1rio que existisse um espa\u00e7o aberto com a possibilidade de um di\u00e1logo amplo e que possibilitasse o aprofundamento da cr\u00edtica ao neoliberalismo. Hoje o FSM significa isso, e representa ainda mais, a diversidade.<\/p>\n<p style=\"text-align: justify;\"><strong>Ibase: Os primeiros FSM eram claramente um contraponto a Davos, hoje isso ainda permanece?<\/strong><\/p>\n<p style=\"text-align: justify;\"><strong>Moema:<\/strong> Nesse tempo pudemos perceber que Davos sofreu uma enorme derrota. Perdeu a centralidade e a for\u00e7a. O contraponto se mant\u00e9m por que o F\u00f3rum Econ\u00f4mico Mundial ainda recebe os chefes de estado que discutem os pontos que regulamentam o sistema capitalista. Por\u00e9m, \u00e9 muito complicado ter pessoas importantes reunidas em um lugar para debater o sistema econ\u00f4mico enquanto em outras partes do mundo acontecem enchentes, secas e as calotas polares derretem.<\/p>\n<p style=\"text-align: justify;\"><strong>Ibase: Voc\u00ea percebe uma mudan\u00e7a da leitura da m\u00eddia em rela\u00e7\u00e3o ao processo FSM? De que forma?<\/strong><\/p>\n<p style=\"text-align: justify;\"><strong>Moema:<\/strong> A grande m\u00eddia busca sempre respostas simples e f\u00e1ceis para quest\u00f5es complexas. Ainda n\u00e3o conseguimos transformar a leitura da m\u00eddia hegem\u00f4nica. A m\u00eddia precisa entender a necessidade de questionar o modelo. O que vimos nos \u00faltimos anos \u00e9 justamente o oposto disso, o FSM ganha cobertura mas sem que o modelo dominante seja questionado.<\/p>\n<p style=\"text-align: justify;\"><strong>Ibase: Como ser\u00e1 a din\u00e2mica do encontro este ano? Quantos encontros est\u00e3o sendo realizados pelo mundo? <\/strong><\/p>\n<p style=\"text-align: justify;\"><strong>Moema:<\/strong> H\u00e1 uns quatro anos percebemos a necessidade de conferir \u00e0 din\u00e2mica do FSM uma caracter\u00edstica de expans\u00e3o e centralidade, uma vez que nem sempre os movimentos sociais poderiam estar em um \u00fanico lugar. Com isso, foram criados, al\u00e9m dos F\u00f3runs centrais, os F\u00f3runs tem\u00e1ticos e regionais. Este ano, em janeiro, ser\u00e1 realizado o F\u00f3rum grande Porto Alegre e, ao longo do ano diversos f\u00f3runs tem\u00e1ticos e regionais completam a agenda: F\u00f3rum da Crise civilizat\u00f3ria, F\u00f3rum de Educa\u00e7\u00e3o na Palestina, F\u00f3rum das Am\u00e9ricas, F\u00f3rum dos Sem-Estado, que este ano ser\u00e1 realizado na Catalunha, Espanha, entre outros.<\/p>\n<p style=\"text-align: justify;\"><strong>Ibase: Quais s\u00e3o as suas expectativas para o semin\u00e1rio internacional \u201c10 Anos depois: desafios e propostas para um outro mundo poss\u00edvel\u201d, em Porto Alegre?<\/strong><\/p>\n<p style=\"text-align: justify;\"><strong>Moema:<\/strong> \u00c9 muito importante frisar que o semin\u00e1rio \u00e9 uma atividade auto-gestionada e que n\u00e3o deve ser confundida com o pr\u00f3prio FSM. O evento contar\u00e1 com a participa\u00e7\u00e3o mais de 50 palestrantes internacionais e diversas lideran\u00e7as brasileiras tamb\u00e9m. O semin\u00e1rio \u00e9 organizado pelo Grupo de Reflex\u00e3o e Apoio ao processo FSM e pretende examinar os novos desafios com os quais nos confrontamos e projetar caminhos futuros que o FSM poder\u00e1 percorrer, na desafiadora conjuntura global que se abre. Mas quer tamb\u00e9m realizar uma reflex\u00e3o mais sistem\u00e1tica sobre o que fomos capazes de realizar at\u00e9 aqui, nossos erros e acertos, nossa din\u00e2mica institucional, enfim \u00e9 um semin\u00e1rio para uma reflex\u00e3o estrat\u00e9gica.<\/p>\n<p style=\"text-align: justify;\"><strong>Ibase: Quais s\u00e3o os desafios futuros do processo FSM?<\/strong><\/p>\n<p style=\"text-align: justify;\"><strong>Moema:<\/strong> O maior desafio que o processo FSM encontra atualmente \u00e9 o de compor uma agenda comum entre os movimentos sociais que contemple a diversidade sem que haja fragmenta\u00e7\u00e3o. \u00c9 necess\u00e1rio que se avalie os temas e os discuta sob uma \u00f3tica comum, que n\u00e3o privilegie apenas uma bandeira, mas que a agenda de discuss\u00e3o esteja pautada na diversidade que os pr\u00f3prios temas propuserem.<\/p>\n<p style=\"text-align: justify;\">Publicado em 08\/01\/2010.<br \/>\n_________________________<strong><\/p>\n<p>Fonte de informa\u00e7\u00e3o:<\/strong> <a href=\"http:\/\/www.ibase.br\/modules.php?name=Conteudo&amp;pid=2796\">IBASE<\/a><\/p>\n","protected":false},"excerpt":{"rendered":"<p>Este ano, uma agenda re\u00fane os diversos encontros pelo mundo. Nesta entrevista, a coordenadora do Ibase e integrante do Grupo de reflex\u00e3o e Apoio ao processo FSM, Moema Miranda, faz um panorama do processo FSM 2010 e aponta alguns desafios que ainda precisam ser enfrentados.<\/p>\n","protected":false},"author":1,"featured_media":0,"comment_status":"open","ping_status":"open","sticky":false,"template":"","format":"standard","meta":{"site-container-style":"default","site-container-layout":"default","site-sidebar-layout":"default","disable-article-header":"default","disable-site-header":"default","disable-site-footer":"default","disable-content-area-spacing":"default","footnotes":""},"categories":[42],"tags":[72],"class_list":["post-13379","post","type-post","status-publish","format-standard","hentry","category-entrevista","tag-forum-social-mundial"],"yoast_head":"<!-- This site is optimized with the Yoast SEO plugin v27.4 - https:\/\/yoast.com\/product\/yoast-seo-wordpress\/ -->\n<title>F\u00f3rum Social Mundial 2010 - Entrevista com Moema Miranda -<\/title>\n<meta name=\"robots\" content=\"index, follow, max-snippet:-1, max-image-preview:large, max-video-preview:-1\" \/>\n<link rel=\"canonical\" href=\"https:\/\/inclusivenews.com.br\/?p=13379\" \/>\n<meta property=\"og:locale\" content=\"pt_PT\" \/>\n<meta property=\"og:type\" content=\"article\" \/>\n<meta property=\"og:title\" content=\"F\u00f3rum Social Mundial 2010 - Entrevista com Moema Miranda -\" \/>\n<meta property=\"og:description\" content=\"Este ano, uma agenda re\u00fane os diversos encontros pelo mundo. Nesta entrevista, a coordenadora do Ibase e integrante do Grupo de reflex\u00e3o e Apoio ao processo FSM, Moema Miranda, faz um panorama do processo FSM 2010 e aponta alguns desafios que ainda precisam ser enfrentados.\" \/>\n<meta property=\"og:url\" content=\"https:\/\/inclusivenews.com.br\/?p=13379\" \/>\n<meta property=\"article:publisher\" content=\"https:\/\/www.facebook.com\/agenciainclusive\/\" \/>\n<meta property=\"article:published_time\" content=\"2010-01-14T10:00:24+00:00\" \/>\n<meta property=\"og:image\" content=\"http:\/\/www.inclusaosocial.com\/userfiles\/fsm.JPG\" \/>\n<meta name=\"author\" content=\"inclusivenews2024\" \/>\n<meta name=\"twitter:card\" content=\"summary_large_image\" \/>\n<meta name=\"twitter:label1\" content=\"Escrito por\" \/>\n\t<meta name=\"twitter:data1\" content=\"inclusivenews2024\" \/>\n\t<meta name=\"twitter:label2\" content=\"Tempo estimado de leitura\" \/>\n\t<meta name=\"twitter:data2\" content=\"4 minutos\" \/>\n<script type=\"application\/ld+json\" class=\"yoast-schema-graph\">{\"@context\":\"https:\\\/\\\/schema.org\",\"@graph\":[{\"@type\":\"Article\",\"@id\":\"https:\\\/\\\/inclusivenews.com.br\\\/?p=13379#article\",\"isPartOf\":{\"@id\":\"https:\\\/\\\/inclusivenews.com.br\\\/?p=13379\"},\"author\":{\"name\":\"inclusivenews2024\",\"@id\":\"https:\\\/\\\/inclusivenews.com.br\\\/#\\\/schema\\\/person\\\/ae4ec7087559b8692fb33b6fffd2273b\"},\"headline\":\"F\u00f3rum Social Mundial 2010 &#8211; Entrevista com Moema Miranda\",\"datePublished\":\"2010-01-14T10:00:24+00:00\",\"mainEntityOfPage\":{\"@id\":\"https:\\\/\\\/inclusivenews.com.br\\\/?p=13379\"},\"wordCount\":731,\"commentCount\":1,\"publisher\":{\"@id\":\"https:\\\/\\\/inclusivenews.com.br\\\/#organization\"},\"image\":{\"@id\":\"https:\\\/\\\/inclusivenews.com.br\\\/?p=13379#primaryimage\"},\"thumbnailUrl\":\"http:\\\/\\\/www.inclusaosocial.com\\\/userfiles\\\/fsm.JPG\",\"keywords\":[\"F\u00f3rum Social Mundial\"],\"articleSection\":[\"ENTREVISTAS\"],\"inLanguage\":\"pt-PT\",\"potentialAction\":[{\"@type\":\"CommentAction\",\"name\":\"Comment\",\"target\":[\"https:\\\/\\\/inclusivenews.com.br\\\/?p=13379#respond\"]}]},{\"@type\":\"WebPage\",\"@id\":\"https:\\\/\\\/inclusivenews.com.br\\\/?p=13379\",\"url\":\"https:\\\/\\\/inclusivenews.com.br\\\/?p=13379\",\"name\":\"F\u00f3rum Social Mundial 2010 - Entrevista com Moema Miranda -\",\"isPartOf\":{\"@id\":\"https:\\\/\\\/inclusivenews.com.br\\\/#website\"},\"primaryImageOfPage\":{\"@id\":\"https:\\\/\\\/inclusivenews.com.br\\\/?p=13379#primaryimage\"},\"image\":{\"@id\":\"https:\\\/\\\/inclusivenews.com.br\\\/?p=13379#primaryimage\"},\"thumbnailUrl\":\"http:\\\/\\\/www.inclusaosocial.com\\\/userfiles\\\/fsm.JPG\",\"datePublished\":\"2010-01-14T10:00:24+00:00\",\"breadcrumb\":{\"@id\":\"https:\\\/\\\/inclusivenews.com.br\\\/?p=13379#breadcrumb\"},\"inLanguage\":\"pt-PT\",\"potentialAction\":[{\"@type\":\"ReadAction\",\"target\":[\"https:\\\/\\\/inclusivenews.com.br\\\/?p=13379\"]}]},{\"@type\":\"ImageObject\",\"inLanguage\":\"pt-PT\",\"@id\":\"https:\\\/\\\/inclusivenews.com.br\\\/?p=13379#primaryimage\",\"url\":\"http:\\\/\\\/www.inclusaosocial.com\\\/userfiles\\\/fsm.JPG\",\"contentUrl\":\"http:\\\/\\\/www.inclusaosocial.com\\\/userfiles\\\/fsm.JPG\"},{\"@type\":\"BreadcrumbList\",\"@id\":\"https:\\\/\\\/inclusivenews.com.br\\\/?p=13379#breadcrumb\",\"itemListElement\":[{\"@type\":\"ListItem\",\"position\":1,\"name\":\"In\u00edcio\",\"item\":\"https:\\\/\\\/inclusivenews.com.br\\\/\"},{\"@type\":\"ListItem\",\"position\":2,\"name\":\"F\u00f3rum Social Mundial 2010 &#8211; Entrevista com Moema Miranda\"}]},{\"@type\":\"WebSite\",\"@id\":\"https:\\\/\\\/inclusivenews.com.br\\\/#website\",\"url\":\"https:\\\/\\\/inclusivenews.com.br\\\/\",\"name\":\"Inclusive News\",\"description\":\"Inclusive News\",\"publisher\":{\"@id\":\"https:\\\/\\\/inclusivenews.com.br\\\/#organization\"},\"potentialAction\":[{\"@type\":\"SearchAction\",\"target\":{\"@type\":\"EntryPoint\",\"urlTemplate\":\"https:\\\/\\\/inclusivenews.com.br\\\/?s={search_term_string}\"},\"query-input\":{\"@type\":\"PropertyValueSpecification\",\"valueRequired\":true,\"valueName\":\"search_term_string\"}}],\"inLanguage\":\"pt-PT\"},{\"@type\":\"Organization\",\"@id\":\"https:\\\/\\\/inclusivenews.com.br\\\/#organization\",\"name\":\"Inclusive - inclus\u00e3o e cidadania\",\"url\":\"https:\\\/\\\/inclusivenews.com.br\\\/\",\"logo\":{\"@type\":\"ImageObject\",\"inLanguage\":\"pt-PT\",\"@id\":\"https:\\\/\\\/inclusivenews.com.br\\\/#\\\/schema\\\/logo\\\/image\\\/\",\"url\":\"https:\\\/\\\/inclusivenews.com.br\\\/wp-content\\\/uploads\\\/2024\\\/03\\\/@grandesite.png\",\"contentUrl\":\"https:\\\/\\\/inclusivenews.com.br\\\/wp-content\\\/uploads\\\/2024\\\/03\\\/@grandesite.png\",\"width\":1080,\"height\":1080,\"caption\":\"Inclusive - inclus\u00e3o e cidadania\"},\"image\":{\"@id\":\"https:\\\/\\\/inclusivenews.com.br\\\/#\\\/schema\\\/logo\\\/image\\\/\"},\"sameAs\":[\"https:\\\/\\\/www.facebook.com\\\/agenciainclusive\\\/\",\"https:\\\/\\\/www.instagram.com\\\/newsinclusive\\\/\"]},{\"@type\":\"Person\",\"@id\":\"https:\\\/\\\/inclusivenews.com.br\\\/#\\\/schema\\\/person\\\/ae4ec7087559b8692fb33b6fffd2273b\",\"name\":\"inclusivenews2024\",\"image\":{\"@type\":\"ImageObject\",\"inLanguage\":\"pt-PT\",\"@id\":\"https:\\\/\\\/secure.gravatar.com\\\/avatar\\\/c5a7ef84c66fa914f55bc4f7ce26cfa275a3b9a1c5568b907bd184fb4dde7b40?s=96&d=mm&r=g\",\"url\":\"https:\\\/\\\/secure.gravatar.com\\\/avatar\\\/c5a7ef84c66fa914f55bc4f7ce26cfa275a3b9a1c5568b907bd184fb4dde7b40?s=96&d=mm&r=g\",\"contentUrl\":\"https:\\\/\\\/secure.gravatar.com\\\/avatar\\\/c5a7ef84c66fa914f55bc4f7ce26cfa275a3b9a1c5568b907bd184fb4dde7b40?s=96&d=mm&r=g\",\"caption\":\"inclusivenews2024\"},\"sameAs\":[\"https:\\\/\\\/inclusivenews.com.br\"],\"url\":\"https:\\\/\\\/inclusivenews.com.br\\\/?author=1\"}]}<\/script>\n<!-- \/ Yoast SEO plugin. -->","yoast_head_json":{"title":"F\u00f3rum Social Mundial 2010 - Entrevista com Moema Miranda -","robots":{"index":"index","follow":"follow","max-snippet":"max-snippet:-1","max-image-preview":"max-image-preview:large","max-video-preview":"max-video-preview:-1"},"canonical":"https:\/\/inclusivenews.com.br\/?p=13379","og_locale":"pt_PT","og_type":"article","og_title":"F\u00f3rum Social Mundial 2010 - Entrevista com Moema Miranda -","og_description":"Este ano, uma agenda re\u00fane os diversos encontros pelo mundo. Nesta entrevista, a coordenadora do Ibase e integrante do Grupo de reflex\u00e3o e Apoio ao processo FSM, Moema Miranda, faz um panorama do processo FSM 2010 e aponta alguns desafios que ainda precisam ser enfrentados.","og_url":"https:\/\/inclusivenews.com.br\/?p=13379","article_publisher":"https:\/\/www.facebook.com\/agenciainclusive\/","article_published_time":"2010-01-14T10:00:24+00:00","og_image":[{"url":"http:\/\/www.inclusaosocial.com\/userfiles\/fsm.JPG","type":"","width":"","height":""}],"author":"inclusivenews2024","twitter_card":"summary_large_image","twitter_misc":{"Escrito por":"inclusivenews2024","Tempo estimado de leitura":"4 minutos"},"schema":{"@context":"https:\/\/schema.org","@graph":[{"@type":"Article","@id":"https:\/\/inclusivenews.com.br\/?p=13379#article","isPartOf":{"@id":"https:\/\/inclusivenews.com.br\/?p=13379"},"author":{"name":"inclusivenews2024","@id":"https:\/\/inclusivenews.com.br\/#\/schema\/person\/ae4ec7087559b8692fb33b6fffd2273b"},"headline":"F\u00f3rum Social Mundial 2010 &#8211; Entrevista com Moema Miranda","datePublished":"2010-01-14T10:00:24+00:00","mainEntityOfPage":{"@id":"https:\/\/inclusivenews.com.br\/?p=13379"},"wordCount":731,"commentCount":1,"publisher":{"@id":"https:\/\/inclusivenews.com.br\/#organization"},"image":{"@id":"https:\/\/inclusivenews.com.br\/?p=13379#primaryimage"},"thumbnailUrl":"http:\/\/www.inclusaosocial.com\/userfiles\/fsm.JPG","keywords":["F\u00f3rum Social Mundial"],"articleSection":["ENTREVISTAS"],"inLanguage":"pt-PT","potentialAction":[{"@type":"CommentAction","name":"Comment","target":["https:\/\/inclusivenews.com.br\/?p=13379#respond"]}]},{"@type":"WebPage","@id":"https:\/\/inclusivenews.com.br\/?p=13379","url":"https:\/\/inclusivenews.com.br\/?p=13379","name":"F\u00f3rum Social Mundial 2010 - Entrevista com Moema Miranda -","isPartOf":{"@id":"https:\/\/inclusivenews.com.br\/#website"},"primaryImageOfPage":{"@id":"https:\/\/inclusivenews.com.br\/?p=13379#primaryimage"},"image":{"@id":"https:\/\/inclusivenews.com.br\/?p=13379#primaryimage"},"thumbnailUrl":"http:\/\/www.inclusaosocial.com\/userfiles\/fsm.JPG","datePublished":"2010-01-14T10:00:24+00:00","breadcrumb":{"@id":"https:\/\/inclusivenews.com.br\/?p=13379#breadcrumb"},"inLanguage":"pt-PT","potentialAction":[{"@type":"ReadAction","target":["https:\/\/inclusivenews.com.br\/?p=13379"]}]},{"@type":"ImageObject","inLanguage":"pt-PT","@id":"https:\/\/inclusivenews.com.br\/?p=13379#primaryimage","url":"http:\/\/www.inclusaosocial.com\/userfiles\/fsm.JPG","contentUrl":"http:\/\/www.inclusaosocial.com\/userfiles\/fsm.JPG"},{"@type":"BreadcrumbList","@id":"https:\/\/inclusivenews.com.br\/?p=13379#breadcrumb","itemListElement":[{"@type":"ListItem","position":1,"name":"In\u00edcio","item":"https:\/\/inclusivenews.com.br\/"},{"@type":"ListItem","position":2,"name":"F\u00f3rum Social Mundial 2010 &#8211; Entrevista com Moema Miranda"}]},{"@type":"WebSite","@id":"https:\/\/inclusivenews.com.br\/#website","url":"https:\/\/inclusivenews.com.br\/","name":"Inclusive News","description":"Inclusive News","publisher":{"@id":"https:\/\/inclusivenews.com.br\/#organization"},"potentialAction":[{"@type":"SearchAction","target":{"@type":"EntryPoint","urlTemplate":"https:\/\/inclusivenews.com.br\/?s={search_term_string}"},"query-input":{"@type":"PropertyValueSpecification","valueRequired":true,"valueName":"search_term_string"}}],"inLanguage":"pt-PT"},{"@type":"Organization","@id":"https:\/\/inclusivenews.com.br\/#organization","name":"Inclusive - inclus\u00e3o e cidadania","url":"https:\/\/inclusivenews.com.br\/","logo":{"@type":"ImageObject","inLanguage":"pt-PT","@id":"https:\/\/inclusivenews.com.br\/#\/schema\/logo\/image\/","url":"https:\/\/inclusivenews.com.br\/wp-content\/uploads\/2024\/03\/@grandesite.png","contentUrl":"https:\/\/inclusivenews.com.br\/wp-content\/uploads\/2024\/03\/@grandesite.png","width":1080,"height":1080,"caption":"Inclusive - inclus\u00e3o e cidadania"},"image":{"@id":"https:\/\/inclusivenews.com.br\/#\/schema\/logo\/image\/"},"sameAs":["https:\/\/www.facebook.com\/agenciainclusive\/","https:\/\/www.instagram.com\/newsinclusive\/"]},{"@type":"Person","@id":"https:\/\/inclusivenews.com.br\/#\/schema\/person\/ae4ec7087559b8692fb33b6fffd2273b","name":"inclusivenews2024","image":{"@type":"ImageObject","inLanguage":"pt-PT","@id":"https:\/\/secure.gravatar.com\/avatar\/c5a7ef84c66fa914f55bc4f7ce26cfa275a3b9a1c5568b907bd184fb4dde7b40?s=96&d=mm&r=g","url":"https:\/\/secure.gravatar.com\/avatar\/c5a7ef84c66fa914f55bc4f7ce26cfa275a3b9a1c5568b907bd184fb4dde7b40?s=96&d=mm&r=g","contentUrl":"https:\/\/secure.gravatar.com\/avatar\/c5a7ef84c66fa914f55bc4f7ce26cfa275a3b9a1c5568b907bd184fb4dde7b40?s=96&d=mm&r=g","caption":"inclusivenews2024"},"sameAs":["https:\/\/inclusivenews.com.br"],"url":"https:\/\/inclusivenews.com.br\/?author=1"}]}},"_links":{"self":[{"href":"https:\/\/inclusivenews.com.br\/index.php?rest_route=\/wp\/v2\/posts\/13379","targetHints":{"allow":["GET"]}}],"collection":[{"href":"https:\/\/inclusivenews.com.br\/index.php?rest_route=\/wp\/v2\/posts"}],"about":[{"href":"https:\/\/inclusivenews.com.br\/index.php?rest_route=\/wp\/v2\/types\/post"}],"author":[{"embeddable":true,"href":"https:\/\/inclusivenews.com.br\/index.php?rest_route=\/wp\/v2\/users\/1"}],"replies":[{"embeddable":true,"href":"https:\/\/inclusivenews.com.br\/index.php?rest_route=%2Fwp%2Fv2%2Fcomments&post=13379"}],"version-history":[{"count":0,"href":"https:\/\/inclusivenews.com.br\/index.php?rest_route=\/wp\/v2\/posts\/13379\/revisions"}],"wp:attachment":[{"href":"https:\/\/inclusivenews.com.br\/index.php?rest_route=%2Fwp%2Fv2%2Fmedia&parent=13379"}],"wp:term":[{"taxonomy":"category","embeddable":true,"href":"https:\/\/inclusivenews.com.br\/index.php?rest_route=%2Fwp%2Fv2%2Fcategories&post=13379"},{"taxonomy":"post_tag","embeddable":true,"href":"https:\/\/inclusivenews.com.br\/index.php?rest_route=%2Fwp%2Fv2%2Ftags&post=13379"}],"curies":[{"name":"wp","href":"https:\/\/api.w.org\/{rel}","templated":true}]}}