{"id":13387,"date":"2010-01-13T06:52:45","date_gmt":"2010-01-13T09:52:45","guid":{"rendered":"http:\/\/www.inclusive.org.br\/?p=13387"},"modified":"2010-01-13T06:52:45","modified_gmt":"2010-01-13T09:52:45","slug":"quando-arte-e-inclusao-caminham-juntas-livro-os-inclusos-e-os-sisos-sera-lancado-dia-1801","status":"publish","type":"post","link":"https:\/\/inclusivenews.com.br\/?p=13387","title":{"rendered":"Quando arte e inclus\u00e3o caminham juntas: livro Os Inclusos e os Sisos ser\u00e1 lan\u00e7ado dia 18\/01"},"content":{"rendered":"<figure id=\"attachment_13389\" aria-describedby=\"caption-attachment-13389\" style=\"width: 300px\" class=\"wp-caption alignleft\"><a href=\"http:\/\/www.inclusivenews.com.br\/wp-content\/uploads\/2010\/01\/inclusos.jpg\"><img loading=\"lazy\" decoding=\"async\" class=\"size-full wp-image-13389\" title=\"inclusos\" src=\"http:\/\/inclusivenews.com.br\/wp-content\/uploads\/2010\/01\/inclusos.jpg\" alt=\"inclusos\" width=\"300\" height=\"210\" \/><\/a><figcaption id=\"caption-attachment-13389\" class=\"wp-caption-text\">Capa do livro Os Inclusos e os Sisos, onde aparecem atores da pe\u00e7a<\/figcaption><\/figure>\n<p style=\"text-align: justify;\">Humor, juventude, coragem e acessibilidade: esse \u00e9 o fio condutor do livro de arte Os Inclusos e os Sisos \u2013 Teatro de Mobiliza\u00e7\u00e3o pela Diversidade a ser lan\u00e7ado pela ONG Escola de Gente \u2013 Comunica\u00e7\u00e3o em Inclus\u00e3o no dia 18 de janeiro, na livraria Argumento, no Leblon, Rio de Janeiro. Inovador tamb\u00e9m no estilo, a obra foi escrita na forma de um espet\u00e1culo teatral e integra a cole\u00e7\u00e3o \u201cJovens que Querem Mudar o Mundo\u201d, da ONG.<\/p>\n<p>O relato traz a hist\u00f3ria de cinco jovens atores e atrizes, ent\u00e3o estudantes de artes c\u00eanicas da UNIRIO, que em 2003 aceitaram um desafio proposto pela Escola de Gente e se dispuseram a sair pelo Brasil mobilizando plat\u00e9ias para a causa da diversidade e da inclus\u00e3o.<\/p>\n<p>Trata-se do 12\u00ba livro da jornalista Claudia Werneck, reconhecida pelo modo instigante como, desde 1991, aborda o tema inclus\u00e3o e direitos humanos. A autora tem mais de 200 mil livros vendidos sobre o assunto em portugu\u00eas, ingl\u00eas e espanhol, para crian\u00e7as e adultos, e foi uma das primeiras autoras da Am\u00e9rica Latina a escrever sobre sociedade inclusiva, recebendo pr\u00eamios e apoios internacionais.<\/p>\n<p>O livro tem patroc\u00ednio das empresas Fosfertil e Metr\u00f4 Rio por meio da Lei de Incentivo \u00e0 Cultura do Minist\u00e9rio da Cultura e \u00e9 composto pelo registro de 18 fot\u00f3grafos que acompanharam o grupo pelo Brasil. A capa e a contracapa s\u00e3o de Luciano Bogado. Diego Molina, um dos integrantes de Os Inclusos e os Sisos, foi parceiro de Claudia Werneck na concep\u00e7\u00e3o e produ\u00e7\u00e3o dos textos.<\/p>\n<p>Livro \u00e9 exemplar no quesito acessibilidade<br \/>\nA publica\u00e7\u00e3o Os Inclusos e os Sisos ser\u00e1 lan\u00e7ada em oito m\u00eddias. Tudo para que o conte\u00fado da publica\u00e7\u00e3o possa ser acessado por pessoas analfabetas, surdas, cegas, com defici\u00eancia intelectual, dislexia, qualquer dificuldade motora ou de leitura, em fun\u00e7\u00e3o de acidentes vasculares cerebrais ou doen\u00e7as degenerativas ou de algum modo limitantes.<\/p>\n<p>A obra \u00e9 mais uma parceria da ONG com sua incubadora, a WVA Editora, especializada em inclus\u00e3o e formatos acess\u00edveis. Al\u00e9m de um formato em espiral que facilita o manuseio por parte de pessoas com dificuldades motoras, a publica\u00e7\u00e3o impressa em tinta vem acompanhada de dois CDs: o primeiro traz uma vers\u00e3o em \u00e1udio do livro, com m\u00fasica; o segundo, traz o mesmo conte\u00fado em PDF, OpenDoc, TXT e Daisy. Todas as vers\u00f5es t\u00eam a descri\u00e7\u00e3o de cada foto e imagem encontrada no livro impresso em tinta. O lan\u00e7amento da obra em outras m\u00eddias \u00e9 uma postura alinhada com a legisla\u00e7\u00e3o nacional e a Conven\u00e7\u00e3o sobre os Direitos das Pessoas com Defici\u00eancia da ONU, da qual a Escola de Gente participou.<\/p>\n<p>Fotos, cor, leveza e muita provoca\u00e7\u00e3o<br \/>\nEm seis anos de exist\u00eancia, Os Inclusos e os Sisos j\u00e1 se apresentaram para mais de 30 mil pessoas, realizando 115 espet\u00e1culos em 20 cidades de 13 estados de todas as regi\u00f5es do Brasil. Formaram plat\u00e9ias com um olhar inclusivo em escolas p\u00fablicas, teatros, empresas, comunidades populares, eventos e f\u00f3runs de pol\u00edticas p\u00fablicas.  Em 2007, o grupo passou a integrar a Rede Latino-americana de Arte para a Transforma\u00e7\u00e3o Social, apoiada pela Fundaci\u00f3n Avina.<\/p>\n<p>Textos, cen\u00e1rios, figurinos e coreografias s\u00e3o criados pelo grupo, que se encarrega tamb\u00e9m da dire\u00e7\u00e3o e produ\u00e7\u00e3o musical. Ao longo de seis anos, j\u00e1 foram criadas 45 esquetes e algumas pe\u00e7as como \u201cTV Inf\u00e2ncia\u201d e \u201cNingu\u00e9m mais vai ser bonzinho\u201d, que se tornou, em 2007, o primeiro espet\u00e1culo teatral no Brasil a oferecer simultaneamente \u00e0 plat\u00e9ia int\u00e9rprete de Libras, legenda, audiodescri\u00e7\u00e3o e programas em braile. Em 2009, \u201cNingu\u00e9m mais vai ser bonzinho\u201d, percorreu os estados da Bahia, Pernambuco, Rio de Janeiro, Paran\u00e1, Minas Gerais e S\u00e3o Paulo, al\u00e9m do Distrito Federal com patroc\u00ednio da Oi e da MRS Log\u00edstica.<\/p>\n<p>Distribui\u00e7\u00e3o gratuita para mais acesso \u00e0 cultura<br \/>\nA Escola de Gente tomou a decis\u00e3o de n\u00e3o vender a obra para facilitar o acesso a pessoas e institui\u00e7\u00f5es interessadas em conhecer livros em formato acess\u00edvel e tamb\u00e9m a hist\u00f3ria de um grupo de teatro que coloca a sua arte a servi\u00e7o da inclus\u00e3o. Coer\u00eancia entre conte\u00fado e forma, esta \u00e9 a mensagem da Escola de Gente. O livro ser\u00e1 distribu\u00eddo gratuitamente para quem for ao lan\u00e7amento, desde que confirme presen\u00e7a pelo e-mail: escoladegente@escoladegente.org.br.<\/p>\n<p>Servi\u00e7o<br \/>\nCoquetel de lan\u00e7amento &#8211; 18 de janeiro<br \/>\nHora: 19 \u00e0s 21 horas<br \/>\nLocal: Livraria Argumento \u2013 Rua Dias Ferreira, 417, Leblon<br \/>\nE-mail:escoladegente@escoladegente.org.br<br \/>\nTel.: (21) 2483-1780<\/p>\n<p>Perfil da obra<br \/>\nT\u00edtulo: Os Inclusos e os Sisos &#8211; Teatro de Mobiliza\u00e7\u00e3o pela Diversidade<br \/>\nAutora: Claudia Werneck<br \/>\nConcep\u00e7\u00e3o e realiza\u00e7\u00e3o: Escola de Gente \u2013 Comunica\u00e7\u00e3o em Inclus\u00e3o<br \/>\nEditora: WVA Editora<br \/>\nN\u00famero de p\u00e1ginas: 242<br \/>\nTiragem: 3 mil exemplares impressos em tinta, CD de \u00e1udio, TXT,OpenDoc, PDF e Daisy; o livro tamb\u00e9m pode ser encontrado em fita K7 e em DVD em Libras.<br \/>\nPatroc\u00ednio: Fosfertil e Metr\u00f4 Rio<br \/>\nApoio: Lei Federal de Incentivo \u00e0 Cultura \/ Minist\u00e9rio da Cultura<\/p>\n<p>Fotografias<br \/>\nAndressa Anholete, Arquivo fotogr\u00e1fico da Escola de Gente \u2013 Comunica\u00e7\u00e3o em Inclus\u00e3o,  Arquivo fotogr\u00e1fico da Urbi et Orbi, Bruna Gon\u00e7alves, Camila Souza, C\u00edcero Bezerra, Claudia Perroni, Cristiana Isidoro, Daniela Pinheiro, Frederico Mendes, Ivayr Borges, Leonardo Miranda , Luciano Bogado, Maicon Camargo, Mila Petrillo, Ot\u00e1vio Souza (Arquivo fotogr\u00e1fico do site Claro Curtas), Paulo Rodrigues e Thiago Barros.<\/p>\n<p>___________________________________________________<\/p>\n<p><strong>Fonte de informa\u00e7\u00e3o:<\/strong> Escola de Gente \/ Coletivo Comunica\u00e7\u00e3o<\/p>\n","protected":false},"excerpt":{"rendered":"<p>No dia 18\/1, Claudia Werneck, superintendente geral da Escola de Gente, lan\u00e7a na Livraria Argumento (Leblon &#8211; RJ), seu 12\u00ba livro: Os Inclusos e os Sisos \u2013 Teatro de Mobiliza\u00e7\u00e3o pela Diversidade. Durante o evento, ela vai explicar o que \u00e9 o livro acess\u00edvel usando como exemplo a nova publica\u00e7\u00e3o, que foi editada no formato em espiral, para facilitar o manuseio por parte de pessoas com dificuldades motoras, e em oito diferentes m\u00eddias, o que permite acesso a pessoas com v\u00e1rias defici\u00eancias ou dificuldades. A obra n\u00e3o ser\u00e1 vendida, mas distribu\u00edda, para facilitar o acesso a pessoas e institui\u00e7\u00f5es interessadas em conhecer livros em formato acess\u00edvel.<\/p>\n","protected":false},"author":1,"featured_media":0,"comment_status":"open","ping_status":"open","sticky":false,"template":"","format":"standard","meta":{"site-container-style":"default","site-container-layout":"default","site-sidebar-layout":"default","disable-article-header":"default","disable-site-header":"default","disable-site-footer":"default","disable-content-area-spacing":"default","footnotes":""},"categories":[29,12,48,50,51,4,10],"tags":[],"class_list":["post-13387","post","type-post","status-publish","format-standard","hentry","category-cultura","category-cursos-e-eventos","category-inclusao","category-lancamentos","category-livros","category-noticias","category-publicacoes"],"yoast_head":"<!-- This site is optimized with the Yoast SEO plugin v27.4 - https:\/\/yoast.com\/product\/yoast-seo-wordpress\/ -->\n<title>Quando arte e inclus\u00e3o caminham juntas: livro Os Inclusos e os Sisos ser\u00e1 lan\u00e7ado dia 18\/01 -<\/title>\n<meta name=\"robots\" content=\"index, follow, max-snippet:-1, max-image-preview:large, max-video-preview:-1\" \/>\n<link rel=\"canonical\" href=\"https:\/\/inclusivenews.com.br\/?p=13387\" \/>\n<meta property=\"og:locale\" content=\"pt_PT\" \/>\n<meta property=\"og:type\" content=\"article\" \/>\n<meta property=\"og:title\" content=\"Quando arte e inclus\u00e3o caminham juntas: livro Os Inclusos e os Sisos ser\u00e1 lan\u00e7ado dia 18\/01 -\" \/>\n<meta property=\"og:description\" content=\"No dia 18\/1, Claudia Werneck, superintendente geral da Escola de Gente, lan\u00e7a na Livraria Argumento (Leblon - RJ), seu 12\u00ba livro: Os Inclusos e os Sisos \u2013 Teatro de Mobiliza\u00e7\u00e3o pela Diversidade. Durante o evento, ela vai explicar o que \u00e9 o livro acess\u00edvel usando como exemplo a nova publica\u00e7\u00e3o, que foi editada no formato em espiral, para facilitar o manuseio por parte de pessoas com dificuldades motoras, e em oito diferentes m\u00eddias, o que permite acesso a pessoas com v\u00e1rias defici\u00eancias ou dificuldades. A obra n\u00e3o ser\u00e1 vendida, mas distribu\u00edda, para facilitar o acesso a pessoas e institui\u00e7\u00f5es interessadas em conhecer livros em formato acess\u00edvel.\" \/>\n<meta property=\"og:url\" content=\"https:\/\/inclusivenews.com.br\/?p=13387\" \/>\n<meta property=\"article:publisher\" content=\"https:\/\/www.facebook.com\/agenciainclusive\/\" \/>\n<meta property=\"article:published_time\" content=\"2010-01-13T09:52:45+00:00\" \/>\n<meta property=\"og:image\" content=\"http:\/\/inclusivenews.com.br\/wp-content\/uploads\/2010\/01\/inclusos.jpg\" \/>\n<meta name=\"author\" content=\"inclusivenews2024\" \/>\n<meta name=\"twitter:card\" content=\"summary_large_image\" \/>\n<meta name=\"twitter:label1\" content=\"Escrito por\" \/>\n\t<meta name=\"twitter:data1\" content=\"inclusivenews2024\" \/>\n\t<meta name=\"twitter:label2\" content=\"Tempo estimado de leitura\" \/>\n\t<meta name=\"twitter:data2\" content=\"5 minutos\" \/>\n<script type=\"application\/ld+json\" class=\"yoast-schema-graph\">{\"@context\":\"https:\\\/\\\/schema.org\",\"@graph\":[{\"@type\":\"Article\",\"@id\":\"https:\\\/\\\/inclusivenews.com.br\\\/?p=13387#article\",\"isPartOf\":{\"@id\":\"https:\\\/\\\/inclusivenews.com.br\\\/?p=13387\"},\"author\":{\"name\":\"inclusivenews2024\",\"@id\":\"https:\\\/\\\/inclusivenews.com.br\\\/#\\\/schema\\\/person\\\/ae4ec7087559b8692fb33b6fffd2273b\"},\"headline\":\"Quando arte e inclus\u00e3o caminham juntas: livro Os Inclusos e os Sisos ser\u00e1 lan\u00e7ado dia 18\\\/01\",\"datePublished\":\"2010-01-13T09:52:45+00:00\",\"mainEntityOfPage\":{\"@id\":\"https:\\\/\\\/inclusivenews.com.br\\\/?p=13387\"},\"wordCount\":980,\"commentCount\":0,\"publisher\":{\"@id\":\"https:\\\/\\\/inclusivenews.com.br\\\/#organization\"},\"image\":{\"@id\":\"https:\\\/\\\/inclusivenews.com.br\\\/?p=13387#primaryimage\"},\"thumbnailUrl\":\"http:\\\/\\\/inclusivenews.com.br\\\/wp-content\\\/uploads\\\/2010\\\/01\\\/inclusos.jpg\",\"articleSection\":[\"Cultura\",\"Cursos e eventos\",\"INCLUS\u00c3O SOCIAL\",\"Lan\u00e7amentos\",\"Livros\",\"NOT\u00cdCIAS\",\"PUBLICA\u00c7\u00d5ES\"],\"inLanguage\":\"pt-PT\",\"potentialAction\":[{\"@type\":\"CommentAction\",\"name\":\"Comment\",\"target\":[\"https:\\\/\\\/inclusivenews.com.br\\\/?p=13387#respond\"]}]},{\"@type\":\"WebPage\",\"@id\":\"https:\\\/\\\/inclusivenews.com.br\\\/?p=13387\",\"url\":\"https:\\\/\\\/inclusivenews.com.br\\\/?p=13387\",\"name\":\"Quando arte e inclus\u00e3o caminham juntas: livro Os Inclusos e os Sisos ser\u00e1 lan\u00e7ado dia 18\\\/01 -\",\"isPartOf\":{\"@id\":\"https:\\\/\\\/inclusivenews.com.br\\\/#website\"},\"primaryImageOfPage\":{\"@id\":\"https:\\\/\\\/inclusivenews.com.br\\\/?p=13387#primaryimage\"},\"image\":{\"@id\":\"https:\\\/\\\/inclusivenews.com.br\\\/?p=13387#primaryimage\"},\"thumbnailUrl\":\"http:\\\/\\\/inclusivenews.com.br\\\/wp-content\\\/uploads\\\/2010\\\/01\\\/inclusos.jpg\",\"datePublished\":\"2010-01-13T09:52:45+00:00\",\"breadcrumb\":{\"@id\":\"https:\\\/\\\/inclusivenews.com.br\\\/?p=13387#breadcrumb\"},\"inLanguage\":\"pt-PT\",\"potentialAction\":[{\"@type\":\"ReadAction\",\"target\":[\"https:\\\/\\\/inclusivenews.com.br\\\/?p=13387\"]}]},{\"@type\":\"ImageObject\",\"inLanguage\":\"pt-PT\",\"@id\":\"https:\\\/\\\/inclusivenews.com.br\\\/?p=13387#primaryimage\",\"url\":\"\",\"contentUrl\":\"\"},{\"@type\":\"BreadcrumbList\",\"@id\":\"https:\\\/\\\/inclusivenews.com.br\\\/?p=13387#breadcrumb\",\"itemListElement\":[{\"@type\":\"ListItem\",\"position\":1,\"name\":\"In\u00edcio\",\"item\":\"https:\\\/\\\/inclusivenews.com.br\\\/\"},{\"@type\":\"ListItem\",\"position\":2,\"name\":\"Quando arte e inclus\u00e3o caminham juntas: livro Os Inclusos e os Sisos ser\u00e1 lan\u00e7ado dia 18\\\/01\"}]},{\"@type\":\"WebSite\",\"@id\":\"https:\\\/\\\/inclusivenews.com.br\\\/#website\",\"url\":\"https:\\\/\\\/inclusivenews.com.br\\\/\",\"name\":\"Inclusive News\",\"description\":\"Inclusive News\",\"publisher\":{\"@id\":\"https:\\\/\\\/inclusivenews.com.br\\\/#organization\"},\"potentialAction\":[{\"@type\":\"SearchAction\",\"target\":{\"@type\":\"EntryPoint\",\"urlTemplate\":\"https:\\\/\\\/inclusivenews.com.br\\\/?s={search_term_string}\"},\"query-input\":{\"@type\":\"PropertyValueSpecification\",\"valueRequired\":true,\"valueName\":\"search_term_string\"}}],\"inLanguage\":\"pt-PT\"},{\"@type\":\"Organization\",\"@id\":\"https:\\\/\\\/inclusivenews.com.br\\\/#organization\",\"name\":\"Inclusive - inclus\u00e3o e cidadania\",\"url\":\"https:\\\/\\\/inclusivenews.com.br\\\/\",\"logo\":{\"@type\":\"ImageObject\",\"inLanguage\":\"pt-PT\",\"@id\":\"https:\\\/\\\/inclusivenews.com.br\\\/#\\\/schema\\\/logo\\\/image\\\/\",\"url\":\"https:\\\/\\\/inclusivenews.com.br\\\/wp-content\\\/uploads\\\/2024\\\/03\\\/@grandesite.png\",\"contentUrl\":\"https:\\\/\\\/inclusivenews.com.br\\\/wp-content\\\/uploads\\\/2024\\\/03\\\/@grandesite.png\",\"width\":1080,\"height\":1080,\"caption\":\"Inclusive - inclus\u00e3o e cidadania\"},\"image\":{\"@id\":\"https:\\\/\\\/inclusivenews.com.br\\\/#\\\/schema\\\/logo\\\/image\\\/\"},\"sameAs\":[\"https:\\\/\\\/www.facebook.com\\\/agenciainclusive\\\/\",\"https:\\\/\\\/www.instagram.com\\\/newsinclusive\\\/\"]},{\"@type\":\"Person\",\"@id\":\"https:\\\/\\\/inclusivenews.com.br\\\/#\\\/schema\\\/person\\\/ae4ec7087559b8692fb33b6fffd2273b\",\"name\":\"inclusivenews2024\",\"image\":{\"@type\":\"ImageObject\",\"inLanguage\":\"pt-PT\",\"@id\":\"https:\\\/\\\/secure.gravatar.com\\\/avatar\\\/c5a7ef84c66fa914f55bc4f7ce26cfa275a3b9a1c5568b907bd184fb4dde7b40?s=96&d=mm&r=g\",\"url\":\"https:\\\/\\\/secure.gravatar.com\\\/avatar\\\/c5a7ef84c66fa914f55bc4f7ce26cfa275a3b9a1c5568b907bd184fb4dde7b40?s=96&d=mm&r=g\",\"contentUrl\":\"https:\\\/\\\/secure.gravatar.com\\\/avatar\\\/c5a7ef84c66fa914f55bc4f7ce26cfa275a3b9a1c5568b907bd184fb4dde7b40?s=96&d=mm&r=g\",\"caption\":\"inclusivenews2024\"},\"sameAs\":[\"https:\\\/\\\/inclusivenews.com.br\"],\"url\":\"https:\\\/\\\/inclusivenews.com.br\\\/?author=1\"}]}<\/script>\n<!-- \/ Yoast SEO plugin. -->","yoast_head_json":{"title":"Quando arte e inclus\u00e3o caminham juntas: livro Os Inclusos e os Sisos ser\u00e1 lan\u00e7ado dia 18\/01 -","robots":{"index":"index","follow":"follow","max-snippet":"max-snippet:-1","max-image-preview":"max-image-preview:large","max-video-preview":"max-video-preview:-1"},"canonical":"https:\/\/inclusivenews.com.br\/?p=13387","og_locale":"pt_PT","og_type":"article","og_title":"Quando arte e inclus\u00e3o caminham juntas: livro Os Inclusos e os Sisos ser\u00e1 lan\u00e7ado dia 18\/01 -","og_description":"No dia 18\/1, Claudia Werneck, superintendente geral da Escola de Gente, lan\u00e7a na Livraria Argumento (Leblon - RJ), seu 12\u00ba livro: Os Inclusos e os Sisos \u2013 Teatro de Mobiliza\u00e7\u00e3o pela Diversidade. Durante o evento, ela vai explicar o que \u00e9 o livro acess\u00edvel usando como exemplo a nova publica\u00e7\u00e3o, que foi editada no formato em espiral, para facilitar o manuseio por parte de pessoas com dificuldades motoras, e em oito diferentes m\u00eddias, o que permite acesso a pessoas com v\u00e1rias defici\u00eancias ou dificuldades. A obra n\u00e3o ser\u00e1 vendida, mas distribu\u00edda, para facilitar o acesso a pessoas e institui\u00e7\u00f5es interessadas em conhecer livros em formato acess\u00edvel.","og_url":"https:\/\/inclusivenews.com.br\/?p=13387","article_publisher":"https:\/\/www.facebook.com\/agenciainclusive\/","article_published_time":"2010-01-13T09:52:45+00:00","og_image":[{"url":"http:\/\/inclusivenews.com.br\/wp-content\/uploads\/2010\/01\/inclusos.jpg","type":"","width":"","height":""}],"author":"inclusivenews2024","twitter_card":"summary_large_image","twitter_misc":{"Escrito por":"inclusivenews2024","Tempo estimado de leitura":"5 minutos"},"schema":{"@context":"https:\/\/schema.org","@graph":[{"@type":"Article","@id":"https:\/\/inclusivenews.com.br\/?p=13387#article","isPartOf":{"@id":"https:\/\/inclusivenews.com.br\/?p=13387"},"author":{"name":"inclusivenews2024","@id":"https:\/\/inclusivenews.com.br\/#\/schema\/person\/ae4ec7087559b8692fb33b6fffd2273b"},"headline":"Quando arte e inclus\u00e3o caminham juntas: livro Os Inclusos e os Sisos ser\u00e1 lan\u00e7ado dia 18\/01","datePublished":"2010-01-13T09:52:45+00:00","mainEntityOfPage":{"@id":"https:\/\/inclusivenews.com.br\/?p=13387"},"wordCount":980,"commentCount":0,"publisher":{"@id":"https:\/\/inclusivenews.com.br\/#organization"},"image":{"@id":"https:\/\/inclusivenews.com.br\/?p=13387#primaryimage"},"thumbnailUrl":"http:\/\/inclusivenews.com.br\/wp-content\/uploads\/2010\/01\/inclusos.jpg","articleSection":["Cultura","Cursos e eventos","INCLUS\u00c3O SOCIAL","Lan\u00e7amentos","Livros","NOT\u00cdCIAS","PUBLICA\u00c7\u00d5ES"],"inLanguage":"pt-PT","potentialAction":[{"@type":"CommentAction","name":"Comment","target":["https:\/\/inclusivenews.com.br\/?p=13387#respond"]}]},{"@type":"WebPage","@id":"https:\/\/inclusivenews.com.br\/?p=13387","url":"https:\/\/inclusivenews.com.br\/?p=13387","name":"Quando arte e inclus\u00e3o caminham juntas: livro Os Inclusos e os Sisos ser\u00e1 lan\u00e7ado dia 18\/01 -","isPartOf":{"@id":"https:\/\/inclusivenews.com.br\/#website"},"primaryImageOfPage":{"@id":"https:\/\/inclusivenews.com.br\/?p=13387#primaryimage"},"image":{"@id":"https:\/\/inclusivenews.com.br\/?p=13387#primaryimage"},"thumbnailUrl":"http:\/\/inclusivenews.com.br\/wp-content\/uploads\/2010\/01\/inclusos.jpg","datePublished":"2010-01-13T09:52:45+00:00","breadcrumb":{"@id":"https:\/\/inclusivenews.com.br\/?p=13387#breadcrumb"},"inLanguage":"pt-PT","potentialAction":[{"@type":"ReadAction","target":["https:\/\/inclusivenews.com.br\/?p=13387"]}]},{"@type":"ImageObject","inLanguage":"pt-PT","@id":"https:\/\/inclusivenews.com.br\/?p=13387#primaryimage","url":"","contentUrl":""},{"@type":"BreadcrumbList","@id":"https:\/\/inclusivenews.com.br\/?p=13387#breadcrumb","itemListElement":[{"@type":"ListItem","position":1,"name":"In\u00edcio","item":"https:\/\/inclusivenews.com.br\/"},{"@type":"ListItem","position":2,"name":"Quando arte e inclus\u00e3o caminham juntas: livro Os Inclusos e os Sisos ser\u00e1 lan\u00e7ado dia 18\/01"}]},{"@type":"WebSite","@id":"https:\/\/inclusivenews.com.br\/#website","url":"https:\/\/inclusivenews.com.br\/","name":"Inclusive News","description":"Inclusive News","publisher":{"@id":"https:\/\/inclusivenews.com.br\/#organization"},"potentialAction":[{"@type":"SearchAction","target":{"@type":"EntryPoint","urlTemplate":"https:\/\/inclusivenews.com.br\/?s={search_term_string}"},"query-input":{"@type":"PropertyValueSpecification","valueRequired":true,"valueName":"search_term_string"}}],"inLanguage":"pt-PT"},{"@type":"Organization","@id":"https:\/\/inclusivenews.com.br\/#organization","name":"Inclusive - inclus\u00e3o e cidadania","url":"https:\/\/inclusivenews.com.br\/","logo":{"@type":"ImageObject","inLanguage":"pt-PT","@id":"https:\/\/inclusivenews.com.br\/#\/schema\/logo\/image\/","url":"https:\/\/inclusivenews.com.br\/wp-content\/uploads\/2024\/03\/@grandesite.png","contentUrl":"https:\/\/inclusivenews.com.br\/wp-content\/uploads\/2024\/03\/@grandesite.png","width":1080,"height":1080,"caption":"Inclusive - inclus\u00e3o e cidadania"},"image":{"@id":"https:\/\/inclusivenews.com.br\/#\/schema\/logo\/image\/"},"sameAs":["https:\/\/www.facebook.com\/agenciainclusive\/","https:\/\/www.instagram.com\/newsinclusive\/"]},{"@type":"Person","@id":"https:\/\/inclusivenews.com.br\/#\/schema\/person\/ae4ec7087559b8692fb33b6fffd2273b","name":"inclusivenews2024","image":{"@type":"ImageObject","inLanguage":"pt-PT","@id":"https:\/\/secure.gravatar.com\/avatar\/c5a7ef84c66fa914f55bc4f7ce26cfa275a3b9a1c5568b907bd184fb4dde7b40?s=96&d=mm&r=g","url":"https:\/\/secure.gravatar.com\/avatar\/c5a7ef84c66fa914f55bc4f7ce26cfa275a3b9a1c5568b907bd184fb4dde7b40?s=96&d=mm&r=g","contentUrl":"https:\/\/secure.gravatar.com\/avatar\/c5a7ef84c66fa914f55bc4f7ce26cfa275a3b9a1c5568b907bd184fb4dde7b40?s=96&d=mm&r=g","caption":"inclusivenews2024"},"sameAs":["https:\/\/inclusivenews.com.br"],"url":"https:\/\/inclusivenews.com.br\/?author=1"}]}},"_links":{"self":[{"href":"https:\/\/inclusivenews.com.br\/index.php?rest_route=\/wp\/v2\/posts\/13387","targetHints":{"allow":["GET"]}}],"collection":[{"href":"https:\/\/inclusivenews.com.br\/index.php?rest_route=\/wp\/v2\/posts"}],"about":[{"href":"https:\/\/inclusivenews.com.br\/index.php?rest_route=\/wp\/v2\/types\/post"}],"author":[{"embeddable":true,"href":"https:\/\/inclusivenews.com.br\/index.php?rest_route=\/wp\/v2\/users\/1"}],"replies":[{"embeddable":true,"href":"https:\/\/inclusivenews.com.br\/index.php?rest_route=%2Fwp%2Fv2%2Fcomments&post=13387"}],"version-history":[{"count":0,"href":"https:\/\/inclusivenews.com.br\/index.php?rest_route=\/wp\/v2\/posts\/13387\/revisions"}],"wp:attachment":[{"href":"https:\/\/inclusivenews.com.br\/index.php?rest_route=%2Fwp%2Fv2%2Fmedia&parent=13387"}],"wp:term":[{"taxonomy":"category","embeddable":true,"href":"https:\/\/inclusivenews.com.br\/index.php?rest_route=%2Fwp%2Fv2%2Fcategories&post=13387"},{"taxonomy":"post_tag","embeddable":true,"href":"https:\/\/inclusivenews.com.br\/index.php?rest_route=%2Fwp%2Fv2%2Ftags&post=13387"}],"curies":[{"name":"wp","href":"https:\/\/api.w.org\/{rel}","templated":true}]}}