{"id":13401,"date":"2010-01-14T07:05:06","date_gmt":"2010-01-14T10:05:06","guid":{"rendered":"http:\/\/www.inclusive.org.br\/?p=13401"},"modified":"2010-01-14T07:05:06","modified_gmt":"2010-01-14T10:05:06","slug":"negar-passagem-a-quem-tem-mobilidade-reduzida-podera-ter-punicao","status":"publish","type":"post","link":"https:\/\/inclusivenews.com.br\/?p=13401","title":{"rendered":"Negar passagem a quem tem mobilidade reduzida poder\u00e1 ter puni\u00e7\u00e3o"},"content":{"rendered":"<p><a href=\"http:\/\/www.inclusivenews.com.br\/wp-content\/uploads\/2009\/11\/proibidocadeirante.jpg\"><img loading=\"lazy\" decoding=\"async\" class=\"alignleft size-full wp-image-12760\" title=\"Inclusive - cadeira de rodas com uma tarja indicativa de proibi\u00e7\u00e3o em vermelho.\" src=\"http:\/\/inclusivenews.com.br\/wp-content\/uploads\/2009\/11\/proibidocadeirante.jpg\" alt=\"Inclusive - cadeira de rodas com uma tarja indicativa de proibi\u00e7\u00e3o em vermelho.\" width=\"198\" height=\"193\" \/><\/a><\/p>\n<p align=\"justify\">A C\u00e2mara analisa o Projeto de Lei 5969\/09, de autoria do deputado Vital do R\u00eago Filho (PMDB-PB), que estabelece como infra\u00e7\u00e3o deixar de dar prefer\u00eancia de passagem a pedestres com dificuldade de locomo\u00e7\u00e3o permanente ou mobilidade reduzida ou em ve\u00edculo n\u00e3o motorizado.<\/p>\n<p align=\"justify\">A proposta modifica o C\u00f3digo de Tr\u00e2nsito Brasileiro (Lei 9503\/97). Pela nova reda\u00e7\u00e3o, al\u00e9m dos portadores de defici\u00eancia f\u00edsica, crian\u00e7as, idosos e gestantes, tamb\u00e9m ser\u00e1 considerada infra\u00e7\u00e3o grav\u00edssima quando um motorista n\u00e3o esperar que as pessoas com dificuldade de locomo\u00e7\u00e3o permanente ou mobilidade reduzida atravessem a rua.<\/p>\n<p align=\"justify\">O autor explica que, apesar de serem pessoas que n\u00e3o se enquadram no conceito de portador de defici\u00eancia, elas tamb\u00e9m, por qualquer motivo, provis\u00f3rio ou permanente, t\u00eam dificuldade de se movimentar, tendo a efetiva redu\u00e7\u00e3o da sua mobilidade, flexibilidade, coordena\u00e7\u00e3o motora e percep\u00e7\u00e3o.<\/p>\n<p align=\"justify\"><strong>Defini\u00e7\u00f5es<\/strong><br \/>\nSegundo o texto, considera-se como uma pessoa com mobilidade reduzida aquela que, de forma tempor\u00e1ria ou permanente, tem limitada a sua capacidade de se relacionar com o meio e de utiliz\u00e1-lo.<\/p>\n<p align=\"justify\">&#8220;Entende-se por pessoa com mobilidade reduzida aquela com defici\u00eancia, a idosa, a obesa e a gestante, entre outros&#8221;, exemplifica o deputado. Ele lembra que algumas destas condi\u00e7\u00f5es limitadoras da mobilidade podem se configurar de natureza permanente ou se agravar com o passar do tempo. &#8220;Estas pessoas merecem ser tratadas com mais considera\u00e7\u00e3o&#8221;, argumenta.<\/p>\n<p align=\"justify\"><strong>Tramita\u00e7\u00e3o<\/strong><br \/>\nO projeto tem <span class=\"termoGlossario\" title=\"Rito de tramita\u00e7\u00e3o pelo qual o projeto n\u00e3o precisa ser votado pelo Plen\u00e1rio, apenas pelas comiss\u00f5es designadas para analis\u00e1-lo. O projeto perder\u00e1 esse car\u00e1ter em duas situa\u00e7\u00f5es:  - se houver parecer divergente entre as comiss\u00f5es (rejei\u00e7\u00e3o por uma, aprova\u00e7\u00e3o por outra);   - se, depois de aprovado pelas comiss\u00f5es, houver recurso contra esse rito assinado por 51 deputados (10% do total).  Nos dois casos, o projeto precisar\u00e1 ser votado pelo Plen\u00e1rio.\">car\u00e1ter conclusivo<\/span> e ser\u00e1 analisado pelas comiss\u00f5es de Via\u00e7\u00e3o e Transportes; e de Constitui\u00e7\u00e3o e Justi\u00e7a e de Cidadania.<\/p>\n<h4>\u00cdntegra da proposta:<\/h4>\n<ul>\n<li><a href=\"http:\/\/www2.camara.gov.br\/internet\/proposicoes\/chamadaExterna.html?link=http:\/\/www.camara.gov.br\/internet\/sileg\/Prop_Detalhe.asp?id=448285\">PL-5969\/2009<\/a><\/li>\n<\/ul>\n<p><span>Reportagem &#8211; Juliano Pires<br \/>\nEdi\u00e7\u00e3o &#8211; Newton Ara\u00fajo<br \/>\n_________________________________<br \/>\n<strong><br \/>\nFonte de informa\u00e7\u00e3o: <\/strong><a href=\"http:\/\/www2.camara.gov.br\/agencia\/noticias\/TRANSPORTE-E-TRANSITO\/144590-NEGAR-PASSAGEM-A-QUEM-TEM-MOBILIDADE-REDUZIDA-PODERA-TER-PUNICAO.html\">Ag\u00eancia C\u00e2mara<\/a><br \/>\n<\/span><\/p>\n","protected":false},"excerpt":{"rendered":"<p>A C\u00e2mara analisa o Projeto de Lei 5969\/09, de autoria do deputado Vital do R\u00eago Filho (PMDB-PB), que estabelece como infra\u00e7\u00e3o deixar de dar prefer\u00eancia de passagem a pedestres com dificuldade de locomo\u00e7\u00e3o permanente ou mobilidade reduzida ou em ve\u00edculo n\u00e3o motorizado.<\/p>\n","protected":false},"author":1,"featured_media":0,"comment_status":"open","ping_status":"open","sticky":false,"template":"","format":"standard","meta":{"site-container-style":"default","site-container-layout":"default","site-sidebar-layout":"default","disable-article-header":"default","disable-site-header":"default","disable-site-footer":"default","disable-content-area-spacing":"default","footnotes":""},"categories":[44,38,48,4],"tags":[],"class_list":["post-13401","post","type-post","status-publish","format-standard","hentry","category-acessibilidade","category-deficiencia","category-inclusao","category-noticias"],"yoast_head":"<!-- This site is optimized with the Yoast SEO plugin v27.4 - https:\/\/yoast.com\/product\/yoast-seo-wordpress\/ -->\n<title>Negar passagem a quem tem mobilidade reduzida poder\u00e1 ter puni\u00e7\u00e3o -<\/title>\n<meta name=\"robots\" content=\"index, follow, max-snippet:-1, max-image-preview:large, max-video-preview:-1\" \/>\n<link rel=\"canonical\" href=\"https:\/\/inclusivenews.com.br\/?p=13401\" \/>\n<meta property=\"og:locale\" content=\"pt_PT\" \/>\n<meta property=\"og:type\" content=\"article\" \/>\n<meta property=\"og:title\" content=\"Negar passagem a quem tem mobilidade reduzida poder\u00e1 ter puni\u00e7\u00e3o -\" \/>\n<meta property=\"og:description\" content=\"A C\u00e2mara analisa o Projeto de Lei 5969\/09, de autoria do deputado Vital do R\u00eago Filho (PMDB-PB), que estabelece como infra\u00e7\u00e3o deixar de dar prefer\u00eancia de passagem a pedestres com dificuldade de locomo\u00e7\u00e3o permanente ou mobilidade reduzida ou em ve\u00edculo n\u00e3o motorizado.\" \/>\n<meta property=\"og:url\" content=\"https:\/\/inclusivenews.com.br\/?p=13401\" \/>\n<meta property=\"article:publisher\" content=\"https:\/\/www.facebook.com\/agenciainclusive\/\" \/>\n<meta property=\"article:published_time\" content=\"2010-01-14T10:05:06+00:00\" \/>\n<meta property=\"og:image\" content=\"http:\/\/inclusivenews.com.br\/wp-content\/uploads\/2009\/11\/proibidocadeirante.jpg\" \/>\n<meta name=\"author\" content=\"inclusivenews2024\" \/>\n<meta name=\"twitter:card\" content=\"summary_large_image\" \/>\n<meta name=\"twitter:label1\" content=\"Escrito por\" \/>\n\t<meta name=\"twitter:data1\" content=\"inclusivenews2024\" \/>\n\t<meta name=\"twitter:label2\" content=\"Tempo estimado de leitura\" \/>\n\t<meta name=\"twitter:data2\" content=\"1 minuto\" \/>\n<script type=\"application\/ld+json\" class=\"yoast-schema-graph\">{\"@context\":\"https:\\\/\\\/schema.org\",\"@graph\":[{\"@type\":\"Article\",\"@id\":\"https:\\\/\\\/inclusivenews.com.br\\\/?p=13401#article\",\"isPartOf\":{\"@id\":\"https:\\\/\\\/inclusivenews.com.br\\\/?p=13401\"},\"author\":{\"name\":\"inclusivenews2024\",\"@id\":\"https:\\\/\\\/inclusivenews.com.br\\\/#\\\/schema\\\/person\\\/ae4ec7087559b8692fb33b6fffd2273b\"},\"headline\":\"Negar passagem a quem tem mobilidade reduzida poder\u00e1 ter puni\u00e7\u00e3o\",\"datePublished\":\"2010-01-14T10:05:06+00:00\",\"mainEntityOfPage\":{\"@id\":\"https:\\\/\\\/inclusivenews.com.br\\\/?p=13401\"},\"wordCount\":310,\"commentCount\":0,\"publisher\":{\"@id\":\"https:\\\/\\\/inclusivenews.com.br\\\/#organization\"},\"image\":{\"@id\":\"https:\\\/\\\/inclusivenews.com.br\\\/?p=13401#primaryimage\"},\"thumbnailUrl\":\"http:\\\/\\\/inclusivenews.com.br\\\/wp-content\\\/uploads\\\/2009\\\/11\\\/proibidocadeirante.jpg\",\"articleSection\":[\"ACESSIBILIDADE\",\"Defici\u00eancia\",\"INCLUS\u00c3O SOCIAL\",\"NOT\u00cdCIAS\"],\"inLanguage\":\"pt-PT\",\"potentialAction\":[{\"@type\":\"CommentAction\",\"name\":\"Comment\",\"target\":[\"https:\\\/\\\/inclusivenews.com.br\\\/?p=13401#respond\"]}]},{\"@type\":\"WebPage\",\"@id\":\"https:\\\/\\\/inclusivenews.com.br\\\/?p=13401\",\"url\":\"https:\\\/\\\/inclusivenews.com.br\\\/?p=13401\",\"name\":\"Negar passagem a quem tem mobilidade reduzida poder\u00e1 ter puni\u00e7\u00e3o -\",\"isPartOf\":{\"@id\":\"https:\\\/\\\/inclusivenews.com.br\\\/#website\"},\"primaryImageOfPage\":{\"@id\":\"https:\\\/\\\/inclusivenews.com.br\\\/?p=13401#primaryimage\"},\"image\":{\"@id\":\"https:\\\/\\\/inclusivenews.com.br\\\/?p=13401#primaryimage\"},\"thumbnailUrl\":\"http:\\\/\\\/inclusivenews.com.br\\\/wp-content\\\/uploads\\\/2009\\\/11\\\/proibidocadeirante.jpg\",\"datePublished\":\"2010-01-14T10:05:06+00:00\",\"breadcrumb\":{\"@id\":\"https:\\\/\\\/inclusivenews.com.br\\\/?p=13401#breadcrumb\"},\"inLanguage\":\"pt-PT\",\"potentialAction\":[{\"@type\":\"ReadAction\",\"target\":[\"https:\\\/\\\/inclusivenews.com.br\\\/?p=13401\"]}]},{\"@type\":\"ImageObject\",\"inLanguage\":\"pt-PT\",\"@id\":\"https:\\\/\\\/inclusivenews.com.br\\\/?p=13401#primaryimage\",\"url\":\"https:\\\/\\\/inclusivenews.com.br\\\/wp-content\\\/uploads\\\/2009\\\/11\\\/proibidocadeirante.jpg\",\"contentUrl\":\"https:\\\/\\\/inclusivenews.com.br\\\/wp-content\\\/uploads\\\/2009\\\/11\\\/proibidocadeirante.jpg\",\"width\":247,\"height\":241,\"caption\":\"Inclusive - cadeira de rodas com uma tarja indicativa de proibi\u00e7\u00e3o em vermelho.\"},{\"@type\":\"BreadcrumbList\",\"@id\":\"https:\\\/\\\/inclusivenews.com.br\\\/?p=13401#breadcrumb\",\"itemListElement\":[{\"@type\":\"ListItem\",\"position\":1,\"name\":\"In\u00edcio\",\"item\":\"https:\\\/\\\/inclusivenews.com.br\\\/\"},{\"@type\":\"ListItem\",\"position\":2,\"name\":\"Negar passagem a quem tem mobilidade reduzida poder\u00e1 ter puni\u00e7\u00e3o\"}]},{\"@type\":\"WebSite\",\"@id\":\"https:\\\/\\\/inclusivenews.com.br\\\/#website\",\"url\":\"https:\\\/\\\/inclusivenews.com.br\\\/\",\"name\":\"Inclusive News\",\"description\":\"Inclusive News\",\"publisher\":{\"@id\":\"https:\\\/\\\/inclusivenews.com.br\\\/#organization\"},\"potentialAction\":[{\"@type\":\"SearchAction\",\"target\":{\"@type\":\"EntryPoint\",\"urlTemplate\":\"https:\\\/\\\/inclusivenews.com.br\\\/?s={search_term_string}\"},\"query-input\":{\"@type\":\"PropertyValueSpecification\",\"valueRequired\":true,\"valueName\":\"search_term_string\"}}],\"inLanguage\":\"pt-PT\"},{\"@type\":\"Organization\",\"@id\":\"https:\\\/\\\/inclusivenews.com.br\\\/#organization\",\"name\":\"Inclusive - inclus\u00e3o e cidadania\",\"url\":\"https:\\\/\\\/inclusivenews.com.br\\\/\",\"logo\":{\"@type\":\"ImageObject\",\"inLanguage\":\"pt-PT\",\"@id\":\"https:\\\/\\\/inclusivenews.com.br\\\/#\\\/schema\\\/logo\\\/image\\\/\",\"url\":\"https:\\\/\\\/inclusivenews.com.br\\\/wp-content\\\/uploads\\\/2024\\\/03\\\/@grandesite.png\",\"contentUrl\":\"https:\\\/\\\/inclusivenews.com.br\\\/wp-content\\\/uploads\\\/2024\\\/03\\\/@grandesite.png\",\"width\":1080,\"height\":1080,\"caption\":\"Inclusive - inclus\u00e3o e cidadania\"},\"image\":{\"@id\":\"https:\\\/\\\/inclusivenews.com.br\\\/#\\\/schema\\\/logo\\\/image\\\/\"},\"sameAs\":[\"https:\\\/\\\/www.facebook.com\\\/agenciainclusive\\\/\",\"https:\\\/\\\/www.instagram.com\\\/newsinclusive\\\/\"]},{\"@type\":\"Person\",\"@id\":\"https:\\\/\\\/inclusivenews.com.br\\\/#\\\/schema\\\/person\\\/ae4ec7087559b8692fb33b6fffd2273b\",\"name\":\"inclusivenews2024\",\"image\":{\"@type\":\"ImageObject\",\"inLanguage\":\"pt-PT\",\"@id\":\"https:\\\/\\\/secure.gravatar.com\\\/avatar\\\/c5a7ef84c66fa914f55bc4f7ce26cfa275a3b9a1c5568b907bd184fb4dde7b40?s=96&d=mm&r=g\",\"url\":\"https:\\\/\\\/secure.gravatar.com\\\/avatar\\\/c5a7ef84c66fa914f55bc4f7ce26cfa275a3b9a1c5568b907bd184fb4dde7b40?s=96&d=mm&r=g\",\"contentUrl\":\"https:\\\/\\\/secure.gravatar.com\\\/avatar\\\/c5a7ef84c66fa914f55bc4f7ce26cfa275a3b9a1c5568b907bd184fb4dde7b40?s=96&d=mm&r=g\",\"caption\":\"inclusivenews2024\"},\"sameAs\":[\"https:\\\/\\\/inclusivenews.com.br\"],\"url\":\"https:\\\/\\\/inclusivenews.com.br\\\/?author=1\"}]}<\/script>\n<!-- \/ Yoast SEO plugin. -->","yoast_head_json":{"title":"Negar passagem a quem tem mobilidade reduzida poder\u00e1 ter puni\u00e7\u00e3o -","robots":{"index":"index","follow":"follow","max-snippet":"max-snippet:-1","max-image-preview":"max-image-preview:large","max-video-preview":"max-video-preview:-1"},"canonical":"https:\/\/inclusivenews.com.br\/?p=13401","og_locale":"pt_PT","og_type":"article","og_title":"Negar passagem a quem tem mobilidade reduzida poder\u00e1 ter puni\u00e7\u00e3o -","og_description":"A C\u00e2mara analisa o Projeto de Lei 5969\/09, de autoria do deputado Vital do R\u00eago Filho (PMDB-PB), que estabelece como infra\u00e7\u00e3o deixar de dar prefer\u00eancia de passagem a pedestres com dificuldade de locomo\u00e7\u00e3o permanente ou mobilidade reduzida ou em ve\u00edculo n\u00e3o motorizado.","og_url":"https:\/\/inclusivenews.com.br\/?p=13401","article_publisher":"https:\/\/www.facebook.com\/agenciainclusive\/","article_published_time":"2010-01-14T10:05:06+00:00","og_image":[{"url":"http:\/\/inclusivenews.com.br\/wp-content\/uploads\/2009\/11\/proibidocadeirante.jpg","type":"","width":"","height":""}],"author":"inclusivenews2024","twitter_card":"summary_large_image","twitter_misc":{"Escrito por":"inclusivenews2024","Tempo estimado de leitura":"1 minuto"},"schema":{"@context":"https:\/\/schema.org","@graph":[{"@type":"Article","@id":"https:\/\/inclusivenews.com.br\/?p=13401#article","isPartOf":{"@id":"https:\/\/inclusivenews.com.br\/?p=13401"},"author":{"name":"inclusivenews2024","@id":"https:\/\/inclusivenews.com.br\/#\/schema\/person\/ae4ec7087559b8692fb33b6fffd2273b"},"headline":"Negar passagem a quem tem mobilidade reduzida poder\u00e1 ter puni\u00e7\u00e3o","datePublished":"2010-01-14T10:05:06+00:00","mainEntityOfPage":{"@id":"https:\/\/inclusivenews.com.br\/?p=13401"},"wordCount":310,"commentCount":0,"publisher":{"@id":"https:\/\/inclusivenews.com.br\/#organization"},"image":{"@id":"https:\/\/inclusivenews.com.br\/?p=13401#primaryimage"},"thumbnailUrl":"http:\/\/inclusivenews.com.br\/wp-content\/uploads\/2009\/11\/proibidocadeirante.jpg","articleSection":["ACESSIBILIDADE","Defici\u00eancia","INCLUS\u00c3O SOCIAL","NOT\u00cdCIAS"],"inLanguage":"pt-PT","potentialAction":[{"@type":"CommentAction","name":"Comment","target":["https:\/\/inclusivenews.com.br\/?p=13401#respond"]}]},{"@type":"WebPage","@id":"https:\/\/inclusivenews.com.br\/?p=13401","url":"https:\/\/inclusivenews.com.br\/?p=13401","name":"Negar passagem a quem tem mobilidade reduzida poder\u00e1 ter puni\u00e7\u00e3o -","isPartOf":{"@id":"https:\/\/inclusivenews.com.br\/#website"},"primaryImageOfPage":{"@id":"https:\/\/inclusivenews.com.br\/?p=13401#primaryimage"},"image":{"@id":"https:\/\/inclusivenews.com.br\/?p=13401#primaryimage"},"thumbnailUrl":"http:\/\/inclusivenews.com.br\/wp-content\/uploads\/2009\/11\/proibidocadeirante.jpg","datePublished":"2010-01-14T10:05:06+00:00","breadcrumb":{"@id":"https:\/\/inclusivenews.com.br\/?p=13401#breadcrumb"},"inLanguage":"pt-PT","potentialAction":[{"@type":"ReadAction","target":["https:\/\/inclusivenews.com.br\/?p=13401"]}]},{"@type":"ImageObject","inLanguage":"pt-PT","@id":"https:\/\/inclusivenews.com.br\/?p=13401#primaryimage","url":"https:\/\/inclusivenews.com.br\/wp-content\/uploads\/2009\/11\/proibidocadeirante.jpg","contentUrl":"https:\/\/inclusivenews.com.br\/wp-content\/uploads\/2009\/11\/proibidocadeirante.jpg","width":247,"height":241,"caption":"Inclusive - cadeira de rodas com uma tarja indicativa de proibi\u00e7\u00e3o em vermelho."},{"@type":"BreadcrumbList","@id":"https:\/\/inclusivenews.com.br\/?p=13401#breadcrumb","itemListElement":[{"@type":"ListItem","position":1,"name":"In\u00edcio","item":"https:\/\/inclusivenews.com.br\/"},{"@type":"ListItem","position":2,"name":"Negar passagem a quem tem mobilidade reduzida poder\u00e1 ter puni\u00e7\u00e3o"}]},{"@type":"WebSite","@id":"https:\/\/inclusivenews.com.br\/#website","url":"https:\/\/inclusivenews.com.br\/","name":"Inclusive News","description":"Inclusive News","publisher":{"@id":"https:\/\/inclusivenews.com.br\/#organization"},"potentialAction":[{"@type":"SearchAction","target":{"@type":"EntryPoint","urlTemplate":"https:\/\/inclusivenews.com.br\/?s={search_term_string}"},"query-input":{"@type":"PropertyValueSpecification","valueRequired":true,"valueName":"search_term_string"}}],"inLanguage":"pt-PT"},{"@type":"Organization","@id":"https:\/\/inclusivenews.com.br\/#organization","name":"Inclusive - inclus\u00e3o e cidadania","url":"https:\/\/inclusivenews.com.br\/","logo":{"@type":"ImageObject","inLanguage":"pt-PT","@id":"https:\/\/inclusivenews.com.br\/#\/schema\/logo\/image\/","url":"https:\/\/inclusivenews.com.br\/wp-content\/uploads\/2024\/03\/@grandesite.png","contentUrl":"https:\/\/inclusivenews.com.br\/wp-content\/uploads\/2024\/03\/@grandesite.png","width":1080,"height":1080,"caption":"Inclusive - inclus\u00e3o e cidadania"},"image":{"@id":"https:\/\/inclusivenews.com.br\/#\/schema\/logo\/image\/"},"sameAs":["https:\/\/www.facebook.com\/agenciainclusive\/","https:\/\/www.instagram.com\/newsinclusive\/"]},{"@type":"Person","@id":"https:\/\/inclusivenews.com.br\/#\/schema\/person\/ae4ec7087559b8692fb33b6fffd2273b","name":"inclusivenews2024","image":{"@type":"ImageObject","inLanguage":"pt-PT","@id":"https:\/\/secure.gravatar.com\/avatar\/c5a7ef84c66fa914f55bc4f7ce26cfa275a3b9a1c5568b907bd184fb4dde7b40?s=96&d=mm&r=g","url":"https:\/\/secure.gravatar.com\/avatar\/c5a7ef84c66fa914f55bc4f7ce26cfa275a3b9a1c5568b907bd184fb4dde7b40?s=96&d=mm&r=g","contentUrl":"https:\/\/secure.gravatar.com\/avatar\/c5a7ef84c66fa914f55bc4f7ce26cfa275a3b9a1c5568b907bd184fb4dde7b40?s=96&d=mm&r=g","caption":"inclusivenews2024"},"sameAs":["https:\/\/inclusivenews.com.br"],"url":"https:\/\/inclusivenews.com.br\/?author=1"}]}},"_links":{"self":[{"href":"https:\/\/inclusivenews.com.br\/index.php?rest_route=\/wp\/v2\/posts\/13401","targetHints":{"allow":["GET"]}}],"collection":[{"href":"https:\/\/inclusivenews.com.br\/index.php?rest_route=\/wp\/v2\/posts"}],"about":[{"href":"https:\/\/inclusivenews.com.br\/index.php?rest_route=\/wp\/v2\/types\/post"}],"author":[{"embeddable":true,"href":"https:\/\/inclusivenews.com.br\/index.php?rest_route=\/wp\/v2\/users\/1"}],"replies":[{"embeddable":true,"href":"https:\/\/inclusivenews.com.br\/index.php?rest_route=%2Fwp%2Fv2%2Fcomments&post=13401"}],"version-history":[{"count":0,"href":"https:\/\/inclusivenews.com.br\/index.php?rest_route=\/wp\/v2\/posts\/13401\/revisions"}],"wp:attachment":[{"href":"https:\/\/inclusivenews.com.br\/index.php?rest_route=%2Fwp%2Fv2%2Fmedia&parent=13401"}],"wp:term":[{"taxonomy":"category","embeddable":true,"href":"https:\/\/inclusivenews.com.br\/index.php?rest_route=%2Fwp%2Fv2%2Fcategories&post=13401"},{"taxonomy":"post_tag","embeddable":true,"href":"https:\/\/inclusivenews.com.br\/index.php?rest_route=%2Fwp%2Fv2%2Ftags&post=13401"}],"curies":[{"name":"wp","href":"https:\/\/api.w.org\/{rel}","templated":true}]}}