{"id":13402,"date":"2010-01-15T05:58:34","date_gmt":"2010-01-15T08:58:34","guid":{"rendered":"http:\/\/www.inclusive.org.br\/?p=13402"},"modified":"2010-01-15T05:58:34","modified_gmt":"2010-01-15T08:58:34","slug":"a-verdade-faz-bem-ao-brasil-por-marino-boeira","status":"publish","type":"post","link":"https:\/\/inclusivenews.com.br\/?p=13402","title":{"rendered":"A verdade faz bem ao Brasil, por Marino Boeira"},"content":{"rendered":"<p><strong><a href=\"http:\/\/www.inclusivenews.com.br\/wp-content\/uploads\/2009\/11\/logo_final_viapolitica.jpg\"><img loading=\"lazy\" decoding=\"async\" class=\"alignleft size-full wp-image-12629\" title=\"Via Politica - livre informa\u00e7\u00e3o e cultura.\" src=\"http:\/\/inclusivenews.com.br\/wp-content\/uploads\/2009\/11\/logo_final_viapolitica.jpg\" alt=\"Via Politica - livre informa\u00e7\u00e3o e cultura.\" width=\"276\" height=\"276\" srcset=\"https:\/\/inclusivenews.com.br\/wp-content\/uploads\/2009\/11\/logo_final_viapolitica.jpg 276w, https:\/\/inclusivenews.com.br\/wp-content\/uploads\/2009\/11\/logo_final_viapolitica-150x150.jpg 150w\" sizes=\"auto, (max-width: 276px) 100vw, 276px\" \/><\/a>Por Marino Boeira<\/strong><\/p>\n<p><span class=\"TituloMateria_Laranja\"><strong>Gorende<\/strong>r<\/span><\/p>\n<p style=\"text-align: justify;\">Enquanto a Argentina e o Chile j\u00e1 levantaram as barreiras que mant\u00eam em segredo os crimes ocorridos durante as suas ditaduras militares (ainda esta semana, a presidente da Argentina, Cristina Kirchner, assinou decreto no qual se ordena a abertura dos arquivos relacionados \u00e0 atua\u00e7\u00e3o das For\u00e7as Armadas durante a ditadura militar que governou o pa\u00eds entre 1973 e 1986), os t\u00edmidos passos do governo brasileiro em dire\u00e7\u00e3o \u00e0 abertura da caixa preta onde se escondem as torturas e assassinatos praticados contra presos sob responsabilidade do Estado, a partir de 1964, geram fortes cr\u00edticas de setores militares, come\u00e7ando pelo ministro da Defesa, o civil Nelson Jobim.<\/p>\n<p style=\"text-align: justify;\">A cria\u00e7\u00e3o da Comiss\u00e3o da Verdade, bancada pelos ministros Paulo Vannuchi, de Direitos e Humanos e Tarso Genro, da Justi\u00e7a, \u00e9 vista como uma tentativa de rever a Lei de Anistia, quando ela obedece apenas a uma orienta\u00e7\u00e3o da ONU de que leis de anistia n\u00e3o devem proteger os torturadores. A Comiss\u00e3o da Verdade tem tr\u00eas propostas b\u00e1sicas:<br \/>\n&#8211; Identificar e sinalizar locais p\u00fablicos que serviram \u00e0 repress\u00e3o ditatorial, bem como locais onde foram ocultados corpos e restos mortais de perseguidos pol\u00edticos.<br \/>\n&#8211; Criar grupo de trabalho para discutir com o Congresso a revoga\u00e7\u00e3o de leis remanescentes que sejam contr\u00e1rias \u00e0 garantia dos Direitos Humanos ou tenham dado sustenta\u00e7\u00e3o a graves viola\u00e7\u00f5es.<br \/>\n&#8211; Propor legisla\u00e7\u00e3o proibindo que logradouros e pr\u00e9dios p\u00fablicos recebam nomes de pessoas que praticaram crimes de lesa-humanidade e a altera\u00e7\u00e3o dos existentes.<\/p>\n<p align=\"justify\">O presidente da Ordem dos Advogados do Brasil, Cezar Brito, fez uma declara\u00e7\u00e3o de apoio da OAB ao projeto, dizendo que \u201co Brasil n\u00e3o pode se acovardar e querer esconder a verdade. Anistia n\u00e3o \u00e9 amn\u00e9sia. \u00c9 preciso conhecer a hist\u00f3ria para corrigir erros e ressaltar acertos. O povo que n\u00e3o conhece seu passado, a sua hist\u00f3ria, certamente pode voltar a viver tempos tenebrosos e de triste mem\u00f3ria como tempos idos e n\u00e3o muito distantes\u201d.<\/p>\n<p align=\"justify\">Nessa hora em que voltam a ser discutidos o que foram os chamados \u201canos de chumbo\u201d para o Brasil, \u00e9 importante que se lembre a figura de Jacob Gorender, um dos mais importantes intelectuais brasileiros de forma\u00e7\u00e3o marxista. Seu livro <a class=\"mancheteMenor\" href=\"http:\/\/www2.fpa.org.br\/portal\/modules\/news\/article.php?storyid=306\"><em>Combate nas Trevas<\/em> <\/a> \u00e9 retrato preciso das ilus\u00f5es da esquerda brasileira e dos erros que a levaram \u00e0 luta armada e ao abandono das pr\u00e1ticas pol\u00edticas. Mesmo criticando a militariza\u00e7\u00e3o da luta dos partidos de esquerda ap\u00f3s 64, Gorender percebe bem as diferen\u00e7as entre os lados que se enfrentaram nesse per\u00edodo, ao dizer no seu livro: \u201cSe quiser compreend\u00ea-la na perspectiva da sua hist\u00f3ria, a esquerda deve assumir a viol\u00eancia que praticou. O que em absoluto fundamenta a conclus\u00e3o enganosa e vulgar de que houve viol\u00eancia de parte a parte e, uns pelos outros, as culpas se compensam. Nenhum dos lados julga pelo mesmo crit\u00e9rio as duas viol\u00eancias \u2013 a do opressor e a do oprimido. \u00c9 perda de tempo discutir sobre a responsabilidade de quem atirou primeiro. A viol\u00eancia original \u00e9 a do opressor, porque inexiste opress\u00e3o sem viol\u00eancia cotidiana incessante. A ditadura militar deu forma extremada \u00e0 viol\u00eancia do opressor. A viol\u00eancia do oprimido veio como resposta.\u201d<\/p>\n<p class=\"TituloMateria_Laranja\" align=\"justify\"><strong>Sarney <\/strong><\/p>\n<p align=\"justify\">O jornalista Palm\u00e9rio D\u00f3ria foi extremamente corajoso ao lan\u00e7ar o livro <em>Honor\u00e1veis Bandidos<\/em>, cujo subt\u00edtulo \u00e9 <a class=\"mancheteMenor\" href=\"http:\/\/www.youtube.com\/watch?v=Ofn-ZBVx0Bk&amp;feature=related\"><em>Um retrato do Brasil na era Sarney<\/em><\/a>. A coragem est\u00e1 tanto em \u201cmatar a cobra e mostrar o pau\u201d quando fala das grandes maracutaias em que se envolveram o atual presidente do Senado e sua fam\u00edlia, como tamb\u00e9m em n\u00e3o deixar de lado nomes poderosos da Rep\u00fablica, inclusive o que ele chama de \u201caltas togas\u201d, se referindo a ministros do Supremo.<\/p>\n<p class=\"TituloMateria_Laranja\" align=\"justify\"><strong>Casoy<\/strong><\/p>\n<p align=\"justify\">Boris Casoy tem uma longa trajet\u00f3ria de servi\u00e7o \u00e0s causas menos nobres da sociedade, mas mesmo assim (ou talvez por isso mesmo) tem conseguido manter uma posi\u00e7\u00e3o de evid\u00eancia nos meios de comunica\u00e7\u00e3o. Depois de ser acusado de pertencer ao <a class=\"mancheteMenor\" href=\"http:\/\/pt.wikipedia.org\/wiki\/Comando_de_Ca%C3%A7a_aos_Comunistas\">Comando de Ca\u00e7a aos Comunistas (CCC)<\/a>, uma organiza\u00e7\u00e3o paramilitar voltada para a viol\u00eancia contra quem n\u00e3o rezasse pela sua cartilha, quando era estudante na Faculdade de Direito Mackenzie, em 64, foi indicado pelos militares para substituir Cl\u00e1udio Abramo na dire\u00e7\u00e3o de reda\u00e7\u00e3o da <em>Folha de S.Paulo<\/em>. Mais tarde, se notabilizou no SBT com o seu bord\u00e3o moralista \u201cIsto \u00e9 uma vergonha. \u00c9 preciso passar o Brasil a limpo\u201d.<\/p>\n<p align=\"justify\">Agora, sua postura reacion\u00e1ria e antipovo se tornou p\u00fablica, depois da gafe cometida durante transmiss\u00e3o de um telejornal da Band, onde infelizmente ainda atua. Durante a apresenta\u00e7\u00e3o de <a class=\"mancheteMenor\" href=\"http:\/\/www.youtube.com\/watch?v=f_E4j7vi3js\">uma vinheta mostrando dois garis <\/a> numa mensagem de fim de ano, sua voz vazou sob as imagens e todos puderam ouvir o que ele pensa realmente sobre estes modestos trabalhadores: \u201cQue merda&#8230;dois lixeiros falando do alto de suas vassouras. Dois lixeiros&#8230;o mais baixo da escala social\u201d. <strong> <\/strong><\/p>\n<p class=\"TituloMateria_Laranja\" align=\"justify\"><strong>Narcisismo<\/strong><\/p>\n<p align=\"justify\">O jornal <em>Zero Hora<\/em>, de Porto Alegre, pertencente ao grupo RBS, resolveu inverter aquela m\u00e1xima de que a not\u00edcia \u00e9 mais importante do que o jornalista. Na edi\u00e7\u00e3o de 5 de janeiro, por exemplo, 13 de suas colunas eram encimadas por fotos dos jornalistas respons\u00e1veis pelos textos. N\u00e3o bastasse isso, na capa, uma chamada de destaque traz, ocupando quase l\/4 da p\u00e1gina, uma ilustra\u00e7\u00e3o do cronista que escreve sobre o dia na beira do mar. Na contracapa, mais tr\u00eas fotos de jornalistas &#8211; uma ainda justific\u00e1vel do imortal Moacyr Scliar, com um \u00f3timo artigo sobre Albert Camus, mas as outras duas, apenas para ilustrar chamadas de not\u00edcias que, no corpo do jornal, t\u00eam apenas 3 ou 4 linhas. \u00c9 narcisismo demais.<\/p>\n<p align=\"justify\"><strong>9\/1\/2010<\/strong><\/p>\n<p align=\"justify\"><strong> <\/strong><strong>Marino Boeira \u00e9 graduado em Hist\u00f3ria pela Universidade Federal do Rio Grande do Sul (UFRGS). \u00c9 jornalista e publicit\u00e1rio em Porto Alegre. \u00c9 professor universit\u00e1rio na \u00e1rea de Comunica\u00e7\u00e3o Social. Publicou <em>De Quatro <\/em>(cr\u00f4nicas com outros tr\u00eas autores); <em>Raul: Crime na Madrugada<\/em> (novela); <em>Tudo que voc\u00ea n\u00e3o deve fazer para ganhar dinheiro na propaganda<\/em> (novela). Participa\u00e7\u00f5es em obras coletivas: <em>N\u00f3s e a Legalidade; Porto Alegre \u00e9 assim, Salimen<\/em>, uma hist\u00f3ria escrita em cores, e <em>Publicidade e Propaganda &#8211; 200 anos de hist\u00f3ria no Brasil<\/em>. <\/strong><strong><strong>E-mail: <a class=\"mancheteMenor\" href=\"mailto:marinobo@uol.com.br\">marinobo@uol.com.br<\/a><\/strong><\/strong><\/p>\n<p align=\"justify\">______________________________________<\/p>\n<p align=\"justify\"><strong><strong><strong>Fonte de informa\u00e7\u00e3o:<\/strong> <a href=\"http:\/\/www.viapolitica.com.br\/bloco_notas_13.php\">Via Pol\u00edtica\/O Autor<\/a><\/p>\n<p><\/strong><\/strong><\/p>\n","protected":false},"excerpt":{"rendered":"<p>Marino Boeira traz a luz Jacob Gorender para debater a pol\u00eamica instalada em torno do Porgrama Nacional de Direitos Humanos. De quebra, analisa tamb\u00e9m como o narcisismo pode afetar os formadores de opini\u00e3o. Da Via Pol\u00edtica.<\/p>\n","protected":false},"author":1,"featured_media":0,"comment_status":"open","ping_status":"open","sticky":false,"template":"","format":"standard","meta":{"site-container-style":"default","site-container-layout":"default","site-sidebar-layout":"default","disable-article-header":"default","disable-site-header":"default","disable-site-footer":"default","disable-content-area-spacing":"default","footnotes":""},"categories":[8],"tags":[],"class_list":["post-13402","post","type-post","status-publish","format-standard","hentry","category-textos-e-artigos"],"yoast_head":"<!-- This site is optimized with the Yoast SEO plugin v27.4 - https:\/\/yoast.com\/product\/yoast-seo-wordpress\/ -->\n<title>A verdade faz bem ao Brasil, por Marino Boeira -<\/title>\n<meta name=\"robots\" content=\"index, follow, max-snippet:-1, max-image-preview:large, max-video-preview:-1\" \/>\n<link rel=\"canonical\" href=\"https:\/\/inclusivenews.com.br\/?p=13402\" \/>\n<meta property=\"og:locale\" content=\"pt_PT\" \/>\n<meta property=\"og:type\" content=\"article\" \/>\n<meta property=\"og:title\" content=\"A verdade faz bem ao Brasil, por Marino Boeira -\" \/>\n<meta property=\"og:description\" content=\"Marino Boeira traz a luz Jacob Gorender para debater a pol\u00eamica instalada em torno do Porgrama Nacional de Direitos Humanos. De quebra, analisa tamb\u00e9m como o narcisismo pode afetar os formadores de opini\u00e3o. Da Via Pol\u00edtica.\" \/>\n<meta property=\"og:url\" content=\"https:\/\/inclusivenews.com.br\/?p=13402\" \/>\n<meta property=\"article:publisher\" content=\"https:\/\/www.facebook.com\/agenciainclusive\/\" \/>\n<meta property=\"article:published_time\" content=\"2010-01-15T08:58:34+00:00\" \/>\n<meta property=\"og:image\" content=\"http:\/\/inclusivenews.com.br\/wp-content\/uploads\/2009\/11\/logo_final_viapolitica.jpg\" \/>\n<meta name=\"author\" content=\"inclusivenews2024\" \/>\n<meta name=\"twitter:card\" content=\"summary_large_image\" \/>\n<meta name=\"twitter:label1\" content=\"Escrito por\" \/>\n\t<meta name=\"twitter:data1\" content=\"inclusivenews2024\" \/>\n\t<meta name=\"twitter:label2\" content=\"Tempo estimado de leitura\" \/>\n\t<meta name=\"twitter:data2\" content=\"5 minutos\" \/>\n<script type=\"application\/ld+json\" class=\"yoast-schema-graph\">{\"@context\":\"https:\\\/\\\/schema.org\",\"@graph\":[{\"@type\":\"Article\",\"@id\":\"https:\\\/\\\/inclusivenews.com.br\\\/?p=13402#article\",\"isPartOf\":{\"@id\":\"https:\\\/\\\/inclusivenews.com.br\\\/?p=13402\"},\"author\":{\"name\":\"inclusivenews2024\",\"@id\":\"https:\\\/\\\/inclusivenews.com.br\\\/#\\\/schema\\\/person\\\/ae4ec7087559b8692fb33b6fffd2273b\"},\"headline\":\"A verdade faz bem ao Brasil, por Marino Boeira\",\"datePublished\":\"2010-01-15T08:58:34+00:00\",\"mainEntityOfPage\":{\"@id\":\"https:\\\/\\\/inclusivenews.com.br\\\/?p=13402\"},\"wordCount\":1082,\"commentCount\":0,\"publisher\":{\"@id\":\"https:\\\/\\\/inclusivenews.com.br\\\/#organization\"},\"image\":{\"@id\":\"https:\\\/\\\/inclusivenews.com.br\\\/?p=13402#primaryimage\"},\"thumbnailUrl\":\"http:\\\/\\\/inclusivenews.com.br\\\/wp-content\\\/uploads\\\/2009\\\/11\\\/logo_final_viapolitica.jpg\",\"articleSection\":[\"OPINI\u00c3O\"],\"inLanguage\":\"pt-PT\",\"potentialAction\":[{\"@type\":\"CommentAction\",\"name\":\"Comment\",\"target\":[\"https:\\\/\\\/inclusivenews.com.br\\\/?p=13402#respond\"]}]},{\"@type\":\"WebPage\",\"@id\":\"https:\\\/\\\/inclusivenews.com.br\\\/?p=13402\",\"url\":\"https:\\\/\\\/inclusivenews.com.br\\\/?p=13402\",\"name\":\"A verdade faz bem ao Brasil, por Marino Boeira -\",\"isPartOf\":{\"@id\":\"https:\\\/\\\/inclusivenews.com.br\\\/#website\"},\"primaryImageOfPage\":{\"@id\":\"https:\\\/\\\/inclusivenews.com.br\\\/?p=13402#primaryimage\"},\"image\":{\"@id\":\"https:\\\/\\\/inclusivenews.com.br\\\/?p=13402#primaryimage\"},\"thumbnailUrl\":\"http:\\\/\\\/inclusivenews.com.br\\\/wp-content\\\/uploads\\\/2009\\\/11\\\/logo_final_viapolitica.jpg\",\"datePublished\":\"2010-01-15T08:58:34+00:00\",\"breadcrumb\":{\"@id\":\"https:\\\/\\\/inclusivenews.com.br\\\/?p=13402#breadcrumb\"},\"inLanguage\":\"pt-PT\",\"potentialAction\":[{\"@type\":\"ReadAction\",\"target\":[\"https:\\\/\\\/inclusivenews.com.br\\\/?p=13402\"]}]},{\"@type\":\"ImageObject\",\"inLanguage\":\"pt-PT\",\"@id\":\"https:\\\/\\\/inclusivenews.com.br\\\/?p=13402#primaryimage\",\"url\":\"https:\\\/\\\/inclusivenews.com.br\\\/wp-content\\\/uploads\\\/2009\\\/11\\\/logo_final_viapolitica.jpg\",\"contentUrl\":\"https:\\\/\\\/inclusivenews.com.br\\\/wp-content\\\/uploads\\\/2009\\\/11\\\/logo_final_viapolitica.jpg\",\"width\":276,\"height\":276,\"caption\":\"Inclusive - logotipo da Via Politica - livre informa\u00e7\u00e3o e cultura.\"},{\"@type\":\"BreadcrumbList\",\"@id\":\"https:\\\/\\\/inclusivenews.com.br\\\/?p=13402#breadcrumb\",\"itemListElement\":[{\"@type\":\"ListItem\",\"position\":1,\"name\":\"In\u00edcio\",\"item\":\"https:\\\/\\\/inclusivenews.com.br\\\/\"},{\"@type\":\"ListItem\",\"position\":2,\"name\":\"A verdade faz bem ao Brasil, por Marino Boeira\"}]},{\"@type\":\"WebSite\",\"@id\":\"https:\\\/\\\/inclusivenews.com.br\\\/#website\",\"url\":\"https:\\\/\\\/inclusivenews.com.br\\\/\",\"name\":\"Inclusive News\",\"description\":\"Inclusive News\",\"publisher\":{\"@id\":\"https:\\\/\\\/inclusivenews.com.br\\\/#organization\"},\"potentialAction\":[{\"@type\":\"SearchAction\",\"target\":{\"@type\":\"EntryPoint\",\"urlTemplate\":\"https:\\\/\\\/inclusivenews.com.br\\\/?s={search_term_string}\"},\"query-input\":{\"@type\":\"PropertyValueSpecification\",\"valueRequired\":true,\"valueName\":\"search_term_string\"}}],\"inLanguage\":\"pt-PT\"},{\"@type\":\"Organization\",\"@id\":\"https:\\\/\\\/inclusivenews.com.br\\\/#organization\",\"name\":\"Inclusive - inclus\u00e3o e cidadania\",\"url\":\"https:\\\/\\\/inclusivenews.com.br\\\/\",\"logo\":{\"@type\":\"ImageObject\",\"inLanguage\":\"pt-PT\",\"@id\":\"https:\\\/\\\/inclusivenews.com.br\\\/#\\\/schema\\\/logo\\\/image\\\/\",\"url\":\"https:\\\/\\\/inclusivenews.com.br\\\/wp-content\\\/uploads\\\/2024\\\/03\\\/@grandesite.png\",\"contentUrl\":\"https:\\\/\\\/inclusivenews.com.br\\\/wp-content\\\/uploads\\\/2024\\\/03\\\/@grandesite.png\",\"width\":1080,\"height\":1080,\"caption\":\"Inclusive - inclus\u00e3o e cidadania\"},\"image\":{\"@id\":\"https:\\\/\\\/inclusivenews.com.br\\\/#\\\/schema\\\/logo\\\/image\\\/\"},\"sameAs\":[\"https:\\\/\\\/www.facebook.com\\\/agenciainclusive\\\/\",\"https:\\\/\\\/www.instagram.com\\\/newsinclusive\\\/\"]},{\"@type\":\"Person\",\"@id\":\"https:\\\/\\\/inclusivenews.com.br\\\/#\\\/schema\\\/person\\\/ae4ec7087559b8692fb33b6fffd2273b\",\"name\":\"inclusivenews2024\",\"image\":{\"@type\":\"ImageObject\",\"inLanguage\":\"pt-PT\",\"@id\":\"https:\\\/\\\/secure.gravatar.com\\\/avatar\\\/c5a7ef84c66fa914f55bc4f7ce26cfa275a3b9a1c5568b907bd184fb4dde7b40?s=96&d=mm&r=g\",\"url\":\"https:\\\/\\\/secure.gravatar.com\\\/avatar\\\/c5a7ef84c66fa914f55bc4f7ce26cfa275a3b9a1c5568b907bd184fb4dde7b40?s=96&d=mm&r=g\",\"contentUrl\":\"https:\\\/\\\/secure.gravatar.com\\\/avatar\\\/c5a7ef84c66fa914f55bc4f7ce26cfa275a3b9a1c5568b907bd184fb4dde7b40?s=96&d=mm&r=g\",\"caption\":\"inclusivenews2024\"},\"sameAs\":[\"https:\\\/\\\/inclusivenews.com.br\"],\"url\":\"https:\\\/\\\/inclusivenews.com.br\\\/?author=1\"}]}<\/script>\n<!-- \/ Yoast SEO plugin. -->","yoast_head_json":{"title":"A verdade faz bem ao Brasil, por Marino Boeira -","robots":{"index":"index","follow":"follow","max-snippet":"max-snippet:-1","max-image-preview":"max-image-preview:large","max-video-preview":"max-video-preview:-1"},"canonical":"https:\/\/inclusivenews.com.br\/?p=13402","og_locale":"pt_PT","og_type":"article","og_title":"A verdade faz bem ao Brasil, por Marino Boeira -","og_description":"Marino Boeira traz a luz Jacob Gorender para debater a pol\u00eamica instalada em torno do Porgrama Nacional de Direitos Humanos. De quebra, analisa tamb\u00e9m como o narcisismo pode afetar os formadores de opini\u00e3o. Da Via Pol\u00edtica.","og_url":"https:\/\/inclusivenews.com.br\/?p=13402","article_publisher":"https:\/\/www.facebook.com\/agenciainclusive\/","article_published_time":"2010-01-15T08:58:34+00:00","og_image":[{"url":"http:\/\/inclusivenews.com.br\/wp-content\/uploads\/2009\/11\/logo_final_viapolitica.jpg","type":"","width":"","height":""}],"author":"inclusivenews2024","twitter_card":"summary_large_image","twitter_misc":{"Escrito por":"inclusivenews2024","Tempo estimado de leitura":"5 minutos"},"schema":{"@context":"https:\/\/schema.org","@graph":[{"@type":"Article","@id":"https:\/\/inclusivenews.com.br\/?p=13402#article","isPartOf":{"@id":"https:\/\/inclusivenews.com.br\/?p=13402"},"author":{"name":"inclusivenews2024","@id":"https:\/\/inclusivenews.com.br\/#\/schema\/person\/ae4ec7087559b8692fb33b6fffd2273b"},"headline":"A verdade faz bem ao Brasil, por Marino Boeira","datePublished":"2010-01-15T08:58:34+00:00","mainEntityOfPage":{"@id":"https:\/\/inclusivenews.com.br\/?p=13402"},"wordCount":1082,"commentCount":0,"publisher":{"@id":"https:\/\/inclusivenews.com.br\/#organization"},"image":{"@id":"https:\/\/inclusivenews.com.br\/?p=13402#primaryimage"},"thumbnailUrl":"http:\/\/inclusivenews.com.br\/wp-content\/uploads\/2009\/11\/logo_final_viapolitica.jpg","articleSection":["OPINI\u00c3O"],"inLanguage":"pt-PT","potentialAction":[{"@type":"CommentAction","name":"Comment","target":["https:\/\/inclusivenews.com.br\/?p=13402#respond"]}]},{"@type":"WebPage","@id":"https:\/\/inclusivenews.com.br\/?p=13402","url":"https:\/\/inclusivenews.com.br\/?p=13402","name":"A verdade faz bem ao Brasil, por Marino Boeira -","isPartOf":{"@id":"https:\/\/inclusivenews.com.br\/#website"},"primaryImageOfPage":{"@id":"https:\/\/inclusivenews.com.br\/?p=13402#primaryimage"},"image":{"@id":"https:\/\/inclusivenews.com.br\/?p=13402#primaryimage"},"thumbnailUrl":"http:\/\/inclusivenews.com.br\/wp-content\/uploads\/2009\/11\/logo_final_viapolitica.jpg","datePublished":"2010-01-15T08:58:34+00:00","breadcrumb":{"@id":"https:\/\/inclusivenews.com.br\/?p=13402#breadcrumb"},"inLanguage":"pt-PT","potentialAction":[{"@type":"ReadAction","target":["https:\/\/inclusivenews.com.br\/?p=13402"]}]},{"@type":"ImageObject","inLanguage":"pt-PT","@id":"https:\/\/inclusivenews.com.br\/?p=13402#primaryimage","url":"https:\/\/inclusivenews.com.br\/wp-content\/uploads\/2009\/11\/logo_final_viapolitica.jpg","contentUrl":"https:\/\/inclusivenews.com.br\/wp-content\/uploads\/2009\/11\/logo_final_viapolitica.jpg","width":276,"height":276,"caption":"Inclusive - logotipo da Via Politica - livre informa\u00e7\u00e3o e cultura."},{"@type":"BreadcrumbList","@id":"https:\/\/inclusivenews.com.br\/?p=13402#breadcrumb","itemListElement":[{"@type":"ListItem","position":1,"name":"In\u00edcio","item":"https:\/\/inclusivenews.com.br\/"},{"@type":"ListItem","position":2,"name":"A verdade faz bem ao Brasil, por Marino Boeira"}]},{"@type":"WebSite","@id":"https:\/\/inclusivenews.com.br\/#website","url":"https:\/\/inclusivenews.com.br\/","name":"Inclusive News","description":"Inclusive News","publisher":{"@id":"https:\/\/inclusivenews.com.br\/#organization"},"potentialAction":[{"@type":"SearchAction","target":{"@type":"EntryPoint","urlTemplate":"https:\/\/inclusivenews.com.br\/?s={search_term_string}"},"query-input":{"@type":"PropertyValueSpecification","valueRequired":true,"valueName":"search_term_string"}}],"inLanguage":"pt-PT"},{"@type":"Organization","@id":"https:\/\/inclusivenews.com.br\/#organization","name":"Inclusive - inclus\u00e3o e cidadania","url":"https:\/\/inclusivenews.com.br\/","logo":{"@type":"ImageObject","inLanguage":"pt-PT","@id":"https:\/\/inclusivenews.com.br\/#\/schema\/logo\/image\/","url":"https:\/\/inclusivenews.com.br\/wp-content\/uploads\/2024\/03\/@grandesite.png","contentUrl":"https:\/\/inclusivenews.com.br\/wp-content\/uploads\/2024\/03\/@grandesite.png","width":1080,"height":1080,"caption":"Inclusive - inclus\u00e3o e cidadania"},"image":{"@id":"https:\/\/inclusivenews.com.br\/#\/schema\/logo\/image\/"},"sameAs":["https:\/\/www.facebook.com\/agenciainclusive\/","https:\/\/www.instagram.com\/newsinclusive\/"]},{"@type":"Person","@id":"https:\/\/inclusivenews.com.br\/#\/schema\/person\/ae4ec7087559b8692fb33b6fffd2273b","name":"inclusivenews2024","image":{"@type":"ImageObject","inLanguage":"pt-PT","@id":"https:\/\/secure.gravatar.com\/avatar\/c5a7ef84c66fa914f55bc4f7ce26cfa275a3b9a1c5568b907bd184fb4dde7b40?s=96&d=mm&r=g","url":"https:\/\/secure.gravatar.com\/avatar\/c5a7ef84c66fa914f55bc4f7ce26cfa275a3b9a1c5568b907bd184fb4dde7b40?s=96&d=mm&r=g","contentUrl":"https:\/\/secure.gravatar.com\/avatar\/c5a7ef84c66fa914f55bc4f7ce26cfa275a3b9a1c5568b907bd184fb4dde7b40?s=96&d=mm&r=g","caption":"inclusivenews2024"},"sameAs":["https:\/\/inclusivenews.com.br"],"url":"https:\/\/inclusivenews.com.br\/?author=1"}]}},"_links":{"self":[{"href":"https:\/\/inclusivenews.com.br\/index.php?rest_route=\/wp\/v2\/posts\/13402","targetHints":{"allow":["GET"]}}],"collection":[{"href":"https:\/\/inclusivenews.com.br\/index.php?rest_route=\/wp\/v2\/posts"}],"about":[{"href":"https:\/\/inclusivenews.com.br\/index.php?rest_route=\/wp\/v2\/types\/post"}],"author":[{"embeddable":true,"href":"https:\/\/inclusivenews.com.br\/index.php?rest_route=\/wp\/v2\/users\/1"}],"replies":[{"embeddable":true,"href":"https:\/\/inclusivenews.com.br\/index.php?rest_route=%2Fwp%2Fv2%2Fcomments&post=13402"}],"version-history":[{"count":0,"href":"https:\/\/inclusivenews.com.br\/index.php?rest_route=\/wp\/v2\/posts\/13402\/revisions"}],"wp:attachment":[{"href":"https:\/\/inclusivenews.com.br\/index.php?rest_route=%2Fwp%2Fv2%2Fmedia&parent=13402"}],"wp:term":[{"taxonomy":"category","embeddable":true,"href":"https:\/\/inclusivenews.com.br\/index.php?rest_route=%2Fwp%2Fv2%2Fcategories&post=13402"},{"taxonomy":"post_tag","embeddable":true,"href":"https:\/\/inclusivenews.com.br\/index.php?rest_route=%2Fwp%2Fv2%2Ftags&post=13402"}],"curies":[{"name":"wp","href":"https:\/\/api.w.org\/{rel}","templated":true}]}}