{"id":13404,"date":"2010-01-13T16:34:27","date_gmt":"2010-01-13T19:34:27","guid":{"rendered":"http:\/\/www.inclusive.org.br\/?p=13404"},"modified":"2010-01-13T16:34:27","modified_gmt":"2010-01-13T19:34:27","slug":"falece-a-dra-zilda-arns-fundadora-da-pastoral-da-crianca","status":"publish","type":"post","link":"https:\/\/inclusivenews.com.br\/?p=13404","title":{"rendered":"Falece a Dra. Zilda Arns, fundadora da Pastoral da Crian\u00e7a"},"content":{"rendered":"<figure style=\"width: 275px\" class=\"wp-caption alignleft\"><a href=\"http:\/\/www.pastoraldacrianca.org.br\/Dra-Zilda-02.jpg\"><img loading=\"lazy\" decoding=\"async\" src=\"http:\/\/www.pastoraldacrianca.org.br\/Dra-Zilda-02.jpg\" alt=\"\" width=\"275\" height=\"300\" \/><\/a><figcaption class=\"wp-caption-text\">Zilda Arns em foto da Pastoral da Crian\u00e7a.<\/figcaption><\/figure>\n<p style=\"text-align: justify;\">A Inclusive reproduz a seguir nota da Pastoral da Crian\u00e7a a respeito do falecimento de sua fundadora e coordenadora internacional, a Dra. Zilda Arns, v\u00edtima do terremoto que atingiu o Haiti ontem (12\/01).<\/p>\n<p style=\"text-align: justify;\"><a href=\"http:\/\/www.pastoraldacrianca.org.br\/biografia_dra_zilda.html\" target=\"_blank\" rel=\"noopener\">Conhe\u00e7a a biografia de\u00a0Zilda Arns.<\/a><\/p>\n<p style=\"padding-right: 0px; padding-left: 0px; padding-bottom: 10px; margin: 0px; padding-top: 0px; text-align: justify;\"><strong>NOTA DE PESAR<\/strong><\/p>\n<p style=\"padding-right: 0px; padding-left: 0px; padding-bottom: 10px; margin: 0px; padding-top: 0px; text-align: justify;\">Com pesar, a Coordena\u00e7\u00e3o Nacional da Pastoral da Crian\u00e7a, informa o falecimento da Dra. Zilda Arns Neumann \u2013 Fundadora e Coordenadora Internacional da Pastoral da Crian\u00e7a. Dra. Zilda estava em uma miss\u00e3o humanit\u00e1ria no Haiti e o Gabinete da Presid\u00eancia da Rep\u00fablica confirmou que ela \u00a0encontra-se entre em as v\u00edtimas do forte terremoto que abalou o Haiti nesta ter\u00e7a-feira, 12 de janeiro.<\/p>\n<p style=\"padding-right: 0px; padding-left: 0px; padding-bottom: 10px; margin: 0px; padding-top: 0px; text-align: justify;\">Dra. Zilda estava no Haiti participando da Confer\u00eancia dos Religiosos daqueles pa\u00eds e tamb\u00e9m para motivar os l\u00edderes e volunt\u00e1rios da Pastoral da Crian\u00e7a no Haiti que trabalham com crian\u00e7as, gestantes e fam\u00edlias.<\/p>\n<p style=\"padding-right: 0px; padding-left: 0px; padding-bottom: 10px; margin: 0px; padding-top: 0px; text-align: justify;\">O Senador Fl\u00e1vio Arns, sobrinho da Dra. Zilda Arns, \u00a0est\u00e1 indo para o Haiti, em miss\u00e3o oficial com o Governo Brasileiro.<\/p>\n","protected":false},"excerpt":{"rendered":"<p>A Inclusive reproduz a seguir nota da Pastoral da Crian\u00e7a a respeito do falecimento de sua fundadora e coordenadora interncaional, a Dra. Zilda Arns, v\u00edtima do terremoto que atingiu o Haiti ontem (12\/01).<\/p>\n","protected":false},"author":1,"featured_media":0,"comment_status":"open","ping_status":"open","sticky":false,"template":"","format":"standard","meta":{"site-container-style":"default","site-container-layout":"default","site-sidebar-layout":"default","disable-article-header":"default","disable-site-header":"default","disable-site-footer":"default","disable-content-area-spacing":"default","footnotes":""},"categories":[4],"tags":[60],"class_list":["post-13404","post","type-post","status-publish","format-standard","hentry","category-noticias","tag-infancia"],"yoast_head":"<!-- This site is optimized with the Yoast SEO plugin v27.4 - https:\/\/yoast.com\/product\/yoast-seo-wordpress\/ -->\n<title>Falece a Dra. Zilda Arns, fundadora da Pastoral da Crian\u00e7a -<\/title>\n<meta name=\"robots\" content=\"index, follow, max-snippet:-1, max-image-preview:large, max-video-preview:-1\" \/>\n<link rel=\"canonical\" href=\"https:\/\/inclusivenews.com.br\/?p=13404\" \/>\n<meta property=\"og:locale\" content=\"pt_PT\" \/>\n<meta property=\"og:type\" content=\"article\" \/>\n<meta property=\"og:title\" content=\"Falece a Dra. Zilda Arns, fundadora da Pastoral da Crian\u00e7a -\" \/>\n<meta property=\"og:description\" content=\"A Inclusive reproduz a seguir nota da Pastoral da Crian\u00e7a a respeito do falecimento de sua fundadora e coordenadora interncaional, a Dra. Zilda Arns, v\u00edtima do terremoto que atingiu o Haiti ontem (12\/01).\" \/>\n<meta property=\"og:url\" content=\"https:\/\/inclusivenews.com.br\/?p=13404\" \/>\n<meta property=\"article:publisher\" content=\"https:\/\/www.facebook.com\/agenciainclusive\/\" \/>\n<meta property=\"article:published_time\" content=\"2010-01-13T19:34:27+00:00\" \/>\n<meta property=\"og:image\" content=\"http:\/\/www.pastoraldacrianca.org.br\/Dra-Zilda-02.jpg\" \/>\n<meta name=\"author\" content=\"inclusivenews2024\" \/>\n<meta name=\"twitter:card\" content=\"summary_large_image\" \/>\n<meta name=\"twitter:label1\" content=\"Escrito por\" \/>\n\t<meta name=\"twitter:data1\" content=\"inclusivenews2024\" \/>\n\t<meta name=\"twitter:label2\" content=\"Tempo estimado de leitura\" \/>\n\t<meta name=\"twitter:data2\" content=\"1 minuto\" \/>\n<script type=\"application\/ld+json\" class=\"yoast-schema-graph\">{\"@context\":\"https:\\\/\\\/schema.org\",\"@graph\":[{\"@type\":\"Article\",\"@id\":\"https:\\\/\\\/inclusivenews.com.br\\\/?p=13404#article\",\"isPartOf\":{\"@id\":\"https:\\\/\\\/inclusivenews.com.br\\\/?p=13404\"},\"author\":{\"name\":\"inclusivenews2024\",\"@id\":\"https:\\\/\\\/inclusivenews.com.br\\\/#\\\/schema\\\/person\\\/ae4ec7087559b8692fb33b6fffd2273b\"},\"headline\":\"Falece a Dra. Zilda Arns, fundadora da Pastoral da Crian\u00e7a\",\"datePublished\":\"2010-01-13T19:34:27+00:00\",\"mainEntityOfPage\":{\"@id\":\"https:\\\/\\\/inclusivenews.com.br\\\/?p=13404\"},\"wordCount\":204,\"commentCount\":0,\"publisher\":{\"@id\":\"https:\\\/\\\/inclusivenews.com.br\\\/#organization\"},\"image\":{\"@id\":\"https:\\\/\\\/inclusivenews.com.br\\\/?p=13404#primaryimage\"},\"thumbnailUrl\":\"http:\\\/\\\/www.pastoraldacrianca.org.br\\\/Dra-Zilda-02.jpg\",\"keywords\":[\"Inf\u00e2ncia\"],\"articleSection\":[\"NOT\u00cdCIAS\"],\"inLanguage\":\"pt-PT\",\"potentialAction\":[{\"@type\":\"CommentAction\",\"name\":\"Comment\",\"target\":[\"https:\\\/\\\/inclusivenews.com.br\\\/?p=13404#respond\"]}]},{\"@type\":\"WebPage\",\"@id\":\"https:\\\/\\\/inclusivenews.com.br\\\/?p=13404\",\"url\":\"https:\\\/\\\/inclusivenews.com.br\\\/?p=13404\",\"name\":\"Falece a Dra. Zilda Arns, fundadora da Pastoral da Crian\u00e7a -\",\"isPartOf\":{\"@id\":\"https:\\\/\\\/inclusivenews.com.br\\\/#website\"},\"primaryImageOfPage\":{\"@id\":\"https:\\\/\\\/inclusivenews.com.br\\\/?p=13404#primaryimage\"},\"image\":{\"@id\":\"https:\\\/\\\/inclusivenews.com.br\\\/?p=13404#primaryimage\"},\"thumbnailUrl\":\"http:\\\/\\\/www.pastoraldacrianca.org.br\\\/Dra-Zilda-02.jpg\",\"datePublished\":\"2010-01-13T19:34:27+00:00\",\"breadcrumb\":{\"@id\":\"https:\\\/\\\/inclusivenews.com.br\\\/?p=13404#breadcrumb\"},\"inLanguage\":\"pt-PT\",\"potentialAction\":[{\"@type\":\"ReadAction\",\"target\":[\"https:\\\/\\\/inclusivenews.com.br\\\/?p=13404\"]}]},{\"@type\":\"ImageObject\",\"inLanguage\":\"pt-PT\",\"@id\":\"https:\\\/\\\/inclusivenews.com.br\\\/?p=13404#primaryimage\",\"url\":\"http:\\\/\\\/www.pastoraldacrianca.org.br\\\/Dra-Zilda-02.jpg\",\"contentUrl\":\"http:\\\/\\\/www.pastoraldacrianca.org.br\\\/Dra-Zilda-02.jpg\"},{\"@type\":\"BreadcrumbList\",\"@id\":\"https:\\\/\\\/inclusivenews.com.br\\\/?p=13404#breadcrumb\",\"itemListElement\":[{\"@type\":\"ListItem\",\"position\":1,\"name\":\"In\u00edcio\",\"item\":\"https:\\\/\\\/inclusivenews.com.br\\\/\"},{\"@type\":\"ListItem\",\"position\":2,\"name\":\"Falece a Dra. Zilda Arns, fundadora da Pastoral da Crian\u00e7a\"}]},{\"@type\":\"WebSite\",\"@id\":\"https:\\\/\\\/inclusivenews.com.br\\\/#website\",\"url\":\"https:\\\/\\\/inclusivenews.com.br\\\/\",\"name\":\"Inclusive News\",\"description\":\"Inclusive News\",\"publisher\":{\"@id\":\"https:\\\/\\\/inclusivenews.com.br\\\/#organization\"},\"potentialAction\":[{\"@type\":\"SearchAction\",\"target\":{\"@type\":\"EntryPoint\",\"urlTemplate\":\"https:\\\/\\\/inclusivenews.com.br\\\/?s={search_term_string}\"},\"query-input\":{\"@type\":\"PropertyValueSpecification\",\"valueRequired\":true,\"valueName\":\"search_term_string\"}}],\"inLanguage\":\"pt-PT\"},{\"@type\":\"Organization\",\"@id\":\"https:\\\/\\\/inclusivenews.com.br\\\/#organization\",\"name\":\"Inclusive - inclus\u00e3o e cidadania\",\"url\":\"https:\\\/\\\/inclusivenews.com.br\\\/\",\"logo\":{\"@type\":\"ImageObject\",\"inLanguage\":\"pt-PT\",\"@id\":\"https:\\\/\\\/inclusivenews.com.br\\\/#\\\/schema\\\/logo\\\/image\\\/\",\"url\":\"https:\\\/\\\/inclusivenews.com.br\\\/wp-content\\\/uploads\\\/2024\\\/03\\\/@grandesite.png\",\"contentUrl\":\"https:\\\/\\\/inclusivenews.com.br\\\/wp-content\\\/uploads\\\/2024\\\/03\\\/@grandesite.png\",\"width\":1080,\"height\":1080,\"caption\":\"Inclusive - inclus\u00e3o e cidadania\"},\"image\":{\"@id\":\"https:\\\/\\\/inclusivenews.com.br\\\/#\\\/schema\\\/logo\\\/image\\\/\"},\"sameAs\":[\"https:\\\/\\\/www.facebook.com\\\/agenciainclusive\\\/\",\"https:\\\/\\\/www.instagram.com\\\/newsinclusive\\\/\"]},{\"@type\":\"Person\",\"@id\":\"https:\\\/\\\/inclusivenews.com.br\\\/#\\\/schema\\\/person\\\/ae4ec7087559b8692fb33b6fffd2273b\",\"name\":\"inclusivenews2024\",\"image\":{\"@type\":\"ImageObject\",\"inLanguage\":\"pt-PT\",\"@id\":\"https:\\\/\\\/secure.gravatar.com\\\/avatar\\\/c5a7ef84c66fa914f55bc4f7ce26cfa275a3b9a1c5568b907bd184fb4dde7b40?s=96&d=mm&r=g\",\"url\":\"https:\\\/\\\/secure.gravatar.com\\\/avatar\\\/c5a7ef84c66fa914f55bc4f7ce26cfa275a3b9a1c5568b907bd184fb4dde7b40?s=96&d=mm&r=g\",\"contentUrl\":\"https:\\\/\\\/secure.gravatar.com\\\/avatar\\\/c5a7ef84c66fa914f55bc4f7ce26cfa275a3b9a1c5568b907bd184fb4dde7b40?s=96&d=mm&r=g\",\"caption\":\"inclusivenews2024\"},\"sameAs\":[\"https:\\\/\\\/inclusivenews.com.br\"],\"url\":\"https:\\\/\\\/inclusivenews.com.br\\\/?author=1\"}]}<\/script>\n<!-- \/ Yoast SEO plugin. -->","yoast_head_json":{"title":"Falece a Dra. Zilda Arns, fundadora da Pastoral da Crian\u00e7a -","robots":{"index":"index","follow":"follow","max-snippet":"max-snippet:-1","max-image-preview":"max-image-preview:large","max-video-preview":"max-video-preview:-1"},"canonical":"https:\/\/inclusivenews.com.br\/?p=13404","og_locale":"pt_PT","og_type":"article","og_title":"Falece a Dra. Zilda Arns, fundadora da Pastoral da Crian\u00e7a -","og_description":"A Inclusive reproduz a seguir nota da Pastoral da Crian\u00e7a a respeito do falecimento de sua fundadora e coordenadora interncaional, a Dra. Zilda Arns, v\u00edtima do terremoto que atingiu o Haiti ontem (12\/01).","og_url":"https:\/\/inclusivenews.com.br\/?p=13404","article_publisher":"https:\/\/www.facebook.com\/agenciainclusive\/","article_published_time":"2010-01-13T19:34:27+00:00","og_image":[{"url":"http:\/\/www.pastoraldacrianca.org.br\/Dra-Zilda-02.jpg","type":"","width":"","height":""}],"author":"inclusivenews2024","twitter_card":"summary_large_image","twitter_misc":{"Escrito por":"inclusivenews2024","Tempo estimado de leitura":"1 minuto"},"schema":{"@context":"https:\/\/schema.org","@graph":[{"@type":"Article","@id":"https:\/\/inclusivenews.com.br\/?p=13404#article","isPartOf":{"@id":"https:\/\/inclusivenews.com.br\/?p=13404"},"author":{"name":"inclusivenews2024","@id":"https:\/\/inclusivenews.com.br\/#\/schema\/person\/ae4ec7087559b8692fb33b6fffd2273b"},"headline":"Falece a Dra. Zilda Arns, fundadora da Pastoral da Crian\u00e7a","datePublished":"2010-01-13T19:34:27+00:00","mainEntityOfPage":{"@id":"https:\/\/inclusivenews.com.br\/?p=13404"},"wordCount":204,"commentCount":0,"publisher":{"@id":"https:\/\/inclusivenews.com.br\/#organization"},"image":{"@id":"https:\/\/inclusivenews.com.br\/?p=13404#primaryimage"},"thumbnailUrl":"http:\/\/www.pastoraldacrianca.org.br\/Dra-Zilda-02.jpg","keywords":["Inf\u00e2ncia"],"articleSection":["NOT\u00cdCIAS"],"inLanguage":"pt-PT","potentialAction":[{"@type":"CommentAction","name":"Comment","target":["https:\/\/inclusivenews.com.br\/?p=13404#respond"]}]},{"@type":"WebPage","@id":"https:\/\/inclusivenews.com.br\/?p=13404","url":"https:\/\/inclusivenews.com.br\/?p=13404","name":"Falece a Dra. Zilda Arns, fundadora da Pastoral da Crian\u00e7a -","isPartOf":{"@id":"https:\/\/inclusivenews.com.br\/#website"},"primaryImageOfPage":{"@id":"https:\/\/inclusivenews.com.br\/?p=13404#primaryimage"},"image":{"@id":"https:\/\/inclusivenews.com.br\/?p=13404#primaryimage"},"thumbnailUrl":"http:\/\/www.pastoraldacrianca.org.br\/Dra-Zilda-02.jpg","datePublished":"2010-01-13T19:34:27+00:00","breadcrumb":{"@id":"https:\/\/inclusivenews.com.br\/?p=13404#breadcrumb"},"inLanguage":"pt-PT","potentialAction":[{"@type":"ReadAction","target":["https:\/\/inclusivenews.com.br\/?p=13404"]}]},{"@type":"ImageObject","inLanguage":"pt-PT","@id":"https:\/\/inclusivenews.com.br\/?p=13404#primaryimage","url":"http:\/\/www.pastoraldacrianca.org.br\/Dra-Zilda-02.jpg","contentUrl":"http:\/\/www.pastoraldacrianca.org.br\/Dra-Zilda-02.jpg"},{"@type":"BreadcrumbList","@id":"https:\/\/inclusivenews.com.br\/?p=13404#breadcrumb","itemListElement":[{"@type":"ListItem","position":1,"name":"In\u00edcio","item":"https:\/\/inclusivenews.com.br\/"},{"@type":"ListItem","position":2,"name":"Falece a Dra. Zilda Arns, fundadora da Pastoral da Crian\u00e7a"}]},{"@type":"WebSite","@id":"https:\/\/inclusivenews.com.br\/#website","url":"https:\/\/inclusivenews.com.br\/","name":"Inclusive News","description":"Inclusive News","publisher":{"@id":"https:\/\/inclusivenews.com.br\/#organization"},"potentialAction":[{"@type":"SearchAction","target":{"@type":"EntryPoint","urlTemplate":"https:\/\/inclusivenews.com.br\/?s={search_term_string}"},"query-input":{"@type":"PropertyValueSpecification","valueRequired":true,"valueName":"search_term_string"}}],"inLanguage":"pt-PT"},{"@type":"Organization","@id":"https:\/\/inclusivenews.com.br\/#organization","name":"Inclusive - inclus\u00e3o e cidadania","url":"https:\/\/inclusivenews.com.br\/","logo":{"@type":"ImageObject","inLanguage":"pt-PT","@id":"https:\/\/inclusivenews.com.br\/#\/schema\/logo\/image\/","url":"https:\/\/inclusivenews.com.br\/wp-content\/uploads\/2024\/03\/@grandesite.png","contentUrl":"https:\/\/inclusivenews.com.br\/wp-content\/uploads\/2024\/03\/@grandesite.png","width":1080,"height":1080,"caption":"Inclusive - inclus\u00e3o e cidadania"},"image":{"@id":"https:\/\/inclusivenews.com.br\/#\/schema\/logo\/image\/"},"sameAs":["https:\/\/www.facebook.com\/agenciainclusive\/","https:\/\/www.instagram.com\/newsinclusive\/"]},{"@type":"Person","@id":"https:\/\/inclusivenews.com.br\/#\/schema\/person\/ae4ec7087559b8692fb33b6fffd2273b","name":"inclusivenews2024","image":{"@type":"ImageObject","inLanguage":"pt-PT","@id":"https:\/\/secure.gravatar.com\/avatar\/c5a7ef84c66fa914f55bc4f7ce26cfa275a3b9a1c5568b907bd184fb4dde7b40?s=96&d=mm&r=g","url":"https:\/\/secure.gravatar.com\/avatar\/c5a7ef84c66fa914f55bc4f7ce26cfa275a3b9a1c5568b907bd184fb4dde7b40?s=96&d=mm&r=g","contentUrl":"https:\/\/secure.gravatar.com\/avatar\/c5a7ef84c66fa914f55bc4f7ce26cfa275a3b9a1c5568b907bd184fb4dde7b40?s=96&d=mm&r=g","caption":"inclusivenews2024"},"sameAs":["https:\/\/inclusivenews.com.br"],"url":"https:\/\/inclusivenews.com.br\/?author=1"}]}},"_links":{"self":[{"href":"https:\/\/inclusivenews.com.br\/index.php?rest_route=\/wp\/v2\/posts\/13404","targetHints":{"allow":["GET"]}}],"collection":[{"href":"https:\/\/inclusivenews.com.br\/index.php?rest_route=\/wp\/v2\/posts"}],"about":[{"href":"https:\/\/inclusivenews.com.br\/index.php?rest_route=\/wp\/v2\/types\/post"}],"author":[{"embeddable":true,"href":"https:\/\/inclusivenews.com.br\/index.php?rest_route=\/wp\/v2\/users\/1"}],"replies":[{"embeddable":true,"href":"https:\/\/inclusivenews.com.br\/index.php?rest_route=%2Fwp%2Fv2%2Fcomments&post=13404"}],"version-history":[{"count":0,"href":"https:\/\/inclusivenews.com.br\/index.php?rest_route=\/wp\/v2\/posts\/13404\/revisions"}],"wp:attachment":[{"href":"https:\/\/inclusivenews.com.br\/index.php?rest_route=%2Fwp%2Fv2%2Fmedia&parent=13404"}],"wp:term":[{"taxonomy":"category","embeddable":true,"href":"https:\/\/inclusivenews.com.br\/index.php?rest_route=%2Fwp%2Fv2%2Fcategories&post=13404"},{"taxonomy":"post_tag","embeddable":true,"href":"https:\/\/inclusivenews.com.br\/index.php?rest_route=%2Fwp%2Fv2%2Ftags&post=13404"}],"curies":[{"name":"wp","href":"https:\/\/api.w.org\/{rel}","templated":true}]}}