{"id":13412,"date":"2010-01-15T06:09:48","date_gmt":"2010-01-15T09:09:48","guid":{"rendered":"http:\/\/www.inclusive.org.br\/?p=13412"},"modified":"2010-01-15T06:09:48","modified_gmt":"2010-01-15T09:09:48","slug":"lei-sobre-livro-acessivel-precisa-ser-regulamentada-defende-mpf","status":"publish","type":"post","link":"https:\/\/inclusivenews.com.br\/?p=13412","title":{"rendered":"Lei sobre livro acess\u00edvel precisa ser regulamentada, defende MPF"},"content":{"rendered":"<p><strong><\/p>\n<figure id=\"attachment_13418\" aria-describedby=\"caption-attachment-13418\" style=\"width: 203px\" class=\"wp-caption alignleft\"><a href=\"http:\/\/www.inclusivenews.com.br\/wp-content\/uploads\/2010\/01\/20030623210655eugenia203.jpg\"><img loading=\"lazy\" decoding=\"async\" class=\"size-full wp-image-13418\" title=\"20030623210655eugenia203\" src=\"http:\/\/inclusivenews.com.br\/wp-content\/uploads\/2010\/01\/20030623210655eugenia203.jpg\" alt=\"Inclusive - Eug\u00eania F\u00e1vero\" width=\"203\" height=\"152\" \/><\/a><figcaption id=\"caption-attachment-13418\" class=\"wp-caption-text\">Inclusive - Eug\u00eania F\u00e1vero<\/figcaption><\/figure>\n<p>Alana Gandra<\/p>\n<p><\/strong><\/p>\n<p style=\"text-align: justify;\">Rio de Janeiro &#8211; A Lei 10.753, que estabelece a Pol\u00edtica Nacional do Livro, apesar de ter sido publicada em 2003, at\u00e9 hoje (14) n\u00e3o foi regulamentada. Uma s\u00e9rie de questionamentos dificulta a regulamenta\u00e7\u00e3o, envolvendo, de um lado, as grandes editoras e, de outro, pessoas portadoras de defici\u00eancias, como cegos.<\/p>\n<p style=\"text-align: justify;\">A norma determina o que pode ser considerado livro. Entre as v\u00e1rias defini\u00e7\u00f5es, consta a de que livro n\u00e3o \u00e9 apenas o produto impresso em papel, mas tamb\u00e9m o livro eletr\u00f4nico ou a obra em Braille (processo de leitura para cegos). \u201cOu seja, formatos que beneficiariam, em s\u00edntese, as pessoas cegas que n\u00e3o fazem uso do livro escrito em papel. Isso \u00e9 muito importante. \u00c9 uma inova\u00e7\u00e3o\u201d, analisou em entrevista \u00e0 Ag\u00eancia Brasil a procuradora do Minist\u00e9rio P\u00fablico Federal em S\u00e3o Paulo, Eugenia F\u00e1vero.<\/p>\n<p style=\"text-align: justify;\">Ela esclareceu, contudo, que para que essa disposi\u00e7\u00e3o seja encarada como uma obriga\u00e7\u00e3o pelas editoras e possa ser colocada em pr\u00e1tica, \u00e9 preciso que a lei seja regulamentada. \u201cIsso n\u00e3o existe at\u00e9 hoje\u201d. Eugenia F\u00e1vero informou que uma vertente defende que as editoras s\u00e3o livres para imprimir livros da maneira como quiserem vender, mas n\u00e3o liga para o fato de que as pessoas cegas ficam, dessa forma, sem condi\u00e7\u00f5es de acesso \u00e0 cultura e \u00e0 informa\u00e7\u00e3o no Brasil.<\/p>\n<p style=\"text-align: justify;\">A procuradora chegou a propor uma a\u00e7\u00e3o civil p\u00fablica, h\u00e1 cerca de quatro anos, para que a Justi\u00e7a reconhecesse a omiss\u00e3o do governo nesse sentido. \u201cEssa omiss\u00e3o vem desde a lei que oficializou o C\u00f3digo Braille, de 1967. Desde essa \u00e9poca se fala da obriga\u00e7\u00e3o do governo de regulamentar o tema, para que as editoras passassem a fornecer todo tipo de material. Isso nunca foi feito\u201d. A a\u00e7\u00e3o foi julgada extinta, \u201cporque o juiz considerou que o meio adequado para isso seria um mandado de injun\u00e7\u00e3o\u201d.<\/p>\n<p style=\"text-align: justify;\">Eugenia explicou que o mandado de injun\u00e7\u00e3o caberia \u00e0 Procuradoria-Geral da Rep\u00fablica e n\u00e3o teria nenhum efeito pr\u00e1tico, porque o Executivo ficaria livre para regulamentar o tema quando julgasse adequado. A procuradora recorreu da decis\u00e3o, mas at\u00e9 o momento a apela\u00e7\u00e3o n\u00e3o foi julgada. Enquanto isso, a Lei 10.753 fica sem regulamenta\u00e7\u00e3o e n\u00e3o pode ser aplicada. Em alguns casos espec\u00edficos, pessoas cegas t\u00eam entrado na Justi\u00e7a diretamente contra as editoras. Os pedidos individuais t\u00eam sido acolhidos.<\/p>\n<p style=\"text-align: justify;\">A sa\u00edda, segundo Eugenia, \u00e9 a sociedade continuar cobrando uma solu\u00e7\u00e3o. No caso de compra de livros pelo Minist\u00e9rio da Educa\u00e7\u00e3o, sugeriu que deveria ser inclu\u00eddo nos editais esse requisito. \u201cQue as editoras t\u00eam que entregar livros n\u00e3o apenas em meio escrito, mas tamb\u00e9m disponibilizar em outros tipos de material\u201d, disse. &#8220;Nossa luta era para que fosse uma coisa natural um cego ir direto na livraria e comprar (livros em Braille)\u201d, completou.<\/p>\n<p style=\"text-align: justify;\">__________________<\/p>\n<p style=\"text-align: justify;\"><strong> Fonte:<\/strong> <a href=\"http:\/\/www.agenciabrasil.gov.br\/noticias\/2010\/01\/14\/materia.2010-01-14.4741305999\/view\" target=\"_blank\" rel=\"noopener\">Ag\u00eancia Brasil<\/a><\/p>\n","protected":false},"excerpt":{"rendered":"<p>Em entrevista, a Procuradora Eug\u00eania F\u00e1vero comenta o significado da regulamenta\u00e7\u00e3o da Lei do Livro Acess\u00edvel. Da Ag\u00eancia Brasil.<\/p>\n","protected":false},"author":1,"featured_media":0,"comment_status":"open","ping_status":"open","sticky":false,"template":"","format":"standard","meta":{"site-container-style":"default","site-container-layout":"default","site-sidebar-layout":"default","disable-article-header":"default","disable-site-header":"default","disable-site-footer":"default","disable-content-area-spacing":"default","footnotes":""},"categories":[44,29,42,48,4],"tags":[],"class_list":["post-13412","post","type-post","status-publish","format-standard","hentry","category-acessibilidade","category-cultura","category-entrevista","category-inclusao","category-noticias"],"yoast_head":"<!-- This site is optimized with the Yoast SEO plugin v27.4 - https:\/\/yoast.com\/product\/yoast-seo-wordpress\/ -->\n<title>Lei sobre livro acess\u00edvel precisa ser regulamentada, defende MPF -<\/title>\n<meta name=\"robots\" content=\"index, follow, max-snippet:-1, max-image-preview:large, max-video-preview:-1\" \/>\n<link rel=\"canonical\" href=\"https:\/\/inclusivenews.com.br\/?p=13412\" \/>\n<meta property=\"og:locale\" content=\"pt_PT\" \/>\n<meta property=\"og:type\" content=\"article\" \/>\n<meta property=\"og:title\" content=\"Lei sobre livro acess\u00edvel precisa ser regulamentada, defende MPF -\" \/>\n<meta property=\"og:description\" content=\"Em entrevista, a Procuradora Eug\u00eania F\u00e1vero comenta o significado da regulamenta\u00e7\u00e3o da Lei do Livro Acess\u00edvel. Da Ag\u00eancia Brasil.\" \/>\n<meta property=\"og:url\" content=\"https:\/\/inclusivenews.com.br\/?p=13412\" \/>\n<meta property=\"article:publisher\" content=\"https:\/\/www.facebook.com\/agenciainclusive\/\" \/>\n<meta property=\"article:published_time\" content=\"2010-01-15T09:09:48+00:00\" \/>\n<meta property=\"og:image\" content=\"http:\/\/inclusivenews.com.br\/wp-content\/uploads\/2010\/01\/20030623210655eugenia203.jpg\" \/>\n<meta name=\"author\" content=\"inclusivenews2024\" \/>\n<meta name=\"twitter:card\" content=\"summary_large_image\" \/>\n<meta name=\"twitter:label1\" content=\"Escrito por\" \/>\n\t<meta name=\"twitter:data1\" content=\"inclusivenews2024\" \/>\n\t<meta name=\"twitter:label2\" content=\"Tempo estimado de leitura\" \/>\n\t<meta name=\"twitter:data2\" content=\"3 minutos\" \/>\n<script type=\"application\/ld+json\" class=\"yoast-schema-graph\">{\"@context\":\"https:\\\/\\\/schema.org\",\"@graph\":[{\"@type\":\"Article\",\"@id\":\"https:\\\/\\\/inclusivenews.com.br\\\/?p=13412#article\",\"isPartOf\":{\"@id\":\"https:\\\/\\\/inclusivenews.com.br\\\/?p=13412\"},\"author\":{\"name\":\"inclusivenews2024\",\"@id\":\"https:\\\/\\\/inclusivenews.com.br\\\/#\\\/schema\\\/person\\\/ae4ec7087559b8692fb33b6fffd2273b\"},\"headline\":\"Lei sobre livro acess\u00edvel precisa ser regulamentada, defende MPF\",\"datePublished\":\"2010-01-15T09:09:48+00:00\",\"mainEntityOfPage\":{\"@id\":\"https:\\\/\\\/inclusivenews.com.br\\\/?p=13412\"},\"wordCount\":520,\"commentCount\":0,\"publisher\":{\"@id\":\"https:\\\/\\\/inclusivenews.com.br\\\/#organization\"},\"image\":{\"@id\":\"https:\\\/\\\/inclusivenews.com.br\\\/?p=13412#primaryimage\"},\"thumbnailUrl\":\"http:\\\/\\\/inclusivenews.com.br\\\/wp-content\\\/uploads\\\/2010\\\/01\\\/20030623210655eugenia203.jpg\",\"articleSection\":[\"ACESSIBILIDADE\",\"Cultura\",\"ENTREVISTAS\",\"INCLUS\u00c3O SOCIAL\",\"NOT\u00cdCIAS\"],\"inLanguage\":\"pt-PT\",\"potentialAction\":[{\"@type\":\"CommentAction\",\"name\":\"Comment\",\"target\":[\"https:\\\/\\\/inclusivenews.com.br\\\/?p=13412#respond\"]}]},{\"@type\":\"WebPage\",\"@id\":\"https:\\\/\\\/inclusivenews.com.br\\\/?p=13412\",\"url\":\"https:\\\/\\\/inclusivenews.com.br\\\/?p=13412\",\"name\":\"Lei sobre livro acess\u00edvel precisa ser regulamentada, defende MPF -\",\"isPartOf\":{\"@id\":\"https:\\\/\\\/inclusivenews.com.br\\\/#website\"},\"primaryImageOfPage\":{\"@id\":\"https:\\\/\\\/inclusivenews.com.br\\\/?p=13412#primaryimage\"},\"image\":{\"@id\":\"https:\\\/\\\/inclusivenews.com.br\\\/?p=13412#primaryimage\"},\"thumbnailUrl\":\"http:\\\/\\\/inclusivenews.com.br\\\/wp-content\\\/uploads\\\/2010\\\/01\\\/20030623210655eugenia203.jpg\",\"datePublished\":\"2010-01-15T09:09:48+00:00\",\"breadcrumb\":{\"@id\":\"https:\\\/\\\/inclusivenews.com.br\\\/?p=13412#breadcrumb\"},\"inLanguage\":\"pt-PT\",\"potentialAction\":[{\"@type\":\"ReadAction\",\"target\":[\"https:\\\/\\\/inclusivenews.com.br\\\/?p=13412\"]}]},{\"@type\":\"ImageObject\",\"inLanguage\":\"pt-PT\",\"@id\":\"https:\\\/\\\/inclusivenews.com.br\\\/?p=13412#primaryimage\",\"url\":\"\",\"contentUrl\":\"\"},{\"@type\":\"BreadcrumbList\",\"@id\":\"https:\\\/\\\/inclusivenews.com.br\\\/?p=13412#breadcrumb\",\"itemListElement\":[{\"@type\":\"ListItem\",\"position\":1,\"name\":\"In\u00edcio\",\"item\":\"https:\\\/\\\/inclusivenews.com.br\\\/\"},{\"@type\":\"ListItem\",\"position\":2,\"name\":\"Lei sobre livro acess\u00edvel precisa ser regulamentada, defende MPF\"}]},{\"@type\":\"WebSite\",\"@id\":\"https:\\\/\\\/inclusivenews.com.br\\\/#website\",\"url\":\"https:\\\/\\\/inclusivenews.com.br\\\/\",\"name\":\"Inclusive News\",\"description\":\"Inclusive News\",\"publisher\":{\"@id\":\"https:\\\/\\\/inclusivenews.com.br\\\/#organization\"},\"potentialAction\":[{\"@type\":\"SearchAction\",\"target\":{\"@type\":\"EntryPoint\",\"urlTemplate\":\"https:\\\/\\\/inclusivenews.com.br\\\/?s={search_term_string}\"},\"query-input\":{\"@type\":\"PropertyValueSpecification\",\"valueRequired\":true,\"valueName\":\"search_term_string\"}}],\"inLanguage\":\"pt-PT\"},{\"@type\":\"Organization\",\"@id\":\"https:\\\/\\\/inclusivenews.com.br\\\/#organization\",\"name\":\"Inclusive - inclus\u00e3o e cidadania\",\"url\":\"https:\\\/\\\/inclusivenews.com.br\\\/\",\"logo\":{\"@type\":\"ImageObject\",\"inLanguage\":\"pt-PT\",\"@id\":\"https:\\\/\\\/inclusivenews.com.br\\\/#\\\/schema\\\/logo\\\/image\\\/\",\"url\":\"https:\\\/\\\/inclusivenews.com.br\\\/wp-content\\\/uploads\\\/2024\\\/03\\\/@grandesite.png\",\"contentUrl\":\"https:\\\/\\\/inclusivenews.com.br\\\/wp-content\\\/uploads\\\/2024\\\/03\\\/@grandesite.png\",\"width\":1080,\"height\":1080,\"caption\":\"Inclusive - inclus\u00e3o e cidadania\"},\"image\":{\"@id\":\"https:\\\/\\\/inclusivenews.com.br\\\/#\\\/schema\\\/logo\\\/image\\\/\"},\"sameAs\":[\"https:\\\/\\\/www.facebook.com\\\/agenciainclusive\\\/\",\"https:\\\/\\\/www.instagram.com\\\/newsinclusive\\\/\"]},{\"@type\":\"Person\",\"@id\":\"https:\\\/\\\/inclusivenews.com.br\\\/#\\\/schema\\\/person\\\/ae4ec7087559b8692fb33b6fffd2273b\",\"name\":\"inclusivenews2024\",\"image\":{\"@type\":\"ImageObject\",\"inLanguage\":\"pt-PT\",\"@id\":\"https:\\\/\\\/secure.gravatar.com\\\/avatar\\\/c5a7ef84c66fa914f55bc4f7ce26cfa275a3b9a1c5568b907bd184fb4dde7b40?s=96&d=mm&r=g\",\"url\":\"https:\\\/\\\/secure.gravatar.com\\\/avatar\\\/c5a7ef84c66fa914f55bc4f7ce26cfa275a3b9a1c5568b907bd184fb4dde7b40?s=96&d=mm&r=g\",\"contentUrl\":\"https:\\\/\\\/secure.gravatar.com\\\/avatar\\\/c5a7ef84c66fa914f55bc4f7ce26cfa275a3b9a1c5568b907bd184fb4dde7b40?s=96&d=mm&r=g\",\"caption\":\"inclusivenews2024\"},\"sameAs\":[\"https:\\\/\\\/inclusivenews.com.br\"],\"url\":\"https:\\\/\\\/inclusivenews.com.br\\\/?author=1\"}]}<\/script>\n<!-- \/ Yoast SEO plugin. -->","yoast_head_json":{"title":"Lei sobre livro acess\u00edvel precisa ser regulamentada, defende MPF -","robots":{"index":"index","follow":"follow","max-snippet":"max-snippet:-1","max-image-preview":"max-image-preview:large","max-video-preview":"max-video-preview:-1"},"canonical":"https:\/\/inclusivenews.com.br\/?p=13412","og_locale":"pt_PT","og_type":"article","og_title":"Lei sobre livro acess\u00edvel precisa ser regulamentada, defende MPF -","og_description":"Em entrevista, a Procuradora Eug\u00eania F\u00e1vero comenta o significado da regulamenta\u00e7\u00e3o da Lei do Livro Acess\u00edvel. Da Ag\u00eancia Brasil.","og_url":"https:\/\/inclusivenews.com.br\/?p=13412","article_publisher":"https:\/\/www.facebook.com\/agenciainclusive\/","article_published_time":"2010-01-15T09:09:48+00:00","og_image":[{"url":"http:\/\/inclusivenews.com.br\/wp-content\/uploads\/2010\/01\/20030623210655eugenia203.jpg","type":"","width":"","height":""}],"author":"inclusivenews2024","twitter_card":"summary_large_image","twitter_misc":{"Escrito por":"inclusivenews2024","Tempo estimado de leitura":"3 minutos"},"schema":{"@context":"https:\/\/schema.org","@graph":[{"@type":"Article","@id":"https:\/\/inclusivenews.com.br\/?p=13412#article","isPartOf":{"@id":"https:\/\/inclusivenews.com.br\/?p=13412"},"author":{"name":"inclusivenews2024","@id":"https:\/\/inclusivenews.com.br\/#\/schema\/person\/ae4ec7087559b8692fb33b6fffd2273b"},"headline":"Lei sobre livro acess\u00edvel precisa ser regulamentada, defende MPF","datePublished":"2010-01-15T09:09:48+00:00","mainEntityOfPage":{"@id":"https:\/\/inclusivenews.com.br\/?p=13412"},"wordCount":520,"commentCount":0,"publisher":{"@id":"https:\/\/inclusivenews.com.br\/#organization"},"image":{"@id":"https:\/\/inclusivenews.com.br\/?p=13412#primaryimage"},"thumbnailUrl":"http:\/\/inclusivenews.com.br\/wp-content\/uploads\/2010\/01\/20030623210655eugenia203.jpg","articleSection":["ACESSIBILIDADE","Cultura","ENTREVISTAS","INCLUS\u00c3O SOCIAL","NOT\u00cdCIAS"],"inLanguage":"pt-PT","potentialAction":[{"@type":"CommentAction","name":"Comment","target":["https:\/\/inclusivenews.com.br\/?p=13412#respond"]}]},{"@type":"WebPage","@id":"https:\/\/inclusivenews.com.br\/?p=13412","url":"https:\/\/inclusivenews.com.br\/?p=13412","name":"Lei sobre livro acess\u00edvel precisa ser regulamentada, defende MPF -","isPartOf":{"@id":"https:\/\/inclusivenews.com.br\/#website"},"primaryImageOfPage":{"@id":"https:\/\/inclusivenews.com.br\/?p=13412#primaryimage"},"image":{"@id":"https:\/\/inclusivenews.com.br\/?p=13412#primaryimage"},"thumbnailUrl":"http:\/\/inclusivenews.com.br\/wp-content\/uploads\/2010\/01\/20030623210655eugenia203.jpg","datePublished":"2010-01-15T09:09:48+00:00","breadcrumb":{"@id":"https:\/\/inclusivenews.com.br\/?p=13412#breadcrumb"},"inLanguage":"pt-PT","potentialAction":[{"@type":"ReadAction","target":["https:\/\/inclusivenews.com.br\/?p=13412"]}]},{"@type":"ImageObject","inLanguage":"pt-PT","@id":"https:\/\/inclusivenews.com.br\/?p=13412#primaryimage","url":"","contentUrl":""},{"@type":"BreadcrumbList","@id":"https:\/\/inclusivenews.com.br\/?p=13412#breadcrumb","itemListElement":[{"@type":"ListItem","position":1,"name":"In\u00edcio","item":"https:\/\/inclusivenews.com.br\/"},{"@type":"ListItem","position":2,"name":"Lei sobre livro acess\u00edvel precisa ser regulamentada, defende MPF"}]},{"@type":"WebSite","@id":"https:\/\/inclusivenews.com.br\/#website","url":"https:\/\/inclusivenews.com.br\/","name":"Inclusive News","description":"Inclusive News","publisher":{"@id":"https:\/\/inclusivenews.com.br\/#organization"},"potentialAction":[{"@type":"SearchAction","target":{"@type":"EntryPoint","urlTemplate":"https:\/\/inclusivenews.com.br\/?s={search_term_string}"},"query-input":{"@type":"PropertyValueSpecification","valueRequired":true,"valueName":"search_term_string"}}],"inLanguage":"pt-PT"},{"@type":"Organization","@id":"https:\/\/inclusivenews.com.br\/#organization","name":"Inclusive - inclus\u00e3o e cidadania","url":"https:\/\/inclusivenews.com.br\/","logo":{"@type":"ImageObject","inLanguage":"pt-PT","@id":"https:\/\/inclusivenews.com.br\/#\/schema\/logo\/image\/","url":"https:\/\/inclusivenews.com.br\/wp-content\/uploads\/2024\/03\/@grandesite.png","contentUrl":"https:\/\/inclusivenews.com.br\/wp-content\/uploads\/2024\/03\/@grandesite.png","width":1080,"height":1080,"caption":"Inclusive - inclus\u00e3o e cidadania"},"image":{"@id":"https:\/\/inclusivenews.com.br\/#\/schema\/logo\/image\/"},"sameAs":["https:\/\/www.facebook.com\/agenciainclusive\/","https:\/\/www.instagram.com\/newsinclusive\/"]},{"@type":"Person","@id":"https:\/\/inclusivenews.com.br\/#\/schema\/person\/ae4ec7087559b8692fb33b6fffd2273b","name":"inclusivenews2024","image":{"@type":"ImageObject","inLanguage":"pt-PT","@id":"https:\/\/secure.gravatar.com\/avatar\/c5a7ef84c66fa914f55bc4f7ce26cfa275a3b9a1c5568b907bd184fb4dde7b40?s=96&d=mm&r=g","url":"https:\/\/secure.gravatar.com\/avatar\/c5a7ef84c66fa914f55bc4f7ce26cfa275a3b9a1c5568b907bd184fb4dde7b40?s=96&d=mm&r=g","contentUrl":"https:\/\/secure.gravatar.com\/avatar\/c5a7ef84c66fa914f55bc4f7ce26cfa275a3b9a1c5568b907bd184fb4dde7b40?s=96&d=mm&r=g","caption":"inclusivenews2024"},"sameAs":["https:\/\/inclusivenews.com.br"],"url":"https:\/\/inclusivenews.com.br\/?author=1"}]}},"_links":{"self":[{"href":"https:\/\/inclusivenews.com.br\/index.php?rest_route=\/wp\/v2\/posts\/13412","targetHints":{"allow":["GET"]}}],"collection":[{"href":"https:\/\/inclusivenews.com.br\/index.php?rest_route=\/wp\/v2\/posts"}],"about":[{"href":"https:\/\/inclusivenews.com.br\/index.php?rest_route=\/wp\/v2\/types\/post"}],"author":[{"embeddable":true,"href":"https:\/\/inclusivenews.com.br\/index.php?rest_route=\/wp\/v2\/users\/1"}],"replies":[{"embeddable":true,"href":"https:\/\/inclusivenews.com.br\/index.php?rest_route=%2Fwp%2Fv2%2Fcomments&post=13412"}],"version-history":[{"count":0,"href":"https:\/\/inclusivenews.com.br\/index.php?rest_route=\/wp\/v2\/posts\/13412\/revisions"}],"wp:attachment":[{"href":"https:\/\/inclusivenews.com.br\/index.php?rest_route=%2Fwp%2Fv2%2Fmedia&parent=13412"}],"wp:term":[{"taxonomy":"category","embeddable":true,"href":"https:\/\/inclusivenews.com.br\/index.php?rest_route=%2Fwp%2Fv2%2Fcategories&post=13412"},{"taxonomy":"post_tag","embeddable":true,"href":"https:\/\/inclusivenews.com.br\/index.php?rest_route=%2Fwp%2Fv2%2Ftags&post=13412"}],"curies":[{"name":"wp","href":"https:\/\/api.w.org\/{rel}","templated":true}]}}