{"id":13414,"date":"2010-01-15T06:12:19","date_gmt":"2010-01-15T09:12:19","guid":{"rendered":"http:\/\/www.inclusive.org.br\/?p=13414"},"modified":"2010-01-15T06:12:19","modified_gmt":"2010-01-15T09:12:19","slug":"estudo-comparativo-da-unesco-sobre-direito-a-informacao-ganha-traducao-para-o-portugues","status":"publish","type":"post","link":"https:\/\/inclusivenews.com.br\/?p=13414","title":{"rendered":"Estudo comparativo da UNESCO sobre Direito a Informa\u00e7\u00e3o ganha tradu\u00e7\u00e3o para  o portugu\u00eas"},"content":{"rendered":"<figure style=\"width: 180px\" class=\"wp-caption alignleft\"><img loading=\"lazy\" decoding=\"async\" title=\"Capa da publica\u00e7\u00e3o.\" src=\"http:\/\/www.unesco.org\/fileadmin\/MULTIMEDIA\/FIELD\/Brasilia\/images\/capa_liberdade_rede_pt.JPG\" alt=\"\" width=\"180\" height=\"256\" \/><figcaption class=\"wp-caption-text\"> <\/figcaption><\/figure>\n<p>O setor de Comunica\u00e7\u00e3o e Informa\u00e7\u00e3o do escrit\u00f3rio da UNESCO no Brasil, com o apoio da Secretaria Estadual de Planejamento de Mato Grosso, lan\u00e7a, em vers\u00e3o online e impressa, o livro Liberdade de Informa\u00e7\u00e3o: um Estudo de Direito Comparado.<\/p>\n<p class=\"bodytext\" align=\"justify\">A tradu\u00e7\u00e3o para o portugu\u00eas foi feita a partir da segunda edi\u00e7\u00e3o, revisada e ampliada, da obra Freedom of Information: A Comparative Legal Survey, lan\u00e7ada originalmente em ingl\u00eas em 2008. Escrita por Toby Mendel, o livro tem tido papel importante ao auxiliar institui\u00e7\u00f5es p\u00fablicas e privadas e os Estados-membros da UNESCO a lidar com a legisla\u00e7\u00e3o sobre liberdade de informa\u00e7\u00e3o.<\/p>\n<p class=\"bodytext\" align=\"justify\">A obra apresenta uma vis\u00e3o geral de exemplos concretos de boas pr\u00e1ticas nessa \u00e1rea e analisa a legisla\u00e7\u00e3o sobre a liberdade de informa\u00e7\u00e3o e o direito a informa\u00e7\u00e3o de 14 pa\u00edses (quatro a mais em rela\u00e7\u00e3o \u00e0 primeira edi\u00e7\u00e3o), entre Su\u00e9cia, Uganda, Estados Unidos, M\u00e9xico e Reino Unido, destacando aspectos positivos e problemas das leis em vigor ao redor do mundo.<\/p>\n<p class=\"bodytext\" align=\"justify\">O estudo tenta ainda responder a algumas perguntas-chave, como qual seria o teor do direito a informa\u00e7\u00e3o, se ele pode realmente ser classificado como um direito e como os governos podem aplic\u00e1-lo. Por fim, o autor faz uma an\u00e1lise comparativa das v\u00e1rias leis e pol\u00edticas que dizem respeito ao direito fundamental a informa\u00e7\u00e3o.<\/p>\n<p class=\"bodytext\" align=\"justify\">Segundo o coordenador do setor de Comunica\u00e7\u00e3o e Informa\u00e7\u00e3o da UNESCO no Brasil, Guilherme Canela, a tradu\u00e7\u00e3o da obra para o portugu\u00eas constitui um insumo importante para os recentes debates sobre a ado\u00e7\u00e3o de uma Lei Geral de Acesso a Informa\u00e7\u00e3o pelo pa\u00eds. \u201cAdicionalmente, pode ser \u00fatil para outras na\u00e7\u00f5es de l\u00edngua portuguesa que desejem levar adiante esta discuss\u00e3o\u201d, completa.<\/p>\n<p class=\"bodytext\" align=\"justify\">Para o jornalista da Folha de S. Paulo e do UOL Fernando Rodrigues, a vers\u00e3o em portugu\u00eas da obra de Mendel ajuda a fomentar o debate acerca da necessidade de haver no Brasil uma lei de direito de acesso a informa\u00e7\u00f5es p\u00fablicas. \u201cO assunto nunca esteve no topo da agenda pol\u00edtica por aqui. O Brasil \u00e9 um pa\u00eds insular e n\u00e3o olha para determinadas experi\u00eancias no exterior. O livro de Mendel contribui para alargar o debate ao mostrar como \u00e9 exercido esse direito em v\u00e1rios pa\u00edses que j\u00e1 adotaram regras mais avan\u00e7adas do que as brasileiras&#8221;, observa Rodrigues.<\/p>\n<p class=\"bodytext\" align=\"justify\">A import\u00e2ncia do direito a informa\u00e7\u00e3o e do direito ao conhecimento \u00e9 enfatizada cada vez mais pela sociedade civil, por acad\u00eamicos, pela m\u00eddia e por governos. Nos \u00faltimos 10 anos, esses direitos t\u00eam sido reconhecidos por um n\u00famero cada vez maior de pa\u00edses. Em 1990, apenas 13 na\u00e7\u00f5es haviam aprovado leis nacionais sobre o direito a informa\u00e7\u00e3o, e hoje este n\u00famero aumentou para mais de 70.<\/p>\n<p class=\"bodytext\" align=\"justify\">Toby Mendel, consultor da UNESCO e autor da publica\u00e7\u00e3o, ressalta que a no\u00e7\u00e3o de um direito a informa\u00e7\u00e3o de posse do poder p\u00fablico atingiu a maioridade, lembrando que os 14 pa\u00edses descritos no livro lidam com diferentes desafios para dar efeito jur\u00eddico a esse direito. E, de acordo com Mendel, o Brasil est\u00e1 cada vez mais envolvido nessa discuss\u00e3o. \u201cH\u00e1 10 anos, apenas um pa\u00eds da Am\u00e9rica Latina possu\u00eda leis que efetivavam esse direito, sendo que hoje esse n\u00famero aumentou para 11. O Brasil vai se tornar em breve o 12\u00ba nessa lista, pois est\u00e1 caminhando para obter suas pr\u00f3prias leis de acesso a informa\u00e7\u00e3o\u201d.<\/p>\n<p class=\"bodytext\" align=\"justify\">Distribui\u00e7\u00e3o Institucional &#8211; <a class=\"internal-link\" title=\"Opens internal link in current window\" href=\"http:\/\/www.unesco.org\/pt\/brasilia\/resources-services\/publications\/unesco-publications-for-sale\/\">Como Adquirir<\/a><\/p>\n<p class=\"bodytext\" align=\"justify\">Para fazer o download gratuito da vers\u00e3o em portugu\u00eas,\u00a0<a title=\"liberdade_de_informacao_pt.pdf (2.1 MB)\" href=\"http:\/\/www.unesco.org\/fileadmin\/MULTIMEDIA\/FIELD\/Brasilia\/pdf\/liberdade_de_informacao_pt.pdf\">clique aqui<\/a> (PDF, 2,1 Mb).<\/p>\n<p class=\"bodytext\" align=\"justify\">Al\u00e9m do original em ingl\u00eas, a publica\u00e7\u00e3o est\u00e1 tamb\u00e9m dispon\u00edvel nos idiomas chin\u00eas, russo, nepal\u00eas, espanhol e franc\u00eas. Para acessar as outras vers\u00f5es, <a class=\"external-link-new-window\" title=\"Opens external link in new window\" href=\"http:\/\/portal.unesco.org\/ci\/en\/ev.php-URL_ID=26159&amp;URL_DO=DO_TOPIC&amp;URL_SECTION=201.html\" target=\"_blank\" rel=\"noopener\">clique aqui<\/a>.<\/p>\n<div><strong>____________<\/strong><strong>Fonte:<\/strong> <a href=\"http:\/\/www.unesco.org\/pt\/brasilia\/single-view\/news\/unescos_comparative_survey_on_the_right_to_access_information_translated_into_portuguese\/back\/9669\/cHash\/86fe5b4070\/\">UNESCO<\/a><\/div>\n","protected":false},"excerpt":{"rendered":"<p>A obra apresenta uma vis\u00e3o geral de exemplos concretos de boas pr\u00e1ticas nessa \u00e1rea e analisa a legisla\u00e7\u00e3o sobre a liberdade de informa\u00e7\u00e3o e o direito a informa\u00e7\u00e3o de 14 pa\u00edses. Livre para download.<\/p>\n","protected":false},"author":1,"featured_media":0,"comment_status":"open","ping_status":"open","sticky":false,"template":"","format":"standard","meta":{"site-container-style":"default","site-container-layout":"default","site-sidebar-layout":"default","disable-article-header":"default","disable-site-header":"default","disable-site-footer":"default","disable-content-area-spacing":"default","footnotes":""},"categories":[52,51,4,10],"tags":[],"class_list":["post-13414","post","type-post","status-publish","format-standard","hentry","category-downloadables","category-livros","category-noticias","category-publicacoes"],"yoast_head":"<!-- This site is optimized with the Yoast SEO plugin v27.4 - https:\/\/yoast.com\/product\/yoast-seo-wordpress\/ -->\n<title>Estudo comparativo da UNESCO sobre Direito a Informa\u00e7\u00e3o ganha tradu\u00e7\u00e3o para o portugu\u00eas -<\/title>\n<meta name=\"robots\" content=\"index, follow, max-snippet:-1, max-image-preview:large, max-video-preview:-1\" \/>\n<link rel=\"canonical\" href=\"https:\/\/inclusivenews.com.br\/?p=13414\" \/>\n<meta property=\"og:locale\" content=\"pt_PT\" \/>\n<meta property=\"og:type\" content=\"article\" \/>\n<meta property=\"og:title\" content=\"Estudo comparativo da UNESCO sobre Direito a Informa\u00e7\u00e3o ganha tradu\u00e7\u00e3o para o portugu\u00eas -\" \/>\n<meta property=\"og:description\" content=\"A obra apresenta uma vis\u00e3o geral de exemplos concretos de boas pr\u00e1ticas nessa \u00e1rea e analisa a legisla\u00e7\u00e3o sobre a liberdade de informa\u00e7\u00e3o e o direito a informa\u00e7\u00e3o de 14 pa\u00edses. Livre para download.\" \/>\n<meta property=\"og:url\" content=\"https:\/\/inclusivenews.com.br\/?p=13414\" \/>\n<meta property=\"article:publisher\" content=\"https:\/\/www.facebook.com\/agenciainclusive\/\" \/>\n<meta property=\"article:published_time\" content=\"2010-01-15T09:12:19+00:00\" \/>\n<meta property=\"og:image\" content=\"http:\/\/www.unesco.org\/fileadmin\/MULTIMEDIA\/FIELD\/Brasilia\/images\/capa_liberdade_rede_pt.JPG\" \/>\n<meta name=\"author\" content=\"inclusivenews2024\" \/>\n<meta name=\"twitter:card\" content=\"summary_large_image\" \/>\n<meta name=\"twitter:label1\" content=\"Escrito por\" \/>\n\t<meta name=\"twitter:data1\" content=\"inclusivenews2024\" \/>\n\t<meta name=\"twitter:label2\" content=\"Tempo estimado de leitura\" \/>\n\t<meta name=\"twitter:data2\" content=\"3 minutos\" \/>\n<script type=\"application\/ld+json\" class=\"yoast-schema-graph\">{\"@context\":\"https:\\\/\\\/schema.org\",\"@graph\":[{\"@type\":\"Article\",\"@id\":\"https:\\\/\\\/inclusivenews.com.br\\\/?p=13414#article\",\"isPartOf\":{\"@id\":\"https:\\\/\\\/inclusivenews.com.br\\\/?p=13414\"},\"author\":{\"name\":\"inclusivenews2024\",\"@id\":\"https:\\\/\\\/inclusivenews.com.br\\\/#\\\/schema\\\/person\\\/ae4ec7087559b8692fb33b6fffd2273b\"},\"headline\":\"Estudo comparativo da UNESCO sobre Direito a Informa\u00e7\u00e3o ganha tradu\u00e7\u00e3o para o portugu\u00eas\",\"datePublished\":\"2010-01-15T09:12:19+00:00\",\"mainEntityOfPage\":{\"@id\":\"https:\\\/\\\/inclusivenews.com.br\\\/?p=13414\"},\"wordCount\":683,\"commentCount\":0,\"publisher\":{\"@id\":\"https:\\\/\\\/inclusivenews.com.br\\\/#organization\"},\"image\":{\"@id\":\"https:\\\/\\\/inclusivenews.com.br\\\/?p=13414#primaryimage\"},\"thumbnailUrl\":\"http:\\\/\\\/www.unesco.org\\\/fileadmin\\\/MULTIMEDIA\\\/FIELD\\\/Brasilia\\\/images\\\/capa_liberdade_rede_pt.JPG\",\"articleSection\":[\"Downloadables\",\"Livros\",\"NOT\u00cdCIAS\",\"PUBLICA\u00c7\u00d5ES\"],\"inLanguage\":\"pt-PT\",\"potentialAction\":[{\"@type\":\"CommentAction\",\"name\":\"Comment\",\"target\":[\"https:\\\/\\\/inclusivenews.com.br\\\/?p=13414#respond\"]}]},{\"@type\":\"WebPage\",\"@id\":\"https:\\\/\\\/inclusivenews.com.br\\\/?p=13414\",\"url\":\"https:\\\/\\\/inclusivenews.com.br\\\/?p=13414\",\"name\":\"Estudo comparativo da UNESCO sobre Direito a Informa\u00e7\u00e3o ganha tradu\u00e7\u00e3o para o portugu\u00eas -\",\"isPartOf\":{\"@id\":\"https:\\\/\\\/inclusivenews.com.br\\\/#website\"},\"primaryImageOfPage\":{\"@id\":\"https:\\\/\\\/inclusivenews.com.br\\\/?p=13414#primaryimage\"},\"image\":{\"@id\":\"https:\\\/\\\/inclusivenews.com.br\\\/?p=13414#primaryimage\"},\"thumbnailUrl\":\"http:\\\/\\\/www.unesco.org\\\/fileadmin\\\/MULTIMEDIA\\\/FIELD\\\/Brasilia\\\/images\\\/capa_liberdade_rede_pt.JPG\",\"datePublished\":\"2010-01-15T09:12:19+00:00\",\"breadcrumb\":{\"@id\":\"https:\\\/\\\/inclusivenews.com.br\\\/?p=13414#breadcrumb\"},\"inLanguage\":\"pt-PT\",\"potentialAction\":[{\"@type\":\"ReadAction\",\"target\":[\"https:\\\/\\\/inclusivenews.com.br\\\/?p=13414\"]}]},{\"@type\":\"ImageObject\",\"inLanguage\":\"pt-PT\",\"@id\":\"https:\\\/\\\/inclusivenews.com.br\\\/?p=13414#primaryimage\",\"url\":\"http:\\\/\\\/www.unesco.org\\\/fileadmin\\\/MULTIMEDIA\\\/FIELD\\\/Brasilia\\\/images\\\/capa_liberdade_rede_pt.JPG\",\"contentUrl\":\"http:\\\/\\\/www.unesco.org\\\/fileadmin\\\/MULTIMEDIA\\\/FIELD\\\/Brasilia\\\/images\\\/capa_liberdade_rede_pt.JPG\"},{\"@type\":\"BreadcrumbList\",\"@id\":\"https:\\\/\\\/inclusivenews.com.br\\\/?p=13414#breadcrumb\",\"itemListElement\":[{\"@type\":\"ListItem\",\"position\":1,\"name\":\"In\u00edcio\",\"item\":\"https:\\\/\\\/inclusivenews.com.br\\\/\"},{\"@type\":\"ListItem\",\"position\":2,\"name\":\"Estudo comparativo da UNESCO sobre Direito a Informa\u00e7\u00e3o ganha tradu\u00e7\u00e3o para o portugu\u00eas\"}]},{\"@type\":\"WebSite\",\"@id\":\"https:\\\/\\\/inclusivenews.com.br\\\/#website\",\"url\":\"https:\\\/\\\/inclusivenews.com.br\\\/\",\"name\":\"Inclusive News\",\"description\":\"Inclusive News\",\"publisher\":{\"@id\":\"https:\\\/\\\/inclusivenews.com.br\\\/#organization\"},\"potentialAction\":[{\"@type\":\"SearchAction\",\"target\":{\"@type\":\"EntryPoint\",\"urlTemplate\":\"https:\\\/\\\/inclusivenews.com.br\\\/?s={search_term_string}\"},\"query-input\":{\"@type\":\"PropertyValueSpecification\",\"valueRequired\":true,\"valueName\":\"search_term_string\"}}],\"inLanguage\":\"pt-PT\"},{\"@type\":\"Organization\",\"@id\":\"https:\\\/\\\/inclusivenews.com.br\\\/#organization\",\"name\":\"Inclusive - inclus\u00e3o e cidadania\",\"url\":\"https:\\\/\\\/inclusivenews.com.br\\\/\",\"logo\":{\"@type\":\"ImageObject\",\"inLanguage\":\"pt-PT\",\"@id\":\"https:\\\/\\\/inclusivenews.com.br\\\/#\\\/schema\\\/logo\\\/image\\\/\",\"url\":\"https:\\\/\\\/inclusivenews.com.br\\\/wp-content\\\/uploads\\\/2024\\\/03\\\/@grandesite.png\",\"contentUrl\":\"https:\\\/\\\/inclusivenews.com.br\\\/wp-content\\\/uploads\\\/2024\\\/03\\\/@grandesite.png\",\"width\":1080,\"height\":1080,\"caption\":\"Inclusive - inclus\u00e3o e cidadania\"},\"image\":{\"@id\":\"https:\\\/\\\/inclusivenews.com.br\\\/#\\\/schema\\\/logo\\\/image\\\/\"},\"sameAs\":[\"https:\\\/\\\/www.facebook.com\\\/agenciainclusive\\\/\",\"https:\\\/\\\/www.instagram.com\\\/newsinclusive\\\/\"]},{\"@type\":\"Person\",\"@id\":\"https:\\\/\\\/inclusivenews.com.br\\\/#\\\/schema\\\/person\\\/ae4ec7087559b8692fb33b6fffd2273b\",\"name\":\"inclusivenews2024\",\"image\":{\"@type\":\"ImageObject\",\"inLanguage\":\"pt-PT\",\"@id\":\"https:\\\/\\\/secure.gravatar.com\\\/avatar\\\/c5a7ef84c66fa914f55bc4f7ce26cfa275a3b9a1c5568b907bd184fb4dde7b40?s=96&d=mm&r=g\",\"url\":\"https:\\\/\\\/secure.gravatar.com\\\/avatar\\\/c5a7ef84c66fa914f55bc4f7ce26cfa275a3b9a1c5568b907bd184fb4dde7b40?s=96&d=mm&r=g\",\"contentUrl\":\"https:\\\/\\\/secure.gravatar.com\\\/avatar\\\/c5a7ef84c66fa914f55bc4f7ce26cfa275a3b9a1c5568b907bd184fb4dde7b40?s=96&d=mm&r=g\",\"caption\":\"inclusivenews2024\"},\"sameAs\":[\"https:\\\/\\\/inclusivenews.com.br\"],\"url\":\"https:\\\/\\\/inclusivenews.com.br\\\/?author=1\"}]}<\/script>\n<!-- \/ Yoast SEO plugin. -->","yoast_head_json":{"title":"Estudo comparativo da UNESCO sobre Direito a Informa\u00e7\u00e3o ganha tradu\u00e7\u00e3o para o portugu\u00eas -","robots":{"index":"index","follow":"follow","max-snippet":"max-snippet:-1","max-image-preview":"max-image-preview:large","max-video-preview":"max-video-preview:-1"},"canonical":"https:\/\/inclusivenews.com.br\/?p=13414","og_locale":"pt_PT","og_type":"article","og_title":"Estudo comparativo da UNESCO sobre Direito a Informa\u00e7\u00e3o ganha tradu\u00e7\u00e3o para o portugu\u00eas -","og_description":"A obra apresenta uma vis\u00e3o geral de exemplos concretos de boas pr\u00e1ticas nessa \u00e1rea e analisa a legisla\u00e7\u00e3o sobre a liberdade de informa\u00e7\u00e3o e o direito a informa\u00e7\u00e3o de 14 pa\u00edses. Livre para download.","og_url":"https:\/\/inclusivenews.com.br\/?p=13414","article_publisher":"https:\/\/www.facebook.com\/agenciainclusive\/","article_published_time":"2010-01-15T09:12:19+00:00","og_image":[{"url":"http:\/\/www.unesco.org\/fileadmin\/MULTIMEDIA\/FIELD\/Brasilia\/images\/capa_liberdade_rede_pt.JPG","type":"","width":"","height":""}],"author":"inclusivenews2024","twitter_card":"summary_large_image","twitter_misc":{"Escrito por":"inclusivenews2024","Tempo estimado de leitura":"3 minutos"},"schema":{"@context":"https:\/\/schema.org","@graph":[{"@type":"Article","@id":"https:\/\/inclusivenews.com.br\/?p=13414#article","isPartOf":{"@id":"https:\/\/inclusivenews.com.br\/?p=13414"},"author":{"name":"inclusivenews2024","@id":"https:\/\/inclusivenews.com.br\/#\/schema\/person\/ae4ec7087559b8692fb33b6fffd2273b"},"headline":"Estudo comparativo da UNESCO sobre Direito a Informa\u00e7\u00e3o ganha tradu\u00e7\u00e3o para o portugu\u00eas","datePublished":"2010-01-15T09:12:19+00:00","mainEntityOfPage":{"@id":"https:\/\/inclusivenews.com.br\/?p=13414"},"wordCount":683,"commentCount":0,"publisher":{"@id":"https:\/\/inclusivenews.com.br\/#organization"},"image":{"@id":"https:\/\/inclusivenews.com.br\/?p=13414#primaryimage"},"thumbnailUrl":"http:\/\/www.unesco.org\/fileadmin\/MULTIMEDIA\/FIELD\/Brasilia\/images\/capa_liberdade_rede_pt.JPG","articleSection":["Downloadables","Livros","NOT\u00cdCIAS","PUBLICA\u00c7\u00d5ES"],"inLanguage":"pt-PT","potentialAction":[{"@type":"CommentAction","name":"Comment","target":["https:\/\/inclusivenews.com.br\/?p=13414#respond"]}]},{"@type":"WebPage","@id":"https:\/\/inclusivenews.com.br\/?p=13414","url":"https:\/\/inclusivenews.com.br\/?p=13414","name":"Estudo comparativo da UNESCO sobre Direito a Informa\u00e7\u00e3o ganha tradu\u00e7\u00e3o para o portugu\u00eas -","isPartOf":{"@id":"https:\/\/inclusivenews.com.br\/#website"},"primaryImageOfPage":{"@id":"https:\/\/inclusivenews.com.br\/?p=13414#primaryimage"},"image":{"@id":"https:\/\/inclusivenews.com.br\/?p=13414#primaryimage"},"thumbnailUrl":"http:\/\/www.unesco.org\/fileadmin\/MULTIMEDIA\/FIELD\/Brasilia\/images\/capa_liberdade_rede_pt.JPG","datePublished":"2010-01-15T09:12:19+00:00","breadcrumb":{"@id":"https:\/\/inclusivenews.com.br\/?p=13414#breadcrumb"},"inLanguage":"pt-PT","potentialAction":[{"@type":"ReadAction","target":["https:\/\/inclusivenews.com.br\/?p=13414"]}]},{"@type":"ImageObject","inLanguage":"pt-PT","@id":"https:\/\/inclusivenews.com.br\/?p=13414#primaryimage","url":"http:\/\/www.unesco.org\/fileadmin\/MULTIMEDIA\/FIELD\/Brasilia\/images\/capa_liberdade_rede_pt.JPG","contentUrl":"http:\/\/www.unesco.org\/fileadmin\/MULTIMEDIA\/FIELD\/Brasilia\/images\/capa_liberdade_rede_pt.JPG"},{"@type":"BreadcrumbList","@id":"https:\/\/inclusivenews.com.br\/?p=13414#breadcrumb","itemListElement":[{"@type":"ListItem","position":1,"name":"In\u00edcio","item":"https:\/\/inclusivenews.com.br\/"},{"@type":"ListItem","position":2,"name":"Estudo comparativo da UNESCO sobre Direito a Informa\u00e7\u00e3o ganha tradu\u00e7\u00e3o para o portugu\u00eas"}]},{"@type":"WebSite","@id":"https:\/\/inclusivenews.com.br\/#website","url":"https:\/\/inclusivenews.com.br\/","name":"Inclusive News","description":"Inclusive News","publisher":{"@id":"https:\/\/inclusivenews.com.br\/#organization"},"potentialAction":[{"@type":"SearchAction","target":{"@type":"EntryPoint","urlTemplate":"https:\/\/inclusivenews.com.br\/?s={search_term_string}"},"query-input":{"@type":"PropertyValueSpecification","valueRequired":true,"valueName":"search_term_string"}}],"inLanguage":"pt-PT"},{"@type":"Organization","@id":"https:\/\/inclusivenews.com.br\/#organization","name":"Inclusive - inclus\u00e3o e cidadania","url":"https:\/\/inclusivenews.com.br\/","logo":{"@type":"ImageObject","inLanguage":"pt-PT","@id":"https:\/\/inclusivenews.com.br\/#\/schema\/logo\/image\/","url":"https:\/\/inclusivenews.com.br\/wp-content\/uploads\/2024\/03\/@grandesite.png","contentUrl":"https:\/\/inclusivenews.com.br\/wp-content\/uploads\/2024\/03\/@grandesite.png","width":1080,"height":1080,"caption":"Inclusive - inclus\u00e3o e cidadania"},"image":{"@id":"https:\/\/inclusivenews.com.br\/#\/schema\/logo\/image\/"},"sameAs":["https:\/\/www.facebook.com\/agenciainclusive\/","https:\/\/www.instagram.com\/newsinclusive\/"]},{"@type":"Person","@id":"https:\/\/inclusivenews.com.br\/#\/schema\/person\/ae4ec7087559b8692fb33b6fffd2273b","name":"inclusivenews2024","image":{"@type":"ImageObject","inLanguage":"pt-PT","@id":"https:\/\/secure.gravatar.com\/avatar\/c5a7ef84c66fa914f55bc4f7ce26cfa275a3b9a1c5568b907bd184fb4dde7b40?s=96&d=mm&r=g","url":"https:\/\/secure.gravatar.com\/avatar\/c5a7ef84c66fa914f55bc4f7ce26cfa275a3b9a1c5568b907bd184fb4dde7b40?s=96&d=mm&r=g","contentUrl":"https:\/\/secure.gravatar.com\/avatar\/c5a7ef84c66fa914f55bc4f7ce26cfa275a3b9a1c5568b907bd184fb4dde7b40?s=96&d=mm&r=g","caption":"inclusivenews2024"},"sameAs":["https:\/\/inclusivenews.com.br"],"url":"https:\/\/inclusivenews.com.br\/?author=1"}]}},"_links":{"self":[{"href":"https:\/\/inclusivenews.com.br\/index.php?rest_route=\/wp\/v2\/posts\/13414","targetHints":{"allow":["GET"]}}],"collection":[{"href":"https:\/\/inclusivenews.com.br\/index.php?rest_route=\/wp\/v2\/posts"}],"about":[{"href":"https:\/\/inclusivenews.com.br\/index.php?rest_route=\/wp\/v2\/types\/post"}],"author":[{"embeddable":true,"href":"https:\/\/inclusivenews.com.br\/index.php?rest_route=\/wp\/v2\/users\/1"}],"replies":[{"embeddable":true,"href":"https:\/\/inclusivenews.com.br\/index.php?rest_route=%2Fwp%2Fv2%2Fcomments&post=13414"}],"version-history":[{"count":0,"href":"https:\/\/inclusivenews.com.br\/index.php?rest_route=\/wp\/v2\/posts\/13414\/revisions"}],"wp:attachment":[{"href":"https:\/\/inclusivenews.com.br\/index.php?rest_route=%2Fwp%2Fv2%2Fmedia&parent=13414"}],"wp:term":[{"taxonomy":"category","embeddable":true,"href":"https:\/\/inclusivenews.com.br\/index.php?rest_route=%2Fwp%2Fv2%2Fcategories&post=13414"},{"taxonomy":"post_tag","embeddable":true,"href":"https:\/\/inclusivenews.com.br\/index.php?rest_route=%2Fwp%2Fv2%2Ftags&post=13414"}],"curies":[{"name":"wp","href":"https:\/\/api.w.org\/{rel}","templated":true}]}}