{"id":13421,"date":"2010-01-15T06:40:25","date_gmt":"2010-01-15T09:40:25","guid":{"rendered":"http:\/\/www.inclusive.org.br\/?p=13421"},"modified":"2010-01-15T06:40:25","modified_gmt":"2010-01-15T09:40:25","slug":"da-exclusao-a-inclusao-concepcoes-e-praticas","status":"publish","type":"post","link":"https:\/\/inclusivenews.com.br\/?p=13421","title":{"rendered":"Da exclus\u00e3o \u00e0 inclus\u00e3o: concep\u00e7\u00f5es e pr\u00e1ticas"},"content":{"rendered":"<figure id=\"corujinha\" aria-describedby=\"caption-corujinha\" style=\"width: 150px\" class=\"wp-caption alignleft\"><a href=\"http:\/\/www.inclusive.org.br\/?attachment_id=12157\"><img loading=\"lazy\" decoding=\"async\" title=\"Inclusive - Corujinha - Produ\u00e7\u00e3o Acad\u00eamica.\" src=\"http:\/\/inclusivenews.com.br\/wp-content\/uploads\/2009\/11\/corujinha2.jpg\" alt=\"Inclusive - Corujinha - Produ\u00e7\u00e3o Acad\u00eamica.\" width=\"150\" height=\"150\" \/><\/a><figcaption id=\"caption-corujinha\" class=\"wp-caption-text\"> <\/figcaption><\/figure>\n<p>Da exclus\u00e3o \u00e0 inclus\u00e3o: concep\u00e7\u00f5es e pr\u00e1ticas, por Maria Odete Emygdio da Silva. Revista Lus\u00f3fona de Educa\u00e7\u00e3o, N\u00famero 13. Lisboa, 2009, pp. 135-153.<\/p>\n<p><a href=\"http:\/\/www.oei.es\/pdf2\/revista_lusofona_educacao_13a09.pdf\" target=\"_blank\" rel=\"noopener\">Link para download.<\/a><\/p>\n<p><strong>RESUMO\/ABSTRACT<\/strong><\/p>\n<p style=\"text-align: justify;\">O caminho da exclus\u00e3o \u00e0 inclus\u00e3o das crian\u00e7as e dos jovens com necessidades educativas especiais est\u00e1 relacionado com as caracter\u00edsticas econ\u00f3micas, sociais e culturais de cada \u00e9poca, as quais s\u00e3o determinantes para o modo como se perspectiva a diferen\u00e7a. Exclus\u00e3o, segrega\u00e7\u00e3o, integra\u00e7\u00e3o e, nos tempos actuais, inclus\u00e3o, marcam um percurso, ao qual est\u00e3o subjacentes concep\u00e7\u00f5es e pr\u00e1ticas, relativamente \u00e0s quais, no caso da inclus\u00e3o, entendida como educa\u00e7\u00e3o inclusiva, a forma\u00e7\u00e3o de professores \u00e9 um dos factores fundamentais \u00e0 sua implementa\u00e7\u00e3o.<\/p>\n<p>As caracter\u00edsticas econ\u00f3micas, sociais e culturais de cada \u00e9poca t\u00eam determinado o modo como se tem \u201colhado\u201d a diferen\u00e7a. Do pensamento m\u00e1gico-religioso dos tempos remotos \u00e0 diviniza\u00e7\u00e3o no Egipto, da elimina\u00e7\u00e3o na Gr\u00e9cia e em Roma ao abandono e ao \u201csentimento de horror\u201d (Leit\u00e3o, 1980: 12) vivido na Idade M\u00e9dia, a hist\u00f3ria da Humanidade mostra-nos que as sociedades t\u00eam experimentado grandes dificuldades em lidar com a diferen\u00e7a, seja esta f\u00edsica, sensorial ou ps\u00edquica. O caminho da exclus\u00e3o \u00e0 inclus\u00e3o tem sido longo e penoso e muito h\u00e1 ainda para fazer.<\/p>\n<p>Com este artigo pretendemos fazer uma reflex\u00e3o acerca do percurso escolar das crian\u00e7as e jovens com necessidades educativas especiais (NEE), situando-o relativamente \u00e0s concep\u00e7\u00f5es que lhe est\u00e3o subjacentes e \u00e0s pr\u00e1ticas que, de acordo com alguma investiga\u00e7\u00e3o a este prop\u00f3sito (Vieira, 1995; Madureira, 1997; Leite, 1997; Correia, 1997, citados por Silva, 2001; Rodrigues, 2006; Silva, 2001, 2007), a escola tem desenvolvido para o seu atendimento.<\/p>\n","protected":false},"excerpt":{"rendered":"<p>O caminho da exclus\u00e3o \u00e0 inclus\u00e3o das crian\u00e7as e dos jovens com necessidades educativas especiais est\u00e1 relacionado com as caracter\u00edsticas econ\u00f3micas, sociais e culturais de cada \u00e9poca, as quais s\u00e3o determinantes para o modo como se perspectiva a diferen\u00e7a. Exclus\u00e3o, segrega\u00e7\u00e3o, integra\u00e7\u00e3o e, nos tempos actuais, inclus\u00e3o, marcam um percurso, ao qual est\u00e3o subjacentes concep\u00e7\u00f5es e pr\u00e1ticas, relativamente \u00e0s quais, no caso da inclus\u00e3o, entendida como educa\u00e7\u00e3o inclusiva, a forma\u00e7\u00e3o de professores \u00e9 um dos factores fundamentais \u00e0 sua implementa\u00e7\u00e3o. (&#8230;) Da Revista Lus\u00f3fona de Educa\u00e7\u00e3o.<\/p>\n","protected":false},"author":1,"featured_media":0,"comment_status":"open","ping_status":"open","sticky":false,"template":"","format":"standard","meta":{"site-container-style":"default","site-container-layout":"default","site-sidebar-layout":"default","disable-article-header":"default","disable-site-header":"default","disable-site-footer":"default","disable-content-area-spacing":"default","footnotes":""},"categories":[52,24,10],"tags":[],"class_list":["post-13421","post","type-post","status-publish","format-standard","hentry","category-downloadables","category-producao-academica","category-publicacoes"],"yoast_head":"<!-- This site is optimized with the Yoast SEO plugin v27.4 - https:\/\/yoast.com\/product\/yoast-seo-wordpress\/ -->\n<title>Da exclus\u00e3o \u00e0 inclus\u00e3o: concep\u00e7\u00f5es e pr\u00e1ticas -<\/title>\n<meta name=\"robots\" content=\"index, follow, max-snippet:-1, max-image-preview:large, max-video-preview:-1\" \/>\n<link rel=\"canonical\" href=\"https:\/\/inclusivenews.com.br\/?p=13421\" \/>\n<meta property=\"og:locale\" content=\"pt_PT\" \/>\n<meta property=\"og:type\" content=\"article\" \/>\n<meta property=\"og:title\" content=\"Da exclus\u00e3o \u00e0 inclus\u00e3o: concep\u00e7\u00f5es e pr\u00e1ticas -\" \/>\n<meta property=\"og:description\" content=\"O caminho da exclus\u00e3o \u00e0 inclus\u00e3o das crian\u00e7as e dos jovens com necessidades educativas especiais est\u00e1 relacionado com as caracter\u00edsticas econ\u00f3micas, sociais e culturais de cada \u00e9poca, as quais s\u00e3o determinantes para o modo como se perspectiva a diferen\u00e7a. Exclus\u00e3o, segrega\u00e7\u00e3o, integra\u00e7\u00e3o e, nos tempos actuais, inclus\u00e3o, marcam um percurso, ao qual est\u00e3o subjacentes concep\u00e7\u00f5es e pr\u00e1ticas, relativamente \u00e0s quais, no caso da inclus\u00e3o, entendida como educa\u00e7\u00e3o inclusiva, a forma\u00e7\u00e3o de professores \u00e9 um dos factores fundamentais \u00e0 sua implementa\u00e7\u00e3o. (...) Da Revista Lus\u00f3fona de Educa\u00e7\u00e3o.\" \/>\n<meta property=\"og:url\" content=\"https:\/\/inclusivenews.com.br\/?p=13421\" \/>\n<meta property=\"article:publisher\" content=\"https:\/\/www.facebook.com\/agenciainclusive\/\" \/>\n<meta property=\"article:published_time\" content=\"2010-01-15T09:40:25+00:00\" \/>\n<meta property=\"og:image\" content=\"http:\/\/inclusivenews.com.br\/wp-content\/uploads\/2009\/11\/corujinha2.jpg\" \/>\n<meta name=\"author\" content=\"inclusivenews2024\" \/>\n<meta name=\"twitter:card\" content=\"summary_large_image\" \/>\n<meta name=\"twitter:label1\" content=\"Escrito por\" \/>\n\t<meta name=\"twitter:data1\" content=\"inclusivenews2024\" \/>\n\t<meta name=\"twitter:label2\" content=\"Tempo estimado de leitura\" \/>\n\t<meta name=\"twitter:data2\" content=\"2 minutos\" \/>\n<script type=\"application\/ld+json\" class=\"yoast-schema-graph\">{\"@context\":\"https:\\\/\\\/schema.org\",\"@graph\":[{\"@type\":\"Article\",\"@id\":\"https:\\\/\\\/inclusivenews.com.br\\\/?p=13421#article\",\"isPartOf\":{\"@id\":\"https:\\\/\\\/inclusivenews.com.br\\\/?p=13421\"},\"author\":{\"name\":\"inclusivenews2024\",\"@id\":\"https:\\\/\\\/inclusivenews.com.br\\\/#\\\/schema\\\/person\\\/ae4ec7087559b8692fb33b6fffd2273b\"},\"headline\":\"Da exclus\u00e3o \u00e0 inclus\u00e3o: concep\u00e7\u00f5es e pr\u00e1ticas\",\"datePublished\":\"2010-01-15T09:40:25+00:00\",\"mainEntityOfPage\":{\"@id\":\"https:\\\/\\\/inclusivenews.com.br\\\/?p=13421\"},\"wordCount\":312,\"commentCount\":0,\"publisher\":{\"@id\":\"https:\\\/\\\/inclusivenews.com.br\\\/#organization\"},\"image\":{\"@id\":\"https:\\\/\\\/inclusivenews.com.br\\\/?p=13421#primaryimage\"},\"thumbnailUrl\":\"http:\\\/\\\/inclusivenews.com.br\\\/wp-content\\\/uploads\\\/2009\\\/11\\\/corujinha2.jpg\",\"articleSection\":[\"Downloadables\",\"Produ\u00e7\u00e3o acad\u00eamica\",\"PUBLICA\u00c7\u00d5ES\"],\"inLanguage\":\"pt-PT\",\"potentialAction\":[{\"@type\":\"CommentAction\",\"name\":\"Comment\",\"target\":[\"https:\\\/\\\/inclusivenews.com.br\\\/?p=13421#respond\"]}]},{\"@type\":\"WebPage\",\"@id\":\"https:\\\/\\\/inclusivenews.com.br\\\/?p=13421\",\"url\":\"https:\\\/\\\/inclusivenews.com.br\\\/?p=13421\",\"name\":\"Da exclus\u00e3o \u00e0 inclus\u00e3o: concep\u00e7\u00f5es e pr\u00e1ticas -\",\"isPartOf\":{\"@id\":\"https:\\\/\\\/inclusivenews.com.br\\\/#website\"},\"primaryImageOfPage\":{\"@id\":\"https:\\\/\\\/inclusivenews.com.br\\\/?p=13421#primaryimage\"},\"image\":{\"@id\":\"https:\\\/\\\/inclusivenews.com.br\\\/?p=13421#primaryimage\"},\"thumbnailUrl\":\"http:\\\/\\\/inclusivenews.com.br\\\/wp-content\\\/uploads\\\/2009\\\/11\\\/corujinha2.jpg\",\"datePublished\":\"2010-01-15T09:40:25+00:00\",\"breadcrumb\":{\"@id\":\"https:\\\/\\\/inclusivenews.com.br\\\/?p=13421#breadcrumb\"},\"inLanguage\":\"pt-PT\",\"potentialAction\":[{\"@type\":\"ReadAction\",\"target\":[\"https:\\\/\\\/inclusivenews.com.br\\\/?p=13421\"]}]},{\"@type\":\"ImageObject\",\"inLanguage\":\"pt-PT\",\"@id\":\"https:\\\/\\\/inclusivenews.com.br\\\/?p=13421#primaryimage\",\"url\":\"https:\\\/\\\/inclusivenews.com.br\\\/wp-content\\\/uploads\\\/2009\\\/11\\\/corujinha2.jpg\",\"contentUrl\":\"https:\\\/\\\/inclusivenews.com.br\\\/wp-content\\\/uploads\\\/2009\\\/11\\\/corujinha2.jpg\",\"width\":150,\"height\":150},{\"@type\":\"BreadcrumbList\",\"@id\":\"https:\\\/\\\/inclusivenews.com.br\\\/?p=13421#breadcrumb\",\"itemListElement\":[{\"@type\":\"ListItem\",\"position\":1,\"name\":\"In\u00edcio\",\"item\":\"https:\\\/\\\/inclusivenews.com.br\\\/\"},{\"@type\":\"ListItem\",\"position\":2,\"name\":\"Da exclus\u00e3o \u00e0 inclus\u00e3o: concep\u00e7\u00f5es e pr\u00e1ticas\"}]},{\"@type\":\"WebSite\",\"@id\":\"https:\\\/\\\/inclusivenews.com.br\\\/#website\",\"url\":\"https:\\\/\\\/inclusivenews.com.br\\\/\",\"name\":\"Inclusive News\",\"description\":\"Inclusive News\",\"publisher\":{\"@id\":\"https:\\\/\\\/inclusivenews.com.br\\\/#organization\"},\"potentialAction\":[{\"@type\":\"SearchAction\",\"target\":{\"@type\":\"EntryPoint\",\"urlTemplate\":\"https:\\\/\\\/inclusivenews.com.br\\\/?s={search_term_string}\"},\"query-input\":{\"@type\":\"PropertyValueSpecification\",\"valueRequired\":true,\"valueName\":\"search_term_string\"}}],\"inLanguage\":\"pt-PT\"},{\"@type\":\"Organization\",\"@id\":\"https:\\\/\\\/inclusivenews.com.br\\\/#organization\",\"name\":\"Inclusive - inclus\u00e3o e cidadania\",\"url\":\"https:\\\/\\\/inclusivenews.com.br\\\/\",\"logo\":{\"@type\":\"ImageObject\",\"inLanguage\":\"pt-PT\",\"@id\":\"https:\\\/\\\/inclusivenews.com.br\\\/#\\\/schema\\\/logo\\\/image\\\/\",\"url\":\"https:\\\/\\\/inclusivenews.com.br\\\/wp-content\\\/uploads\\\/2024\\\/03\\\/@grandesite.png\",\"contentUrl\":\"https:\\\/\\\/inclusivenews.com.br\\\/wp-content\\\/uploads\\\/2024\\\/03\\\/@grandesite.png\",\"width\":1080,\"height\":1080,\"caption\":\"Inclusive - inclus\u00e3o e cidadania\"},\"image\":{\"@id\":\"https:\\\/\\\/inclusivenews.com.br\\\/#\\\/schema\\\/logo\\\/image\\\/\"},\"sameAs\":[\"https:\\\/\\\/www.facebook.com\\\/agenciainclusive\\\/\",\"https:\\\/\\\/www.instagram.com\\\/newsinclusive\\\/\"]},{\"@type\":\"Person\",\"@id\":\"https:\\\/\\\/inclusivenews.com.br\\\/#\\\/schema\\\/person\\\/ae4ec7087559b8692fb33b6fffd2273b\",\"name\":\"inclusivenews2024\",\"image\":{\"@type\":\"ImageObject\",\"inLanguage\":\"pt-PT\",\"@id\":\"https:\\\/\\\/secure.gravatar.com\\\/avatar\\\/c5a7ef84c66fa914f55bc4f7ce26cfa275a3b9a1c5568b907bd184fb4dde7b40?s=96&d=mm&r=g\",\"url\":\"https:\\\/\\\/secure.gravatar.com\\\/avatar\\\/c5a7ef84c66fa914f55bc4f7ce26cfa275a3b9a1c5568b907bd184fb4dde7b40?s=96&d=mm&r=g\",\"contentUrl\":\"https:\\\/\\\/secure.gravatar.com\\\/avatar\\\/c5a7ef84c66fa914f55bc4f7ce26cfa275a3b9a1c5568b907bd184fb4dde7b40?s=96&d=mm&r=g\",\"caption\":\"inclusivenews2024\"},\"sameAs\":[\"https:\\\/\\\/inclusivenews.com.br\"],\"url\":\"https:\\\/\\\/inclusivenews.com.br\\\/?author=1\"}]}<\/script>\n<!-- \/ Yoast SEO plugin. -->","yoast_head_json":{"title":"Da exclus\u00e3o \u00e0 inclus\u00e3o: concep\u00e7\u00f5es e pr\u00e1ticas -","robots":{"index":"index","follow":"follow","max-snippet":"max-snippet:-1","max-image-preview":"max-image-preview:large","max-video-preview":"max-video-preview:-1"},"canonical":"https:\/\/inclusivenews.com.br\/?p=13421","og_locale":"pt_PT","og_type":"article","og_title":"Da exclus\u00e3o \u00e0 inclus\u00e3o: concep\u00e7\u00f5es e pr\u00e1ticas -","og_description":"O caminho da exclus\u00e3o \u00e0 inclus\u00e3o das crian\u00e7as e dos jovens com necessidades educativas especiais est\u00e1 relacionado com as caracter\u00edsticas econ\u00f3micas, sociais e culturais de cada \u00e9poca, as quais s\u00e3o determinantes para o modo como se perspectiva a diferen\u00e7a. Exclus\u00e3o, segrega\u00e7\u00e3o, integra\u00e7\u00e3o e, nos tempos actuais, inclus\u00e3o, marcam um percurso, ao qual est\u00e3o subjacentes concep\u00e7\u00f5es e pr\u00e1ticas, relativamente \u00e0s quais, no caso da inclus\u00e3o, entendida como educa\u00e7\u00e3o inclusiva, a forma\u00e7\u00e3o de professores \u00e9 um dos factores fundamentais \u00e0 sua implementa\u00e7\u00e3o. (...) Da Revista Lus\u00f3fona de Educa\u00e7\u00e3o.","og_url":"https:\/\/inclusivenews.com.br\/?p=13421","article_publisher":"https:\/\/www.facebook.com\/agenciainclusive\/","article_published_time":"2010-01-15T09:40:25+00:00","og_image":[{"url":"http:\/\/inclusivenews.com.br\/wp-content\/uploads\/2009\/11\/corujinha2.jpg","type":"","width":"","height":""}],"author":"inclusivenews2024","twitter_card":"summary_large_image","twitter_misc":{"Escrito por":"inclusivenews2024","Tempo estimado de leitura":"2 minutos"},"schema":{"@context":"https:\/\/schema.org","@graph":[{"@type":"Article","@id":"https:\/\/inclusivenews.com.br\/?p=13421#article","isPartOf":{"@id":"https:\/\/inclusivenews.com.br\/?p=13421"},"author":{"name":"inclusivenews2024","@id":"https:\/\/inclusivenews.com.br\/#\/schema\/person\/ae4ec7087559b8692fb33b6fffd2273b"},"headline":"Da exclus\u00e3o \u00e0 inclus\u00e3o: concep\u00e7\u00f5es e pr\u00e1ticas","datePublished":"2010-01-15T09:40:25+00:00","mainEntityOfPage":{"@id":"https:\/\/inclusivenews.com.br\/?p=13421"},"wordCount":312,"commentCount":0,"publisher":{"@id":"https:\/\/inclusivenews.com.br\/#organization"},"image":{"@id":"https:\/\/inclusivenews.com.br\/?p=13421#primaryimage"},"thumbnailUrl":"http:\/\/inclusivenews.com.br\/wp-content\/uploads\/2009\/11\/corujinha2.jpg","articleSection":["Downloadables","Produ\u00e7\u00e3o acad\u00eamica","PUBLICA\u00c7\u00d5ES"],"inLanguage":"pt-PT","potentialAction":[{"@type":"CommentAction","name":"Comment","target":["https:\/\/inclusivenews.com.br\/?p=13421#respond"]}]},{"@type":"WebPage","@id":"https:\/\/inclusivenews.com.br\/?p=13421","url":"https:\/\/inclusivenews.com.br\/?p=13421","name":"Da exclus\u00e3o \u00e0 inclus\u00e3o: concep\u00e7\u00f5es e pr\u00e1ticas -","isPartOf":{"@id":"https:\/\/inclusivenews.com.br\/#website"},"primaryImageOfPage":{"@id":"https:\/\/inclusivenews.com.br\/?p=13421#primaryimage"},"image":{"@id":"https:\/\/inclusivenews.com.br\/?p=13421#primaryimage"},"thumbnailUrl":"http:\/\/inclusivenews.com.br\/wp-content\/uploads\/2009\/11\/corujinha2.jpg","datePublished":"2010-01-15T09:40:25+00:00","breadcrumb":{"@id":"https:\/\/inclusivenews.com.br\/?p=13421#breadcrumb"},"inLanguage":"pt-PT","potentialAction":[{"@type":"ReadAction","target":["https:\/\/inclusivenews.com.br\/?p=13421"]}]},{"@type":"ImageObject","inLanguage":"pt-PT","@id":"https:\/\/inclusivenews.com.br\/?p=13421#primaryimage","url":"https:\/\/inclusivenews.com.br\/wp-content\/uploads\/2009\/11\/corujinha2.jpg","contentUrl":"https:\/\/inclusivenews.com.br\/wp-content\/uploads\/2009\/11\/corujinha2.jpg","width":150,"height":150},{"@type":"BreadcrumbList","@id":"https:\/\/inclusivenews.com.br\/?p=13421#breadcrumb","itemListElement":[{"@type":"ListItem","position":1,"name":"In\u00edcio","item":"https:\/\/inclusivenews.com.br\/"},{"@type":"ListItem","position":2,"name":"Da exclus\u00e3o \u00e0 inclus\u00e3o: concep\u00e7\u00f5es e pr\u00e1ticas"}]},{"@type":"WebSite","@id":"https:\/\/inclusivenews.com.br\/#website","url":"https:\/\/inclusivenews.com.br\/","name":"Inclusive News","description":"Inclusive News","publisher":{"@id":"https:\/\/inclusivenews.com.br\/#organization"},"potentialAction":[{"@type":"SearchAction","target":{"@type":"EntryPoint","urlTemplate":"https:\/\/inclusivenews.com.br\/?s={search_term_string}"},"query-input":{"@type":"PropertyValueSpecification","valueRequired":true,"valueName":"search_term_string"}}],"inLanguage":"pt-PT"},{"@type":"Organization","@id":"https:\/\/inclusivenews.com.br\/#organization","name":"Inclusive - inclus\u00e3o e cidadania","url":"https:\/\/inclusivenews.com.br\/","logo":{"@type":"ImageObject","inLanguage":"pt-PT","@id":"https:\/\/inclusivenews.com.br\/#\/schema\/logo\/image\/","url":"https:\/\/inclusivenews.com.br\/wp-content\/uploads\/2024\/03\/@grandesite.png","contentUrl":"https:\/\/inclusivenews.com.br\/wp-content\/uploads\/2024\/03\/@grandesite.png","width":1080,"height":1080,"caption":"Inclusive - inclus\u00e3o e cidadania"},"image":{"@id":"https:\/\/inclusivenews.com.br\/#\/schema\/logo\/image\/"},"sameAs":["https:\/\/www.facebook.com\/agenciainclusive\/","https:\/\/www.instagram.com\/newsinclusive\/"]},{"@type":"Person","@id":"https:\/\/inclusivenews.com.br\/#\/schema\/person\/ae4ec7087559b8692fb33b6fffd2273b","name":"inclusivenews2024","image":{"@type":"ImageObject","inLanguage":"pt-PT","@id":"https:\/\/secure.gravatar.com\/avatar\/c5a7ef84c66fa914f55bc4f7ce26cfa275a3b9a1c5568b907bd184fb4dde7b40?s=96&d=mm&r=g","url":"https:\/\/secure.gravatar.com\/avatar\/c5a7ef84c66fa914f55bc4f7ce26cfa275a3b9a1c5568b907bd184fb4dde7b40?s=96&d=mm&r=g","contentUrl":"https:\/\/secure.gravatar.com\/avatar\/c5a7ef84c66fa914f55bc4f7ce26cfa275a3b9a1c5568b907bd184fb4dde7b40?s=96&d=mm&r=g","caption":"inclusivenews2024"},"sameAs":["https:\/\/inclusivenews.com.br"],"url":"https:\/\/inclusivenews.com.br\/?author=1"}]}},"_links":{"self":[{"href":"https:\/\/inclusivenews.com.br\/index.php?rest_route=\/wp\/v2\/posts\/13421","targetHints":{"allow":["GET"]}}],"collection":[{"href":"https:\/\/inclusivenews.com.br\/index.php?rest_route=\/wp\/v2\/posts"}],"about":[{"href":"https:\/\/inclusivenews.com.br\/index.php?rest_route=\/wp\/v2\/types\/post"}],"author":[{"embeddable":true,"href":"https:\/\/inclusivenews.com.br\/index.php?rest_route=\/wp\/v2\/users\/1"}],"replies":[{"embeddable":true,"href":"https:\/\/inclusivenews.com.br\/index.php?rest_route=%2Fwp%2Fv2%2Fcomments&post=13421"}],"version-history":[{"count":0,"href":"https:\/\/inclusivenews.com.br\/index.php?rest_route=\/wp\/v2\/posts\/13421\/revisions"}],"wp:attachment":[{"href":"https:\/\/inclusivenews.com.br\/index.php?rest_route=%2Fwp%2Fv2%2Fmedia&parent=13421"}],"wp:term":[{"taxonomy":"category","embeddable":true,"href":"https:\/\/inclusivenews.com.br\/index.php?rest_route=%2Fwp%2Fv2%2Fcategories&post=13421"},{"taxonomy":"post_tag","embeddable":true,"href":"https:\/\/inclusivenews.com.br\/index.php?rest_route=%2Fwp%2Fv2%2Ftags&post=13421"}],"curies":[{"name":"wp","href":"https:\/\/api.w.org\/{rel}","templated":true}]}}