{"id":13428,"date":"2010-01-16T13:44:34","date_gmt":"2010-01-16T16:44:34","guid":{"rendered":"http:\/\/www.inclusive.org.br\/?p=13428"},"modified":"2010-01-16T13:44:34","modified_gmt":"2010-01-16T16:44:34","slug":"brasil-ira-indenizar-filhos-deficientes-de-mulheres-que-usaram-talidomida","status":"publish","type":"post","link":"https:\/\/inclusivenews.com.br\/?p=13428","title":{"rendered":"Brasil ir\u00e1 indenizar filhos deficientes de mulheres que usaram talidomida"},"content":{"rendered":"<figure id=\"attachment_13429\" aria-describedby=\"caption-attachment-13429\" style=\"width: 238px\" class=\"wp-caption alignnone\"><a href=\"http:\/\/www.inclusivenews.com.br\/wp-content\/uploads\/2010\/01\/talidomida.jpg\"><img loading=\"lazy\" decoding=\"async\" class=\"size-full wp-image-13429\" title=\"talidomida\" src=\"http:\/\/inclusivenews.com.br\/wp-content\/uploads\/2010\/01\/talidomida.jpg\" alt=\"Caixa do rem\u00e9dio talidomida\" width=\"238\" height=\"315\" \/><\/a><figcaption id=\"caption-attachment-13429\" class=\"wp-caption-text\">Caixa do rem\u00e9dio talidomida<\/figcaption><\/figure>\n<div>\n<p align=\"left\">As pessoas com defici\u00eancia f\u00edsica decorrente do uso pelas m\u00e3es, durante a gesta\u00e7\u00e3o, da talidomida (rem\u00e9dio usado por gr\u00e1vidas na d\u00e9cada de 50 contra enjoo), ser\u00e3o indenizadas por danos morais pelo Estado brasileiro. A indeniza\u00e7\u00e3o em valor \u00fanico de R$ 50 mil a t\u00edtulo de dano moral. A lei foi sancionada pelo presidente Luiz In\u00e1cio Lula da Silva ontem (13) e publicada na edi\u00e7\u00e3o de hoje (14) do Di\u00e1rio Oficial da Uni\u00e3o.\u00a0 A Secretaria Especial dos Direitos Humanos da Presid\u00eancia da Rep\u00fablica (SEDH\/PR), por meio da\u00a0 Subsecret\u00e1ria Nacional de Promo\u00e7\u00e3o dos Direitos da Pessoa com Defici\u00eancia (Corde),\u00a0 atuou desde 2007 em todo o processo de tramita\u00e7\u00e3o do projeto.<\/p>\n<p align=\"left\">Pela legisla\u00e7\u00e3o, 650 aproximadamente\u00a0v\u00edtimas v\u00e3o receber R$ 50 mil em indeniza\u00e7\u00e3o, valor que aumentar\u00e1 na medida em que a depend\u00eancia resultante da defici\u00eancia f\u00edsica for maior. A indeniza\u00e7\u00e3o ser\u00e1 paga pelo Tesouro e ter\u00e1 car\u00e1ter autom\u00e1tico, isto \u00e9, n\u00e3o depender\u00e1 de requisi\u00e7\u00e3o do benefici\u00e1rio.<\/p>\n<p align=\"left\">No valor a ser pago n\u00e3o incidir\u00e1 qualquer cobran\u00e7a de Imposto de Renda Pessoa F\u00edsica (IRPF). A pens\u00e3o, ressalvado o direito de op\u00e7\u00e3o, n\u00e3o poder\u00e1 ser cumulativa com qualquer rendimento ou indeniza\u00e7\u00e3o recebida pelo benefici\u00e1rio.<\/p>\n<p align=\"left\">\u201c\u00c9 mais uma repara\u00e7\u00e3o hist\u00f3rica feita pelo presidente Lula\u201d, afirma Izabel Maior, subsecret\u00e1ria nacional de Promo\u00e7\u00e3o dos Direitos da Pessoa com Defici\u00eancia (Corde). Ela cita o exemplo das pessoas atingidas pela hansen\u00edase e que foram confinadas em hospitais-col\u00f4nias por mais de quatro d\u00e9cadas passaram a receber pens\u00e3o do Estado. \u201cEm dois anos de atividade, a Comiss\u00e3o Interministerial de Avalia\u00e7\u00e3o da Pens\u00e3o Vital\u00edcia j\u00e1 procedeu \u00e0 concess\u00e3o de mais de 4.000 pens\u00f5es\u201d, conta Izabel.\u00a0<\/p>\n<p>&#8220;As limita\u00e7\u00f5es, priva\u00e7\u00f5es e sofrimento impostos \u00e0s v\u00edtimas n\u00e3o t\u00eam pre\u00e7o&#8221;, afirma\u00a0emocionada Claudia Marques Maximino, presidente da Associa\u00e7\u00e3o Brasileira de Portadores da S\u00edndrome da Talidomida (ABPST).\u00a0\u00a0\u201cN\u00e3o h\u00e1 dinheiro que pague pelo que sofremos na inf\u00e2ncia, quando n\u00e3o pod\u00edamos freq\u00fcentar a escola devido \u00e0 inacessibilidade; pelas brincadeiras que n\u00e3o brincamos por falta de pernas ou bra\u00e7os; ou pelas oportunidades que n\u00e3o tivemos mais tarde, como o acesso ao trabalho, aos relacionamentos e \u00e0 constitui\u00e7\u00e3o de nossas pr\u00f3prias fam\u00edlias por causa do preconceito\u201d, explica.<\/p>\n<p align=\"left\">Segundo ela, este \u00e9 o segundo marco conquistado. &#8220;O primeiro marco foi a inser\u00e7\u00e3o de alertas nas bulas de rem\u00e9dios alertando sobre os riscos de uma s\u00e9rie de rem\u00e9dios para as gestantes&#8221;, conta ela. Cl\u00e1udia diz que a pr\u00f3xima etapa desta batalha de50 anos\u00a0s\u00e3o as campanhas para esclarecimento de toda a popula\u00e7\u00e3o. &#8220;A luta pela melhoria da cidadania em nosso pa\u00eds n\u00e3o pode parar, \u00e9 di\u00e1ria e vale a pena&#8221;, declara Cl\u00e1udia.<\/p>\n<p align=\"left\"><strong>A talidomida<\/strong> \u00e9\u00a0 um medicamento desenvolvido na Alemanha, em 1954, inicialmente como sedativo. Contudo, a partir de sua comercializa\u00e7\u00e3o, em 1957, gerou milhares de casos de Focomelia, que \u00e9 uma s\u00edndrome caracterizada pela aproxima\u00e7\u00e3o ou encurtamento dos membros junto ao tronco do feto &#8211; tornando-os semelhantes aos de uma foca &#8211; devido a ultrapassar a barreira placent\u00e1ria e interferir na sua forma\u00e7\u00e3o. Utilizado durante a gravidez, tamb\u00e9m pode provocar graves defeitos visuais, auditivos, da coluna vertebral e, em casos mais raros, do tubo digestivo e problemas card\u00edacos.<\/p>\n<p>A ingest\u00e3o de um \u00fanico comprimido nos tr\u00eas primeiros meses de gesta\u00e7\u00e3o ocasiona a Focomelia, efeito descoberto em 1961, o que provocou a sua retirada imediata do mercado mundial. No entanto, em 1965 foi descoberto o seu efeito ben\u00e9fico no tratamento de estados reacionais em Hansen\u00edase (antigamente conhecida como lepra), e n\u00e3o para tratar a doen\u00e7a propriamente dita, o que gerou a sua reintrodu\u00e7\u00e3o no mercado brasileiro com essa finalidade espec\u00edfica.<\/p>\n<p><strong>No atual governo as medidas normativas para o uso restritivo da talidomida s\u00e3o:<\/strong> \u00e9 sancionada a Lei n\u00ba 10.651, de 16 de abril de 2003, disp\u00f5e sobre o controle do uso da talidomida.<br \/>\n<strong>2005:<\/strong> \u00e9 publicada a Consulta P\u00fablica n\u00ba 63 para proposta de novo regulamento t\u00e9cnico da Talidomida.<br \/>\n<strong>2005<\/strong>: a publica\u00e7\u00e3o da Resolu\u00e7\u00e3o n\u00ba 356, de 10 de outubro de 2005, suspende a realiza\u00e7\u00e3o da Consulta P\u00fablica n\u00b0 63.<br \/>\n<strong>2006<\/strong>: \u00e9 realizado Painel de Utiliza\u00e7\u00e3o Terap\u00eautica da Talidomida, promovido pela Anvisa (Ag\u00eancia Nacional de Vigil\u00e2ncia Sanit\u00e1ria).<br \/>\n<strong>2007:<\/strong> \u00e9 realizada nova reuni\u00e3o na Ag\u00eancia Nacional de vigil\u00e2ncia Sanit\u00e1ria (Anvisa) com o objetivo de flexibiliza\u00e7\u00e3o do uso da Talidomida.<\/p>\n<p>2003:<\/p>\n<p>D\u00e9cadas 1990 e 2000: a diversifica\u00e7\u00e3o e a continuidade do uso da droga no tratamento de Lupus, C\u00e2ncer, Leucemia, Vitiligo, Aftas, Tuberculose, etc., geraram o nascimento de dezenas de novos casos de crian\u00e7as vitimadas pela droga (2\u00ba e 3\u00ba Gera\u00e7\u00e3o); principalmente em fun\u00e7\u00e3o da desinforma\u00e7\u00e3o, inclusive de profissionais da \u00e1rea da sa\u00fade, e pela auto-medica\u00e7\u00e3o, uma pr\u00e1tica constante no Brasil.<\/p>\n<p align=\"left\">Fonte: SEDH <a href=\"http:\/\/www.presidencia.gov.br\/estrutura_presidencia\/sedh\/noticias\/ultimas_noticias\/MySQLNoticia.2010-01-14.0738\">http:\/\/www.presidencia.gov.br\/estrutura_presidencia\/sedh\/noticias\/ultimas_noticias\/MySQLNoticia.2010-01-14.0738<\/a><\/p>\n<p align=\"left\">\u00a0<\/p>\n<\/div>\n","protected":false},"excerpt":{"rendered":"<p>As pessoas com defici\u00eancia f\u00edsica decorrente do uso pelas m\u00e3es, durante a gesta\u00e7\u00e3o, da talidomida (rem\u00e9dio usado por gr\u00e1vidas na d\u00e9cada de 50 contra enjoo), ser\u00e3o indenizadas por danos morais pelo Estado brasileiro. A indeniza\u00e7\u00e3o em valor \u00fanico de R$ 50 mil a t\u00edtulo de dano moral. A lei foi sancionada pelo presidente Luiz In\u00e1cio [&hellip;]<\/p>\n","protected":false},"author":1,"featured_media":0,"comment_status":"open","ping_status":"open","sticky":false,"template":"","format":"standard","meta":{"site-container-style":"default","site-container-layout":"default","site-sidebar-layout":"default","disable-article-header":"default","disable-site-header":"default","disable-site-footer":"default","disable-content-area-spacing":"default","footnotes":""},"categories":[26,4],"tags":[],"class_list":["post-13428","post","type-post","status-publish","format-standard","hentry","category-legislacao","category-noticias"],"yoast_head":"<!-- This site is optimized with the Yoast SEO plugin v27.4 - https:\/\/yoast.com\/product\/yoast-seo-wordpress\/ -->\n<title>Brasil ir\u00e1 indenizar filhos deficientes de mulheres que usaram talidomida -<\/title>\n<meta name=\"robots\" content=\"index, follow, max-snippet:-1, max-image-preview:large, max-video-preview:-1\" \/>\n<link rel=\"canonical\" href=\"https:\/\/inclusivenews.com.br\/?p=13428\" \/>\n<meta property=\"og:locale\" content=\"pt_PT\" \/>\n<meta property=\"og:type\" content=\"article\" \/>\n<meta property=\"og:title\" content=\"Brasil ir\u00e1 indenizar filhos deficientes de mulheres que usaram talidomida -\" \/>\n<meta property=\"og:description\" content=\"As pessoas com defici\u00eancia f\u00edsica decorrente do uso pelas m\u00e3es, durante a gesta\u00e7\u00e3o, da talidomida (rem\u00e9dio usado por gr\u00e1vidas na d\u00e9cada de 50 contra enjoo), ser\u00e3o indenizadas por danos morais pelo Estado brasileiro. A indeniza\u00e7\u00e3o em valor \u00fanico de R$ 50 mil a t\u00edtulo de dano moral. A lei foi sancionada pelo presidente Luiz In\u00e1cio [&hellip;]\" \/>\n<meta property=\"og:url\" content=\"https:\/\/inclusivenews.com.br\/?p=13428\" \/>\n<meta property=\"article:publisher\" content=\"https:\/\/www.facebook.com\/agenciainclusive\/\" \/>\n<meta property=\"article:published_time\" content=\"2010-01-16T16:44:34+00:00\" \/>\n<meta property=\"og:image\" content=\"http:\/\/inclusivenews.com.br\/wp-content\/uploads\/2010\/01\/talidomida.jpg\" \/>\n<meta name=\"author\" content=\"inclusivenews2024\" \/>\n<meta name=\"twitter:card\" content=\"summary_large_image\" \/>\n<meta name=\"twitter:label1\" content=\"Escrito por\" \/>\n\t<meta name=\"twitter:data1\" content=\"inclusivenews2024\" \/>\n\t<meta name=\"twitter:label2\" content=\"Tempo estimado de leitura\" \/>\n\t<meta name=\"twitter:data2\" content=\"4 minutos\" \/>\n<script type=\"application\/ld+json\" class=\"yoast-schema-graph\">{\"@context\":\"https:\\\/\\\/schema.org\",\"@graph\":[{\"@type\":\"Article\",\"@id\":\"https:\\\/\\\/inclusivenews.com.br\\\/?p=13428#article\",\"isPartOf\":{\"@id\":\"https:\\\/\\\/inclusivenews.com.br\\\/?p=13428\"},\"author\":{\"name\":\"inclusivenews2024\",\"@id\":\"https:\\\/\\\/inclusivenews.com.br\\\/#\\\/schema\\\/person\\\/ae4ec7087559b8692fb33b6fffd2273b\"},\"headline\":\"Brasil ir\u00e1 indenizar filhos deficientes de mulheres que usaram talidomida\",\"datePublished\":\"2010-01-16T16:44:34+00:00\",\"mainEntityOfPage\":{\"@id\":\"https:\\\/\\\/inclusivenews.com.br\\\/?p=13428\"},\"wordCount\":874,\"commentCount\":0,\"publisher\":{\"@id\":\"https:\\\/\\\/inclusivenews.com.br\\\/#organization\"},\"image\":{\"@id\":\"https:\\\/\\\/inclusivenews.com.br\\\/?p=13428#primaryimage\"},\"thumbnailUrl\":\"http:\\\/\\\/inclusivenews.com.br\\\/wp-content\\\/uploads\\\/2010\\\/01\\\/talidomida.jpg\",\"articleSection\":[\"Legisla\u00e7\u00e3o ...\",\"NOT\u00cdCIAS\"],\"inLanguage\":\"pt-PT\",\"potentialAction\":[{\"@type\":\"CommentAction\",\"name\":\"Comment\",\"target\":[\"https:\\\/\\\/inclusivenews.com.br\\\/?p=13428#respond\"]}]},{\"@type\":\"WebPage\",\"@id\":\"https:\\\/\\\/inclusivenews.com.br\\\/?p=13428\",\"url\":\"https:\\\/\\\/inclusivenews.com.br\\\/?p=13428\",\"name\":\"Brasil ir\u00e1 indenizar filhos deficientes de mulheres que usaram talidomida -\",\"isPartOf\":{\"@id\":\"https:\\\/\\\/inclusivenews.com.br\\\/#website\"},\"primaryImageOfPage\":{\"@id\":\"https:\\\/\\\/inclusivenews.com.br\\\/?p=13428#primaryimage\"},\"image\":{\"@id\":\"https:\\\/\\\/inclusivenews.com.br\\\/?p=13428#primaryimage\"},\"thumbnailUrl\":\"http:\\\/\\\/inclusivenews.com.br\\\/wp-content\\\/uploads\\\/2010\\\/01\\\/talidomida.jpg\",\"datePublished\":\"2010-01-16T16:44:34+00:00\",\"breadcrumb\":{\"@id\":\"https:\\\/\\\/inclusivenews.com.br\\\/?p=13428#breadcrumb\"},\"inLanguage\":\"pt-PT\",\"potentialAction\":[{\"@type\":\"ReadAction\",\"target\":[\"https:\\\/\\\/inclusivenews.com.br\\\/?p=13428\"]}]},{\"@type\":\"ImageObject\",\"inLanguage\":\"pt-PT\",\"@id\":\"https:\\\/\\\/inclusivenews.com.br\\\/?p=13428#primaryimage\",\"url\":\"\",\"contentUrl\":\"\"},{\"@type\":\"BreadcrumbList\",\"@id\":\"https:\\\/\\\/inclusivenews.com.br\\\/?p=13428#breadcrumb\",\"itemListElement\":[{\"@type\":\"ListItem\",\"position\":1,\"name\":\"In\u00edcio\",\"item\":\"https:\\\/\\\/inclusivenews.com.br\\\/\"},{\"@type\":\"ListItem\",\"position\":2,\"name\":\"Brasil ir\u00e1 indenizar filhos deficientes de mulheres que usaram talidomida\"}]},{\"@type\":\"WebSite\",\"@id\":\"https:\\\/\\\/inclusivenews.com.br\\\/#website\",\"url\":\"https:\\\/\\\/inclusivenews.com.br\\\/\",\"name\":\"Inclusive News\",\"description\":\"Inclusive News\",\"publisher\":{\"@id\":\"https:\\\/\\\/inclusivenews.com.br\\\/#organization\"},\"potentialAction\":[{\"@type\":\"SearchAction\",\"target\":{\"@type\":\"EntryPoint\",\"urlTemplate\":\"https:\\\/\\\/inclusivenews.com.br\\\/?s={search_term_string}\"},\"query-input\":{\"@type\":\"PropertyValueSpecification\",\"valueRequired\":true,\"valueName\":\"search_term_string\"}}],\"inLanguage\":\"pt-PT\"},{\"@type\":\"Organization\",\"@id\":\"https:\\\/\\\/inclusivenews.com.br\\\/#organization\",\"name\":\"Inclusive - inclus\u00e3o e cidadania\",\"url\":\"https:\\\/\\\/inclusivenews.com.br\\\/\",\"logo\":{\"@type\":\"ImageObject\",\"inLanguage\":\"pt-PT\",\"@id\":\"https:\\\/\\\/inclusivenews.com.br\\\/#\\\/schema\\\/logo\\\/image\\\/\",\"url\":\"https:\\\/\\\/inclusivenews.com.br\\\/wp-content\\\/uploads\\\/2024\\\/03\\\/@grandesite.png\",\"contentUrl\":\"https:\\\/\\\/inclusivenews.com.br\\\/wp-content\\\/uploads\\\/2024\\\/03\\\/@grandesite.png\",\"width\":1080,\"height\":1080,\"caption\":\"Inclusive - inclus\u00e3o e cidadania\"},\"image\":{\"@id\":\"https:\\\/\\\/inclusivenews.com.br\\\/#\\\/schema\\\/logo\\\/image\\\/\"},\"sameAs\":[\"https:\\\/\\\/www.facebook.com\\\/agenciainclusive\\\/\",\"https:\\\/\\\/www.instagram.com\\\/newsinclusive\\\/\"]},{\"@type\":\"Person\",\"@id\":\"https:\\\/\\\/inclusivenews.com.br\\\/#\\\/schema\\\/person\\\/ae4ec7087559b8692fb33b6fffd2273b\",\"name\":\"inclusivenews2024\",\"image\":{\"@type\":\"ImageObject\",\"inLanguage\":\"pt-PT\",\"@id\":\"https:\\\/\\\/secure.gravatar.com\\\/avatar\\\/c5a7ef84c66fa914f55bc4f7ce26cfa275a3b9a1c5568b907bd184fb4dde7b40?s=96&d=mm&r=g\",\"url\":\"https:\\\/\\\/secure.gravatar.com\\\/avatar\\\/c5a7ef84c66fa914f55bc4f7ce26cfa275a3b9a1c5568b907bd184fb4dde7b40?s=96&d=mm&r=g\",\"contentUrl\":\"https:\\\/\\\/secure.gravatar.com\\\/avatar\\\/c5a7ef84c66fa914f55bc4f7ce26cfa275a3b9a1c5568b907bd184fb4dde7b40?s=96&d=mm&r=g\",\"caption\":\"inclusivenews2024\"},\"sameAs\":[\"https:\\\/\\\/inclusivenews.com.br\"],\"url\":\"https:\\\/\\\/inclusivenews.com.br\\\/?author=1\"}]}<\/script>\n<!-- \/ Yoast SEO plugin. -->","yoast_head_json":{"title":"Brasil ir\u00e1 indenizar filhos deficientes de mulheres que usaram talidomida -","robots":{"index":"index","follow":"follow","max-snippet":"max-snippet:-1","max-image-preview":"max-image-preview:large","max-video-preview":"max-video-preview:-1"},"canonical":"https:\/\/inclusivenews.com.br\/?p=13428","og_locale":"pt_PT","og_type":"article","og_title":"Brasil ir\u00e1 indenizar filhos deficientes de mulheres que usaram talidomida -","og_description":"As pessoas com defici\u00eancia f\u00edsica decorrente do uso pelas m\u00e3es, durante a gesta\u00e7\u00e3o, da talidomida (rem\u00e9dio usado por gr\u00e1vidas na d\u00e9cada de 50 contra enjoo), ser\u00e3o indenizadas por danos morais pelo Estado brasileiro. A indeniza\u00e7\u00e3o em valor \u00fanico de R$ 50 mil a t\u00edtulo de dano moral. A lei foi sancionada pelo presidente Luiz In\u00e1cio [&hellip;]","og_url":"https:\/\/inclusivenews.com.br\/?p=13428","article_publisher":"https:\/\/www.facebook.com\/agenciainclusive\/","article_published_time":"2010-01-16T16:44:34+00:00","og_image":[{"url":"http:\/\/inclusivenews.com.br\/wp-content\/uploads\/2010\/01\/talidomida.jpg","type":"","width":"","height":""}],"author":"inclusivenews2024","twitter_card":"summary_large_image","twitter_misc":{"Escrito por":"inclusivenews2024","Tempo estimado de leitura":"4 minutos"},"schema":{"@context":"https:\/\/schema.org","@graph":[{"@type":"Article","@id":"https:\/\/inclusivenews.com.br\/?p=13428#article","isPartOf":{"@id":"https:\/\/inclusivenews.com.br\/?p=13428"},"author":{"name":"inclusivenews2024","@id":"https:\/\/inclusivenews.com.br\/#\/schema\/person\/ae4ec7087559b8692fb33b6fffd2273b"},"headline":"Brasil ir\u00e1 indenizar filhos deficientes de mulheres que usaram talidomida","datePublished":"2010-01-16T16:44:34+00:00","mainEntityOfPage":{"@id":"https:\/\/inclusivenews.com.br\/?p=13428"},"wordCount":874,"commentCount":0,"publisher":{"@id":"https:\/\/inclusivenews.com.br\/#organization"},"image":{"@id":"https:\/\/inclusivenews.com.br\/?p=13428#primaryimage"},"thumbnailUrl":"http:\/\/inclusivenews.com.br\/wp-content\/uploads\/2010\/01\/talidomida.jpg","articleSection":["Legisla\u00e7\u00e3o ...","NOT\u00cdCIAS"],"inLanguage":"pt-PT","potentialAction":[{"@type":"CommentAction","name":"Comment","target":["https:\/\/inclusivenews.com.br\/?p=13428#respond"]}]},{"@type":"WebPage","@id":"https:\/\/inclusivenews.com.br\/?p=13428","url":"https:\/\/inclusivenews.com.br\/?p=13428","name":"Brasil ir\u00e1 indenizar filhos deficientes de mulheres que usaram talidomida -","isPartOf":{"@id":"https:\/\/inclusivenews.com.br\/#website"},"primaryImageOfPage":{"@id":"https:\/\/inclusivenews.com.br\/?p=13428#primaryimage"},"image":{"@id":"https:\/\/inclusivenews.com.br\/?p=13428#primaryimage"},"thumbnailUrl":"http:\/\/inclusivenews.com.br\/wp-content\/uploads\/2010\/01\/talidomida.jpg","datePublished":"2010-01-16T16:44:34+00:00","breadcrumb":{"@id":"https:\/\/inclusivenews.com.br\/?p=13428#breadcrumb"},"inLanguage":"pt-PT","potentialAction":[{"@type":"ReadAction","target":["https:\/\/inclusivenews.com.br\/?p=13428"]}]},{"@type":"ImageObject","inLanguage":"pt-PT","@id":"https:\/\/inclusivenews.com.br\/?p=13428#primaryimage","url":"","contentUrl":""},{"@type":"BreadcrumbList","@id":"https:\/\/inclusivenews.com.br\/?p=13428#breadcrumb","itemListElement":[{"@type":"ListItem","position":1,"name":"In\u00edcio","item":"https:\/\/inclusivenews.com.br\/"},{"@type":"ListItem","position":2,"name":"Brasil ir\u00e1 indenizar filhos deficientes de mulheres que usaram talidomida"}]},{"@type":"WebSite","@id":"https:\/\/inclusivenews.com.br\/#website","url":"https:\/\/inclusivenews.com.br\/","name":"Inclusive News","description":"Inclusive News","publisher":{"@id":"https:\/\/inclusivenews.com.br\/#organization"},"potentialAction":[{"@type":"SearchAction","target":{"@type":"EntryPoint","urlTemplate":"https:\/\/inclusivenews.com.br\/?s={search_term_string}"},"query-input":{"@type":"PropertyValueSpecification","valueRequired":true,"valueName":"search_term_string"}}],"inLanguage":"pt-PT"},{"@type":"Organization","@id":"https:\/\/inclusivenews.com.br\/#organization","name":"Inclusive - inclus\u00e3o e cidadania","url":"https:\/\/inclusivenews.com.br\/","logo":{"@type":"ImageObject","inLanguage":"pt-PT","@id":"https:\/\/inclusivenews.com.br\/#\/schema\/logo\/image\/","url":"https:\/\/inclusivenews.com.br\/wp-content\/uploads\/2024\/03\/@grandesite.png","contentUrl":"https:\/\/inclusivenews.com.br\/wp-content\/uploads\/2024\/03\/@grandesite.png","width":1080,"height":1080,"caption":"Inclusive - inclus\u00e3o e cidadania"},"image":{"@id":"https:\/\/inclusivenews.com.br\/#\/schema\/logo\/image\/"},"sameAs":["https:\/\/www.facebook.com\/agenciainclusive\/","https:\/\/www.instagram.com\/newsinclusive\/"]},{"@type":"Person","@id":"https:\/\/inclusivenews.com.br\/#\/schema\/person\/ae4ec7087559b8692fb33b6fffd2273b","name":"inclusivenews2024","image":{"@type":"ImageObject","inLanguage":"pt-PT","@id":"https:\/\/secure.gravatar.com\/avatar\/c5a7ef84c66fa914f55bc4f7ce26cfa275a3b9a1c5568b907bd184fb4dde7b40?s=96&d=mm&r=g","url":"https:\/\/secure.gravatar.com\/avatar\/c5a7ef84c66fa914f55bc4f7ce26cfa275a3b9a1c5568b907bd184fb4dde7b40?s=96&d=mm&r=g","contentUrl":"https:\/\/secure.gravatar.com\/avatar\/c5a7ef84c66fa914f55bc4f7ce26cfa275a3b9a1c5568b907bd184fb4dde7b40?s=96&d=mm&r=g","caption":"inclusivenews2024"},"sameAs":["https:\/\/inclusivenews.com.br"],"url":"https:\/\/inclusivenews.com.br\/?author=1"}]}},"_links":{"self":[{"href":"https:\/\/inclusivenews.com.br\/index.php?rest_route=\/wp\/v2\/posts\/13428","targetHints":{"allow":["GET"]}}],"collection":[{"href":"https:\/\/inclusivenews.com.br\/index.php?rest_route=\/wp\/v2\/posts"}],"about":[{"href":"https:\/\/inclusivenews.com.br\/index.php?rest_route=\/wp\/v2\/types\/post"}],"author":[{"embeddable":true,"href":"https:\/\/inclusivenews.com.br\/index.php?rest_route=\/wp\/v2\/users\/1"}],"replies":[{"embeddable":true,"href":"https:\/\/inclusivenews.com.br\/index.php?rest_route=%2Fwp%2Fv2%2Fcomments&post=13428"}],"version-history":[{"count":0,"href":"https:\/\/inclusivenews.com.br\/index.php?rest_route=\/wp\/v2\/posts\/13428\/revisions"}],"wp:attachment":[{"href":"https:\/\/inclusivenews.com.br\/index.php?rest_route=%2Fwp%2Fv2%2Fmedia&parent=13428"}],"wp:term":[{"taxonomy":"category","embeddable":true,"href":"https:\/\/inclusivenews.com.br\/index.php?rest_route=%2Fwp%2Fv2%2Fcategories&post=13428"},{"taxonomy":"post_tag","embeddable":true,"href":"https:\/\/inclusivenews.com.br\/index.php?rest_route=%2Fwp%2Fv2%2Ftags&post=13428"}],"curies":[{"name":"wp","href":"https:\/\/api.w.org\/{rel}","templated":true}]}}