{"id":13431,"date":"2010-01-16T07:40:38","date_gmt":"2010-01-16T10:40:38","guid":{"rendered":"http:\/\/www.inclusive.org.br\/?p=13431"},"modified":"2010-01-16T07:40:38","modified_gmt":"2010-01-16T10:40:38","slug":"apoio-as-vitimas-com-deficiencia-no-haiti-oea","status":"publish","type":"post","link":"https:\/\/inclusivenews.com.br\/?p=13431","title":{"rendered":"Apoio \u00e0s v\u00edtimas com defici\u00eancia no Haiti &#8211; OEA"},"content":{"rendered":"<p><em><\/p>\n<figure id=\"attachment_13432\" aria-describedby=\"caption-attachment-13432\" style=\"width: 260px\" class=\"wp-caption alignleft\"><a href=\"http:\/\/www.inclusivenews.com.br\/wp-content\/uploads\/2010\/01\/terremoto.jpg\"><img loading=\"lazy\" decoding=\"async\" class=\"size-full wp-image-13432\" title=\"Inclusive - terremoto no Haiti.\" src=\"http:\/\/inclusivenews.com.br\/wp-content\/uploads\/2010\/01\/terremoto.jpg\" alt=\"Inclusive - terremoto no Haiti.\" width=\"260\" height=\"171\" \/><\/a><figcaption id=\"caption-attachment-13432\" class=\"wp-caption-text\">Inclusive - terremoto no Haiti.<\/figcaption><\/figure>\n<p>CADA UM PODE SER MAIS UM, SE CADA UM FOR MAIS UM NA BUSCA DE UM MUNDO DE MUITOS QUE OLHAREM PARA UM S\u00d3 MUNDO DE TODOS&#8230; O HAITI N\u00c3O \u00c9 L\u00c1, J\u00c1 FOI, \u00c9 E PODE SER AQUI&#8230;<\/p>\n<p><\/em><\/p>\n<p>O iNFOATIVO.DEFNET retransmite mensagem recebida de nossa amiga Pilar Samaniego de Garcia, que nos estimula \u00e0 busca de um sentimento de LATINIDADE SOLIDARIEDARIEDAD PARA COM O POVO J\u00c1 ANTERIORMENTE SOFRIDO E ABANDONADO DO NEGRO HAIT\u00cd&#8230; Jorge Marcio Pereira de Andrade<\/p>\n<p><strong>ORGANIZACI\u00d3N DE LOS ESTADOS AMERICANOS<br \/>\nSecretar\u00eda de Asuntos Jur\u00eddicos<br \/>\nDepartamento de Programas Jur\u00eddicos Especiales<br \/>\nSecretar\u00eda para el Seguimiento del Programa de Acci\u00f3n del Decenio de las Am\u00e9ricas por los Derechos y la Dignidad De las Personas con Discapacidad<\/strong><\/p>\n<p><strong>CIRCULAR No.2: ASUNTO APOYO A LAS VICTIMAS CON DISCAPACIDAD DEL TERREMOTO EN HAITI.<\/strong><\/p>\n<p>CIRCULAR N\u00ba 2: Assunto &#8211; APOIO \u00c1S V\u00cdTIMAS COM DEFICI\u00caNCIA DO TERREMOTO NO HAITI<\/p>\n<p>(Tradu\u00e7\u00e3o livre: Dr. Jorge M\u00e1rcio Pereira de Andrade)<\/p>\n<p><strong>SEDISCAP y los funcionarios que la integran, ante la magnitud del desastre natural ocurrido esta semana en la hermana Republica de Hait\u00ed, expresan su m\u00e1s profundo pesar por la inusitada magnitud en p\u00e9rdidas humanas y expresa su preocupaci\u00f3n por las personas con discapacidad, quienes debido a sus condiciones f\u00edsicas, ps\u00edquicas y sensoriales presentan mayores limitaciones ante esta tragedia. A\u00fan a la fecha no se ha logrado conocer la magnitud de los da\u00f1os, las vistas e informaciones recibidas por los medios de comunicaci\u00f3n social indican que miles de personas han sufrido graves heridas, perdido sus vidas, o sus hogares y nuestro pensamiento se traslada al drama y sufrimiento que deben estar viviendo cientos de personas con discapacidad en ese pa\u00eds hermano. <\/strong><\/p>\n<p>SEDISCAP e os funcion\u00e1rios que a integram, diante da magnitude do desastre natural ocorrido esta semana na nossa irm\u00e3 REPUBLICA DO HAIT\u00cd, express\u00e3o seu mais profundo pesar pela magnitude inusitada de vidas humanas perdidas, e expressa sua preocupa\u00e7\u00e3o com as pessoas com defici\u00eancia, as quais devido \u00e0s suas condi\u00e7\u00f5es f\u00edsicas, ps\u00edquicas e sensoriais apresentam maiores limita\u00e7\u00f5es diante desta trag\u00e9dia. At\u00e9 o momento n\u00e3o conseguiu conhecer a extens\u00e3o dos danos, atrav\u00e9s das imagens e informa\u00e7\u00f5es recebidas pelos meios de comunica\u00e7\u00e3o social temos a indica\u00e7\u00e3o de milhares de pessoas que sofreram ferimentos graves, que perderam suas vidas, seus lares, e nosso pensamento se conecta ao drama e ao sofrimento que devem estar vivendo estas pessoas com defici\u00eancia nesse pa\u00eds irm\u00e3o.<\/p>\n<p><strong>La Secretar\u00eda General ha desplegado esfuerzos para apoyar a este Hermano pa\u00eds ante esta tragedia. En estos momentos tan tristes, acompa\u00f1amos los sentimientos de los sobrevivientes, familiares de fallecidos, desaparecidos, y todos los habitantes del pa\u00eds, particularizando a las personas con discapacidad y sus familiares.<\/strong><\/p>\n<p>A Secretaria Geral tem feito esfor\u00e7os para apoior este IRM\u00c3O HAITI DIANTE DESTA TRAG\u00c9DIA. Nesse momentos t\u00e3o tristes, acompanhamos os sentimentos dos sobreviventes, familiares de desaparecidos e falecidos, e a todos os habitantes desse pa\u00eds, em particular \u00e0s pessoas com defici\u00eancia e suas fam\u00edlias.<\/p>\n<p><strong>EXHORTAMOS a todas las instituciones nacionales especializadas en le tema discapacidad y a los organismos de la Sociedad Civil, de los pa\u00edses miembros a que se sumen a los operativos de recaudaci\u00f3n de fondos y recopilaci\u00f3n de ayuda material, solicitando aquellos elementos esenciales (ayudas orto- prot\u00e9sicas y medicamentos, entre otros) que requieren las personas con discapacidad y contribuir de esta manera a mitigar el enorme sufrimiento humano por el que est\u00e1n pasando. <\/strong><\/p>\n<p><strong> <\/strong>Exortamos a todas as institui\u00e7\u00f5es nacionais especializadas no campo das defici\u00eancias e as Organiza\u00e7\u00f5es da Sociedade Civil, de todos os pa\u00edses membros ( DA OEA) a que se juntem \u00e0s opera\u00e7\u00f5es de busca de fundos e de ajuda material, solicitando aqueles materiais essenciais (AJUDAS DE \u00d3RTESE E PROTESES, MEDICAMENTOS, ENTRE OUTROS) que s\u00e3o necess\u00e1rios para as pessoas com defici\u00eancia, afim de contribuir com estas a\u00e7\u00f5es para diminuir o enorme sofrimento humano que os habitantes do Haiti est\u00e3o passando.<\/p>\n<p>Dra. Eneida Ferrer F. Lic. Jos\u00e9 A. Espino<br \/>\nDirectora T\u00e9cnica Director de Programas y Proyectos<br \/>\nSEDISCAP SEDISCAP<br \/>\nDado En la Ciudad de Panam\u00e1, el d\u00eda 15 de enero de 2010.<\/p>\n<p>____________________<\/p>\n<p><strong>Fonte:<\/strong> <a href=\"http:\/\/infoativodefnet.blogspot.com\/\" target=\"_blank\" rel=\"noopener\">InfoAtivo DefNet <\/a><\/p>\n","protected":false},"excerpt":{"rendered":"<p>Reproduzimos apelo pela solidariedade internacional \u00e0s vitimas do terremoto no Haiti, pessoas com defici\u00eancia, realizado pela SEDISCAP\/OEA traduzida para o portugu\u00eas pelo Dr. Jorge M\u00e1rcio Pereira Andrdade e veiculada em edi\u00e7\u00e3o extra do InfoAtivo DefNet.<\/p>\n","protected":false},"author":1,"featured_media":0,"comment_status":"open","ping_status":"open","sticky":false,"template":"","format":"standard","meta":{"site-container-style":"default","site-container-layout":"default","site-sidebar-layout":"default","disable-article-header":"default","disable-site-header":"default","disable-site-footer":"default","disable-content-area-spacing":"default","footnotes":""},"categories":[4,9],"tags":[],"class_list":["post-13431","post","type-post","status-publish","format-standard","hentry","category-noticias","category-traducoes"],"yoast_head":"<!-- This site is optimized with the Yoast SEO plugin v27.4 - https:\/\/yoast.com\/product\/yoast-seo-wordpress\/ -->\n<title>Apoio \u00e0s v\u00edtimas com defici\u00eancia no Haiti - OEA -<\/title>\n<meta name=\"robots\" content=\"index, follow, max-snippet:-1, max-image-preview:large, max-video-preview:-1\" \/>\n<link rel=\"canonical\" href=\"https:\/\/inclusivenews.com.br\/?p=13431\" \/>\n<meta property=\"og:locale\" content=\"pt_PT\" \/>\n<meta property=\"og:type\" content=\"article\" \/>\n<meta property=\"og:title\" content=\"Apoio \u00e0s v\u00edtimas com defici\u00eancia no Haiti - OEA -\" \/>\n<meta property=\"og:description\" content=\"Reproduzimos apelo pela solidariedade internacional \u00e0s vitimas do terremoto no Haiti, pessoas com defici\u00eancia, realizado pela SEDISCAP\/OEA traduzida para o portugu\u00eas pelo Dr. Jorge M\u00e1rcio Pereira Andrdade e veiculada em edi\u00e7\u00e3o extra do InfoAtivo DefNet.\" \/>\n<meta property=\"og:url\" content=\"https:\/\/inclusivenews.com.br\/?p=13431\" \/>\n<meta property=\"article:publisher\" content=\"https:\/\/www.facebook.com\/agenciainclusive\/\" \/>\n<meta property=\"article:published_time\" content=\"2010-01-16T10:40:38+00:00\" \/>\n<meta property=\"og:image\" content=\"http:\/\/inclusivenews.com.br\/wp-content\/uploads\/2010\/01\/terremoto.jpg\" \/>\n<meta name=\"author\" content=\"inclusivenews2024\" \/>\n<meta name=\"twitter:card\" content=\"summary_large_image\" \/>\n<meta name=\"twitter:label1\" content=\"Escrito por\" \/>\n\t<meta name=\"twitter:data1\" content=\"inclusivenews2024\" \/>\n\t<meta name=\"twitter:label2\" content=\"Tempo estimado de leitura\" \/>\n\t<meta name=\"twitter:data2\" content=\"4 minutos\" \/>\n<script type=\"application\/ld+json\" class=\"yoast-schema-graph\">{\"@context\":\"https:\\\/\\\/schema.org\",\"@graph\":[{\"@type\":\"Article\",\"@id\":\"https:\\\/\\\/inclusivenews.com.br\\\/?p=13431#article\",\"isPartOf\":{\"@id\":\"https:\\\/\\\/inclusivenews.com.br\\\/?p=13431\"},\"author\":{\"name\":\"inclusivenews2024\",\"@id\":\"https:\\\/\\\/inclusivenews.com.br\\\/#\\\/schema\\\/person\\\/ae4ec7087559b8692fb33b6fffd2273b\"},\"headline\":\"Apoio \u00e0s v\u00edtimas com defici\u00eancia no Haiti &#8211; OEA\",\"datePublished\":\"2010-01-16T10:40:38+00:00\",\"mainEntityOfPage\":{\"@id\":\"https:\\\/\\\/inclusivenews.com.br\\\/?p=13431\"},\"wordCount\":747,\"commentCount\":1,\"publisher\":{\"@id\":\"https:\\\/\\\/inclusivenews.com.br\\\/#organization\"},\"image\":{\"@id\":\"https:\\\/\\\/inclusivenews.com.br\\\/?p=13431#primaryimage\"},\"thumbnailUrl\":\"http:\\\/\\\/inclusivenews.com.br\\\/wp-content\\\/uploads\\\/2010\\\/01\\\/terremoto.jpg\",\"articleSection\":[\"NOT\u00cdCIAS\",\"Tradu\u00e7\u00f5es\"],\"inLanguage\":\"pt-PT\",\"potentialAction\":[{\"@type\":\"CommentAction\",\"name\":\"Comment\",\"target\":[\"https:\\\/\\\/inclusivenews.com.br\\\/?p=13431#respond\"]}]},{\"@type\":\"WebPage\",\"@id\":\"https:\\\/\\\/inclusivenews.com.br\\\/?p=13431\",\"url\":\"https:\\\/\\\/inclusivenews.com.br\\\/?p=13431\",\"name\":\"Apoio \u00e0s v\u00edtimas com defici\u00eancia no Haiti - OEA -\",\"isPartOf\":{\"@id\":\"https:\\\/\\\/inclusivenews.com.br\\\/#website\"},\"primaryImageOfPage\":{\"@id\":\"https:\\\/\\\/inclusivenews.com.br\\\/?p=13431#primaryimage\"},\"image\":{\"@id\":\"https:\\\/\\\/inclusivenews.com.br\\\/?p=13431#primaryimage\"},\"thumbnailUrl\":\"http:\\\/\\\/inclusivenews.com.br\\\/wp-content\\\/uploads\\\/2010\\\/01\\\/terremoto.jpg\",\"datePublished\":\"2010-01-16T10:40:38+00:00\",\"breadcrumb\":{\"@id\":\"https:\\\/\\\/inclusivenews.com.br\\\/?p=13431#breadcrumb\"},\"inLanguage\":\"pt-PT\",\"potentialAction\":[{\"@type\":\"ReadAction\",\"target\":[\"https:\\\/\\\/inclusivenews.com.br\\\/?p=13431\"]}]},{\"@type\":\"ImageObject\",\"inLanguage\":\"pt-PT\",\"@id\":\"https:\\\/\\\/inclusivenews.com.br\\\/?p=13431#primaryimage\",\"url\":\"\",\"contentUrl\":\"\"},{\"@type\":\"BreadcrumbList\",\"@id\":\"https:\\\/\\\/inclusivenews.com.br\\\/?p=13431#breadcrumb\",\"itemListElement\":[{\"@type\":\"ListItem\",\"position\":1,\"name\":\"In\u00edcio\",\"item\":\"https:\\\/\\\/inclusivenews.com.br\\\/\"},{\"@type\":\"ListItem\",\"position\":2,\"name\":\"Apoio \u00e0s v\u00edtimas com defici\u00eancia no Haiti &#8211; OEA\"}]},{\"@type\":\"WebSite\",\"@id\":\"https:\\\/\\\/inclusivenews.com.br\\\/#website\",\"url\":\"https:\\\/\\\/inclusivenews.com.br\\\/\",\"name\":\"Inclusive News\",\"description\":\"Inclusive News\",\"publisher\":{\"@id\":\"https:\\\/\\\/inclusivenews.com.br\\\/#organization\"},\"potentialAction\":[{\"@type\":\"SearchAction\",\"target\":{\"@type\":\"EntryPoint\",\"urlTemplate\":\"https:\\\/\\\/inclusivenews.com.br\\\/?s={search_term_string}\"},\"query-input\":{\"@type\":\"PropertyValueSpecification\",\"valueRequired\":true,\"valueName\":\"search_term_string\"}}],\"inLanguage\":\"pt-PT\"},{\"@type\":\"Organization\",\"@id\":\"https:\\\/\\\/inclusivenews.com.br\\\/#organization\",\"name\":\"Inclusive - inclus\u00e3o e cidadania\",\"url\":\"https:\\\/\\\/inclusivenews.com.br\\\/\",\"logo\":{\"@type\":\"ImageObject\",\"inLanguage\":\"pt-PT\",\"@id\":\"https:\\\/\\\/inclusivenews.com.br\\\/#\\\/schema\\\/logo\\\/image\\\/\",\"url\":\"https:\\\/\\\/inclusivenews.com.br\\\/wp-content\\\/uploads\\\/2024\\\/03\\\/@grandesite.png\",\"contentUrl\":\"https:\\\/\\\/inclusivenews.com.br\\\/wp-content\\\/uploads\\\/2024\\\/03\\\/@grandesite.png\",\"width\":1080,\"height\":1080,\"caption\":\"Inclusive - inclus\u00e3o e cidadania\"},\"image\":{\"@id\":\"https:\\\/\\\/inclusivenews.com.br\\\/#\\\/schema\\\/logo\\\/image\\\/\"},\"sameAs\":[\"https:\\\/\\\/www.facebook.com\\\/agenciainclusive\\\/\",\"https:\\\/\\\/www.instagram.com\\\/newsinclusive\\\/\"]},{\"@type\":\"Person\",\"@id\":\"https:\\\/\\\/inclusivenews.com.br\\\/#\\\/schema\\\/person\\\/ae4ec7087559b8692fb33b6fffd2273b\",\"name\":\"inclusivenews2024\",\"image\":{\"@type\":\"ImageObject\",\"inLanguage\":\"pt-PT\",\"@id\":\"https:\\\/\\\/secure.gravatar.com\\\/avatar\\\/c5a7ef84c66fa914f55bc4f7ce26cfa275a3b9a1c5568b907bd184fb4dde7b40?s=96&d=mm&r=g\",\"url\":\"https:\\\/\\\/secure.gravatar.com\\\/avatar\\\/c5a7ef84c66fa914f55bc4f7ce26cfa275a3b9a1c5568b907bd184fb4dde7b40?s=96&d=mm&r=g\",\"contentUrl\":\"https:\\\/\\\/secure.gravatar.com\\\/avatar\\\/c5a7ef84c66fa914f55bc4f7ce26cfa275a3b9a1c5568b907bd184fb4dde7b40?s=96&d=mm&r=g\",\"caption\":\"inclusivenews2024\"},\"sameAs\":[\"https:\\\/\\\/inclusivenews.com.br\"],\"url\":\"https:\\\/\\\/inclusivenews.com.br\\\/?author=1\"}]}<\/script>\n<!-- \/ Yoast SEO plugin. -->","yoast_head_json":{"title":"Apoio \u00e0s v\u00edtimas com defici\u00eancia no Haiti - OEA -","robots":{"index":"index","follow":"follow","max-snippet":"max-snippet:-1","max-image-preview":"max-image-preview:large","max-video-preview":"max-video-preview:-1"},"canonical":"https:\/\/inclusivenews.com.br\/?p=13431","og_locale":"pt_PT","og_type":"article","og_title":"Apoio \u00e0s v\u00edtimas com defici\u00eancia no Haiti - OEA -","og_description":"Reproduzimos apelo pela solidariedade internacional \u00e0s vitimas do terremoto no Haiti, pessoas com defici\u00eancia, realizado pela SEDISCAP\/OEA traduzida para o portugu\u00eas pelo Dr. Jorge M\u00e1rcio Pereira Andrdade e veiculada em edi\u00e7\u00e3o extra do InfoAtivo DefNet.","og_url":"https:\/\/inclusivenews.com.br\/?p=13431","article_publisher":"https:\/\/www.facebook.com\/agenciainclusive\/","article_published_time":"2010-01-16T10:40:38+00:00","og_image":[{"url":"http:\/\/inclusivenews.com.br\/wp-content\/uploads\/2010\/01\/terremoto.jpg","type":"","width":"","height":""}],"author":"inclusivenews2024","twitter_card":"summary_large_image","twitter_misc":{"Escrito por":"inclusivenews2024","Tempo estimado de leitura":"4 minutos"},"schema":{"@context":"https:\/\/schema.org","@graph":[{"@type":"Article","@id":"https:\/\/inclusivenews.com.br\/?p=13431#article","isPartOf":{"@id":"https:\/\/inclusivenews.com.br\/?p=13431"},"author":{"name":"inclusivenews2024","@id":"https:\/\/inclusivenews.com.br\/#\/schema\/person\/ae4ec7087559b8692fb33b6fffd2273b"},"headline":"Apoio \u00e0s v\u00edtimas com defici\u00eancia no Haiti &#8211; OEA","datePublished":"2010-01-16T10:40:38+00:00","mainEntityOfPage":{"@id":"https:\/\/inclusivenews.com.br\/?p=13431"},"wordCount":747,"commentCount":1,"publisher":{"@id":"https:\/\/inclusivenews.com.br\/#organization"},"image":{"@id":"https:\/\/inclusivenews.com.br\/?p=13431#primaryimage"},"thumbnailUrl":"http:\/\/inclusivenews.com.br\/wp-content\/uploads\/2010\/01\/terremoto.jpg","articleSection":["NOT\u00cdCIAS","Tradu\u00e7\u00f5es"],"inLanguage":"pt-PT","potentialAction":[{"@type":"CommentAction","name":"Comment","target":["https:\/\/inclusivenews.com.br\/?p=13431#respond"]}]},{"@type":"WebPage","@id":"https:\/\/inclusivenews.com.br\/?p=13431","url":"https:\/\/inclusivenews.com.br\/?p=13431","name":"Apoio \u00e0s v\u00edtimas com defici\u00eancia no Haiti - OEA -","isPartOf":{"@id":"https:\/\/inclusivenews.com.br\/#website"},"primaryImageOfPage":{"@id":"https:\/\/inclusivenews.com.br\/?p=13431#primaryimage"},"image":{"@id":"https:\/\/inclusivenews.com.br\/?p=13431#primaryimage"},"thumbnailUrl":"http:\/\/inclusivenews.com.br\/wp-content\/uploads\/2010\/01\/terremoto.jpg","datePublished":"2010-01-16T10:40:38+00:00","breadcrumb":{"@id":"https:\/\/inclusivenews.com.br\/?p=13431#breadcrumb"},"inLanguage":"pt-PT","potentialAction":[{"@type":"ReadAction","target":["https:\/\/inclusivenews.com.br\/?p=13431"]}]},{"@type":"ImageObject","inLanguage":"pt-PT","@id":"https:\/\/inclusivenews.com.br\/?p=13431#primaryimage","url":"","contentUrl":""},{"@type":"BreadcrumbList","@id":"https:\/\/inclusivenews.com.br\/?p=13431#breadcrumb","itemListElement":[{"@type":"ListItem","position":1,"name":"In\u00edcio","item":"https:\/\/inclusivenews.com.br\/"},{"@type":"ListItem","position":2,"name":"Apoio \u00e0s v\u00edtimas com defici\u00eancia no Haiti &#8211; OEA"}]},{"@type":"WebSite","@id":"https:\/\/inclusivenews.com.br\/#website","url":"https:\/\/inclusivenews.com.br\/","name":"Inclusive News","description":"Inclusive News","publisher":{"@id":"https:\/\/inclusivenews.com.br\/#organization"},"potentialAction":[{"@type":"SearchAction","target":{"@type":"EntryPoint","urlTemplate":"https:\/\/inclusivenews.com.br\/?s={search_term_string}"},"query-input":{"@type":"PropertyValueSpecification","valueRequired":true,"valueName":"search_term_string"}}],"inLanguage":"pt-PT"},{"@type":"Organization","@id":"https:\/\/inclusivenews.com.br\/#organization","name":"Inclusive - inclus\u00e3o e cidadania","url":"https:\/\/inclusivenews.com.br\/","logo":{"@type":"ImageObject","inLanguage":"pt-PT","@id":"https:\/\/inclusivenews.com.br\/#\/schema\/logo\/image\/","url":"https:\/\/inclusivenews.com.br\/wp-content\/uploads\/2024\/03\/@grandesite.png","contentUrl":"https:\/\/inclusivenews.com.br\/wp-content\/uploads\/2024\/03\/@grandesite.png","width":1080,"height":1080,"caption":"Inclusive - inclus\u00e3o e cidadania"},"image":{"@id":"https:\/\/inclusivenews.com.br\/#\/schema\/logo\/image\/"},"sameAs":["https:\/\/www.facebook.com\/agenciainclusive\/","https:\/\/www.instagram.com\/newsinclusive\/"]},{"@type":"Person","@id":"https:\/\/inclusivenews.com.br\/#\/schema\/person\/ae4ec7087559b8692fb33b6fffd2273b","name":"inclusivenews2024","image":{"@type":"ImageObject","inLanguage":"pt-PT","@id":"https:\/\/secure.gravatar.com\/avatar\/c5a7ef84c66fa914f55bc4f7ce26cfa275a3b9a1c5568b907bd184fb4dde7b40?s=96&d=mm&r=g","url":"https:\/\/secure.gravatar.com\/avatar\/c5a7ef84c66fa914f55bc4f7ce26cfa275a3b9a1c5568b907bd184fb4dde7b40?s=96&d=mm&r=g","contentUrl":"https:\/\/secure.gravatar.com\/avatar\/c5a7ef84c66fa914f55bc4f7ce26cfa275a3b9a1c5568b907bd184fb4dde7b40?s=96&d=mm&r=g","caption":"inclusivenews2024"},"sameAs":["https:\/\/inclusivenews.com.br"],"url":"https:\/\/inclusivenews.com.br\/?author=1"}]}},"_links":{"self":[{"href":"https:\/\/inclusivenews.com.br\/index.php?rest_route=\/wp\/v2\/posts\/13431","targetHints":{"allow":["GET"]}}],"collection":[{"href":"https:\/\/inclusivenews.com.br\/index.php?rest_route=\/wp\/v2\/posts"}],"about":[{"href":"https:\/\/inclusivenews.com.br\/index.php?rest_route=\/wp\/v2\/types\/post"}],"author":[{"embeddable":true,"href":"https:\/\/inclusivenews.com.br\/index.php?rest_route=\/wp\/v2\/users\/1"}],"replies":[{"embeddable":true,"href":"https:\/\/inclusivenews.com.br\/index.php?rest_route=%2Fwp%2Fv2%2Fcomments&post=13431"}],"version-history":[{"count":0,"href":"https:\/\/inclusivenews.com.br\/index.php?rest_route=\/wp\/v2\/posts\/13431\/revisions"}],"wp:attachment":[{"href":"https:\/\/inclusivenews.com.br\/index.php?rest_route=%2Fwp%2Fv2%2Fmedia&parent=13431"}],"wp:term":[{"taxonomy":"category","embeddable":true,"href":"https:\/\/inclusivenews.com.br\/index.php?rest_route=%2Fwp%2Fv2%2Fcategories&post=13431"},{"taxonomy":"post_tag","embeddable":true,"href":"https:\/\/inclusivenews.com.br\/index.php?rest_route=%2Fwp%2Fv2%2Ftags&post=13431"}],"curies":[{"name":"wp","href":"https:\/\/api.w.org\/{rel}","templated":true}]}}