{"id":13440,"date":"2010-01-16T14:32:39","date_gmt":"2010-01-16T17:32:39","guid":{"rendered":"http:\/\/www.inclusive.org.br\/?p=13440"},"modified":"2010-01-16T14:32:39","modified_gmt":"2010-01-16T17:32:39","slug":"vitimas-da-talidomida-receberao-indenizacao","status":"publish","type":"post","link":"https:\/\/inclusivenews.com.br\/?p=13440","title":{"rendered":"V\u00edtimas da talidomida receber\u00e3o indeniza\u00e7\u00e3o"},"content":{"rendered":"<p><strong> <\/strong><\/p>\n<figure id=\"attachment_13441\" aria-describedby=\"caption-attachment-13441\" style=\"width: 150px\" class=\"wp-caption alignleft\"><a href=\"http:\/\/www.inclusivenews.com.br\/wp-content\/uploads\/2010\/01\/talidomida2.jpg\"><img loading=\"lazy\" decoding=\"async\" class=\"size-thumbnail wp-image-13441\" title=\"talidomida2\" src=\"http:\/\/inclusivenews.com.br\/wp-content\/uploads\/2010\/01\/talidomida2-150x150.jpg\" alt=\"Embalagem com remedio talidomida\" width=\"150\" height=\"150\" \/><\/a><figcaption id=\"caption-attachment-13441\" class=\"wp-caption-text\">Embalagem com remedio talidomida<\/figcaption><\/figure>\n<p style=\"text-align: justify;\">As v\u00edtimas da talidomida ganharam direito a indeniza\u00e7\u00e3o por danos morais. O valor varia de R$ 50 mil a R$ 400 mil, segundo a gravidade da defici\u00eancia. Estima-se que 650 pessoas tenham direito ao benef\u00edcio.<\/p>\n<p style=\"text-align: justify;\"><strong>A lei que cria a indeniza\u00e7\u00e3o, de autoria do senador Ti\u00e3o Viana (PT-AC), foi publicada ontem no &#8220;Di\u00e1rio Oficial da Uni\u00e3o&#8221;. Ela diz que os recursos para o pagamento sair\u00e3o do or\u00e7amento do governo federal, mas n\u00e3o especifica de que minist\u00e9rio ou autarquia.<\/strong><\/p>\n<p style=\"text-align: justify;\"><strong>Por isso, embora a legisla\u00e7\u00e3o j\u00e1 esteja em vigor, o Pal\u00e1cio do Planalto informou que ser\u00e1 preciso aguardar essa defini\u00e7\u00e3o antes de informar qual \u00f3rg\u00e3o dever\u00e1 ser procurado por quem quiser pleitear a indeniza\u00e7\u00e3o.<\/strong><\/p>\n<p style=\"text-align: justify;\"><strong>Lan\u00e7ada como medicamento contra enjoo na gravidez durante a d\u00e9cada de 1950, a talidomida levou ao nascimento de beb\u00eas com m\u00e1s-forma\u00e7\u00f5es, principalmente o encurtamento de bra\u00e7os e pernas. Em 1961, diversos pa\u00edses retiraram a droga de circula\u00e7\u00e3o, o que s\u00f3 ocorreu no Brasil quatro anos depois. No entanto, em 1965, o pa\u00eds voltou a utiliz\u00e1-la no tratamento da hansen\u00edase.<\/strong><\/p>\n<p style=\"text-align: justify;\"><strong>Desde 1997, a subst\u00e2ncia passou a ser restringida no caso das mulheres em idade f\u00e9rtil e s\u00f3 pode ser usada em determinados casos de hansen\u00edase e outras enfermidades como a doen\u00e7a de Crohn. Mesmo assim, o pa\u00eds j\u00e1 registrou nascimentos de crian\u00e7as com a s\u00edndrome desde ent\u00e3o. &#8220;Por mais que tenhamos normas cada vez mais restritivas, n\u00e3o h\u00e1 como evitar 100% a prescri\u00e7\u00e3o inadequada&#8221;, diz Jos\u00e9 Luiz Telles, diretor do departamento de a\u00e7\u00f5es estrat\u00e9gicas do Minist\u00e9rio da Sa\u00fade.<\/strong><\/p>\n<p style=\"text-align: justify;\"><strong>Desde 1982, os portadores da s\u00edndrome t\u00eam direito a uma pens\u00e3o mensal no valor que varia de meio a quatro sal\u00e1rios m\u00ednimos. V\u00e1rios deles tamb\u00e9m vinham pedindo repara\u00e7\u00f5es na Justi\u00e7a. Agora, a lei estabelece que a indeniza\u00e7\u00e3o da Uni\u00e3o n\u00e3o ser\u00e1 acumul\u00e1vel com o benef\u00edcio recebido por via judicial. Segundo a presidente da Associa\u00e7\u00e3o Brasileira dos Portadores da S\u00edndrome da Talidomida, Cl\u00e1udia Marques Maximino, essas a\u00e7\u00f5es dever\u00e3o ser retiradas para que a indeniza\u00e7\u00e3o venha mais rapidamente.<\/strong><\/p>\n<p style=\"text-align: justify;\"><strong>Maximino comemorou a san\u00e7\u00e3o da lei, que ela viu como uma admiss\u00e3o de culpa do governo por ter permitido que a droga fosse utilizada no pa\u00eds sem a comprova\u00e7\u00e3o de sua seguran\u00e7a. &#8220;N\u00e3o h\u00e1 dinheiro que pague o que a gente sofreu, mas \u00e9 como se o pa\u00eds dissesse: &#8220;Erramos com voc\u00eas, desculpem&#8221;.&#8221;<\/strong><\/p>\n<p style=\"text-align: justify;\"><strong>Segundo o geneticista cl\u00ednico Lu\u00eds Garcia Alonso, da AACD (Associa\u00e7\u00e3o de Assist\u00eancia \u00e0 Crian\u00e7a Deficiente), ainda h\u00e1 novos casos de v\u00edtimas da talidomida porque falta orienta\u00e7\u00e3o. &#8220;Aparecem numa escala infinitamente menor, mas mesmo assim \u00e9 muito grave, porque mostra que existe uma falha na forma\u00e7\u00e3o dos m\u00e9dicos, que precisam ter uma base mais gen\u00e9tica, do que n\u00e3o pode ser usado na gesta\u00e7\u00e3o.&#8221;<\/strong><\/p>\n<p style=\"text-align: justify;\"><strong>Leia a mat\u00e9ria complete em:<\/strong><\/p>\n<p style=\"text-align: justify;\"><strong><a rel=\"nofollow noopener\" href=\"http:\/\/www1.folha.uol.com.br\/fsp\/saude\/sd1501201001.htm\" target=\"_blank\">http:\/\/www1.folha.uol.com.br\/fsp\/saude\/sd1501201001.htm<\/a><\/strong><\/p>\n<p style=\"text-align: justify;\"><strong>Fonte: Folha de S\u00e3o Paulo<\/strong><\/p>\n","protected":false},"excerpt":{"rendered":"<p>As v\u00edtimas da talidomida ganharam direito a indeniza\u00e7\u00e3o por danos morais. O valor varia de R$ 50 mil a R$ 400 mil, segundo a gravidade da defici\u00eancia. Estima-se que 650 pessoas tenham direito ao benef\u00edcio. A lei que cria a indeniza\u00e7\u00e3o, de autoria do senador Ti\u00e3o Viana (PT-AC), foi publicada ontem no &#8220;Di\u00e1rio Oficial da [&hellip;]<\/p>\n","protected":false},"author":1,"featured_media":0,"comment_status":"open","ping_status":"open","sticky":false,"template":"","format":"standard","meta":{"site-container-style":"default","site-container-layout":"default","site-sidebar-layout":"default","disable-article-header":"default","disable-site-header":"default","disable-site-footer":"default","disable-content-area-spacing":"default","footnotes":""},"categories":[4],"tags":[],"class_list":["post-13440","post","type-post","status-publish","format-standard","hentry","category-noticias"],"yoast_head":"<!-- This site is optimized with the Yoast SEO plugin v27.4 - https:\/\/yoast.com\/product\/yoast-seo-wordpress\/ -->\n<title>V\u00edtimas da talidomida receber\u00e3o indeniza\u00e7\u00e3o -<\/title>\n<meta name=\"robots\" content=\"index, follow, max-snippet:-1, max-image-preview:large, max-video-preview:-1\" \/>\n<link rel=\"canonical\" href=\"https:\/\/inclusivenews.com.br\/?p=13440\" \/>\n<meta property=\"og:locale\" content=\"pt_PT\" \/>\n<meta property=\"og:type\" content=\"article\" \/>\n<meta property=\"og:title\" content=\"V\u00edtimas da talidomida receber\u00e3o indeniza\u00e7\u00e3o -\" \/>\n<meta property=\"og:description\" content=\"As v\u00edtimas da talidomida ganharam direito a indeniza\u00e7\u00e3o por danos morais. O valor varia de R$ 50 mil a R$ 400 mil, segundo a gravidade da defici\u00eancia. Estima-se que 650 pessoas tenham direito ao benef\u00edcio. A lei que cria a indeniza\u00e7\u00e3o, de autoria do senador Ti\u00e3o Viana (PT-AC), foi publicada ontem no &#8220;Di\u00e1rio Oficial da [&hellip;]\" \/>\n<meta property=\"og:url\" content=\"https:\/\/inclusivenews.com.br\/?p=13440\" \/>\n<meta property=\"article:publisher\" content=\"https:\/\/www.facebook.com\/agenciainclusive\/\" \/>\n<meta property=\"article:published_time\" content=\"2010-01-16T17:32:39+00:00\" \/>\n<meta property=\"og:image\" content=\"http:\/\/inclusivenews.com.br\/wp-content\/uploads\/2010\/01\/talidomida2-150x150.jpg\" \/>\n<meta name=\"author\" content=\"inclusivenews2024\" \/>\n<meta name=\"twitter:card\" content=\"summary_large_image\" \/>\n<meta name=\"twitter:label1\" content=\"Escrito por\" \/>\n\t<meta name=\"twitter:data1\" content=\"inclusivenews2024\" \/>\n\t<meta name=\"twitter:label2\" content=\"Tempo estimado de leitura\" \/>\n\t<meta name=\"twitter:data2\" content=\"3 minutos\" \/>\n<script type=\"application\/ld+json\" class=\"yoast-schema-graph\">{\"@context\":\"https:\\\/\\\/schema.org\",\"@graph\":[{\"@type\":\"Article\",\"@id\":\"https:\\\/\\\/inclusivenews.com.br\\\/?p=13440#article\",\"isPartOf\":{\"@id\":\"https:\\\/\\\/inclusivenews.com.br\\\/?p=13440\"},\"author\":{\"name\":\"inclusivenews2024\",\"@id\":\"https:\\\/\\\/inclusivenews.com.br\\\/#\\\/schema\\\/person\\\/ae4ec7087559b8692fb33b6fffd2273b\"},\"headline\":\"V\u00edtimas da talidomida receber\u00e3o indeniza\u00e7\u00e3o\",\"datePublished\":\"2010-01-16T17:32:39+00:00\",\"mainEntityOfPage\":{\"@id\":\"https:\\\/\\\/inclusivenews.com.br\\\/?p=13440\"},\"wordCount\":552,\"commentCount\":5,\"publisher\":{\"@id\":\"https:\\\/\\\/inclusivenews.com.br\\\/#organization\"},\"image\":{\"@id\":\"https:\\\/\\\/inclusivenews.com.br\\\/?p=13440#primaryimage\"},\"thumbnailUrl\":\"http:\\\/\\\/inclusivenews.com.br\\\/wp-content\\\/uploads\\\/2010\\\/01\\\/talidomida2-150x150.jpg\",\"articleSection\":[\"NOT\u00cdCIAS\"],\"inLanguage\":\"pt-PT\",\"potentialAction\":[{\"@type\":\"CommentAction\",\"name\":\"Comment\",\"target\":[\"https:\\\/\\\/inclusivenews.com.br\\\/?p=13440#respond\"]}]},{\"@type\":\"WebPage\",\"@id\":\"https:\\\/\\\/inclusivenews.com.br\\\/?p=13440\",\"url\":\"https:\\\/\\\/inclusivenews.com.br\\\/?p=13440\",\"name\":\"V\u00edtimas da talidomida receber\u00e3o indeniza\u00e7\u00e3o -\",\"isPartOf\":{\"@id\":\"https:\\\/\\\/inclusivenews.com.br\\\/#website\"},\"primaryImageOfPage\":{\"@id\":\"https:\\\/\\\/inclusivenews.com.br\\\/?p=13440#primaryimage\"},\"image\":{\"@id\":\"https:\\\/\\\/inclusivenews.com.br\\\/?p=13440#primaryimage\"},\"thumbnailUrl\":\"http:\\\/\\\/inclusivenews.com.br\\\/wp-content\\\/uploads\\\/2010\\\/01\\\/talidomida2-150x150.jpg\",\"datePublished\":\"2010-01-16T17:32:39+00:00\",\"breadcrumb\":{\"@id\":\"https:\\\/\\\/inclusivenews.com.br\\\/?p=13440#breadcrumb\"},\"inLanguage\":\"pt-PT\",\"potentialAction\":[{\"@type\":\"ReadAction\",\"target\":[\"https:\\\/\\\/inclusivenews.com.br\\\/?p=13440\"]}]},{\"@type\":\"ImageObject\",\"inLanguage\":\"pt-PT\",\"@id\":\"https:\\\/\\\/inclusivenews.com.br\\\/?p=13440#primaryimage\",\"url\":\"\",\"contentUrl\":\"\"},{\"@type\":\"BreadcrumbList\",\"@id\":\"https:\\\/\\\/inclusivenews.com.br\\\/?p=13440#breadcrumb\",\"itemListElement\":[{\"@type\":\"ListItem\",\"position\":1,\"name\":\"In\u00edcio\",\"item\":\"https:\\\/\\\/inclusivenews.com.br\\\/\"},{\"@type\":\"ListItem\",\"position\":2,\"name\":\"V\u00edtimas da talidomida receber\u00e3o indeniza\u00e7\u00e3o\"}]},{\"@type\":\"WebSite\",\"@id\":\"https:\\\/\\\/inclusivenews.com.br\\\/#website\",\"url\":\"https:\\\/\\\/inclusivenews.com.br\\\/\",\"name\":\"Inclusive News\",\"description\":\"Inclusive News\",\"publisher\":{\"@id\":\"https:\\\/\\\/inclusivenews.com.br\\\/#organization\"},\"potentialAction\":[{\"@type\":\"SearchAction\",\"target\":{\"@type\":\"EntryPoint\",\"urlTemplate\":\"https:\\\/\\\/inclusivenews.com.br\\\/?s={search_term_string}\"},\"query-input\":{\"@type\":\"PropertyValueSpecification\",\"valueRequired\":true,\"valueName\":\"search_term_string\"}}],\"inLanguage\":\"pt-PT\"},{\"@type\":\"Organization\",\"@id\":\"https:\\\/\\\/inclusivenews.com.br\\\/#organization\",\"name\":\"Inclusive - inclus\u00e3o e cidadania\",\"url\":\"https:\\\/\\\/inclusivenews.com.br\\\/\",\"logo\":{\"@type\":\"ImageObject\",\"inLanguage\":\"pt-PT\",\"@id\":\"https:\\\/\\\/inclusivenews.com.br\\\/#\\\/schema\\\/logo\\\/image\\\/\",\"url\":\"https:\\\/\\\/inclusivenews.com.br\\\/wp-content\\\/uploads\\\/2024\\\/03\\\/@grandesite.png\",\"contentUrl\":\"https:\\\/\\\/inclusivenews.com.br\\\/wp-content\\\/uploads\\\/2024\\\/03\\\/@grandesite.png\",\"width\":1080,\"height\":1080,\"caption\":\"Inclusive - inclus\u00e3o e cidadania\"},\"image\":{\"@id\":\"https:\\\/\\\/inclusivenews.com.br\\\/#\\\/schema\\\/logo\\\/image\\\/\"},\"sameAs\":[\"https:\\\/\\\/www.facebook.com\\\/agenciainclusive\\\/\",\"https:\\\/\\\/www.instagram.com\\\/newsinclusive\\\/\"]},{\"@type\":\"Person\",\"@id\":\"https:\\\/\\\/inclusivenews.com.br\\\/#\\\/schema\\\/person\\\/ae4ec7087559b8692fb33b6fffd2273b\",\"name\":\"inclusivenews2024\",\"image\":{\"@type\":\"ImageObject\",\"inLanguage\":\"pt-PT\",\"@id\":\"https:\\\/\\\/secure.gravatar.com\\\/avatar\\\/c5a7ef84c66fa914f55bc4f7ce26cfa275a3b9a1c5568b907bd184fb4dde7b40?s=96&d=mm&r=g\",\"url\":\"https:\\\/\\\/secure.gravatar.com\\\/avatar\\\/c5a7ef84c66fa914f55bc4f7ce26cfa275a3b9a1c5568b907bd184fb4dde7b40?s=96&d=mm&r=g\",\"contentUrl\":\"https:\\\/\\\/secure.gravatar.com\\\/avatar\\\/c5a7ef84c66fa914f55bc4f7ce26cfa275a3b9a1c5568b907bd184fb4dde7b40?s=96&d=mm&r=g\",\"caption\":\"inclusivenews2024\"},\"sameAs\":[\"https:\\\/\\\/inclusivenews.com.br\"],\"url\":\"https:\\\/\\\/inclusivenews.com.br\\\/?author=1\"}]}<\/script>\n<!-- \/ Yoast SEO plugin. -->","yoast_head_json":{"title":"V\u00edtimas da talidomida receber\u00e3o indeniza\u00e7\u00e3o -","robots":{"index":"index","follow":"follow","max-snippet":"max-snippet:-1","max-image-preview":"max-image-preview:large","max-video-preview":"max-video-preview:-1"},"canonical":"https:\/\/inclusivenews.com.br\/?p=13440","og_locale":"pt_PT","og_type":"article","og_title":"V\u00edtimas da talidomida receber\u00e3o indeniza\u00e7\u00e3o -","og_description":"As v\u00edtimas da talidomida ganharam direito a indeniza\u00e7\u00e3o por danos morais. O valor varia de R$ 50 mil a R$ 400 mil, segundo a gravidade da defici\u00eancia. Estima-se que 650 pessoas tenham direito ao benef\u00edcio. A lei que cria a indeniza\u00e7\u00e3o, de autoria do senador Ti\u00e3o Viana (PT-AC), foi publicada ontem no &#8220;Di\u00e1rio Oficial da [&hellip;]","og_url":"https:\/\/inclusivenews.com.br\/?p=13440","article_publisher":"https:\/\/www.facebook.com\/agenciainclusive\/","article_published_time":"2010-01-16T17:32:39+00:00","og_image":[{"url":"http:\/\/inclusivenews.com.br\/wp-content\/uploads\/2010\/01\/talidomida2-150x150.jpg","type":"","width":"","height":""}],"author":"inclusivenews2024","twitter_card":"summary_large_image","twitter_misc":{"Escrito por":"inclusivenews2024","Tempo estimado de leitura":"3 minutos"},"schema":{"@context":"https:\/\/schema.org","@graph":[{"@type":"Article","@id":"https:\/\/inclusivenews.com.br\/?p=13440#article","isPartOf":{"@id":"https:\/\/inclusivenews.com.br\/?p=13440"},"author":{"name":"inclusivenews2024","@id":"https:\/\/inclusivenews.com.br\/#\/schema\/person\/ae4ec7087559b8692fb33b6fffd2273b"},"headline":"V\u00edtimas da talidomida receber\u00e3o indeniza\u00e7\u00e3o","datePublished":"2010-01-16T17:32:39+00:00","mainEntityOfPage":{"@id":"https:\/\/inclusivenews.com.br\/?p=13440"},"wordCount":552,"commentCount":5,"publisher":{"@id":"https:\/\/inclusivenews.com.br\/#organization"},"image":{"@id":"https:\/\/inclusivenews.com.br\/?p=13440#primaryimage"},"thumbnailUrl":"http:\/\/inclusivenews.com.br\/wp-content\/uploads\/2010\/01\/talidomida2-150x150.jpg","articleSection":["NOT\u00cdCIAS"],"inLanguage":"pt-PT","potentialAction":[{"@type":"CommentAction","name":"Comment","target":["https:\/\/inclusivenews.com.br\/?p=13440#respond"]}]},{"@type":"WebPage","@id":"https:\/\/inclusivenews.com.br\/?p=13440","url":"https:\/\/inclusivenews.com.br\/?p=13440","name":"V\u00edtimas da talidomida receber\u00e3o indeniza\u00e7\u00e3o -","isPartOf":{"@id":"https:\/\/inclusivenews.com.br\/#website"},"primaryImageOfPage":{"@id":"https:\/\/inclusivenews.com.br\/?p=13440#primaryimage"},"image":{"@id":"https:\/\/inclusivenews.com.br\/?p=13440#primaryimage"},"thumbnailUrl":"http:\/\/inclusivenews.com.br\/wp-content\/uploads\/2010\/01\/talidomida2-150x150.jpg","datePublished":"2010-01-16T17:32:39+00:00","breadcrumb":{"@id":"https:\/\/inclusivenews.com.br\/?p=13440#breadcrumb"},"inLanguage":"pt-PT","potentialAction":[{"@type":"ReadAction","target":["https:\/\/inclusivenews.com.br\/?p=13440"]}]},{"@type":"ImageObject","inLanguage":"pt-PT","@id":"https:\/\/inclusivenews.com.br\/?p=13440#primaryimage","url":"","contentUrl":""},{"@type":"BreadcrumbList","@id":"https:\/\/inclusivenews.com.br\/?p=13440#breadcrumb","itemListElement":[{"@type":"ListItem","position":1,"name":"In\u00edcio","item":"https:\/\/inclusivenews.com.br\/"},{"@type":"ListItem","position":2,"name":"V\u00edtimas da talidomida receber\u00e3o indeniza\u00e7\u00e3o"}]},{"@type":"WebSite","@id":"https:\/\/inclusivenews.com.br\/#website","url":"https:\/\/inclusivenews.com.br\/","name":"Inclusive News","description":"Inclusive News","publisher":{"@id":"https:\/\/inclusivenews.com.br\/#organization"},"potentialAction":[{"@type":"SearchAction","target":{"@type":"EntryPoint","urlTemplate":"https:\/\/inclusivenews.com.br\/?s={search_term_string}"},"query-input":{"@type":"PropertyValueSpecification","valueRequired":true,"valueName":"search_term_string"}}],"inLanguage":"pt-PT"},{"@type":"Organization","@id":"https:\/\/inclusivenews.com.br\/#organization","name":"Inclusive - inclus\u00e3o e cidadania","url":"https:\/\/inclusivenews.com.br\/","logo":{"@type":"ImageObject","inLanguage":"pt-PT","@id":"https:\/\/inclusivenews.com.br\/#\/schema\/logo\/image\/","url":"https:\/\/inclusivenews.com.br\/wp-content\/uploads\/2024\/03\/@grandesite.png","contentUrl":"https:\/\/inclusivenews.com.br\/wp-content\/uploads\/2024\/03\/@grandesite.png","width":1080,"height":1080,"caption":"Inclusive - inclus\u00e3o e cidadania"},"image":{"@id":"https:\/\/inclusivenews.com.br\/#\/schema\/logo\/image\/"},"sameAs":["https:\/\/www.facebook.com\/agenciainclusive\/","https:\/\/www.instagram.com\/newsinclusive\/"]},{"@type":"Person","@id":"https:\/\/inclusivenews.com.br\/#\/schema\/person\/ae4ec7087559b8692fb33b6fffd2273b","name":"inclusivenews2024","image":{"@type":"ImageObject","inLanguage":"pt-PT","@id":"https:\/\/secure.gravatar.com\/avatar\/c5a7ef84c66fa914f55bc4f7ce26cfa275a3b9a1c5568b907bd184fb4dde7b40?s=96&d=mm&r=g","url":"https:\/\/secure.gravatar.com\/avatar\/c5a7ef84c66fa914f55bc4f7ce26cfa275a3b9a1c5568b907bd184fb4dde7b40?s=96&d=mm&r=g","contentUrl":"https:\/\/secure.gravatar.com\/avatar\/c5a7ef84c66fa914f55bc4f7ce26cfa275a3b9a1c5568b907bd184fb4dde7b40?s=96&d=mm&r=g","caption":"inclusivenews2024"},"sameAs":["https:\/\/inclusivenews.com.br"],"url":"https:\/\/inclusivenews.com.br\/?author=1"}]}},"_links":{"self":[{"href":"https:\/\/inclusivenews.com.br\/index.php?rest_route=\/wp\/v2\/posts\/13440","targetHints":{"allow":["GET"]}}],"collection":[{"href":"https:\/\/inclusivenews.com.br\/index.php?rest_route=\/wp\/v2\/posts"}],"about":[{"href":"https:\/\/inclusivenews.com.br\/index.php?rest_route=\/wp\/v2\/types\/post"}],"author":[{"embeddable":true,"href":"https:\/\/inclusivenews.com.br\/index.php?rest_route=\/wp\/v2\/users\/1"}],"replies":[{"embeddable":true,"href":"https:\/\/inclusivenews.com.br\/index.php?rest_route=%2Fwp%2Fv2%2Fcomments&post=13440"}],"version-history":[{"count":0,"href":"https:\/\/inclusivenews.com.br\/index.php?rest_route=\/wp\/v2\/posts\/13440\/revisions"}],"wp:attachment":[{"href":"https:\/\/inclusivenews.com.br\/index.php?rest_route=%2Fwp%2Fv2%2Fmedia&parent=13440"}],"wp:term":[{"taxonomy":"category","embeddable":true,"href":"https:\/\/inclusivenews.com.br\/index.php?rest_route=%2Fwp%2Fv2%2Fcategories&post=13440"},{"taxonomy":"post_tag","embeddable":true,"href":"https:\/\/inclusivenews.com.br\/index.php?rest_route=%2Fwp%2Fv2%2Ftags&post=13440"}],"curies":[{"name":"wp","href":"https:\/\/api.w.org\/{rel}","templated":true}]}}