{"id":13496,"date":"2010-01-22T06:03:31","date_gmt":"2010-01-22T09:03:31","guid":{"rendered":"http:\/\/www.inclusive.org.br\/?p=13496"},"modified":"2010-01-22T06:03:31","modified_gmt":"2010-01-22T09:03:31","slug":"da-propriedade-intelectual-a-economia-do-conhecimento-2","status":"publish","type":"post","link":"https:\/\/inclusivenews.com.br\/?p=13496","title":{"rendered":"Da propriedade intelectual \u00e0 economia do conhecimento"},"content":{"rendered":"<figure style=\"width: 148px\" class=\"wp-caption alignleft\"><a class=\"moz-txt-link-freetext\" href=\"http:\/\/www.envolverde.com.br\/fotos\/65630.jpg\"><img loading=\"lazy\" decoding=\"async\" title=\"Ladislaw Dobor\" src=\"http:\/\/www.envolverde.com.br\/fotos\/65630.jpg\" alt=\"\" width=\"148\" height=\"172\" \/><\/a><figcaption class=\"wp-caption-text\"> <\/figcaption><\/figure>\n<p style=\"text-align: justify;\"><strong>Por Reda\u00e7\u00e3o Envolverde<\/strong><\/p>\n<p style=\"text-align: justify;\">Em um trabalho de trinta p\u00e1ginas, o professor Ladislau Dowbor discute a quest\u00e3o da propriedade intelectual, que atualmente circula entre os pensadores na nova economia e j\u00e1 come\u00e7a a ganhar espa\u00e7o na pauta dos governos, que\u00a0 buscam a libera\u00e7\u00e3o de patentes de propriedade intelectual de produtos como rem\u00e9dios e vacinas e de tecnologias verdes. &#8220;Achei que estava faltando um texto em portugu\u00eas, de embasamento te\u00f3rico, tazendo os principais autores e os principais argumentos&#8221;, explica o economista, doutor em Ci\u00eancias Econ\u00f4micas pela Escola Central de Planejamento e Estat\u00edstica de Vars\u00f3via e professor titular da PUC de S\u00e3o Paulo.<\/p>\n<div style=\"text-align: justify;\">Para ele, vivemos um momento em que \u201co eixo central de gera\u00e7\u00e3o de valor desloca-se do conte\u00fado material para o conte\u00fado de conhecimento incorporado aos processos produtivos. Com isso criou-se uma batalha ideol\u00f3gica e econ\u00f4mica em torno do direito de acesso ao conhecimento. O acesso livre e praticamente gratuito ao conhecimento e \u00e0 cultura que as novas tecnologias permitem \u00e9 uma ben\u00e7\u00e3o, e n\u00e3o uma amea\u00e7a. Constitui um vetor fundamental de redu\u00e7\u00e3o dos desequil\u00edbrios sociais e da generaliza\u00e7\u00e3o das tecnologias necess\u00e1rias \u00e0 prote\u00e7\u00e3o ambiental do planeta. Tentar travar o avan\u00e7o deste processo, restringir o acesso ao conhecimento e criminalizar os que dele fazem uso n\u00e3o faz o m\u00ednimo sentido. Faz sentido sim estudar novas regras do jogo capazes de assegurar um lugar ao sol aos diversos participantes do processo. Vale a pena atentarmos para o universo de mudan\u00e7as que se descortina: s\u00e3o os trabalhos de Lawrence Lessig sobre o futuro das id\u00e9ias, de James Boyle sobre a nova articula\u00e7\u00e3o dos direitos, de Joseph Stiglitz sobre a fragilidade do sistema de patentes, de Andr\u00e9 Gorz sobre a economia do imaterial, de Jeremy Rikin sobre a economia da cultura, de Eric Raymond sobre a cultura da conectividade, de Castells sobre a sociedade em rede, de Toffler sobre terceira onda, de Pierre L\u00e9vy sobre a intelig\u00eancia coletiva, de Hazel Henderson sobre os processos colaborativos e tantos outros inovadores.\u00a0 Nestas propostas, veremos que as mudan\u00e7as n\u00e3o est\u00e3o esperando que se desenhem utopias, um outro mundo est\u00e1 se tornando vi\u00e1vel.<\/div>\n<p><a href=\"http:\/\/dowbor.org\/wp\/?p=766\">Veja a \u00edntegra do artigo no link<\/a><\/p>\n<p>_______________<\/p>\n<p><strong>Fonte:<\/strong> <a href=\"http:\/\/envolverde.ig.com.br\/materia.php?cod=65630&amp;edt=1\">Envolverde<\/a><\/p>\n","protected":false},"excerpt":{"rendered":"<p>Em um trabalho de trinta p\u00e1ginas, o professor Ladislau Dowbor discute a quest\u00e3o da propriedade intelectual. Para ele, vivemos um momento em que &#8220;o eixo central de gera\u00e7\u00e3o de valor desloca-se do conte\u00fado material para o conte\u00fado de conhecimento incorporado aos processos produtivos&#8221;. Com o link para download. Da Envolverde.<\/p>\n","protected":false},"author":1,"featured_media":0,"comment_status":"open","ping_status":"open","sticky":false,"template":"","format":"standard","meta":{"site-container-style":"default","site-container-layout":"default","site-sidebar-layout":"default","disable-article-header":"default","disable-site-header":"default","disable-site-footer":"default","disable-content-area-spacing":"default","footnotes":""},"categories":[54,52,4,10],"tags":[],"class_list":["post-13496","post","type-post","status-publish","format-standard","hentry","category-blogs-e-webs","category-downloadables","category-noticias","category-publicacoes"],"yoast_head":"<!-- This site is optimized with the Yoast SEO plugin v27.4 - https:\/\/yoast.com\/product\/yoast-seo-wordpress\/ -->\n<title>Da propriedade intelectual \u00e0 economia do conhecimento -<\/title>\n<meta name=\"robots\" content=\"index, follow, max-snippet:-1, max-image-preview:large, max-video-preview:-1\" \/>\n<link rel=\"canonical\" href=\"https:\/\/inclusivenews.com.br\/?p=13496\" \/>\n<meta property=\"og:locale\" content=\"pt_PT\" \/>\n<meta property=\"og:type\" content=\"article\" \/>\n<meta property=\"og:title\" content=\"Da propriedade intelectual \u00e0 economia do conhecimento -\" \/>\n<meta property=\"og:description\" content=\"Em um trabalho de trinta p\u00e1ginas, o professor Ladislau Dowbor discute a quest\u00e3o da propriedade intelectual. Para ele, vivemos um momento em que &quot;o eixo central de gera\u00e7\u00e3o de valor desloca-se do conte\u00fado material para o conte\u00fado de conhecimento incorporado aos processos produtivos&quot;. Com o link para download. Da Envolverde.\" \/>\n<meta property=\"og:url\" content=\"https:\/\/inclusivenews.com.br\/?p=13496\" \/>\n<meta property=\"article:publisher\" content=\"https:\/\/www.facebook.com\/agenciainclusive\/\" \/>\n<meta property=\"article:published_time\" content=\"2010-01-22T09:03:31+00:00\" \/>\n<meta property=\"og:image\" content=\"http:\/\/www.envolverde.com.br\/fotos\/65630.jpg\" \/>\n<meta name=\"author\" content=\"inclusivenews2024\" \/>\n<meta name=\"twitter:card\" content=\"summary_large_image\" \/>\n<meta name=\"twitter:label1\" content=\"Escrito por\" \/>\n\t<meta name=\"twitter:data1\" content=\"inclusivenews2024\" \/>\n\t<meta name=\"twitter:label2\" content=\"Tempo estimado de leitura\" \/>\n\t<meta name=\"twitter:data2\" content=\"2 minutos\" \/>\n<script type=\"application\/ld+json\" class=\"yoast-schema-graph\">{\"@context\":\"https:\\\/\\\/schema.org\",\"@graph\":[{\"@type\":\"Article\",\"@id\":\"https:\\\/\\\/inclusivenews.com.br\\\/?p=13496#article\",\"isPartOf\":{\"@id\":\"https:\\\/\\\/inclusivenews.com.br\\\/?p=13496\"},\"author\":{\"name\":\"inclusivenews2024\",\"@id\":\"https:\\\/\\\/inclusivenews.com.br\\\/#\\\/schema\\\/person\\\/ae4ec7087559b8692fb33b6fffd2273b\"},\"headline\":\"Da propriedade intelectual \u00e0 economia do conhecimento\",\"datePublished\":\"2010-01-22T09:03:31+00:00\",\"mainEntityOfPage\":{\"@id\":\"https:\\\/\\\/inclusivenews.com.br\\\/?p=13496\"},\"wordCount\":404,\"commentCount\":0,\"publisher\":{\"@id\":\"https:\\\/\\\/inclusivenews.com.br\\\/#organization\"},\"image\":{\"@id\":\"https:\\\/\\\/inclusivenews.com.br\\\/?p=13496#primaryimage\"},\"thumbnailUrl\":\"http:\\\/\\\/www.envolverde.com.br\\\/fotos\\\/65630.jpg\",\"articleSection\":[\"Blogs e Webs\",\"Downloadables\",\"NOT\u00cdCIAS\",\"PUBLICA\u00c7\u00d5ES\"],\"inLanguage\":\"pt-PT\",\"potentialAction\":[{\"@type\":\"CommentAction\",\"name\":\"Comment\",\"target\":[\"https:\\\/\\\/inclusivenews.com.br\\\/?p=13496#respond\"]}]},{\"@type\":\"WebPage\",\"@id\":\"https:\\\/\\\/inclusivenews.com.br\\\/?p=13496\",\"url\":\"https:\\\/\\\/inclusivenews.com.br\\\/?p=13496\",\"name\":\"Da propriedade intelectual \u00e0 economia do conhecimento -\",\"isPartOf\":{\"@id\":\"https:\\\/\\\/inclusivenews.com.br\\\/#website\"},\"primaryImageOfPage\":{\"@id\":\"https:\\\/\\\/inclusivenews.com.br\\\/?p=13496#primaryimage\"},\"image\":{\"@id\":\"https:\\\/\\\/inclusivenews.com.br\\\/?p=13496#primaryimage\"},\"thumbnailUrl\":\"http:\\\/\\\/www.envolverde.com.br\\\/fotos\\\/65630.jpg\",\"datePublished\":\"2010-01-22T09:03:31+00:00\",\"breadcrumb\":{\"@id\":\"https:\\\/\\\/inclusivenews.com.br\\\/?p=13496#breadcrumb\"},\"inLanguage\":\"pt-PT\",\"potentialAction\":[{\"@type\":\"ReadAction\",\"target\":[\"https:\\\/\\\/inclusivenews.com.br\\\/?p=13496\"]}]},{\"@type\":\"ImageObject\",\"inLanguage\":\"pt-PT\",\"@id\":\"https:\\\/\\\/inclusivenews.com.br\\\/?p=13496#primaryimage\",\"url\":\"http:\\\/\\\/www.envolverde.com.br\\\/fotos\\\/65630.jpg\",\"contentUrl\":\"http:\\\/\\\/www.envolverde.com.br\\\/fotos\\\/65630.jpg\"},{\"@type\":\"BreadcrumbList\",\"@id\":\"https:\\\/\\\/inclusivenews.com.br\\\/?p=13496#breadcrumb\",\"itemListElement\":[{\"@type\":\"ListItem\",\"position\":1,\"name\":\"In\u00edcio\",\"item\":\"https:\\\/\\\/inclusivenews.com.br\\\/\"},{\"@type\":\"ListItem\",\"position\":2,\"name\":\"Da propriedade intelectual \u00e0 economia do conhecimento\"}]},{\"@type\":\"WebSite\",\"@id\":\"https:\\\/\\\/inclusivenews.com.br\\\/#website\",\"url\":\"https:\\\/\\\/inclusivenews.com.br\\\/\",\"name\":\"Inclusive News\",\"description\":\"Inclusive News\",\"publisher\":{\"@id\":\"https:\\\/\\\/inclusivenews.com.br\\\/#organization\"},\"potentialAction\":[{\"@type\":\"SearchAction\",\"target\":{\"@type\":\"EntryPoint\",\"urlTemplate\":\"https:\\\/\\\/inclusivenews.com.br\\\/?s={search_term_string}\"},\"query-input\":{\"@type\":\"PropertyValueSpecification\",\"valueRequired\":true,\"valueName\":\"search_term_string\"}}],\"inLanguage\":\"pt-PT\"},{\"@type\":\"Organization\",\"@id\":\"https:\\\/\\\/inclusivenews.com.br\\\/#organization\",\"name\":\"Inclusive - inclus\u00e3o e cidadania\",\"url\":\"https:\\\/\\\/inclusivenews.com.br\\\/\",\"logo\":{\"@type\":\"ImageObject\",\"inLanguage\":\"pt-PT\",\"@id\":\"https:\\\/\\\/inclusivenews.com.br\\\/#\\\/schema\\\/logo\\\/image\\\/\",\"url\":\"https:\\\/\\\/inclusivenews.com.br\\\/wp-content\\\/uploads\\\/2024\\\/03\\\/@grandesite.png\",\"contentUrl\":\"https:\\\/\\\/inclusivenews.com.br\\\/wp-content\\\/uploads\\\/2024\\\/03\\\/@grandesite.png\",\"width\":1080,\"height\":1080,\"caption\":\"Inclusive - inclus\u00e3o e cidadania\"},\"image\":{\"@id\":\"https:\\\/\\\/inclusivenews.com.br\\\/#\\\/schema\\\/logo\\\/image\\\/\"},\"sameAs\":[\"https:\\\/\\\/www.facebook.com\\\/agenciainclusive\\\/\",\"https:\\\/\\\/www.instagram.com\\\/newsinclusive\\\/\"]},{\"@type\":\"Person\",\"@id\":\"https:\\\/\\\/inclusivenews.com.br\\\/#\\\/schema\\\/person\\\/ae4ec7087559b8692fb33b6fffd2273b\",\"name\":\"inclusivenews2024\",\"image\":{\"@type\":\"ImageObject\",\"inLanguage\":\"pt-PT\",\"@id\":\"https:\\\/\\\/secure.gravatar.com\\\/avatar\\\/c5a7ef84c66fa914f55bc4f7ce26cfa275a3b9a1c5568b907bd184fb4dde7b40?s=96&d=mm&r=g\",\"url\":\"https:\\\/\\\/secure.gravatar.com\\\/avatar\\\/c5a7ef84c66fa914f55bc4f7ce26cfa275a3b9a1c5568b907bd184fb4dde7b40?s=96&d=mm&r=g\",\"contentUrl\":\"https:\\\/\\\/secure.gravatar.com\\\/avatar\\\/c5a7ef84c66fa914f55bc4f7ce26cfa275a3b9a1c5568b907bd184fb4dde7b40?s=96&d=mm&r=g\",\"caption\":\"inclusivenews2024\"},\"sameAs\":[\"https:\\\/\\\/inclusivenews.com.br\"],\"url\":\"https:\\\/\\\/inclusivenews.com.br\\\/?author=1\"}]}<\/script>\n<!-- \/ Yoast SEO plugin. -->","yoast_head_json":{"title":"Da propriedade intelectual \u00e0 economia do conhecimento -","robots":{"index":"index","follow":"follow","max-snippet":"max-snippet:-1","max-image-preview":"max-image-preview:large","max-video-preview":"max-video-preview:-1"},"canonical":"https:\/\/inclusivenews.com.br\/?p=13496","og_locale":"pt_PT","og_type":"article","og_title":"Da propriedade intelectual \u00e0 economia do conhecimento -","og_description":"Em um trabalho de trinta p\u00e1ginas, o professor Ladislau Dowbor discute a quest\u00e3o da propriedade intelectual. Para ele, vivemos um momento em que \"o eixo central de gera\u00e7\u00e3o de valor desloca-se do conte\u00fado material para o conte\u00fado de conhecimento incorporado aos processos produtivos\". Com o link para download. Da Envolverde.","og_url":"https:\/\/inclusivenews.com.br\/?p=13496","article_publisher":"https:\/\/www.facebook.com\/agenciainclusive\/","article_published_time":"2010-01-22T09:03:31+00:00","og_image":[{"url":"http:\/\/www.envolverde.com.br\/fotos\/65630.jpg","type":"","width":"","height":""}],"author":"inclusivenews2024","twitter_card":"summary_large_image","twitter_misc":{"Escrito por":"inclusivenews2024","Tempo estimado de leitura":"2 minutos"},"schema":{"@context":"https:\/\/schema.org","@graph":[{"@type":"Article","@id":"https:\/\/inclusivenews.com.br\/?p=13496#article","isPartOf":{"@id":"https:\/\/inclusivenews.com.br\/?p=13496"},"author":{"name":"inclusivenews2024","@id":"https:\/\/inclusivenews.com.br\/#\/schema\/person\/ae4ec7087559b8692fb33b6fffd2273b"},"headline":"Da propriedade intelectual \u00e0 economia do conhecimento","datePublished":"2010-01-22T09:03:31+00:00","mainEntityOfPage":{"@id":"https:\/\/inclusivenews.com.br\/?p=13496"},"wordCount":404,"commentCount":0,"publisher":{"@id":"https:\/\/inclusivenews.com.br\/#organization"},"image":{"@id":"https:\/\/inclusivenews.com.br\/?p=13496#primaryimage"},"thumbnailUrl":"http:\/\/www.envolverde.com.br\/fotos\/65630.jpg","articleSection":["Blogs e Webs","Downloadables","NOT\u00cdCIAS","PUBLICA\u00c7\u00d5ES"],"inLanguage":"pt-PT","potentialAction":[{"@type":"CommentAction","name":"Comment","target":["https:\/\/inclusivenews.com.br\/?p=13496#respond"]}]},{"@type":"WebPage","@id":"https:\/\/inclusivenews.com.br\/?p=13496","url":"https:\/\/inclusivenews.com.br\/?p=13496","name":"Da propriedade intelectual \u00e0 economia do conhecimento -","isPartOf":{"@id":"https:\/\/inclusivenews.com.br\/#website"},"primaryImageOfPage":{"@id":"https:\/\/inclusivenews.com.br\/?p=13496#primaryimage"},"image":{"@id":"https:\/\/inclusivenews.com.br\/?p=13496#primaryimage"},"thumbnailUrl":"http:\/\/www.envolverde.com.br\/fotos\/65630.jpg","datePublished":"2010-01-22T09:03:31+00:00","breadcrumb":{"@id":"https:\/\/inclusivenews.com.br\/?p=13496#breadcrumb"},"inLanguage":"pt-PT","potentialAction":[{"@type":"ReadAction","target":["https:\/\/inclusivenews.com.br\/?p=13496"]}]},{"@type":"ImageObject","inLanguage":"pt-PT","@id":"https:\/\/inclusivenews.com.br\/?p=13496#primaryimage","url":"http:\/\/www.envolverde.com.br\/fotos\/65630.jpg","contentUrl":"http:\/\/www.envolverde.com.br\/fotos\/65630.jpg"},{"@type":"BreadcrumbList","@id":"https:\/\/inclusivenews.com.br\/?p=13496#breadcrumb","itemListElement":[{"@type":"ListItem","position":1,"name":"In\u00edcio","item":"https:\/\/inclusivenews.com.br\/"},{"@type":"ListItem","position":2,"name":"Da propriedade intelectual \u00e0 economia do conhecimento"}]},{"@type":"WebSite","@id":"https:\/\/inclusivenews.com.br\/#website","url":"https:\/\/inclusivenews.com.br\/","name":"Inclusive News","description":"Inclusive News","publisher":{"@id":"https:\/\/inclusivenews.com.br\/#organization"},"potentialAction":[{"@type":"SearchAction","target":{"@type":"EntryPoint","urlTemplate":"https:\/\/inclusivenews.com.br\/?s={search_term_string}"},"query-input":{"@type":"PropertyValueSpecification","valueRequired":true,"valueName":"search_term_string"}}],"inLanguage":"pt-PT"},{"@type":"Organization","@id":"https:\/\/inclusivenews.com.br\/#organization","name":"Inclusive - inclus\u00e3o e cidadania","url":"https:\/\/inclusivenews.com.br\/","logo":{"@type":"ImageObject","inLanguage":"pt-PT","@id":"https:\/\/inclusivenews.com.br\/#\/schema\/logo\/image\/","url":"https:\/\/inclusivenews.com.br\/wp-content\/uploads\/2024\/03\/@grandesite.png","contentUrl":"https:\/\/inclusivenews.com.br\/wp-content\/uploads\/2024\/03\/@grandesite.png","width":1080,"height":1080,"caption":"Inclusive - inclus\u00e3o e cidadania"},"image":{"@id":"https:\/\/inclusivenews.com.br\/#\/schema\/logo\/image\/"},"sameAs":["https:\/\/www.facebook.com\/agenciainclusive\/","https:\/\/www.instagram.com\/newsinclusive\/"]},{"@type":"Person","@id":"https:\/\/inclusivenews.com.br\/#\/schema\/person\/ae4ec7087559b8692fb33b6fffd2273b","name":"inclusivenews2024","image":{"@type":"ImageObject","inLanguage":"pt-PT","@id":"https:\/\/secure.gravatar.com\/avatar\/c5a7ef84c66fa914f55bc4f7ce26cfa275a3b9a1c5568b907bd184fb4dde7b40?s=96&d=mm&r=g","url":"https:\/\/secure.gravatar.com\/avatar\/c5a7ef84c66fa914f55bc4f7ce26cfa275a3b9a1c5568b907bd184fb4dde7b40?s=96&d=mm&r=g","contentUrl":"https:\/\/secure.gravatar.com\/avatar\/c5a7ef84c66fa914f55bc4f7ce26cfa275a3b9a1c5568b907bd184fb4dde7b40?s=96&d=mm&r=g","caption":"inclusivenews2024"},"sameAs":["https:\/\/inclusivenews.com.br"],"url":"https:\/\/inclusivenews.com.br\/?author=1"}]}},"_links":{"self":[{"href":"https:\/\/inclusivenews.com.br\/index.php?rest_route=\/wp\/v2\/posts\/13496","targetHints":{"allow":["GET"]}}],"collection":[{"href":"https:\/\/inclusivenews.com.br\/index.php?rest_route=\/wp\/v2\/posts"}],"about":[{"href":"https:\/\/inclusivenews.com.br\/index.php?rest_route=\/wp\/v2\/types\/post"}],"author":[{"embeddable":true,"href":"https:\/\/inclusivenews.com.br\/index.php?rest_route=\/wp\/v2\/users\/1"}],"replies":[{"embeddable":true,"href":"https:\/\/inclusivenews.com.br\/index.php?rest_route=%2Fwp%2Fv2%2Fcomments&post=13496"}],"version-history":[{"count":0,"href":"https:\/\/inclusivenews.com.br\/index.php?rest_route=\/wp\/v2\/posts\/13496\/revisions"}],"wp:attachment":[{"href":"https:\/\/inclusivenews.com.br\/index.php?rest_route=%2Fwp%2Fv2%2Fmedia&parent=13496"}],"wp:term":[{"taxonomy":"category","embeddable":true,"href":"https:\/\/inclusivenews.com.br\/index.php?rest_route=%2Fwp%2Fv2%2Fcategories&post=13496"},{"taxonomy":"post_tag","embeddable":true,"href":"https:\/\/inclusivenews.com.br\/index.php?rest_route=%2Fwp%2Fv2%2Ftags&post=13496"}],"curies":[{"name":"wp","href":"https:\/\/api.w.org\/{rel}","templated":true}]}}