{"id":13528,"date":"2010-01-24T09:40:08","date_gmt":"2010-01-24T12:40:08","guid":{"rendered":"http:\/\/www.inclusive.org.br\/?p=13528"},"modified":"2010-01-24T09:40:08","modified_gmt":"2010-01-24T12:40:08","slug":"acessibilidade-em-buzios","status":"publish","type":"post","link":"https:\/\/inclusivenews.com.br\/?p=13528","title":{"rendered":"Acessibilidade em B\u00fazios"},"content":{"rendered":"<figure id=\"attachment_12254\" aria-describedby=\"caption-attachment-12254\" style=\"width: 150px\" class=\"wp-caption alignnone\"><a href=\"http:\/\/www.inclusivenews.com.br\/wp-content\/uploads\/2009\/10\/andrei.jpg\"><img loading=\"lazy\" decoding=\"async\" class=\"size-thumbnail wp-image-12254\" title=\"Andrei Bastos\" src=\"http:\/\/inclusivenews.com.br\/wp-content\/uploads\/2009\/10\/andrei-150x150.jpg\" alt=\"\" width=\"150\" height=\"150\" \/><\/a><figcaption id=\"caption-attachment-12254\" class=\"wp-caption-text\">Foto de Andrei Bastos<\/figcaption><\/figure>\n<p>ANDREI BASTOS*<\/p>\n<p>Nessas minhas f\u00e9rias em B\u00fazios, surpreso com vagas de estacionamento reservadas respeitadas, \u00f4nibus adaptados, rampas e cal\u00e7adas rebaixadas, fiquei curioso e procurei saber como tinha sido essa hist\u00f3ria da acessibilidade no peda\u00e7o. Conversando aqui e ali, dando uma olhada nos arquivos dos jornais locais, constatei, mais uma vez, que do c\u00e9u s\u00f3 cai chuva mesmo.<\/p>\n<p>Descobri com as conversas e na pesquisa que, em 2006, a ent\u00e3o deputada estadual Georgette Vidor, parapl\u00e9gica, esteve na cidade fazendo palestras sobre acessibilidade e distribuindo cartilhas do N\u00facleo Pr\u00f3-Acesso da UFRJ e que, no entanto, nesse mesmo ano foi sancionado um Plano Diretor que n\u00e3o contemplava as necessidades das pessoas com defici\u00eancia.<\/p>\n<p>Tamb\u00e9m fiquei sabendo que, depois de algumas iniciativas para isso em outras cidades da Regi\u00e3o dos Lagos, na forma de eventos para conscientiza\u00e7\u00e3o, s\u00f3 recentemente, em 2009, e por conta de uma decis\u00e3o judicial, \u00e9 claro, o munic\u00edpio passou a respeitar a lei e a se tornar acess\u00edvel.<\/p>\n<p>Assim, a verdadeira hist\u00f3ria da acessibilidade em B\u00fazios come\u00e7a com Juciara Tardelli dos Santos Silva, paral\u00edtica dos membros inferiores, que \u201cfoi constrangida a \u2018rastejar\u2019 pelos degraus, para conseguir subir no \u00f4nibus\u201d, inclusive ferindo-se pela acomoda\u00e7\u00e3o inadequada durante a viagem. Ela acionou a empresa Salineira, que foi condenada pelo juiz Jo\u00e3o Carlos Corr\u00eaa, titular da 1\u00aa Vara da Fazenda P\u00fablica, a lhe pagar uma indeniza\u00e7\u00e3o e a providenciar a adapta\u00e7\u00e3o de ve\u00edculos.<\/p>\n<p>Ou seja, caro leitor, sem Brahma n\u00e3o d\u00e1! Quer dizer: sem briga, sem luta pelos nossos direitos, nas cidades mais desenvolvidas ou em para\u00edsos como B\u00fazios, a inclus\u00e3o das pessoas com defici\u00eancia n\u00e3o cai do c\u00e9u, n\u00e3o acontece como simples resultado do discernimento humano.<\/p>\n<p>Portanto, se o novelista Manoel Carlos levar Luciana para tomar sorvete e fazer compras na Rua das Pedras, fugindo do calor do \u201cRio 50 graus\u201d num dos pr\u00f3ximos cap\u00edtulos ainda de ver\u00e3o de \u201cViver a Vida\u201d, dar\u00e1 ao seu gigantesco p\u00fablico Brasil afora uma excelente oportunidade de se conscientizar e refletir sobre os benef\u00edcios da acessibilidade para todos e sobre a import\u00e2ncia de se lutar por isso. Ricos, pobres, com defici\u00eancia ou n\u00e3o, em B\u00fazios, no Leblon ou na favela da Sandrinha, a personagem que vive no extremo oposto ao glamour do high society e das passarelas, todos poder\u00e3o se engajar nessa luta.<\/p>\n<p>A simples exist\u00eancia da personagem tetrapl\u00e9gica na novela j\u00e1 \u00e9 grande contribui\u00e7\u00e3o para a perda da nossa \u201cinvisibilidade\u201d e, certamente, as quest\u00f5es das pessoas com defici\u00eancia tamb\u00e9m j\u00e1 est\u00e3o sendo melhor compreendidas atrav\u00e9s do dia a dia de Luciana mostrado na TV.<\/p>\n<p>Com tudo isso, talvez a acessibilidade passe um pouco a fazer parte do ide\u00e1rio popular, o que contribuir\u00e1 para uma nova vis\u00e3o do mundo em que vivemos e para que muitas a\u00e7\u00f5es judiciais deixem de acontecer por inexist\u00eancia de motivos, da mesma forma que deixar\u00e3o de existir muitas outras Juciaras constrangidas.<\/p>\n<p>*ANDREI BASTOS \u00e9 jornalista e integra a Comiss\u00e3o de Direitos Humanos da OAB-RJ.<\/p>\n","protected":false},"excerpt":{"rendered":"<p>ANDREI BASTOS* Nessas minhas f\u00e9rias em B\u00fazios, surpreso com vagas de estacionamento reservadas respeitadas, \u00f4nibus adaptados, rampas e cal\u00e7adas rebaixadas, fiquei curioso e procurei saber como tinha sido essa hist\u00f3ria da acessibilidade no peda\u00e7o. Conversando aqui e ali, dando uma olhada nos arquivos dos jornais locais, constatei, mais uma vez, que do c\u00e9u s\u00f3 cai [&hellip;]<\/p>\n","protected":false},"author":1,"featured_media":0,"comment_status":"open","ping_status":"open","sticky":false,"template":"","format":"standard","meta":{"site-container-style":"default","site-container-layout":"default","site-sidebar-layout":"default","disable-article-header":"default","disable-site-header":"default","disable-site-footer":"default","disable-content-area-spacing":"default","footnotes":""},"categories":[44],"tags":[],"class_list":["post-13528","post","type-post","status-publish","format-standard","hentry","category-acessibilidade"],"yoast_head":"<!-- This site is optimized with the Yoast SEO plugin v27.4 - https:\/\/yoast.com\/product\/yoast-seo-wordpress\/ -->\n<title>Acessibilidade em B\u00fazios -<\/title>\n<meta name=\"robots\" content=\"index, follow, max-snippet:-1, max-image-preview:large, max-video-preview:-1\" \/>\n<link rel=\"canonical\" href=\"https:\/\/inclusivenews.com.br\/?p=13528\" \/>\n<meta property=\"og:locale\" content=\"pt_PT\" \/>\n<meta property=\"og:type\" content=\"article\" \/>\n<meta property=\"og:title\" content=\"Acessibilidade em B\u00fazios -\" \/>\n<meta property=\"og:description\" content=\"ANDREI BASTOS* Nessas minhas f\u00e9rias em B\u00fazios, surpreso com vagas de estacionamento reservadas respeitadas, \u00f4nibus adaptados, rampas e cal\u00e7adas rebaixadas, fiquei curioso e procurei saber como tinha sido essa hist\u00f3ria da acessibilidade no peda\u00e7o. Conversando aqui e ali, dando uma olhada nos arquivos dos jornais locais, constatei, mais uma vez, que do c\u00e9u s\u00f3 cai [&hellip;]\" \/>\n<meta property=\"og:url\" content=\"https:\/\/inclusivenews.com.br\/?p=13528\" \/>\n<meta property=\"article:publisher\" content=\"https:\/\/www.facebook.com\/agenciainclusive\/\" \/>\n<meta property=\"article:published_time\" content=\"2010-01-24T12:40:08+00:00\" \/>\n<meta property=\"og:image\" content=\"http:\/\/inclusivenews.com.br\/wp-content\/uploads\/2009\/10\/andrei-150x150.jpg\" \/>\n<meta name=\"author\" content=\"inclusivenews2024\" \/>\n<meta name=\"twitter:card\" content=\"summary_large_image\" \/>\n<meta name=\"twitter:label1\" content=\"Escrito por\" \/>\n\t<meta name=\"twitter:data1\" content=\"inclusivenews2024\" \/>\n\t<meta name=\"twitter:label2\" content=\"Tempo estimado de leitura\" \/>\n\t<meta name=\"twitter:data2\" content=\"3 minutos\" \/>\n<script type=\"application\/ld+json\" class=\"yoast-schema-graph\">{\"@context\":\"https:\\\/\\\/schema.org\",\"@graph\":[{\"@type\":\"Article\",\"@id\":\"https:\\\/\\\/inclusivenews.com.br\\\/?p=13528#article\",\"isPartOf\":{\"@id\":\"https:\\\/\\\/inclusivenews.com.br\\\/?p=13528\"},\"author\":{\"name\":\"inclusivenews2024\",\"@id\":\"https:\\\/\\\/inclusivenews.com.br\\\/#\\\/schema\\\/person\\\/ae4ec7087559b8692fb33b6fffd2273b\"},\"headline\":\"Acessibilidade em B\u00fazios\",\"datePublished\":\"2010-01-24T12:40:08+00:00\",\"mainEntityOfPage\":{\"@id\":\"https:\\\/\\\/inclusivenews.com.br\\\/?p=13528\"},\"wordCount\":552,\"commentCount\":0,\"publisher\":{\"@id\":\"https:\\\/\\\/inclusivenews.com.br\\\/#organization\"},\"image\":{\"@id\":\"https:\\\/\\\/inclusivenews.com.br\\\/?p=13528#primaryimage\"},\"thumbnailUrl\":\"http:\\\/\\\/inclusivenews.com.br\\\/wp-content\\\/uploads\\\/2009\\\/10\\\/andrei-150x150.jpg\",\"articleSection\":[\"ACESSIBILIDADE\"],\"inLanguage\":\"pt-PT\",\"potentialAction\":[{\"@type\":\"CommentAction\",\"name\":\"Comment\",\"target\":[\"https:\\\/\\\/inclusivenews.com.br\\\/?p=13528#respond\"]}]},{\"@type\":\"WebPage\",\"@id\":\"https:\\\/\\\/inclusivenews.com.br\\\/?p=13528\",\"url\":\"https:\\\/\\\/inclusivenews.com.br\\\/?p=13528\",\"name\":\"Acessibilidade em B\u00fazios -\",\"isPartOf\":{\"@id\":\"https:\\\/\\\/inclusivenews.com.br\\\/#website\"},\"primaryImageOfPage\":{\"@id\":\"https:\\\/\\\/inclusivenews.com.br\\\/?p=13528#primaryimage\"},\"image\":{\"@id\":\"https:\\\/\\\/inclusivenews.com.br\\\/?p=13528#primaryimage\"},\"thumbnailUrl\":\"http:\\\/\\\/inclusivenews.com.br\\\/wp-content\\\/uploads\\\/2009\\\/10\\\/andrei-150x150.jpg\",\"datePublished\":\"2010-01-24T12:40:08+00:00\",\"breadcrumb\":{\"@id\":\"https:\\\/\\\/inclusivenews.com.br\\\/?p=13528#breadcrumb\"},\"inLanguage\":\"pt-PT\",\"potentialAction\":[{\"@type\":\"ReadAction\",\"target\":[\"https:\\\/\\\/inclusivenews.com.br\\\/?p=13528\"]}]},{\"@type\":\"ImageObject\",\"inLanguage\":\"pt-PT\",\"@id\":\"https:\\\/\\\/inclusivenews.com.br\\\/?p=13528#primaryimage\",\"url\":\"https:\\\/\\\/inclusivenews.com.br\\\/wp-content\\\/uploads\\\/2009\\\/10\\\/andrei.jpg\",\"contentUrl\":\"https:\\\/\\\/inclusivenews.com.br\\\/wp-content\\\/uploads\\\/2009\\\/10\\\/andrei.jpg\",\"width\":220,\"height\":217,\"caption\":\"Foto de Andrei Bastos\"},{\"@type\":\"BreadcrumbList\",\"@id\":\"https:\\\/\\\/inclusivenews.com.br\\\/?p=13528#breadcrumb\",\"itemListElement\":[{\"@type\":\"ListItem\",\"position\":1,\"name\":\"In\u00edcio\",\"item\":\"https:\\\/\\\/inclusivenews.com.br\\\/\"},{\"@type\":\"ListItem\",\"position\":2,\"name\":\"Acessibilidade em B\u00fazios\"}]},{\"@type\":\"WebSite\",\"@id\":\"https:\\\/\\\/inclusivenews.com.br\\\/#website\",\"url\":\"https:\\\/\\\/inclusivenews.com.br\\\/\",\"name\":\"Inclusive News\",\"description\":\"Inclusive News\",\"publisher\":{\"@id\":\"https:\\\/\\\/inclusivenews.com.br\\\/#organization\"},\"potentialAction\":[{\"@type\":\"SearchAction\",\"target\":{\"@type\":\"EntryPoint\",\"urlTemplate\":\"https:\\\/\\\/inclusivenews.com.br\\\/?s={search_term_string}\"},\"query-input\":{\"@type\":\"PropertyValueSpecification\",\"valueRequired\":true,\"valueName\":\"search_term_string\"}}],\"inLanguage\":\"pt-PT\"},{\"@type\":\"Organization\",\"@id\":\"https:\\\/\\\/inclusivenews.com.br\\\/#organization\",\"name\":\"Inclusive - inclus\u00e3o e cidadania\",\"url\":\"https:\\\/\\\/inclusivenews.com.br\\\/\",\"logo\":{\"@type\":\"ImageObject\",\"inLanguage\":\"pt-PT\",\"@id\":\"https:\\\/\\\/inclusivenews.com.br\\\/#\\\/schema\\\/logo\\\/image\\\/\",\"url\":\"https:\\\/\\\/inclusivenews.com.br\\\/wp-content\\\/uploads\\\/2024\\\/03\\\/@grandesite.png\",\"contentUrl\":\"https:\\\/\\\/inclusivenews.com.br\\\/wp-content\\\/uploads\\\/2024\\\/03\\\/@grandesite.png\",\"width\":1080,\"height\":1080,\"caption\":\"Inclusive - inclus\u00e3o e cidadania\"},\"image\":{\"@id\":\"https:\\\/\\\/inclusivenews.com.br\\\/#\\\/schema\\\/logo\\\/image\\\/\"},\"sameAs\":[\"https:\\\/\\\/www.facebook.com\\\/agenciainclusive\\\/\",\"https:\\\/\\\/www.instagram.com\\\/newsinclusive\\\/\"]},{\"@type\":\"Person\",\"@id\":\"https:\\\/\\\/inclusivenews.com.br\\\/#\\\/schema\\\/person\\\/ae4ec7087559b8692fb33b6fffd2273b\",\"name\":\"inclusivenews2024\",\"image\":{\"@type\":\"ImageObject\",\"inLanguage\":\"pt-PT\",\"@id\":\"https:\\\/\\\/secure.gravatar.com\\\/avatar\\\/c5a7ef84c66fa914f55bc4f7ce26cfa275a3b9a1c5568b907bd184fb4dde7b40?s=96&d=mm&r=g\",\"url\":\"https:\\\/\\\/secure.gravatar.com\\\/avatar\\\/c5a7ef84c66fa914f55bc4f7ce26cfa275a3b9a1c5568b907bd184fb4dde7b40?s=96&d=mm&r=g\",\"contentUrl\":\"https:\\\/\\\/secure.gravatar.com\\\/avatar\\\/c5a7ef84c66fa914f55bc4f7ce26cfa275a3b9a1c5568b907bd184fb4dde7b40?s=96&d=mm&r=g\",\"caption\":\"inclusivenews2024\"},\"sameAs\":[\"https:\\\/\\\/inclusivenews.com.br\"],\"url\":\"https:\\\/\\\/inclusivenews.com.br\\\/?author=1\"}]}<\/script>\n<!-- \/ Yoast SEO plugin. -->","yoast_head_json":{"title":"Acessibilidade em B\u00fazios -","robots":{"index":"index","follow":"follow","max-snippet":"max-snippet:-1","max-image-preview":"max-image-preview:large","max-video-preview":"max-video-preview:-1"},"canonical":"https:\/\/inclusivenews.com.br\/?p=13528","og_locale":"pt_PT","og_type":"article","og_title":"Acessibilidade em B\u00fazios -","og_description":"ANDREI BASTOS* Nessas minhas f\u00e9rias em B\u00fazios, surpreso com vagas de estacionamento reservadas respeitadas, \u00f4nibus adaptados, rampas e cal\u00e7adas rebaixadas, fiquei curioso e procurei saber como tinha sido essa hist\u00f3ria da acessibilidade no peda\u00e7o. Conversando aqui e ali, dando uma olhada nos arquivos dos jornais locais, constatei, mais uma vez, que do c\u00e9u s\u00f3 cai [&hellip;]","og_url":"https:\/\/inclusivenews.com.br\/?p=13528","article_publisher":"https:\/\/www.facebook.com\/agenciainclusive\/","article_published_time":"2010-01-24T12:40:08+00:00","og_image":[{"url":"http:\/\/inclusivenews.com.br\/wp-content\/uploads\/2009\/10\/andrei-150x150.jpg","type":"","width":"","height":""}],"author":"inclusivenews2024","twitter_card":"summary_large_image","twitter_misc":{"Escrito por":"inclusivenews2024","Tempo estimado de leitura":"3 minutos"},"schema":{"@context":"https:\/\/schema.org","@graph":[{"@type":"Article","@id":"https:\/\/inclusivenews.com.br\/?p=13528#article","isPartOf":{"@id":"https:\/\/inclusivenews.com.br\/?p=13528"},"author":{"name":"inclusivenews2024","@id":"https:\/\/inclusivenews.com.br\/#\/schema\/person\/ae4ec7087559b8692fb33b6fffd2273b"},"headline":"Acessibilidade em B\u00fazios","datePublished":"2010-01-24T12:40:08+00:00","mainEntityOfPage":{"@id":"https:\/\/inclusivenews.com.br\/?p=13528"},"wordCount":552,"commentCount":0,"publisher":{"@id":"https:\/\/inclusivenews.com.br\/#organization"},"image":{"@id":"https:\/\/inclusivenews.com.br\/?p=13528#primaryimage"},"thumbnailUrl":"http:\/\/inclusivenews.com.br\/wp-content\/uploads\/2009\/10\/andrei-150x150.jpg","articleSection":["ACESSIBILIDADE"],"inLanguage":"pt-PT","potentialAction":[{"@type":"CommentAction","name":"Comment","target":["https:\/\/inclusivenews.com.br\/?p=13528#respond"]}]},{"@type":"WebPage","@id":"https:\/\/inclusivenews.com.br\/?p=13528","url":"https:\/\/inclusivenews.com.br\/?p=13528","name":"Acessibilidade em B\u00fazios -","isPartOf":{"@id":"https:\/\/inclusivenews.com.br\/#website"},"primaryImageOfPage":{"@id":"https:\/\/inclusivenews.com.br\/?p=13528#primaryimage"},"image":{"@id":"https:\/\/inclusivenews.com.br\/?p=13528#primaryimage"},"thumbnailUrl":"http:\/\/inclusivenews.com.br\/wp-content\/uploads\/2009\/10\/andrei-150x150.jpg","datePublished":"2010-01-24T12:40:08+00:00","breadcrumb":{"@id":"https:\/\/inclusivenews.com.br\/?p=13528#breadcrumb"},"inLanguage":"pt-PT","potentialAction":[{"@type":"ReadAction","target":["https:\/\/inclusivenews.com.br\/?p=13528"]}]},{"@type":"ImageObject","inLanguage":"pt-PT","@id":"https:\/\/inclusivenews.com.br\/?p=13528#primaryimage","url":"https:\/\/inclusivenews.com.br\/wp-content\/uploads\/2009\/10\/andrei.jpg","contentUrl":"https:\/\/inclusivenews.com.br\/wp-content\/uploads\/2009\/10\/andrei.jpg","width":220,"height":217,"caption":"Foto de Andrei Bastos"},{"@type":"BreadcrumbList","@id":"https:\/\/inclusivenews.com.br\/?p=13528#breadcrumb","itemListElement":[{"@type":"ListItem","position":1,"name":"In\u00edcio","item":"https:\/\/inclusivenews.com.br\/"},{"@type":"ListItem","position":2,"name":"Acessibilidade em B\u00fazios"}]},{"@type":"WebSite","@id":"https:\/\/inclusivenews.com.br\/#website","url":"https:\/\/inclusivenews.com.br\/","name":"Inclusive News","description":"Inclusive News","publisher":{"@id":"https:\/\/inclusivenews.com.br\/#organization"},"potentialAction":[{"@type":"SearchAction","target":{"@type":"EntryPoint","urlTemplate":"https:\/\/inclusivenews.com.br\/?s={search_term_string}"},"query-input":{"@type":"PropertyValueSpecification","valueRequired":true,"valueName":"search_term_string"}}],"inLanguage":"pt-PT"},{"@type":"Organization","@id":"https:\/\/inclusivenews.com.br\/#organization","name":"Inclusive - inclus\u00e3o e cidadania","url":"https:\/\/inclusivenews.com.br\/","logo":{"@type":"ImageObject","inLanguage":"pt-PT","@id":"https:\/\/inclusivenews.com.br\/#\/schema\/logo\/image\/","url":"https:\/\/inclusivenews.com.br\/wp-content\/uploads\/2024\/03\/@grandesite.png","contentUrl":"https:\/\/inclusivenews.com.br\/wp-content\/uploads\/2024\/03\/@grandesite.png","width":1080,"height":1080,"caption":"Inclusive - inclus\u00e3o e cidadania"},"image":{"@id":"https:\/\/inclusivenews.com.br\/#\/schema\/logo\/image\/"},"sameAs":["https:\/\/www.facebook.com\/agenciainclusive\/","https:\/\/www.instagram.com\/newsinclusive\/"]},{"@type":"Person","@id":"https:\/\/inclusivenews.com.br\/#\/schema\/person\/ae4ec7087559b8692fb33b6fffd2273b","name":"inclusivenews2024","image":{"@type":"ImageObject","inLanguage":"pt-PT","@id":"https:\/\/secure.gravatar.com\/avatar\/c5a7ef84c66fa914f55bc4f7ce26cfa275a3b9a1c5568b907bd184fb4dde7b40?s=96&d=mm&r=g","url":"https:\/\/secure.gravatar.com\/avatar\/c5a7ef84c66fa914f55bc4f7ce26cfa275a3b9a1c5568b907bd184fb4dde7b40?s=96&d=mm&r=g","contentUrl":"https:\/\/secure.gravatar.com\/avatar\/c5a7ef84c66fa914f55bc4f7ce26cfa275a3b9a1c5568b907bd184fb4dde7b40?s=96&d=mm&r=g","caption":"inclusivenews2024"},"sameAs":["https:\/\/inclusivenews.com.br"],"url":"https:\/\/inclusivenews.com.br\/?author=1"}]}},"_links":{"self":[{"href":"https:\/\/inclusivenews.com.br\/index.php?rest_route=\/wp\/v2\/posts\/13528","targetHints":{"allow":["GET"]}}],"collection":[{"href":"https:\/\/inclusivenews.com.br\/index.php?rest_route=\/wp\/v2\/posts"}],"about":[{"href":"https:\/\/inclusivenews.com.br\/index.php?rest_route=\/wp\/v2\/types\/post"}],"author":[{"embeddable":true,"href":"https:\/\/inclusivenews.com.br\/index.php?rest_route=\/wp\/v2\/users\/1"}],"replies":[{"embeddable":true,"href":"https:\/\/inclusivenews.com.br\/index.php?rest_route=%2Fwp%2Fv2%2Fcomments&post=13528"}],"version-history":[{"count":0,"href":"https:\/\/inclusivenews.com.br\/index.php?rest_route=\/wp\/v2\/posts\/13528\/revisions"}],"wp:attachment":[{"href":"https:\/\/inclusivenews.com.br\/index.php?rest_route=%2Fwp%2Fv2%2Fmedia&parent=13528"}],"wp:term":[{"taxonomy":"category","embeddable":true,"href":"https:\/\/inclusivenews.com.br\/index.php?rest_route=%2Fwp%2Fv2%2Fcategories&post=13528"},{"taxonomy":"post_tag","embeddable":true,"href":"https:\/\/inclusivenews.com.br\/index.php?rest_route=%2Fwp%2Fv2%2Ftags&post=13528"}],"curies":[{"name":"wp","href":"https:\/\/api.w.org\/{rel}","templated":true}]}}