{"id":13530,"date":"2010-01-24T10:15:43","date_gmt":"2010-01-24T13:15:43","guid":{"rendered":"http:\/\/www.inclusive.org.br\/?p=13530"},"modified":"2010-01-24T10:15:43","modified_gmt":"2010-01-24T13:15:43","slug":"oncb-no-forum-social-mundial","status":"publish","type":"post","link":"https:\/\/inclusivenews.com.br\/?p=13530","title":{"rendered":"ONCB no F\u00f3rum Social Mundial"},"content":{"rendered":"<figure id=\"attachment_13532\" aria-describedby=\"caption-attachment-13532\" style=\"width: 140px\" class=\"wp-caption alignnone\"><a href=\"http:\/\/www.inclusivenews.com.br\/wp-content\/uploads\/2010\/01\/logo-cego-1.jpg\"><img loading=\"lazy\" decoding=\"async\" class=\"size-full wp-image-13532\" title=\"logo-cego-1\" src=\"http:\/\/inclusivenews.com.br\/wp-content\/uploads\/2010\/01\/logo-cego-1.jpg\" alt=\"\" width=\"140\" height=\"140\" \/><\/a><figcaption id=\"caption-attachment-13532\" class=\"wp-caption-text\">Simbolo mostrando boneco com bengala<\/figcaption><\/figure>\n<p>A Organiza\u00e7\u00e3o Nacional de Cegos do Brasil convida a todos para participarem do \u00a0F\u00f3rum Social Mundial 2010, no dia 29\/01\/2010, \u00e0s 10:00 h, no Centro Universit\u00e1rio<br \/>\nLa Salle, pr\u00e9dio 8, 3\u00ba andar, Audit\u00f3rio Bruno R\u00fcedell, na cidade de Canoas, Rio Grande do Sul.<\/p>\n<p>Na ocasi\u00e3o, a ONCB estar\u00e1 coordenando uma mesa redonda em que ser\u00e1 abordado o tema &#8220;acesso \u00e0 leitura por deficientes visuais e a prote\u00e7\u00e3o de direitos autorais&#8221;.<\/p>\n<p>A atividade a ser coordenada pela ONCB ocorrer\u00e1 com o intuito de colaborar com a Uni\u00e3o Mundial de Cegos, visto que esta organiza\u00e7\u00e3o internacional prop\u00f4s \u00e0 Organiza\u00e7\u00e3o<br \/>\nMundial de Propriedade Intelectual a elabora\u00e7\u00e3o de um Tratado Internacional para regulamentar as rela\u00e7\u00f5es entre os leitores com defici\u00eancia visual e os detentores<br \/>\nde direitos autorais.<\/p>\n<p>A exist\u00eancia de um Tratado Internacional dessa natureza ser\u00e1 instrumento importante para o acesso \u00e0 cultura pelos deficientes visuais e para a difus\u00e3o cultural entre<br \/>\npessoas com defici\u00eancia visual de pa\u00edses diferentes.<\/p>\n<p>A realiza\u00e7\u00e3o dessa atividade colaborar\u00e1 com a constru\u00e7\u00e3o de uma pol\u00edtica cultural a ser desenvolvida internacionalmente para melhorar o acesso \u00e0 cultura pelas pessoas<br \/>\ncom defici\u00eancia visual de todo o mundo.<\/p>\n<p>Participar\u00e3o como debatedores da mesa redonda proposta, as seguintes personalidades:<\/p>\n<p>&#8211; Pablo Lecuona, desenvolvidor da biblioteca eletr\u00f4nica Tiflolibros de Buenos Aires, na Argentina, e representante da Uni\u00e3o Latinoamericana de Cegos &#8211; ULAC junto<br \/>\n\u00e0 Organiza\u00e7\u00e3o Mundial de Propriedade Intelectual &#8211; OMPI;<\/p>\n<p>&#8211; Dr. Allan Rocha de Souza &#8211; Graduado em Direito. \u00a0Professor Doutor da Universidade Federal do Rio de Janeiro. \u00a0Consultor em Direitos Autorais da UNESCO e Minist\u00e9rio<br \/>\nda Cultura. Pesquisador em Pol\u00edticas P\u00fablicas, Desenvolvimento e Propriedade Intelectual.<\/p>\n<p>&#8211; Pedro Jos\u00e9 Milliet &#8211; Desenvolvedor S\u00eanior e Arquiteto de Informa\u00e7\u00e3o da Funda\u00e7\u00e3o Dorina Nowill para Cegos &#8211; FENC. Criador dos sistemas de produ\u00e7\u00e3o e litura de livros<br \/>\ndigitais acess\u00edveis, LIDA, Dorina Daisy e Dorina Daisy Reader. Participa\u00e7\u00e3o na implanta\u00e7\u00e3o do Daisy Latino, Cons\u00f3rcio Daisy na Austr\u00e1lia e Inglaterra e Cons\u00f3cio<br \/>\nDaisy da Uni\u00e3o Mundial de Cegos.<\/p>\n<p>&#8211; Cl\u00f3vis Alberto Pereira &#8211; Graduando em Ci\u00eancias Sociais; consultor em Acessibilidade da LARAMARA e membro da Comiss\u00e3o de Comunica\u00e7\u00e3o e Rela\u00e7\u00f5es Institucionais da<br \/>\nONCB.<\/p>\n<p>&#8211; Airton Simille Marques &#8211; T\u00e9cnico em Eletr\u00f4nica, programador de computador, criador de programas de gerenciamento de Biblioteca e organizador da Biblioteca Digital<br \/>\nda Biblioteca P\u00fablica do Paran\u00e1.<\/p>\n<p>Mois\u00e9s Bauer Luiz<\/p>\n<p>Vice-Presidente da ONCB<\/p>\n<p>ONCB &#8211; Secretaria Bras\u00edlia<br \/>\nSCS &#8211; Quadra 02 &#8211; Bloco C \/ Sala 209<br \/>\nEd. Anhanguera<br \/>\nBras\u00edlia\/DF<br \/>\n70.315-900<br \/>\nFone: 61.3041.8288<br \/>\nE-mail:\u00a0<a rel=\"nofollow noopener\" href=\"mailto:brasilia@oncb.org.br\" target=\"_blank\">brasilia@oncb.org.br<\/a><\/p>\n","protected":false},"excerpt":{"rendered":"<p>A Organiza\u00e7\u00e3o Nacional de Cegos do Brasil convida a todos para participarem do \u00a0F\u00f3rum Social Mundial 2010, no dia 29\/01\/2010, \u00e0s 10:00 h, no Centro Universit\u00e1rio La Salle, pr\u00e9dio 8, 3\u00ba andar, Audit\u00f3rio Bruno R\u00fcedell, na cidade de Canoas, Rio Grande do Sul. Na ocasi\u00e3o, a ONCB estar\u00e1 coordenando uma mesa redonda em que ser\u00e1 [&hellip;]<\/p>\n","protected":false},"author":1,"featured_media":0,"comment_status":"open","ping_status":"open","sticky":false,"template":"","format":"standard","meta":{"site-container-style":"default","site-container-layout":"default","site-sidebar-layout":"default","disable-article-header":"default","disable-site-header":"default","disable-site-footer":"default","disable-content-area-spacing":"default","footnotes":""},"categories":[12,4],"tags":[],"class_list":["post-13530","post","type-post","status-publish","format-standard","hentry","category-cursos-e-eventos","category-noticias"],"yoast_head":"<!-- This site is optimized with the Yoast SEO plugin v27.4 - https:\/\/yoast.com\/product\/yoast-seo-wordpress\/ -->\n<title>ONCB no F\u00f3rum Social Mundial -<\/title>\n<meta name=\"robots\" content=\"index, follow, max-snippet:-1, max-image-preview:large, max-video-preview:-1\" \/>\n<link rel=\"canonical\" href=\"https:\/\/inclusivenews.com.br\/?p=13530\" \/>\n<meta property=\"og:locale\" content=\"pt_PT\" \/>\n<meta property=\"og:type\" content=\"article\" \/>\n<meta property=\"og:title\" content=\"ONCB no F\u00f3rum Social Mundial -\" \/>\n<meta property=\"og:description\" content=\"A Organiza\u00e7\u00e3o Nacional de Cegos do Brasil convida a todos para participarem do \u00a0F\u00f3rum Social Mundial 2010, no dia 29\/01\/2010, \u00e0s 10:00 h, no Centro Universit\u00e1rio La Salle, pr\u00e9dio 8, 3\u00ba andar, Audit\u00f3rio Bruno R\u00fcedell, na cidade de Canoas, Rio Grande do Sul. Na ocasi\u00e3o, a ONCB estar\u00e1 coordenando uma mesa redonda em que ser\u00e1 [&hellip;]\" \/>\n<meta property=\"og:url\" content=\"https:\/\/inclusivenews.com.br\/?p=13530\" \/>\n<meta property=\"article:publisher\" content=\"https:\/\/www.facebook.com\/agenciainclusive\/\" \/>\n<meta property=\"article:published_time\" content=\"2010-01-24T13:15:43+00:00\" \/>\n<meta property=\"og:image\" content=\"http:\/\/inclusivenews.com.br\/wp-content\/uploads\/2010\/01\/logo-cego-1.jpg\" \/>\n<meta name=\"author\" content=\"inclusivenews2024\" \/>\n<meta name=\"twitter:card\" content=\"summary_large_image\" \/>\n<meta name=\"twitter:label1\" content=\"Escrito por\" \/>\n\t<meta name=\"twitter:data1\" content=\"inclusivenews2024\" \/>\n\t<meta name=\"twitter:label2\" content=\"Tempo estimado de leitura\" \/>\n\t<meta name=\"twitter:data2\" content=\"2 minutos\" \/>\n<script type=\"application\/ld+json\" class=\"yoast-schema-graph\">{\"@context\":\"https:\\\/\\\/schema.org\",\"@graph\":[{\"@type\":\"Article\",\"@id\":\"https:\\\/\\\/inclusivenews.com.br\\\/?p=13530#article\",\"isPartOf\":{\"@id\":\"https:\\\/\\\/inclusivenews.com.br\\\/?p=13530\"},\"author\":{\"name\":\"inclusivenews2024\",\"@id\":\"https:\\\/\\\/inclusivenews.com.br\\\/#\\\/schema\\\/person\\\/ae4ec7087559b8692fb33b6fffd2273b\"},\"headline\":\"ONCB no F\u00f3rum Social Mundial\",\"datePublished\":\"2010-01-24T13:15:43+00:00\",\"mainEntityOfPage\":{\"@id\":\"https:\\\/\\\/inclusivenews.com.br\\\/?p=13530\"},\"wordCount\":463,\"commentCount\":0,\"publisher\":{\"@id\":\"https:\\\/\\\/inclusivenews.com.br\\\/#organization\"},\"image\":{\"@id\":\"https:\\\/\\\/inclusivenews.com.br\\\/?p=13530#primaryimage\"},\"thumbnailUrl\":\"http:\\\/\\\/inclusivenews.com.br\\\/wp-content\\\/uploads\\\/2010\\\/01\\\/logo-cego-1.jpg\",\"articleSection\":[\"Cursos e eventos\",\"NOT\u00cdCIAS\"],\"inLanguage\":\"pt-PT\",\"potentialAction\":[{\"@type\":\"CommentAction\",\"name\":\"Comment\",\"target\":[\"https:\\\/\\\/inclusivenews.com.br\\\/?p=13530#respond\"]}]},{\"@type\":\"WebPage\",\"@id\":\"https:\\\/\\\/inclusivenews.com.br\\\/?p=13530\",\"url\":\"https:\\\/\\\/inclusivenews.com.br\\\/?p=13530\",\"name\":\"ONCB no F\u00f3rum Social Mundial -\",\"isPartOf\":{\"@id\":\"https:\\\/\\\/inclusivenews.com.br\\\/#website\"},\"primaryImageOfPage\":{\"@id\":\"https:\\\/\\\/inclusivenews.com.br\\\/?p=13530#primaryimage\"},\"image\":{\"@id\":\"https:\\\/\\\/inclusivenews.com.br\\\/?p=13530#primaryimage\"},\"thumbnailUrl\":\"http:\\\/\\\/inclusivenews.com.br\\\/wp-content\\\/uploads\\\/2010\\\/01\\\/logo-cego-1.jpg\",\"datePublished\":\"2010-01-24T13:15:43+00:00\",\"breadcrumb\":{\"@id\":\"https:\\\/\\\/inclusivenews.com.br\\\/?p=13530#breadcrumb\"},\"inLanguage\":\"pt-PT\",\"potentialAction\":[{\"@type\":\"ReadAction\",\"target\":[\"https:\\\/\\\/inclusivenews.com.br\\\/?p=13530\"]}]},{\"@type\":\"ImageObject\",\"inLanguage\":\"pt-PT\",\"@id\":\"https:\\\/\\\/inclusivenews.com.br\\\/?p=13530#primaryimage\",\"url\":\"\",\"contentUrl\":\"\"},{\"@type\":\"BreadcrumbList\",\"@id\":\"https:\\\/\\\/inclusivenews.com.br\\\/?p=13530#breadcrumb\",\"itemListElement\":[{\"@type\":\"ListItem\",\"position\":1,\"name\":\"In\u00edcio\",\"item\":\"https:\\\/\\\/inclusivenews.com.br\\\/\"},{\"@type\":\"ListItem\",\"position\":2,\"name\":\"ONCB no F\u00f3rum Social Mundial\"}]},{\"@type\":\"WebSite\",\"@id\":\"https:\\\/\\\/inclusivenews.com.br\\\/#website\",\"url\":\"https:\\\/\\\/inclusivenews.com.br\\\/\",\"name\":\"Inclusive News\",\"description\":\"Inclusive News\",\"publisher\":{\"@id\":\"https:\\\/\\\/inclusivenews.com.br\\\/#organization\"},\"potentialAction\":[{\"@type\":\"SearchAction\",\"target\":{\"@type\":\"EntryPoint\",\"urlTemplate\":\"https:\\\/\\\/inclusivenews.com.br\\\/?s={search_term_string}\"},\"query-input\":{\"@type\":\"PropertyValueSpecification\",\"valueRequired\":true,\"valueName\":\"search_term_string\"}}],\"inLanguage\":\"pt-PT\"},{\"@type\":\"Organization\",\"@id\":\"https:\\\/\\\/inclusivenews.com.br\\\/#organization\",\"name\":\"Inclusive - inclus\u00e3o e cidadania\",\"url\":\"https:\\\/\\\/inclusivenews.com.br\\\/\",\"logo\":{\"@type\":\"ImageObject\",\"inLanguage\":\"pt-PT\",\"@id\":\"https:\\\/\\\/inclusivenews.com.br\\\/#\\\/schema\\\/logo\\\/image\\\/\",\"url\":\"https:\\\/\\\/inclusivenews.com.br\\\/wp-content\\\/uploads\\\/2024\\\/03\\\/@grandesite.png\",\"contentUrl\":\"https:\\\/\\\/inclusivenews.com.br\\\/wp-content\\\/uploads\\\/2024\\\/03\\\/@grandesite.png\",\"width\":1080,\"height\":1080,\"caption\":\"Inclusive - inclus\u00e3o e cidadania\"},\"image\":{\"@id\":\"https:\\\/\\\/inclusivenews.com.br\\\/#\\\/schema\\\/logo\\\/image\\\/\"},\"sameAs\":[\"https:\\\/\\\/www.facebook.com\\\/agenciainclusive\\\/\",\"https:\\\/\\\/www.instagram.com\\\/newsinclusive\\\/\"]},{\"@type\":\"Person\",\"@id\":\"https:\\\/\\\/inclusivenews.com.br\\\/#\\\/schema\\\/person\\\/ae4ec7087559b8692fb33b6fffd2273b\",\"name\":\"inclusivenews2024\",\"image\":{\"@type\":\"ImageObject\",\"inLanguage\":\"pt-PT\",\"@id\":\"https:\\\/\\\/secure.gravatar.com\\\/avatar\\\/c5a7ef84c66fa914f55bc4f7ce26cfa275a3b9a1c5568b907bd184fb4dde7b40?s=96&d=mm&r=g\",\"url\":\"https:\\\/\\\/secure.gravatar.com\\\/avatar\\\/c5a7ef84c66fa914f55bc4f7ce26cfa275a3b9a1c5568b907bd184fb4dde7b40?s=96&d=mm&r=g\",\"contentUrl\":\"https:\\\/\\\/secure.gravatar.com\\\/avatar\\\/c5a7ef84c66fa914f55bc4f7ce26cfa275a3b9a1c5568b907bd184fb4dde7b40?s=96&d=mm&r=g\",\"caption\":\"inclusivenews2024\"},\"sameAs\":[\"https:\\\/\\\/inclusivenews.com.br\"],\"url\":\"https:\\\/\\\/inclusivenews.com.br\\\/?author=1\"}]}<\/script>\n<!-- \/ Yoast SEO plugin. -->","yoast_head_json":{"title":"ONCB no F\u00f3rum Social Mundial -","robots":{"index":"index","follow":"follow","max-snippet":"max-snippet:-1","max-image-preview":"max-image-preview:large","max-video-preview":"max-video-preview:-1"},"canonical":"https:\/\/inclusivenews.com.br\/?p=13530","og_locale":"pt_PT","og_type":"article","og_title":"ONCB no F\u00f3rum Social Mundial -","og_description":"A Organiza\u00e7\u00e3o Nacional de Cegos do Brasil convida a todos para participarem do \u00a0F\u00f3rum Social Mundial 2010, no dia 29\/01\/2010, \u00e0s 10:00 h, no Centro Universit\u00e1rio La Salle, pr\u00e9dio 8, 3\u00ba andar, Audit\u00f3rio Bruno R\u00fcedell, na cidade de Canoas, Rio Grande do Sul. Na ocasi\u00e3o, a ONCB estar\u00e1 coordenando uma mesa redonda em que ser\u00e1 [&hellip;]","og_url":"https:\/\/inclusivenews.com.br\/?p=13530","article_publisher":"https:\/\/www.facebook.com\/agenciainclusive\/","article_published_time":"2010-01-24T13:15:43+00:00","og_image":[{"url":"http:\/\/inclusivenews.com.br\/wp-content\/uploads\/2010\/01\/logo-cego-1.jpg","type":"","width":"","height":""}],"author":"inclusivenews2024","twitter_card":"summary_large_image","twitter_misc":{"Escrito por":"inclusivenews2024","Tempo estimado de leitura":"2 minutos"},"schema":{"@context":"https:\/\/schema.org","@graph":[{"@type":"Article","@id":"https:\/\/inclusivenews.com.br\/?p=13530#article","isPartOf":{"@id":"https:\/\/inclusivenews.com.br\/?p=13530"},"author":{"name":"inclusivenews2024","@id":"https:\/\/inclusivenews.com.br\/#\/schema\/person\/ae4ec7087559b8692fb33b6fffd2273b"},"headline":"ONCB no F\u00f3rum Social Mundial","datePublished":"2010-01-24T13:15:43+00:00","mainEntityOfPage":{"@id":"https:\/\/inclusivenews.com.br\/?p=13530"},"wordCount":463,"commentCount":0,"publisher":{"@id":"https:\/\/inclusivenews.com.br\/#organization"},"image":{"@id":"https:\/\/inclusivenews.com.br\/?p=13530#primaryimage"},"thumbnailUrl":"http:\/\/inclusivenews.com.br\/wp-content\/uploads\/2010\/01\/logo-cego-1.jpg","articleSection":["Cursos e eventos","NOT\u00cdCIAS"],"inLanguage":"pt-PT","potentialAction":[{"@type":"CommentAction","name":"Comment","target":["https:\/\/inclusivenews.com.br\/?p=13530#respond"]}]},{"@type":"WebPage","@id":"https:\/\/inclusivenews.com.br\/?p=13530","url":"https:\/\/inclusivenews.com.br\/?p=13530","name":"ONCB no F\u00f3rum Social Mundial -","isPartOf":{"@id":"https:\/\/inclusivenews.com.br\/#website"},"primaryImageOfPage":{"@id":"https:\/\/inclusivenews.com.br\/?p=13530#primaryimage"},"image":{"@id":"https:\/\/inclusivenews.com.br\/?p=13530#primaryimage"},"thumbnailUrl":"http:\/\/inclusivenews.com.br\/wp-content\/uploads\/2010\/01\/logo-cego-1.jpg","datePublished":"2010-01-24T13:15:43+00:00","breadcrumb":{"@id":"https:\/\/inclusivenews.com.br\/?p=13530#breadcrumb"},"inLanguage":"pt-PT","potentialAction":[{"@type":"ReadAction","target":["https:\/\/inclusivenews.com.br\/?p=13530"]}]},{"@type":"ImageObject","inLanguage":"pt-PT","@id":"https:\/\/inclusivenews.com.br\/?p=13530#primaryimage","url":"","contentUrl":""},{"@type":"BreadcrumbList","@id":"https:\/\/inclusivenews.com.br\/?p=13530#breadcrumb","itemListElement":[{"@type":"ListItem","position":1,"name":"In\u00edcio","item":"https:\/\/inclusivenews.com.br\/"},{"@type":"ListItem","position":2,"name":"ONCB no F\u00f3rum Social Mundial"}]},{"@type":"WebSite","@id":"https:\/\/inclusivenews.com.br\/#website","url":"https:\/\/inclusivenews.com.br\/","name":"Inclusive News","description":"Inclusive News","publisher":{"@id":"https:\/\/inclusivenews.com.br\/#organization"},"potentialAction":[{"@type":"SearchAction","target":{"@type":"EntryPoint","urlTemplate":"https:\/\/inclusivenews.com.br\/?s={search_term_string}"},"query-input":{"@type":"PropertyValueSpecification","valueRequired":true,"valueName":"search_term_string"}}],"inLanguage":"pt-PT"},{"@type":"Organization","@id":"https:\/\/inclusivenews.com.br\/#organization","name":"Inclusive - inclus\u00e3o e cidadania","url":"https:\/\/inclusivenews.com.br\/","logo":{"@type":"ImageObject","inLanguage":"pt-PT","@id":"https:\/\/inclusivenews.com.br\/#\/schema\/logo\/image\/","url":"https:\/\/inclusivenews.com.br\/wp-content\/uploads\/2024\/03\/@grandesite.png","contentUrl":"https:\/\/inclusivenews.com.br\/wp-content\/uploads\/2024\/03\/@grandesite.png","width":1080,"height":1080,"caption":"Inclusive - inclus\u00e3o e cidadania"},"image":{"@id":"https:\/\/inclusivenews.com.br\/#\/schema\/logo\/image\/"},"sameAs":["https:\/\/www.facebook.com\/agenciainclusive\/","https:\/\/www.instagram.com\/newsinclusive\/"]},{"@type":"Person","@id":"https:\/\/inclusivenews.com.br\/#\/schema\/person\/ae4ec7087559b8692fb33b6fffd2273b","name":"inclusivenews2024","image":{"@type":"ImageObject","inLanguage":"pt-PT","@id":"https:\/\/secure.gravatar.com\/avatar\/c5a7ef84c66fa914f55bc4f7ce26cfa275a3b9a1c5568b907bd184fb4dde7b40?s=96&d=mm&r=g","url":"https:\/\/secure.gravatar.com\/avatar\/c5a7ef84c66fa914f55bc4f7ce26cfa275a3b9a1c5568b907bd184fb4dde7b40?s=96&d=mm&r=g","contentUrl":"https:\/\/secure.gravatar.com\/avatar\/c5a7ef84c66fa914f55bc4f7ce26cfa275a3b9a1c5568b907bd184fb4dde7b40?s=96&d=mm&r=g","caption":"inclusivenews2024"},"sameAs":["https:\/\/inclusivenews.com.br"],"url":"https:\/\/inclusivenews.com.br\/?author=1"}]}},"_links":{"self":[{"href":"https:\/\/inclusivenews.com.br\/index.php?rest_route=\/wp\/v2\/posts\/13530","targetHints":{"allow":["GET"]}}],"collection":[{"href":"https:\/\/inclusivenews.com.br\/index.php?rest_route=\/wp\/v2\/posts"}],"about":[{"href":"https:\/\/inclusivenews.com.br\/index.php?rest_route=\/wp\/v2\/types\/post"}],"author":[{"embeddable":true,"href":"https:\/\/inclusivenews.com.br\/index.php?rest_route=\/wp\/v2\/users\/1"}],"replies":[{"embeddable":true,"href":"https:\/\/inclusivenews.com.br\/index.php?rest_route=%2Fwp%2Fv2%2Fcomments&post=13530"}],"version-history":[{"count":0,"href":"https:\/\/inclusivenews.com.br\/index.php?rest_route=\/wp\/v2\/posts\/13530\/revisions"}],"wp:attachment":[{"href":"https:\/\/inclusivenews.com.br\/index.php?rest_route=%2Fwp%2Fv2%2Fmedia&parent=13530"}],"wp:term":[{"taxonomy":"category","embeddable":true,"href":"https:\/\/inclusivenews.com.br\/index.php?rest_route=%2Fwp%2Fv2%2Fcategories&post=13530"},{"taxonomy":"post_tag","embeddable":true,"href":"https:\/\/inclusivenews.com.br\/index.php?rest_route=%2Fwp%2Fv2%2Ftags&post=13530"}],"curies":[{"name":"wp","href":"https:\/\/api.w.org\/{rel}","templated":true}]}}