{"id":13538,"date":"2010-01-24T10:51:02","date_gmt":"2010-01-24T13:51:02","guid":{"rendered":"http:\/\/www.inclusive.org.br\/?p=13538"},"modified":"2010-01-24T10:51:02","modified_gmt":"2010-01-24T13:51:02","slug":"necessidades-para-criancas-com-deficiencia-no-haiti","status":"publish","type":"post","link":"https:\/\/inclusivenews.com.br\/?p=13538","title":{"rendered":"Necessidades para crian\u00e7as com defici\u00eancia no Haiti"},"content":{"rendered":"<figure id=\"attachment_13539\" aria-describedby=\"caption-attachment-13539\" style=\"width: 150px\" class=\"wp-caption alignnone\"><a href=\"http:\/\/www.inclusivenews.com.br\/wp-content\/uploads\/2010\/01\/BD_BD026.jpg\"><img loading=\"lazy\" decoding=\"async\" class=\"size-thumbnail wp-image-13539\" title=\"BD_BD026\" src=\"http:\/\/inclusivenews.com.br\/wp-content\/uploads\/2010\/01\/BD_BD026-150x150.jpg\" alt=\"\" width=\"150\" height=\"150\" \/><\/a><figcaption id=\"caption-attachment-13539\" class=\"wp-caption-text\">Bandeira do Haiti<\/figcaption><\/figure>\n<p>O INFOATIVO DEFNET RETRANSMITE\u00a0 E TRADUZ \u00a0INFORMA\u00c7\u00d5ES SOBRE A SITUA\u00c7\u00c3O DE CRIAN\u00c7AS COM DEFICI\u00caNCIA NO HAITI E AS SUAS NECESSIDADES MAIS URGENTES AP\u00d3S O TERREMOTO.<\/p>\n<p>CBM al momento tiene a dos personas en campo con la misi\u00f3n de evaluar cuales son en el corto, mediano y largo plazo, las necesidades de las personas con discapacidad despu\u00e9s de la cat\u00e1strofe en Puerto Pr\u00edncipe.<\/p>\n<p><em>A CBM no momento tem duas pessoas em campo com a miss\u00e3o de avaliar quais s\u00e3o a curto, m\u00e9dio e longo prazo as necessidades das pessoas com defici\u00eancia\u00a0 ap\u00f3s a catastrofe de Porto Pr\u00edncipe.<\/em><\/p>\n<p>Hasta donde hemos podido levantar informaci\u00f3n, que ha sido dif\u00edcil por la limitada infraestructura y de comunicaciones. En general, al momento se prev\u00e9 el incremento en el n\u00famero de personas con discapacidades (f\u00edsicas especialmente) , pues se reportan un gran n\u00famero de casos de personas con fracturas complicadas y amputaciones por efecto de infecciones en heridas. En este sentido, los hospitales se encuentran atendiendo todos estos casos, sin embargo que hace falta ya insumos para este tipo de procedimientos (yeso, vendas y otros).<\/p>\n<p><em>At\u00e9 onde pudemos levantar informa\u00e7\u00f5es, o que \u00e9 muito dif\u00edcil pela limitada infraestrutura local e das comunica\u00e7\u00f5es. No geral, no momento atual est\u00e1 previsto o aumento do n\u00famero de pessoas com defici\u00eancia ( especialmente as deficiencias f\u00edsicas), pois s\u00e3o relatados e informados um grande n\u00famero de casos de pessoas com FRATURAS COMPLICADAS E AMPUTA\u00c7\u00d5ES POR EFEITO DE INFEC\u00c7\u00d5ES OU TRAUMAS\/FERIMENTOS. Nesse sentido, os hospitais se encontram atendendo a todos estes casos, muito embora fa\u00e7a falta os recursos necess\u00e1rios para estes procedimentos m\u00e9dico-cirurgicos (com gesso, bandagens e outros)<\/em><\/p>\n<p><strong>En el corto plazo<\/strong>, las necesidades de alimentos y agua son vitales para la poblaci\u00f3n en general, en especial por la dificultad que existe para la distribuci\u00f3n de la ayuda entre la poblaci\u00f3n. (Hay escasez de combustible \u2013se ha prohibido su uso para transporte- pues se ha priorizado para el uso de generadores en hospitales, y se prev\u00e9 que solo habr\u00e1 suficiente hasta martes o mi\u00e9rcoles.)<\/p>\n<p><em>NO CURTO PRAZO &#8211; URGENTE<\/em><\/p>\n<p><strong><em>As necessidades s\u00e3o de alimentos e \u00e1gua, por serem vitais para a popula\u00e7\u00e3o em geral, especialmente pela dificuldade que existe para a distribui\u00e7\u00e3o de ajuda entre a popula\u00e7\u00e3o haitiana ( H\u00e0 escassez de combust\u00edveis &#8211; foi proibido o seu uso para transporte &#8211; pois foi priorizado o uso para os geradoes de hospitais, sendo previsto que s\u00f3 haver\u00e1 combustiveis at\u00e9 ter\u00e7a ou quarta feira desta semana &#8211; 19 e 20 de janeiro)<\/em><\/strong><\/p>\n<p>La infraestructura f\u00edsica de los centros que atienden a ni\u00f1os con discapacidad ha sido seriamente afectada. En el caso de una escuela para ni\u00f1os con discapacidad, socio de CBM ser\u00e1 necesario demoler el edificio y volver a construirlo en el futuro.<\/p>\n<p><em>A infraestrutura f\u00edsica dos centros que atendem crian\u00e7as com defici\u00eancia foi seriamente afetada. No caso, por exemplo, de uma escola para crian\u00e7as com defici\u00eancia , parceira da CBM ser\u00e1 necess\u00e1rio demolir o edificio, e constru\u00ed-lo no futuro.<\/em><\/p>\n<p>Nuestros colaboradores proveer\u00e1n un informe m\u00e1s completo en los pr\u00f3ximos dos \u2013tres d\u00edas, una vez que hayan podido evaluar la situaci\u00f3n de nuestros socios, su personal y beneficiarios.<\/p>\n<p><em>Nossos colaboradores nos prover\u00e1 de um informe mais completo nos pr\u00f3ximos dois ou tr\u00eas dias, uma vez que tenham avaliado a situa\u00e7\u00e3o de nossos parceiros, suas equipes e benefici\u00e1rios.<\/em><\/p>\n<p>CBM est\u00e1 interesado en levantar la mayor cantidad de recursos entre sus Asociaciones Miembros y donantes, y canalizarla a trav\u00e9s de los socios locales y en coordinaci\u00f3n con nuestros socios en la Rep\u00fablica Dominicana, puesto que en nuestra experiencia, las personas con discapacidad tienen mayores dificultades de alcanzar el apoyo de la cooperaci\u00f3n externa, por cuesti\u00f3nes de movilidad en general.<\/p>\n<p><em>A CBM \u00e9st\u00e1 interessada no levantamento da maior quantidade de recursos entre suas Associa\u00e7\u00f5es Parceiras e doadoras, e canalizar\u00e1 estes recursos\u00a0atrav\u00e9s de seus parceiros locais , com a coordena\u00e7\u00e3o de nossos parceiros na Rep\u00fablica Dominicana, j\u00e1 que em nossa experi\u00eancia, as pessoas com defici\u00eancia t\u00eam maiores dificuldades de encontrar o apoio da coopera\u00e7\u00e3o externa, pelas quest\u00f5es gerais de mobilidade.<\/em><\/p>\n<p><strong><em> <\/em><\/strong><\/p>\n<p>Nuestras perspectivas de respuesta a las necesidades en el pa\u00eds son:\u00a0<strong><em> NOSSA PERSPECTIVAS PARA RESPONDER \u00c0S NECESSIDADES NO PA\u00cdS S\u00c3O:<\/em><\/strong><\/p>\n<p><strong>En el corto plazo<\/strong>: insumos m\u00e9dicos, alimentos, agua, f\u00f3rmulas de purificaci\u00f3n de agua, medicinas para prevenci\u00f3n y mitigaci\u00f3n de epidemias, apoyo para acceso a servicios de salud.<\/p>\n<p><em>A CURTO PRAZO: recursos e materiais m\u00e9dicos, alimentos, \u00e1gua, f\u00f3rmulas de purifica\u00e7\u00e3o da \u00e1gua, procedimentos m\u00e9dicos para preven\u00e7\u00e3o e diminui\u00e7\u00e3o de epidemias, apoio para o acesso a servi\u00e7os de sa\u00fade.<\/em><\/p>\n<p><strong>En el mediano plazo<\/strong>: atenci\u00f3n en salud mental (crisis post cat\u00e1strofe, depresi\u00f3n, etc), reposici\u00f3n de ayudas m\u00f3viles y de comunicaci\u00f3n (sillas de ruedas, bastones, aud\u00edfonos, etc), fortalecimiento de programas de rehabilitaci\u00f3 n con base en la comunidad \u2013RBC, identificaci\u00f3 n de mecanismos de alivio y contingencia familiar.<\/p>\n<p><strong><em>A M\u00c9DIO PRAZO:\u00a0 ATEN\u00c7\u00c3O EM SA\u00daDE MENTAL ( estados de estresse p\u00f3s-traum\u00e1tico, depress\u00e3o, etc &#8211; incluimos a\u00ed o suic\u00eddio e crises psic\u00f3ticas agudas), a reposi\u00e7\u00e3o de ajudas para mobilidade e para a comunica\u00e7\u00e3o ( cadeiras de rodas, bengalas, aparelhos de audi\u00e7\u00e3o, etc&#8230;), fortalecimento de programas de Reabilita\u00e7\u00e3o Baseada na Comunidade &#8211; RBC, identifica\u00e7\u00e3o de mecanismos de apoio e de conting\u00eancia familiar<\/em><\/strong>.<\/p>\n<p><strong>En el largo plazo<\/strong>: reconstrucci\u00f3 n de infraestructuras institucionales, reconstrucci\u00f3 n de viviendas, redefinici\u00f3n de programas de educaci\u00f3n y rehabilitaci\u00f3 n para personas con discapacidad, acompa\u00f1amiento permanente.<\/p>\n<p><em>A LONGO PRAZO: A RECONSTRU\u00c7\u00c3O DE INFRAESTRUTURAS INSTITUCIONAIS, reconstru\u00e7\u00e3o de casas, redefini\u00e7\u00e3o dos programas de educa\u00e7\u00e3o e reabilita\u00e7\u00e3o para pessoas com defici\u00eanci, acompanhamento permanente ( e avalia\u00e7\u00e3o destes programas)<\/em><\/p>\n<p><em><strong> <\/strong><\/em><\/p>\n<p>Esperamos que una vez que contemos con mayor informaci\u00f3n respecto de la situaci\u00f3n y perspectivas en la zona, se pueda definir con claridad los mecanismos de canalizar el apoyo presente y futuro.<\/p>\n<p>Apreciamos su inter\u00e9s y estamos abiertos a una colaboraci\u00f3n estrecha.<\/p>\n<p>Cordiales saludos<\/p>\n<p><strong>Javier Alvarado<\/strong><\/p>\n<p><strong>Coordinador de Proyectos<\/strong><\/p>\n<p><strong>Responsable para El Salvador, Nicaragua y Regi\u00f3n Caribe<\/strong><\/p>\n<p><strong>cbm<\/strong> Oficina Regional para Am\u00e9rica Latina y El Caribe<\/p>\n<p>Gregorio Munga N39-249 y Gaspar de Villaroel esq. PH A\u00a0\u25cf\u00a0Quito \u2013 Ecuador<\/p>\n<p>Tel: 593 2 &#8211; 226 4813; 226 4942\u00a0\u25cf\u00a0Fax: 593 2 &#8211; 244 0114\u00a0\u25cf\u00a0<a rel=\"nofollow noopener\" href=\"http:\/\/www.cbm.org\/\" target=\"_blank\">www.cbm.org<\/a><\/p>\n<p>Fonte: InfoAtivo DefNet<\/p>\n","protected":false},"excerpt":{"rendered":"<p>At\u00e9 onde pudemos levantar informa\u00e7\u00f5es, o que \u00e9 muito dif\u00edcil pela limitada infraestrutura local e das comunica\u00e7\u00f5es. No geral, no momento atual est\u00e1 previsto o aumento do n\u00famero de pessoas com defici\u00eancia ( especialmente as deficiencias f\u00edsicas), pois s\u00e3o relatados e informados um grande n\u00famero de casos de pessoas com FRATURAS COMPLICADAS E AMPUTA\u00c7\u00d5ES POR EFEITO DE INFEC\u00c7\u00d5ES OU TRAUMAS\/FERIMENTOS. Nesse sentido, os hospitais se encontram atendendo a todos estes casos, muito embora fa\u00e7a falta os recursos necess\u00e1rios para estes procedimentos m\u00e9dico-cirurgicos (com gesso, bandagens e outros)<\/p>\n","protected":false},"author":1,"featured_media":0,"comment_status":"open","ping_status":"open","sticky":false,"template":"","format":"standard","meta":{"site-container-style":"default","site-container-layout":"default","site-sidebar-layout":"default","disable-article-header":"default","disable-site-header":"default","disable-site-footer":"default","disable-content-area-spacing":"default","footnotes":""},"categories":[38,4],"tags":[],"class_list":["post-13538","post","type-post","status-publish","format-standard","hentry","category-deficiencia","category-noticias"],"yoast_head":"<!-- This site is optimized with the Yoast SEO plugin v27.4 - https:\/\/yoast.com\/product\/yoast-seo-wordpress\/ -->\n<title>Necessidades para crian\u00e7as com defici\u00eancia no Haiti -<\/title>\n<meta name=\"robots\" content=\"index, follow, max-snippet:-1, max-image-preview:large, max-video-preview:-1\" \/>\n<link rel=\"canonical\" href=\"https:\/\/inclusivenews.com.br\/?p=13538\" \/>\n<meta property=\"og:locale\" content=\"pt_PT\" \/>\n<meta property=\"og:type\" content=\"article\" \/>\n<meta property=\"og:title\" content=\"Necessidades para crian\u00e7as com defici\u00eancia no Haiti -\" \/>\n<meta property=\"og:description\" content=\"At\u00e9 onde pudemos levantar informa\u00e7\u00f5es, o que \u00e9 muito dif\u00edcil pela limitada infraestrutura local e das comunica\u00e7\u00f5es. No geral, no momento atual est\u00e1 previsto o aumento do n\u00famero de pessoas com defici\u00eancia ( especialmente as deficiencias f\u00edsicas), pois s\u00e3o relatados e informados um grande n\u00famero de casos de pessoas com FRATURAS COMPLICADAS E AMPUTA\u00c7\u00d5ES POR EFEITO DE INFEC\u00c7\u00d5ES OU TRAUMAS\/FERIMENTOS. Nesse sentido, os hospitais se encontram atendendo a todos estes casos, muito embora fa\u00e7a falta os recursos necess\u00e1rios para estes procedimentos m\u00e9dico-cirurgicos (com gesso, bandagens e outros)\" \/>\n<meta property=\"og:url\" content=\"https:\/\/inclusivenews.com.br\/?p=13538\" \/>\n<meta property=\"article:publisher\" content=\"https:\/\/www.facebook.com\/agenciainclusive\/\" \/>\n<meta property=\"article:published_time\" content=\"2010-01-24T13:51:02+00:00\" \/>\n<meta property=\"og:image\" content=\"http:\/\/inclusivenews.com.br\/wp-content\/uploads\/2010\/01\/BD_BD026-150x150.jpg\" \/>\n<meta name=\"author\" content=\"inclusivenews2024\" \/>\n<meta name=\"twitter:card\" content=\"summary_large_image\" \/>\n<meta name=\"twitter:label1\" content=\"Escrito por\" \/>\n\t<meta name=\"twitter:data1\" content=\"inclusivenews2024\" \/>\n\t<meta name=\"twitter:label2\" content=\"Tempo estimado de leitura\" \/>\n\t<meta name=\"twitter:data2\" content=\"6 minutos\" \/>\n<script type=\"application\/ld+json\" class=\"yoast-schema-graph\">{\"@context\":\"https:\\\/\\\/schema.org\",\"@graph\":[{\"@type\":\"Article\",\"@id\":\"https:\\\/\\\/inclusivenews.com.br\\\/?p=13538#article\",\"isPartOf\":{\"@id\":\"https:\\\/\\\/inclusivenews.com.br\\\/?p=13538\"},\"author\":{\"name\":\"inclusivenews2024\",\"@id\":\"https:\\\/\\\/inclusivenews.com.br\\\/#\\\/schema\\\/person\\\/ae4ec7087559b8692fb33b6fffd2273b\"},\"headline\":\"Necessidades para crian\u00e7as com defici\u00eancia no Haiti\",\"datePublished\":\"2010-01-24T13:51:02+00:00\",\"mainEntityOfPage\":{\"@id\":\"https:\\\/\\\/inclusivenews.com.br\\\/?p=13538\"},\"wordCount\":1133,\"commentCount\":0,\"publisher\":{\"@id\":\"https:\\\/\\\/inclusivenews.com.br\\\/#organization\"},\"image\":{\"@id\":\"https:\\\/\\\/inclusivenews.com.br\\\/?p=13538#primaryimage\"},\"thumbnailUrl\":\"http:\\\/\\\/inclusivenews.com.br\\\/wp-content\\\/uploads\\\/2010\\\/01\\\/BD_BD026-150x150.jpg\",\"articleSection\":[\"Defici\u00eancia\",\"NOT\u00cdCIAS\"],\"inLanguage\":\"pt-PT\",\"potentialAction\":[{\"@type\":\"CommentAction\",\"name\":\"Comment\",\"target\":[\"https:\\\/\\\/inclusivenews.com.br\\\/?p=13538#respond\"]}]},{\"@type\":\"WebPage\",\"@id\":\"https:\\\/\\\/inclusivenews.com.br\\\/?p=13538\",\"url\":\"https:\\\/\\\/inclusivenews.com.br\\\/?p=13538\",\"name\":\"Necessidades para crian\u00e7as com defici\u00eancia no Haiti -\",\"isPartOf\":{\"@id\":\"https:\\\/\\\/inclusivenews.com.br\\\/#website\"},\"primaryImageOfPage\":{\"@id\":\"https:\\\/\\\/inclusivenews.com.br\\\/?p=13538#primaryimage\"},\"image\":{\"@id\":\"https:\\\/\\\/inclusivenews.com.br\\\/?p=13538#primaryimage\"},\"thumbnailUrl\":\"http:\\\/\\\/inclusivenews.com.br\\\/wp-content\\\/uploads\\\/2010\\\/01\\\/BD_BD026-150x150.jpg\",\"datePublished\":\"2010-01-24T13:51:02+00:00\",\"breadcrumb\":{\"@id\":\"https:\\\/\\\/inclusivenews.com.br\\\/?p=13538#breadcrumb\"},\"inLanguage\":\"pt-PT\",\"potentialAction\":[{\"@type\":\"ReadAction\",\"target\":[\"https:\\\/\\\/inclusivenews.com.br\\\/?p=13538\"]}]},{\"@type\":\"ImageObject\",\"inLanguage\":\"pt-PT\",\"@id\":\"https:\\\/\\\/inclusivenews.com.br\\\/?p=13538#primaryimage\",\"url\":\"\",\"contentUrl\":\"\"},{\"@type\":\"BreadcrumbList\",\"@id\":\"https:\\\/\\\/inclusivenews.com.br\\\/?p=13538#breadcrumb\",\"itemListElement\":[{\"@type\":\"ListItem\",\"position\":1,\"name\":\"In\u00edcio\",\"item\":\"https:\\\/\\\/inclusivenews.com.br\\\/\"},{\"@type\":\"ListItem\",\"position\":2,\"name\":\"Necessidades para crian\u00e7as com defici\u00eancia no Haiti\"}]},{\"@type\":\"WebSite\",\"@id\":\"https:\\\/\\\/inclusivenews.com.br\\\/#website\",\"url\":\"https:\\\/\\\/inclusivenews.com.br\\\/\",\"name\":\"Inclusive News\",\"description\":\"Inclusive News\",\"publisher\":{\"@id\":\"https:\\\/\\\/inclusivenews.com.br\\\/#organization\"},\"potentialAction\":[{\"@type\":\"SearchAction\",\"target\":{\"@type\":\"EntryPoint\",\"urlTemplate\":\"https:\\\/\\\/inclusivenews.com.br\\\/?s={search_term_string}\"},\"query-input\":{\"@type\":\"PropertyValueSpecification\",\"valueRequired\":true,\"valueName\":\"search_term_string\"}}],\"inLanguage\":\"pt-PT\"},{\"@type\":\"Organization\",\"@id\":\"https:\\\/\\\/inclusivenews.com.br\\\/#organization\",\"name\":\"Inclusive - inclus\u00e3o e cidadania\",\"url\":\"https:\\\/\\\/inclusivenews.com.br\\\/\",\"logo\":{\"@type\":\"ImageObject\",\"inLanguage\":\"pt-PT\",\"@id\":\"https:\\\/\\\/inclusivenews.com.br\\\/#\\\/schema\\\/logo\\\/image\\\/\",\"url\":\"https:\\\/\\\/inclusivenews.com.br\\\/wp-content\\\/uploads\\\/2024\\\/03\\\/@grandesite.png\",\"contentUrl\":\"https:\\\/\\\/inclusivenews.com.br\\\/wp-content\\\/uploads\\\/2024\\\/03\\\/@grandesite.png\",\"width\":1080,\"height\":1080,\"caption\":\"Inclusive - inclus\u00e3o e cidadania\"},\"image\":{\"@id\":\"https:\\\/\\\/inclusivenews.com.br\\\/#\\\/schema\\\/logo\\\/image\\\/\"},\"sameAs\":[\"https:\\\/\\\/www.facebook.com\\\/agenciainclusive\\\/\",\"https:\\\/\\\/www.instagram.com\\\/newsinclusive\\\/\"]},{\"@type\":\"Person\",\"@id\":\"https:\\\/\\\/inclusivenews.com.br\\\/#\\\/schema\\\/person\\\/ae4ec7087559b8692fb33b6fffd2273b\",\"name\":\"inclusivenews2024\",\"image\":{\"@type\":\"ImageObject\",\"inLanguage\":\"pt-PT\",\"@id\":\"https:\\\/\\\/secure.gravatar.com\\\/avatar\\\/c5a7ef84c66fa914f55bc4f7ce26cfa275a3b9a1c5568b907bd184fb4dde7b40?s=96&d=mm&r=g\",\"url\":\"https:\\\/\\\/secure.gravatar.com\\\/avatar\\\/c5a7ef84c66fa914f55bc4f7ce26cfa275a3b9a1c5568b907bd184fb4dde7b40?s=96&d=mm&r=g\",\"contentUrl\":\"https:\\\/\\\/secure.gravatar.com\\\/avatar\\\/c5a7ef84c66fa914f55bc4f7ce26cfa275a3b9a1c5568b907bd184fb4dde7b40?s=96&d=mm&r=g\",\"caption\":\"inclusivenews2024\"},\"sameAs\":[\"https:\\\/\\\/inclusivenews.com.br\"],\"url\":\"https:\\\/\\\/inclusivenews.com.br\\\/?author=1\"}]}<\/script>\n<!-- \/ Yoast SEO plugin. -->","yoast_head_json":{"title":"Necessidades para crian\u00e7as com defici\u00eancia no Haiti -","robots":{"index":"index","follow":"follow","max-snippet":"max-snippet:-1","max-image-preview":"max-image-preview:large","max-video-preview":"max-video-preview:-1"},"canonical":"https:\/\/inclusivenews.com.br\/?p=13538","og_locale":"pt_PT","og_type":"article","og_title":"Necessidades para crian\u00e7as com defici\u00eancia no Haiti -","og_description":"At\u00e9 onde pudemos levantar informa\u00e7\u00f5es, o que \u00e9 muito dif\u00edcil pela limitada infraestrutura local e das comunica\u00e7\u00f5es. No geral, no momento atual est\u00e1 previsto o aumento do n\u00famero de pessoas com defici\u00eancia ( especialmente as deficiencias f\u00edsicas), pois s\u00e3o relatados e informados um grande n\u00famero de casos de pessoas com FRATURAS COMPLICADAS E AMPUTA\u00c7\u00d5ES POR EFEITO DE INFEC\u00c7\u00d5ES OU TRAUMAS\/FERIMENTOS. Nesse sentido, os hospitais se encontram atendendo a todos estes casos, muito embora fa\u00e7a falta os recursos necess\u00e1rios para estes procedimentos m\u00e9dico-cirurgicos (com gesso, bandagens e outros)","og_url":"https:\/\/inclusivenews.com.br\/?p=13538","article_publisher":"https:\/\/www.facebook.com\/agenciainclusive\/","article_published_time":"2010-01-24T13:51:02+00:00","og_image":[{"url":"http:\/\/inclusivenews.com.br\/wp-content\/uploads\/2010\/01\/BD_BD026-150x150.jpg","type":"","width":"","height":""}],"author":"inclusivenews2024","twitter_card":"summary_large_image","twitter_misc":{"Escrito por":"inclusivenews2024","Tempo estimado de leitura":"6 minutos"},"schema":{"@context":"https:\/\/schema.org","@graph":[{"@type":"Article","@id":"https:\/\/inclusivenews.com.br\/?p=13538#article","isPartOf":{"@id":"https:\/\/inclusivenews.com.br\/?p=13538"},"author":{"name":"inclusivenews2024","@id":"https:\/\/inclusivenews.com.br\/#\/schema\/person\/ae4ec7087559b8692fb33b6fffd2273b"},"headline":"Necessidades para crian\u00e7as com defici\u00eancia no Haiti","datePublished":"2010-01-24T13:51:02+00:00","mainEntityOfPage":{"@id":"https:\/\/inclusivenews.com.br\/?p=13538"},"wordCount":1133,"commentCount":0,"publisher":{"@id":"https:\/\/inclusivenews.com.br\/#organization"},"image":{"@id":"https:\/\/inclusivenews.com.br\/?p=13538#primaryimage"},"thumbnailUrl":"http:\/\/inclusivenews.com.br\/wp-content\/uploads\/2010\/01\/BD_BD026-150x150.jpg","articleSection":["Defici\u00eancia","NOT\u00cdCIAS"],"inLanguage":"pt-PT","potentialAction":[{"@type":"CommentAction","name":"Comment","target":["https:\/\/inclusivenews.com.br\/?p=13538#respond"]}]},{"@type":"WebPage","@id":"https:\/\/inclusivenews.com.br\/?p=13538","url":"https:\/\/inclusivenews.com.br\/?p=13538","name":"Necessidades para crian\u00e7as com defici\u00eancia no Haiti -","isPartOf":{"@id":"https:\/\/inclusivenews.com.br\/#website"},"primaryImageOfPage":{"@id":"https:\/\/inclusivenews.com.br\/?p=13538#primaryimage"},"image":{"@id":"https:\/\/inclusivenews.com.br\/?p=13538#primaryimage"},"thumbnailUrl":"http:\/\/inclusivenews.com.br\/wp-content\/uploads\/2010\/01\/BD_BD026-150x150.jpg","datePublished":"2010-01-24T13:51:02+00:00","breadcrumb":{"@id":"https:\/\/inclusivenews.com.br\/?p=13538#breadcrumb"},"inLanguage":"pt-PT","potentialAction":[{"@type":"ReadAction","target":["https:\/\/inclusivenews.com.br\/?p=13538"]}]},{"@type":"ImageObject","inLanguage":"pt-PT","@id":"https:\/\/inclusivenews.com.br\/?p=13538#primaryimage","url":"","contentUrl":""},{"@type":"BreadcrumbList","@id":"https:\/\/inclusivenews.com.br\/?p=13538#breadcrumb","itemListElement":[{"@type":"ListItem","position":1,"name":"In\u00edcio","item":"https:\/\/inclusivenews.com.br\/"},{"@type":"ListItem","position":2,"name":"Necessidades para crian\u00e7as com defici\u00eancia no Haiti"}]},{"@type":"WebSite","@id":"https:\/\/inclusivenews.com.br\/#website","url":"https:\/\/inclusivenews.com.br\/","name":"Inclusive News","description":"Inclusive News","publisher":{"@id":"https:\/\/inclusivenews.com.br\/#organization"},"potentialAction":[{"@type":"SearchAction","target":{"@type":"EntryPoint","urlTemplate":"https:\/\/inclusivenews.com.br\/?s={search_term_string}"},"query-input":{"@type":"PropertyValueSpecification","valueRequired":true,"valueName":"search_term_string"}}],"inLanguage":"pt-PT"},{"@type":"Organization","@id":"https:\/\/inclusivenews.com.br\/#organization","name":"Inclusive - inclus\u00e3o e cidadania","url":"https:\/\/inclusivenews.com.br\/","logo":{"@type":"ImageObject","inLanguage":"pt-PT","@id":"https:\/\/inclusivenews.com.br\/#\/schema\/logo\/image\/","url":"https:\/\/inclusivenews.com.br\/wp-content\/uploads\/2024\/03\/@grandesite.png","contentUrl":"https:\/\/inclusivenews.com.br\/wp-content\/uploads\/2024\/03\/@grandesite.png","width":1080,"height":1080,"caption":"Inclusive - inclus\u00e3o e cidadania"},"image":{"@id":"https:\/\/inclusivenews.com.br\/#\/schema\/logo\/image\/"},"sameAs":["https:\/\/www.facebook.com\/agenciainclusive\/","https:\/\/www.instagram.com\/newsinclusive\/"]},{"@type":"Person","@id":"https:\/\/inclusivenews.com.br\/#\/schema\/person\/ae4ec7087559b8692fb33b6fffd2273b","name":"inclusivenews2024","image":{"@type":"ImageObject","inLanguage":"pt-PT","@id":"https:\/\/secure.gravatar.com\/avatar\/c5a7ef84c66fa914f55bc4f7ce26cfa275a3b9a1c5568b907bd184fb4dde7b40?s=96&d=mm&r=g","url":"https:\/\/secure.gravatar.com\/avatar\/c5a7ef84c66fa914f55bc4f7ce26cfa275a3b9a1c5568b907bd184fb4dde7b40?s=96&d=mm&r=g","contentUrl":"https:\/\/secure.gravatar.com\/avatar\/c5a7ef84c66fa914f55bc4f7ce26cfa275a3b9a1c5568b907bd184fb4dde7b40?s=96&d=mm&r=g","caption":"inclusivenews2024"},"sameAs":["https:\/\/inclusivenews.com.br"],"url":"https:\/\/inclusivenews.com.br\/?author=1"}]}},"_links":{"self":[{"href":"https:\/\/inclusivenews.com.br\/index.php?rest_route=\/wp\/v2\/posts\/13538","targetHints":{"allow":["GET"]}}],"collection":[{"href":"https:\/\/inclusivenews.com.br\/index.php?rest_route=\/wp\/v2\/posts"}],"about":[{"href":"https:\/\/inclusivenews.com.br\/index.php?rest_route=\/wp\/v2\/types\/post"}],"author":[{"embeddable":true,"href":"https:\/\/inclusivenews.com.br\/index.php?rest_route=\/wp\/v2\/users\/1"}],"replies":[{"embeddable":true,"href":"https:\/\/inclusivenews.com.br\/index.php?rest_route=%2Fwp%2Fv2%2Fcomments&post=13538"}],"version-history":[{"count":0,"href":"https:\/\/inclusivenews.com.br\/index.php?rest_route=\/wp\/v2\/posts\/13538\/revisions"}],"wp:attachment":[{"href":"https:\/\/inclusivenews.com.br\/index.php?rest_route=%2Fwp%2Fv2%2Fmedia&parent=13538"}],"wp:term":[{"taxonomy":"category","embeddable":true,"href":"https:\/\/inclusivenews.com.br\/index.php?rest_route=%2Fwp%2Fv2%2Fcategories&post=13538"},{"taxonomy":"post_tag","embeddable":true,"href":"https:\/\/inclusivenews.com.br\/index.php?rest_route=%2Fwp%2Fv2%2Ftags&post=13538"}],"curies":[{"name":"wp","href":"https:\/\/api.w.org\/{rel}","templated":true}]}}