{"id":13546,"date":"2010-01-26T07:00:00","date_gmt":"2010-01-26T10:00:00","guid":{"rendered":"http:\/\/www.inclusive.org.br\/?p=13546"},"modified":"2010-01-26T07:00:00","modified_gmt":"2010-01-26T10:00:00","slug":"estudo-ajuda-plano-para-igualdade-racial","status":"publish","type":"post","link":"https:\/\/inclusivenews.com.br\/?p=13546","title":{"rendered":"Estudo ajuda plano para igualdade racial"},"content":{"rendered":"<figure style=\"width: 201px\" class=\"wp-caption alignleft\"><img loading=\"lazy\" decoding=\"async\" title=\"Face de v\u00e1rias crian\u00e7as simbolizando a diversidade humana.\" src=\"http:\/\/www.pnud.org.br\/public\/imgc3391.jpg\" alt=\"\" width=\"201\" height=\"133\" \/><figcaption class=\"wp-caption-text\"> <\/figcaption><\/figure>\n<p style=\"text-align: justify;\">Aprovado em junho de 2009, o Plano Nacional de Promo\u00e7\u00e3o da Igualdade Racial (Planapir) come\u00e7a a sair do papel, apostando em pol\u00edticas de a\u00e7\u00e3o afirmativa para reduzir as diferen\u00e7as raciais que foram sendo estabelecidas ao longo dos s\u00e9culos e que afetaram principalmente as popula\u00e7\u00f5es negra e ind\u00edgena.<\/p>\n<p style=\"text-align: justify;\">Apesar de j\u00e1 terem sido definidos os 12 eixos que guiar\u00e3o as a\u00e7\u00f5es do programa (entre eles trabalho, sa\u00fade e educa\u00e7\u00e3o), ainda falta determinar os indicadores que ajudar\u00e3o a atestar se negros, \u00edndios, ciganos e outras minorias est\u00e3o, finalmente, conseguindo abrir caminho e dispor das mesmas ferramentas para se afirmar como iguais na sociedade brasileira.<\/p>\n<p style=\"text-align: justify;\">A tarefa de definir estes indicadores ser\u00e1 feita por uma empresa selecionada por meio de uma parceria da Seppir (Secretaria Especial de Pol\u00edticas de Promo\u00e7\u00e3o da Igualdade Racial) com o PNUD.<\/p>\n<p style=\"text-align: justify;\">A firma ser\u00e1 respons\u00e1vel por coordenar o trabalho das consultorias contratadas por seis ag\u00eancias da ONU &#8211; PNUD, Organiza\u00e7\u00e3o Internacional do Trabalho, Fundo de Popula\u00e7\u00f5es das Na\u00e7\u00f5es Unidas, Programa das Na\u00e7\u00f5es Unidas para os Assentamentos Humanos, Fundo das Na\u00e7\u00f5es Unidas para a Inf\u00e2ncia e Fundo de Desenvolvimento das Na\u00e7\u00f5es Unidas para a Mulher).<\/p>\n<p style=\"text-align: justify;\">Estas consultorias far\u00e3o um levantamento, nas diferentes secretarias e minist\u00e9rios, das iniciativas existentes para reduzir as desigualdades raciais e avaliar\u00e3o se os indicadores utilizados pelos \u00f3rg\u00e3os s\u00e3o os melhores em termos quantitativos e qualitativos. Caso n\u00e3o sejam, v\u00e3o propor ajustes e poss\u00edveis caminhos para elaborar formas de mensurar os resultados que sejam mais adequadas.<\/p>\n<p style=\"text-align: justify;\">Um exemplo pr\u00e1tico: o Programa Brasil Quilombola visa assegurar a esta comunidade a propriedade de suas terras, o desenvolvimento econ\u00f4mico sustent\u00e1vel e a preserva\u00e7\u00e3o do patrim\u00f4nio cultural material e imaterial deste grupo.<\/p>\n<p style=\"text-align: justify;\">A forma encontrada pela Seppir para medir o resultado foi usando o percentual para verificar tr\u00eas bra\u00e7os da iniciativa (atendimento \u00e0s comunidades quilombola, evolu\u00e7\u00e3o dos grupos certificados como remanescentes de quilombos e evolu\u00e7\u00e3o de quilombolas com terras tituladas).<\/p>\n<p style=\"text-align: justify;\">Se as consultorias decidirem que n\u00e3o \u00e9 a melhor maneira de comprovar a efic\u00e1cia das a\u00e7\u00f5es da Secretaria para este grupo, v\u00e3o propor um indicador para substitu\u00ed-lo que considerem mais adequado.<\/p>\n<p style=\"text-align: justify;\">A partir do estudo, a empresa coordenadora vai elaborar uma proposta que ser\u00e1 apresentada \u00e0 Seppir, em um processo que deve terminar em fevereiro. A Secretaria, ent\u00e3o, avaliar\u00e1 as sugest\u00f5es e definir\u00e1 a sistematiza\u00e7\u00e3o e a metodologia de monitoramento a serem utilizadas.<\/p>\n<p style=\"text-align: justify;\">Em seguida, a Seppir buscar\u00e1 sensibilizar os minist\u00e9rios e secretarias para que adotem os par\u00e2metros definidos em seus programas de combate \u00e0s desigualdades raciais. Conforme explica o secret\u00e1rio-adjunto da Secretaria, Eloi Ferreira de Araujo, o objetivo do \u00f3rg\u00e3o \u00e9 promover o que ele chama de &#8220;transversalidade&#8221;, ou seja, o di\u00e1logo entre as inst\u00e2ncias governamentais.<\/p>\n<p style=\"text-align: justify;\">Isso porque apesar de algumas a\u00e7\u00f5es implementadas, como programas dirigidos \u00e0 sa\u00fade da popula\u00e7\u00e3o negra e a concess\u00e3o de bolsas de inicia\u00e7\u00e3o cient\u00edfica para alunos que entraram nas universidades p\u00fablicas por meio de reserva de vagas, a fun\u00e7\u00e3o da Seppir \u00e9, principalmente, monitorar as iniciativas para verificar se est\u00e3o dando frutos concretos.<\/p>\n<p style=\"text-align: justify;\">&#8220;A Seppir \u00e9 um \u00f3rg\u00e3o articulador e monitora as pol\u00edticas p\u00fablicas de igualdade&#8221;, explica o secret\u00e1rio-adjunto. A atua\u00e7\u00e3o do \u00f3rg\u00e3o, ent\u00e3o, \u00e9 a seguinte: cada Secretaria e Minist\u00e9rio elabora seus pr\u00f3prios projetos de fomento \u00e0 inclus\u00e3o destas popula\u00e7\u00f5es e \u00e0 igualdade racial.<\/p>\n<p style=\"text-align: justify;\">Uma vez por m\u00eas, a Seppir e estas inst\u00e2ncias se re\u00fanem para analisar os trabalhos e decidir quais pol\u00edticas intensificar e quais refor\u00e7ar.<\/p>\n<p>________________<\/p>\n<p><strong>Fonte:<\/strong> <a href=\"http:\/\/www.pnud.org.br\/raca\/reportagens\/index.php?id01=3391&amp;lay=rac\" target=\"_blank\" rel=\"noopener\">PNUD Brasil<\/a><\/p>\n","protected":false},"excerpt":{"rendered":"<p>Empresa selecionada pelo PNUD coordenar\u00e1 trabalho de consultorias que far\u00e3o levantamento das iniciativas para reduzir desigualdades.<\/p>\n","protected":false},"author":1,"featured_media":0,"comment_status":"open","ping_status":"open","sticky":false,"template":"","format":"standard","meta":{"site-container-style":"default","site-container-layout":"default","site-sidebar-layout":"default","disable-article-header":"default","disable-site-header":"default","disable-site-footer":"default","disable-content-area-spacing":"default","footnotes":""},"categories":[4],"tags":[],"class_list":["post-13546","post","type-post","status-publish","format-standard","hentry","category-noticias"],"yoast_head":"<!-- This site is optimized with the Yoast SEO plugin v27.4 - https:\/\/yoast.com\/product\/yoast-seo-wordpress\/ -->\n<title>Estudo ajuda plano para igualdade racial -<\/title>\n<meta name=\"robots\" content=\"index, follow, max-snippet:-1, max-image-preview:large, max-video-preview:-1\" \/>\n<link rel=\"canonical\" href=\"https:\/\/inclusivenews.com.br\/?p=13546\" \/>\n<meta property=\"og:locale\" content=\"pt_PT\" \/>\n<meta property=\"og:type\" content=\"article\" \/>\n<meta property=\"og:title\" content=\"Estudo ajuda plano para igualdade racial -\" \/>\n<meta property=\"og:description\" content=\"Empresa selecionada pelo PNUD coordenar\u00e1 trabalho de consultorias que far\u00e3o levantamento das iniciativas para reduzir desigualdades.\" \/>\n<meta property=\"og:url\" content=\"https:\/\/inclusivenews.com.br\/?p=13546\" \/>\n<meta property=\"article:publisher\" content=\"https:\/\/www.facebook.com\/agenciainclusive\/\" \/>\n<meta property=\"article:published_time\" content=\"2010-01-26T10:00:00+00:00\" \/>\n<meta property=\"og:image\" content=\"http:\/\/www.pnud.org.br\/public\/imgc3391.jpg\" \/>\n<meta name=\"author\" content=\"inclusivenews2024\" \/>\n<meta name=\"twitter:card\" content=\"summary_large_image\" \/>\n<meta name=\"twitter:label1\" content=\"Escrito por\" \/>\n\t<meta name=\"twitter:data1\" content=\"inclusivenews2024\" \/>\n\t<meta name=\"twitter:label2\" content=\"Tempo estimado de leitura\" \/>\n\t<meta name=\"twitter:data2\" content=\"3 minutos\" \/>\n<script type=\"application\/ld+json\" class=\"yoast-schema-graph\">{\"@context\":\"https:\\\/\\\/schema.org\",\"@graph\":[{\"@type\":\"Article\",\"@id\":\"https:\\\/\\\/inclusivenews.com.br\\\/?p=13546#article\",\"isPartOf\":{\"@id\":\"https:\\\/\\\/inclusivenews.com.br\\\/?p=13546\"},\"author\":{\"name\":\"inclusivenews2024\",\"@id\":\"https:\\\/\\\/inclusivenews.com.br\\\/#\\\/schema\\\/person\\\/ae4ec7087559b8692fb33b6fffd2273b\"},\"headline\":\"Estudo ajuda plano para igualdade racial\",\"datePublished\":\"2010-01-26T10:00:00+00:00\",\"mainEntityOfPage\":{\"@id\":\"https:\\\/\\\/inclusivenews.com.br\\\/?p=13546\"},\"wordCount\":640,\"commentCount\":0,\"publisher\":{\"@id\":\"https:\\\/\\\/inclusivenews.com.br\\\/#organization\"},\"image\":{\"@id\":\"https:\\\/\\\/inclusivenews.com.br\\\/?p=13546#primaryimage\"},\"thumbnailUrl\":\"http:\\\/\\\/www.pnud.org.br\\\/public\\\/imgc3391.jpg\",\"articleSection\":[\"NOT\u00cdCIAS\"],\"inLanguage\":\"pt-PT\",\"potentialAction\":[{\"@type\":\"CommentAction\",\"name\":\"Comment\",\"target\":[\"https:\\\/\\\/inclusivenews.com.br\\\/?p=13546#respond\"]}]},{\"@type\":\"WebPage\",\"@id\":\"https:\\\/\\\/inclusivenews.com.br\\\/?p=13546\",\"url\":\"https:\\\/\\\/inclusivenews.com.br\\\/?p=13546\",\"name\":\"Estudo ajuda plano para igualdade racial -\",\"isPartOf\":{\"@id\":\"https:\\\/\\\/inclusivenews.com.br\\\/#website\"},\"primaryImageOfPage\":{\"@id\":\"https:\\\/\\\/inclusivenews.com.br\\\/?p=13546#primaryimage\"},\"image\":{\"@id\":\"https:\\\/\\\/inclusivenews.com.br\\\/?p=13546#primaryimage\"},\"thumbnailUrl\":\"http:\\\/\\\/www.pnud.org.br\\\/public\\\/imgc3391.jpg\",\"datePublished\":\"2010-01-26T10:00:00+00:00\",\"breadcrumb\":{\"@id\":\"https:\\\/\\\/inclusivenews.com.br\\\/?p=13546#breadcrumb\"},\"inLanguage\":\"pt-PT\",\"potentialAction\":[{\"@type\":\"ReadAction\",\"target\":[\"https:\\\/\\\/inclusivenews.com.br\\\/?p=13546\"]}]},{\"@type\":\"ImageObject\",\"inLanguage\":\"pt-PT\",\"@id\":\"https:\\\/\\\/inclusivenews.com.br\\\/?p=13546#primaryimage\",\"url\":\"http:\\\/\\\/www.pnud.org.br\\\/public\\\/imgc3391.jpg\",\"contentUrl\":\"http:\\\/\\\/www.pnud.org.br\\\/public\\\/imgc3391.jpg\"},{\"@type\":\"BreadcrumbList\",\"@id\":\"https:\\\/\\\/inclusivenews.com.br\\\/?p=13546#breadcrumb\",\"itemListElement\":[{\"@type\":\"ListItem\",\"position\":1,\"name\":\"In\u00edcio\",\"item\":\"https:\\\/\\\/inclusivenews.com.br\\\/\"},{\"@type\":\"ListItem\",\"position\":2,\"name\":\"Estudo ajuda plano para igualdade racial\"}]},{\"@type\":\"WebSite\",\"@id\":\"https:\\\/\\\/inclusivenews.com.br\\\/#website\",\"url\":\"https:\\\/\\\/inclusivenews.com.br\\\/\",\"name\":\"Inclusive News\",\"description\":\"Inclusive News\",\"publisher\":{\"@id\":\"https:\\\/\\\/inclusivenews.com.br\\\/#organization\"},\"potentialAction\":[{\"@type\":\"SearchAction\",\"target\":{\"@type\":\"EntryPoint\",\"urlTemplate\":\"https:\\\/\\\/inclusivenews.com.br\\\/?s={search_term_string}\"},\"query-input\":{\"@type\":\"PropertyValueSpecification\",\"valueRequired\":true,\"valueName\":\"search_term_string\"}}],\"inLanguage\":\"pt-PT\"},{\"@type\":\"Organization\",\"@id\":\"https:\\\/\\\/inclusivenews.com.br\\\/#organization\",\"name\":\"Inclusive - inclus\u00e3o e cidadania\",\"url\":\"https:\\\/\\\/inclusivenews.com.br\\\/\",\"logo\":{\"@type\":\"ImageObject\",\"inLanguage\":\"pt-PT\",\"@id\":\"https:\\\/\\\/inclusivenews.com.br\\\/#\\\/schema\\\/logo\\\/image\\\/\",\"url\":\"https:\\\/\\\/inclusivenews.com.br\\\/wp-content\\\/uploads\\\/2024\\\/03\\\/@grandesite.png\",\"contentUrl\":\"https:\\\/\\\/inclusivenews.com.br\\\/wp-content\\\/uploads\\\/2024\\\/03\\\/@grandesite.png\",\"width\":1080,\"height\":1080,\"caption\":\"Inclusive - inclus\u00e3o e cidadania\"},\"image\":{\"@id\":\"https:\\\/\\\/inclusivenews.com.br\\\/#\\\/schema\\\/logo\\\/image\\\/\"},\"sameAs\":[\"https:\\\/\\\/www.facebook.com\\\/agenciainclusive\\\/\",\"https:\\\/\\\/www.instagram.com\\\/newsinclusive\\\/\"]},{\"@type\":\"Person\",\"@id\":\"https:\\\/\\\/inclusivenews.com.br\\\/#\\\/schema\\\/person\\\/ae4ec7087559b8692fb33b6fffd2273b\",\"name\":\"inclusivenews2024\",\"image\":{\"@type\":\"ImageObject\",\"inLanguage\":\"pt-PT\",\"@id\":\"https:\\\/\\\/secure.gravatar.com\\\/avatar\\\/c5a7ef84c66fa914f55bc4f7ce26cfa275a3b9a1c5568b907bd184fb4dde7b40?s=96&d=mm&r=g\",\"url\":\"https:\\\/\\\/secure.gravatar.com\\\/avatar\\\/c5a7ef84c66fa914f55bc4f7ce26cfa275a3b9a1c5568b907bd184fb4dde7b40?s=96&d=mm&r=g\",\"contentUrl\":\"https:\\\/\\\/secure.gravatar.com\\\/avatar\\\/c5a7ef84c66fa914f55bc4f7ce26cfa275a3b9a1c5568b907bd184fb4dde7b40?s=96&d=mm&r=g\",\"caption\":\"inclusivenews2024\"},\"sameAs\":[\"https:\\\/\\\/inclusivenews.com.br\"],\"url\":\"https:\\\/\\\/inclusivenews.com.br\\\/?author=1\"}]}<\/script>\n<!-- \/ Yoast SEO plugin. -->","yoast_head_json":{"title":"Estudo ajuda plano para igualdade racial -","robots":{"index":"index","follow":"follow","max-snippet":"max-snippet:-1","max-image-preview":"max-image-preview:large","max-video-preview":"max-video-preview:-1"},"canonical":"https:\/\/inclusivenews.com.br\/?p=13546","og_locale":"pt_PT","og_type":"article","og_title":"Estudo ajuda plano para igualdade racial -","og_description":"Empresa selecionada pelo PNUD coordenar\u00e1 trabalho de consultorias que far\u00e3o levantamento das iniciativas para reduzir desigualdades.","og_url":"https:\/\/inclusivenews.com.br\/?p=13546","article_publisher":"https:\/\/www.facebook.com\/agenciainclusive\/","article_published_time":"2010-01-26T10:00:00+00:00","og_image":[{"url":"http:\/\/www.pnud.org.br\/public\/imgc3391.jpg","type":"","width":"","height":""}],"author":"inclusivenews2024","twitter_card":"summary_large_image","twitter_misc":{"Escrito por":"inclusivenews2024","Tempo estimado de leitura":"3 minutos"},"schema":{"@context":"https:\/\/schema.org","@graph":[{"@type":"Article","@id":"https:\/\/inclusivenews.com.br\/?p=13546#article","isPartOf":{"@id":"https:\/\/inclusivenews.com.br\/?p=13546"},"author":{"name":"inclusivenews2024","@id":"https:\/\/inclusivenews.com.br\/#\/schema\/person\/ae4ec7087559b8692fb33b6fffd2273b"},"headline":"Estudo ajuda plano para igualdade racial","datePublished":"2010-01-26T10:00:00+00:00","mainEntityOfPage":{"@id":"https:\/\/inclusivenews.com.br\/?p=13546"},"wordCount":640,"commentCount":0,"publisher":{"@id":"https:\/\/inclusivenews.com.br\/#organization"},"image":{"@id":"https:\/\/inclusivenews.com.br\/?p=13546#primaryimage"},"thumbnailUrl":"http:\/\/www.pnud.org.br\/public\/imgc3391.jpg","articleSection":["NOT\u00cdCIAS"],"inLanguage":"pt-PT","potentialAction":[{"@type":"CommentAction","name":"Comment","target":["https:\/\/inclusivenews.com.br\/?p=13546#respond"]}]},{"@type":"WebPage","@id":"https:\/\/inclusivenews.com.br\/?p=13546","url":"https:\/\/inclusivenews.com.br\/?p=13546","name":"Estudo ajuda plano para igualdade racial -","isPartOf":{"@id":"https:\/\/inclusivenews.com.br\/#website"},"primaryImageOfPage":{"@id":"https:\/\/inclusivenews.com.br\/?p=13546#primaryimage"},"image":{"@id":"https:\/\/inclusivenews.com.br\/?p=13546#primaryimage"},"thumbnailUrl":"http:\/\/www.pnud.org.br\/public\/imgc3391.jpg","datePublished":"2010-01-26T10:00:00+00:00","breadcrumb":{"@id":"https:\/\/inclusivenews.com.br\/?p=13546#breadcrumb"},"inLanguage":"pt-PT","potentialAction":[{"@type":"ReadAction","target":["https:\/\/inclusivenews.com.br\/?p=13546"]}]},{"@type":"ImageObject","inLanguage":"pt-PT","@id":"https:\/\/inclusivenews.com.br\/?p=13546#primaryimage","url":"http:\/\/www.pnud.org.br\/public\/imgc3391.jpg","contentUrl":"http:\/\/www.pnud.org.br\/public\/imgc3391.jpg"},{"@type":"BreadcrumbList","@id":"https:\/\/inclusivenews.com.br\/?p=13546#breadcrumb","itemListElement":[{"@type":"ListItem","position":1,"name":"In\u00edcio","item":"https:\/\/inclusivenews.com.br\/"},{"@type":"ListItem","position":2,"name":"Estudo ajuda plano para igualdade racial"}]},{"@type":"WebSite","@id":"https:\/\/inclusivenews.com.br\/#website","url":"https:\/\/inclusivenews.com.br\/","name":"Inclusive News","description":"Inclusive News","publisher":{"@id":"https:\/\/inclusivenews.com.br\/#organization"},"potentialAction":[{"@type":"SearchAction","target":{"@type":"EntryPoint","urlTemplate":"https:\/\/inclusivenews.com.br\/?s={search_term_string}"},"query-input":{"@type":"PropertyValueSpecification","valueRequired":true,"valueName":"search_term_string"}}],"inLanguage":"pt-PT"},{"@type":"Organization","@id":"https:\/\/inclusivenews.com.br\/#organization","name":"Inclusive - inclus\u00e3o e cidadania","url":"https:\/\/inclusivenews.com.br\/","logo":{"@type":"ImageObject","inLanguage":"pt-PT","@id":"https:\/\/inclusivenews.com.br\/#\/schema\/logo\/image\/","url":"https:\/\/inclusivenews.com.br\/wp-content\/uploads\/2024\/03\/@grandesite.png","contentUrl":"https:\/\/inclusivenews.com.br\/wp-content\/uploads\/2024\/03\/@grandesite.png","width":1080,"height":1080,"caption":"Inclusive - inclus\u00e3o e cidadania"},"image":{"@id":"https:\/\/inclusivenews.com.br\/#\/schema\/logo\/image\/"},"sameAs":["https:\/\/www.facebook.com\/agenciainclusive\/","https:\/\/www.instagram.com\/newsinclusive\/"]},{"@type":"Person","@id":"https:\/\/inclusivenews.com.br\/#\/schema\/person\/ae4ec7087559b8692fb33b6fffd2273b","name":"inclusivenews2024","image":{"@type":"ImageObject","inLanguage":"pt-PT","@id":"https:\/\/secure.gravatar.com\/avatar\/c5a7ef84c66fa914f55bc4f7ce26cfa275a3b9a1c5568b907bd184fb4dde7b40?s=96&d=mm&r=g","url":"https:\/\/secure.gravatar.com\/avatar\/c5a7ef84c66fa914f55bc4f7ce26cfa275a3b9a1c5568b907bd184fb4dde7b40?s=96&d=mm&r=g","contentUrl":"https:\/\/secure.gravatar.com\/avatar\/c5a7ef84c66fa914f55bc4f7ce26cfa275a3b9a1c5568b907bd184fb4dde7b40?s=96&d=mm&r=g","caption":"inclusivenews2024"},"sameAs":["https:\/\/inclusivenews.com.br"],"url":"https:\/\/inclusivenews.com.br\/?author=1"}]}},"_links":{"self":[{"href":"https:\/\/inclusivenews.com.br\/index.php?rest_route=\/wp\/v2\/posts\/13546","targetHints":{"allow":["GET"]}}],"collection":[{"href":"https:\/\/inclusivenews.com.br\/index.php?rest_route=\/wp\/v2\/posts"}],"about":[{"href":"https:\/\/inclusivenews.com.br\/index.php?rest_route=\/wp\/v2\/types\/post"}],"author":[{"embeddable":true,"href":"https:\/\/inclusivenews.com.br\/index.php?rest_route=\/wp\/v2\/users\/1"}],"replies":[{"embeddable":true,"href":"https:\/\/inclusivenews.com.br\/index.php?rest_route=%2Fwp%2Fv2%2Fcomments&post=13546"}],"version-history":[{"count":0,"href":"https:\/\/inclusivenews.com.br\/index.php?rest_route=\/wp\/v2\/posts\/13546\/revisions"}],"wp:attachment":[{"href":"https:\/\/inclusivenews.com.br\/index.php?rest_route=%2Fwp%2Fv2%2Fmedia&parent=13546"}],"wp:term":[{"taxonomy":"category","embeddable":true,"href":"https:\/\/inclusivenews.com.br\/index.php?rest_route=%2Fwp%2Fv2%2Fcategories&post=13546"},{"taxonomy":"post_tag","embeddable":true,"href":"https:\/\/inclusivenews.com.br\/index.php?rest_route=%2Fwp%2Fv2%2Ftags&post=13546"}],"curies":[{"name":"wp","href":"https:\/\/api.w.org\/{rel}","templated":true}]}}