{"id":13557,"date":"2010-01-27T10:46:35","date_gmt":"2010-01-27T13:46:35","guid":{"rendered":"http:\/\/www.inclusive.org.br\/?p=13557"},"modified":"2010-01-27T10:46:35","modified_gmt":"2010-01-27T13:46:35","slug":"memorias-gestuais-documentario-portugues-sobre-professor-surdo","status":"publish","type":"post","link":"https:\/\/inclusivenews.com.br\/?p=13557","title":{"rendered":"Mem\u00f3rias Gestuais &#8211; Document\u00e1rio portugu\u00eas sobre professor surdo"},"content":{"rendered":"<p><span style=\"font-family: Arial, 'Times New Roman', 'Bitstream Charter', Times, serif;\"><span style=\"font-size: xx-small;\"> <\/span><\/span><\/p>\n<figure id=\"attachment_13558\" aria-describedby=\"caption-attachment-13558\" style=\"width: 300px\" class=\"wp-caption alignnone\"><a href=\"http:\/\/www.inclusivenews.com.br\/wp-content\/uploads\/2010\/01\/goulao.jpg\"><img loading=\"lazy\" decoding=\"async\" class=\"size-medium wp-image-13558\" title=\"goulao\" src=\"http:\/\/inclusivenews.com.br\/wp-content\/uploads\/2010\/01\/goulao-300x225.jpg\" alt=\"\" width=\"300\" height=\"225\" \/><\/a><figcaption id=\"caption-attachment-13558\" class=\"wp-caption-text\">Imagem desfocada do Professor Goul\u00e3o fazendo sinal<\/figcaption><\/figure>\n<p><span style=\"font-family: Arial, 'Times New Roman', 'Bitstream Charter', Times, serif; font-size: small;\">Document\u00e1rio\/Video educativo,did\u00e1ctico e interessante\u00a0sobre a vida profissional do Professor Francisco Goul\u00e3o (surdo)<\/span><\/p>\n<p><span style=\"font-family: Arial; font-size: x-small;\"><span style=\"font-family: Arial; font-size: x-small;\">realizado pelo Z\u00e9 Lu\u00eds Rebel- ZLR-(surdo)<\/span><\/span><\/p>\n<p><span style=\"font-family: Arial; font-size: x-small;\"><span style=\"font-family: Arial; font-size: x-small;\"><span style=\"font-family: Arial; font-size: x-small;\">Visitar\/Clique aqui:<\/span><\/span><\/span><\/p>\n<p><span style=\"font-family: Arial; font-size: x-small;\"><span style=\"font-family: Arial; font-size: x-small;\"><span style=\"font-family: Arial; font-size: x-small;\"><a rel=\"nofollow noopener\" href=\"http:\/\/www.youtube.com\/watch?v=lmavAjaVu84\" target=\"_blank\">http:\/\/www.youtube.com\/watch?v=lmavAjaVu84<\/a><\/span><\/span><\/span><\/p>\n<p><span style=\"font-family: Arial; font-size: x-small;\"><span style=\"font-family: Arial; font-size: x-small;\"><span style=\"font-family: Arial; font-size: x-small;\">Hist\u00f3ria:<\/span><\/span><\/span><\/p>\n<p>Francisco Goul\u00e3o, \u00e9 professor de Educa\u00e7\u00e3o Visual no Centro Ant\u00f3nio C\u00e2ndido, Porto, h\u00e1 mais de 14 anos. No entanto, sempre se empenhou nesta profiss\u00e3o durante 32 anos, ap\u00f3s se licenciar em Pintura pela Faculdade das Belas Artes da Universidade de Lisboa. E \u00e9 Surdo de alma e cora\u00e7\u00e3o, tem 58 anos de idade. Falamos do Professor Surdo Francisco Goul\u00e3o.<\/p>\n<p>Tem sido uma figura de refer\u00eancia incontorn\u00e1vel para muitos Surdos que, na maioria deles, foram seus pr\u00f3prios alunos, n\u00e3o apenas como por entre muitos membros da comunidade Surda, pelo menos, da \u00faltima gera\u00e7\u00e3o em que a internet e outros g\u00e9neros tecnol\u00f3gicos que hoje conhecemos, como o telem\u00f3vel, n\u00e3o eram ainda a realidade.<br \/>\nNa altura, havia s\u00f3 jornais em papel que eram acess\u00edveis apenas para quem compreendia razoavelmente o portugu\u00eas escrito. E o tradicional e eterno telejornal e outros jornais televisivos continuava a barrar aos Surdos, apesar das imagens de alguma forma elucidativas , o precioso acesso \u00e0 informa\u00e7\u00e3o como complemento.<br \/>\nO Professor Francisco Goul\u00e3o era um dos escassos Surdos que dominavam a compreens\u00e3o do portugu\u00eas escrito e podia ler os jornais sempre que quisesse, mas tamb\u00e9m preocupava-se em informar e manter os Surdos actualizados do que se passava no nosso mundo em quest\u00f5es pol\u00edticas e outras de natureza diversa e variada, tanto c\u00e1 dentro como l\u00e1 por mundo fora. Em outras palavras, procurava tir\u00e1-los da ignor\u00e2ncia quase absoluta a que, na aus\u00eancia de outros recursos poss\u00edveis, pareciam inevitavelmente condenados. Para esses mesmos Surdos, o Prof. Goul\u00e3o era uma esp\u00e9cie de jornal &#8216;vivo&#8217;, do qual podiam ter acesso \u00e0 informa\u00e7\u00e3o generalizada.<\/p>\n<p>O document\u00e1rio prop\u00f5e demonstrar, atrav\u00e9s das entrevistas, as situa\u00e7\u00f5es pontuais em que como o simples vivenciar de um humilde Surdo numa normal conviv\u00eancia com algu\u00e9m cong\u00e9nere da gera\u00e7\u00e3o anterior como o Prof. Goul\u00e3o, dotado dos conhecimentos que tinha pela simples capacidade de ler jornais, pode potenciar tanto as oportunidades de permitir a um Surdo quase funcionalmente analfabeto esculpir uma vis\u00e3o particular, pessoal e abrangente sobre a realidade externa, a partir da sua pr\u00f3pria consci\u00eancia intr\u00ednseca que, com e gra\u00e7as \u00e0s conversas constantes, p\u00f4de desenvolver em grande escala. O elemento central para esta &#8216;ponte da informa\u00e7\u00e3o&#8217; era irrevogavelmente o uso da L\u00edngua Gestual. \u00c9 um daqueles casos que se pode dizer que os gestos n\u00e3o s\u00f3 falam mas que tamb\u00e9m informam&#8230; E mais ainda, informando por vezes pode-se ensinar e aprender de diferentes formas, explorando in\u00fameros temas e quest\u00f5es por meio da conversa. V\u00edtor foi um dos alunos Surdos do Prof. Goul\u00e3o, com quem o compartilhar da rotina quotidiana, tanto dentro como fora de aulas, lhe trouxe benef\u00edcios e teve ainda enormes influ\u00eancias e impactos determinantes para a vida que leva hoje. Um dos exemplos mais flagrantes passou-se quando V\u00edtor, j\u00e1 adulto, recebeu uma carta da Seguran\u00e7a Social e, em virtude das bases de orienta\u00e7\u00f5es que recebera das conversas habituais com o Prof. Goul\u00e3o, p\u00f4de entender, em geral e de forma clara, o conte\u00fado do que vinha escrito na carta. Uma situa\u00e7\u00e3o aparentemente vulgar para outros, mas para ele, sem d\u00favida, um marco muito significativo e que vem real\u00e7ar a import\u00e2ncia do modelo Surdo que representa para os Surdos em idade escolar, para fins da constru\u00e7\u00e3o da identidade pessoal e outros benef\u00edcios inerentes como, por exemplo, o crucial desenvolvimento das faculdades cognitivas.<\/p>\n<p><span style=\"font-family: Arial; font-size: x-small;\"><span style=\"font-family: Arial; font-size: x-small;\"><span style=\"font-family: Arial; font-size: x-small;\"><br \/>\n<\/span><\/span><\/span><\/p>\n","protected":false},"excerpt":{"rendered":"<p>Document\u00e1rio\/Video educativo,did\u00e1ctico e interessante\u00a0sobre a vida profissional do Professor Francisco Goul\u00e3o (surdo) realizado pelo Z\u00e9 Lu\u00eds Rebel- ZLR-(surdo) Visitar\/Clique aqui: http:\/\/www.youtube.com\/watch?v=lmavAjaVu84 Hist\u00f3ria: Francisco Goul\u00e3o, \u00e9 professor de Educa\u00e7\u00e3o Visual no Centro Ant\u00f3nio C\u00e2ndido, Porto, h\u00e1 mais de 14 anos. No entanto, sempre se empenhou nesta profiss\u00e3o durante 32 anos, ap\u00f3s se licenciar em Pintura pela [&hellip;]<\/p>\n","protected":false},"author":1,"featured_media":0,"comment_status":"open","ping_status":"open","sticky":false,"template":"","format":"standard","meta":{"site-container-style":"default","site-container-layout":"default","site-sidebar-layout":"default","disable-article-header":"default","disable-site-header":"default","disable-site-footer":"default","disable-content-area-spacing":"default","footnotes":""},"categories":[57,4],"tags":[],"class_list":["post-13557","post","type-post","status-publish","format-standard","hentry","category-filmes-e-midias","category-noticias"],"yoast_head":"<!-- This site is optimized with the Yoast SEO plugin v27.4 - https:\/\/yoast.com\/product\/yoast-seo-wordpress\/ -->\n<title>Mem\u00f3rias Gestuais - Document\u00e1rio portugu\u00eas sobre professor surdo -<\/title>\n<meta name=\"robots\" content=\"index, follow, max-snippet:-1, max-image-preview:large, max-video-preview:-1\" \/>\n<link rel=\"canonical\" href=\"https:\/\/inclusivenews.com.br\/?p=13557\" \/>\n<meta property=\"og:locale\" content=\"pt_PT\" \/>\n<meta property=\"og:type\" content=\"article\" \/>\n<meta property=\"og:title\" content=\"Mem\u00f3rias Gestuais - Document\u00e1rio portugu\u00eas sobre professor surdo -\" \/>\n<meta property=\"og:description\" content=\"Document\u00e1rio\/Video educativo,did\u00e1ctico e interessante\u00a0sobre a vida profissional do Professor Francisco Goul\u00e3o (surdo) realizado pelo Z\u00e9 Lu\u00eds Rebel- ZLR-(surdo) Visitar\/Clique aqui: http:\/\/www.youtube.com\/watch?v=lmavAjaVu84 Hist\u00f3ria: Francisco Goul\u00e3o, \u00e9 professor de Educa\u00e7\u00e3o Visual no Centro Ant\u00f3nio C\u00e2ndido, Porto, h\u00e1 mais de 14 anos. No entanto, sempre se empenhou nesta profiss\u00e3o durante 32 anos, ap\u00f3s se licenciar em Pintura pela [&hellip;]\" \/>\n<meta property=\"og:url\" content=\"https:\/\/inclusivenews.com.br\/?p=13557\" \/>\n<meta property=\"article:publisher\" content=\"https:\/\/www.facebook.com\/agenciainclusive\/\" \/>\n<meta property=\"article:published_time\" content=\"2010-01-27T13:46:35+00:00\" \/>\n<meta property=\"og:image\" content=\"http:\/\/inclusivenews.com.br\/wp-content\/uploads\/2010\/01\/goulao-300x225.jpg\" \/>\n<meta name=\"author\" content=\"inclusivenews2024\" \/>\n<meta name=\"twitter:card\" content=\"summary_large_image\" \/>\n<meta name=\"twitter:label1\" content=\"Escrito por\" \/>\n\t<meta name=\"twitter:data1\" content=\"inclusivenews2024\" \/>\n\t<meta name=\"twitter:label2\" content=\"Tempo estimado de leitura\" \/>\n\t<meta name=\"twitter:data2\" content=\"3 minutos\" \/>\n<script type=\"application\/ld+json\" class=\"yoast-schema-graph\">{\"@context\":\"https:\\\/\\\/schema.org\",\"@graph\":[{\"@type\":\"Article\",\"@id\":\"https:\\\/\\\/inclusivenews.com.br\\\/?p=13557#article\",\"isPartOf\":{\"@id\":\"https:\\\/\\\/inclusivenews.com.br\\\/?p=13557\"},\"author\":{\"name\":\"inclusivenews2024\",\"@id\":\"https:\\\/\\\/inclusivenews.com.br\\\/#\\\/schema\\\/person\\\/ae4ec7087559b8692fb33b6fffd2273b\"},\"headline\":\"Mem\u00f3rias Gestuais &#8211; Document\u00e1rio portugu\u00eas sobre professor surdo\",\"datePublished\":\"2010-01-27T13:46:35+00:00\",\"mainEntityOfPage\":{\"@id\":\"https:\\\/\\\/inclusivenews.com.br\\\/?p=13557\"},\"wordCount\":666,\"commentCount\":1,\"publisher\":{\"@id\":\"https:\\\/\\\/inclusivenews.com.br\\\/#organization\"},\"image\":{\"@id\":\"https:\\\/\\\/inclusivenews.com.br\\\/?p=13557#primaryimage\"},\"thumbnailUrl\":\"http:\\\/\\\/inclusivenews.com.br\\\/wp-content\\\/uploads\\\/2010\\\/01\\\/goulao-300x225.jpg\",\"articleSection\":[\"Filmes e m\u00eddias\",\"NOT\u00cdCIAS\"],\"inLanguage\":\"pt-PT\",\"potentialAction\":[{\"@type\":\"CommentAction\",\"name\":\"Comment\",\"target\":[\"https:\\\/\\\/inclusivenews.com.br\\\/?p=13557#respond\"]}]},{\"@type\":\"WebPage\",\"@id\":\"https:\\\/\\\/inclusivenews.com.br\\\/?p=13557\",\"url\":\"https:\\\/\\\/inclusivenews.com.br\\\/?p=13557\",\"name\":\"Mem\u00f3rias Gestuais - Document\u00e1rio portugu\u00eas sobre professor surdo -\",\"isPartOf\":{\"@id\":\"https:\\\/\\\/inclusivenews.com.br\\\/#website\"},\"primaryImageOfPage\":{\"@id\":\"https:\\\/\\\/inclusivenews.com.br\\\/?p=13557#primaryimage\"},\"image\":{\"@id\":\"https:\\\/\\\/inclusivenews.com.br\\\/?p=13557#primaryimage\"},\"thumbnailUrl\":\"http:\\\/\\\/inclusivenews.com.br\\\/wp-content\\\/uploads\\\/2010\\\/01\\\/goulao-300x225.jpg\",\"datePublished\":\"2010-01-27T13:46:35+00:00\",\"breadcrumb\":{\"@id\":\"https:\\\/\\\/inclusivenews.com.br\\\/?p=13557#breadcrumb\"},\"inLanguage\":\"pt-PT\",\"potentialAction\":[{\"@type\":\"ReadAction\",\"target\":[\"https:\\\/\\\/inclusivenews.com.br\\\/?p=13557\"]}]},{\"@type\":\"ImageObject\",\"inLanguage\":\"pt-PT\",\"@id\":\"https:\\\/\\\/inclusivenews.com.br\\\/?p=13557#primaryimage\",\"url\":\"\",\"contentUrl\":\"\"},{\"@type\":\"BreadcrumbList\",\"@id\":\"https:\\\/\\\/inclusivenews.com.br\\\/?p=13557#breadcrumb\",\"itemListElement\":[{\"@type\":\"ListItem\",\"position\":1,\"name\":\"In\u00edcio\",\"item\":\"https:\\\/\\\/inclusivenews.com.br\\\/\"},{\"@type\":\"ListItem\",\"position\":2,\"name\":\"Mem\u00f3rias Gestuais &#8211; Document\u00e1rio portugu\u00eas sobre professor surdo\"}]},{\"@type\":\"WebSite\",\"@id\":\"https:\\\/\\\/inclusivenews.com.br\\\/#website\",\"url\":\"https:\\\/\\\/inclusivenews.com.br\\\/\",\"name\":\"Inclusive News\",\"description\":\"Inclusive News\",\"publisher\":{\"@id\":\"https:\\\/\\\/inclusivenews.com.br\\\/#organization\"},\"potentialAction\":[{\"@type\":\"SearchAction\",\"target\":{\"@type\":\"EntryPoint\",\"urlTemplate\":\"https:\\\/\\\/inclusivenews.com.br\\\/?s={search_term_string}\"},\"query-input\":{\"@type\":\"PropertyValueSpecification\",\"valueRequired\":true,\"valueName\":\"search_term_string\"}}],\"inLanguage\":\"pt-PT\"},{\"@type\":\"Organization\",\"@id\":\"https:\\\/\\\/inclusivenews.com.br\\\/#organization\",\"name\":\"Inclusive - inclus\u00e3o e cidadania\",\"url\":\"https:\\\/\\\/inclusivenews.com.br\\\/\",\"logo\":{\"@type\":\"ImageObject\",\"inLanguage\":\"pt-PT\",\"@id\":\"https:\\\/\\\/inclusivenews.com.br\\\/#\\\/schema\\\/logo\\\/image\\\/\",\"url\":\"https:\\\/\\\/inclusivenews.com.br\\\/wp-content\\\/uploads\\\/2024\\\/03\\\/@grandesite.png\",\"contentUrl\":\"https:\\\/\\\/inclusivenews.com.br\\\/wp-content\\\/uploads\\\/2024\\\/03\\\/@grandesite.png\",\"width\":1080,\"height\":1080,\"caption\":\"Inclusive - inclus\u00e3o e cidadania\"},\"image\":{\"@id\":\"https:\\\/\\\/inclusivenews.com.br\\\/#\\\/schema\\\/logo\\\/image\\\/\"},\"sameAs\":[\"https:\\\/\\\/www.facebook.com\\\/agenciainclusive\\\/\",\"https:\\\/\\\/www.instagram.com\\\/newsinclusive\\\/\"]},{\"@type\":\"Person\",\"@id\":\"https:\\\/\\\/inclusivenews.com.br\\\/#\\\/schema\\\/person\\\/ae4ec7087559b8692fb33b6fffd2273b\",\"name\":\"inclusivenews2024\",\"image\":{\"@type\":\"ImageObject\",\"inLanguage\":\"pt-PT\",\"@id\":\"https:\\\/\\\/secure.gravatar.com\\\/avatar\\\/c5a7ef84c66fa914f55bc4f7ce26cfa275a3b9a1c5568b907bd184fb4dde7b40?s=96&d=mm&r=g\",\"url\":\"https:\\\/\\\/secure.gravatar.com\\\/avatar\\\/c5a7ef84c66fa914f55bc4f7ce26cfa275a3b9a1c5568b907bd184fb4dde7b40?s=96&d=mm&r=g\",\"contentUrl\":\"https:\\\/\\\/secure.gravatar.com\\\/avatar\\\/c5a7ef84c66fa914f55bc4f7ce26cfa275a3b9a1c5568b907bd184fb4dde7b40?s=96&d=mm&r=g\",\"caption\":\"inclusivenews2024\"},\"sameAs\":[\"https:\\\/\\\/inclusivenews.com.br\"],\"url\":\"https:\\\/\\\/inclusivenews.com.br\\\/?author=1\"}]}<\/script>\n<!-- \/ Yoast SEO plugin. -->","yoast_head_json":{"title":"Mem\u00f3rias Gestuais - Document\u00e1rio portugu\u00eas sobre professor surdo -","robots":{"index":"index","follow":"follow","max-snippet":"max-snippet:-1","max-image-preview":"max-image-preview:large","max-video-preview":"max-video-preview:-1"},"canonical":"https:\/\/inclusivenews.com.br\/?p=13557","og_locale":"pt_PT","og_type":"article","og_title":"Mem\u00f3rias Gestuais - Document\u00e1rio portugu\u00eas sobre professor surdo -","og_description":"Document\u00e1rio\/Video educativo,did\u00e1ctico e interessante\u00a0sobre a vida profissional do Professor Francisco Goul\u00e3o (surdo) realizado pelo Z\u00e9 Lu\u00eds Rebel- ZLR-(surdo) Visitar\/Clique aqui: http:\/\/www.youtube.com\/watch?v=lmavAjaVu84 Hist\u00f3ria: Francisco Goul\u00e3o, \u00e9 professor de Educa\u00e7\u00e3o Visual no Centro Ant\u00f3nio C\u00e2ndido, Porto, h\u00e1 mais de 14 anos. No entanto, sempre se empenhou nesta profiss\u00e3o durante 32 anos, ap\u00f3s se licenciar em Pintura pela [&hellip;]","og_url":"https:\/\/inclusivenews.com.br\/?p=13557","article_publisher":"https:\/\/www.facebook.com\/agenciainclusive\/","article_published_time":"2010-01-27T13:46:35+00:00","og_image":[{"url":"http:\/\/inclusivenews.com.br\/wp-content\/uploads\/2010\/01\/goulao-300x225.jpg","type":"","width":"","height":""}],"author":"inclusivenews2024","twitter_card":"summary_large_image","twitter_misc":{"Escrito por":"inclusivenews2024","Tempo estimado de leitura":"3 minutos"},"schema":{"@context":"https:\/\/schema.org","@graph":[{"@type":"Article","@id":"https:\/\/inclusivenews.com.br\/?p=13557#article","isPartOf":{"@id":"https:\/\/inclusivenews.com.br\/?p=13557"},"author":{"name":"inclusivenews2024","@id":"https:\/\/inclusivenews.com.br\/#\/schema\/person\/ae4ec7087559b8692fb33b6fffd2273b"},"headline":"Mem\u00f3rias Gestuais &#8211; Document\u00e1rio portugu\u00eas sobre professor surdo","datePublished":"2010-01-27T13:46:35+00:00","mainEntityOfPage":{"@id":"https:\/\/inclusivenews.com.br\/?p=13557"},"wordCount":666,"commentCount":1,"publisher":{"@id":"https:\/\/inclusivenews.com.br\/#organization"},"image":{"@id":"https:\/\/inclusivenews.com.br\/?p=13557#primaryimage"},"thumbnailUrl":"http:\/\/inclusivenews.com.br\/wp-content\/uploads\/2010\/01\/goulao-300x225.jpg","articleSection":["Filmes e m\u00eddias","NOT\u00cdCIAS"],"inLanguage":"pt-PT","potentialAction":[{"@type":"CommentAction","name":"Comment","target":["https:\/\/inclusivenews.com.br\/?p=13557#respond"]}]},{"@type":"WebPage","@id":"https:\/\/inclusivenews.com.br\/?p=13557","url":"https:\/\/inclusivenews.com.br\/?p=13557","name":"Mem\u00f3rias Gestuais - Document\u00e1rio portugu\u00eas sobre professor surdo -","isPartOf":{"@id":"https:\/\/inclusivenews.com.br\/#website"},"primaryImageOfPage":{"@id":"https:\/\/inclusivenews.com.br\/?p=13557#primaryimage"},"image":{"@id":"https:\/\/inclusivenews.com.br\/?p=13557#primaryimage"},"thumbnailUrl":"http:\/\/inclusivenews.com.br\/wp-content\/uploads\/2010\/01\/goulao-300x225.jpg","datePublished":"2010-01-27T13:46:35+00:00","breadcrumb":{"@id":"https:\/\/inclusivenews.com.br\/?p=13557#breadcrumb"},"inLanguage":"pt-PT","potentialAction":[{"@type":"ReadAction","target":["https:\/\/inclusivenews.com.br\/?p=13557"]}]},{"@type":"ImageObject","inLanguage":"pt-PT","@id":"https:\/\/inclusivenews.com.br\/?p=13557#primaryimage","url":"","contentUrl":""},{"@type":"BreadcrumbList","@id":"https:\/\/inclusivenews.com.br\/?p=13557#breadcrumb","itemListElement":[{"@type":"ListItem","position":1,"name":"In\u00edcio","item":"https:\/\/inclusivenews.com.br\/"},{"@type":"ListItem","position":2,"name":"Mem\u00f3rias Gestuais &#8211; Document\u00e1rio portugu\u00eas sobre professor surdo"}]},{"@type":"WebSite","@id":"https:\/\/inclusivenews.com.br\/#website","url":"https:\/\/inclusivenews.com.br\/","name":"Inclusive News","description":"Inclusive News","publisher":{"@id":"https:\/\/inclusivenews.com.br\/#organization"},"potentialAction":[{"@type":"SearchAction","target":{"@type":"EntryPoint","urlTemplate":"https:\/\/inclusivenews.com.br\/?s={search_term_string}"},"query-input":{"@type":"PropertyValueSpecification","valueRequired":true,"valueName":"search_term_string"}}],"inLanguage":"pt-PT"},{"@type":"Organization","@id":"https:\/\/inclusivenews.com.br\/#organization","name":"Inclusive - inclus\u00e3o e cidadania","url":"https:\/\/inclusivenews.com.br\/","logo":{"@type":"ImageObject","inLanguage":"pt-PT","@id":"https:\/\/inclusivenews.com.br\/#\/schema\/logo\/image\/","url":"https:\/\/inclusivenews.com.br\/wp-content\/uploads\/2024\/03\/@grandesite.png","contentUrl":"https:\/\/inclusivenews.com.br\/wp-content\/uploads\/2024\/03\/@grandesite.png","width":1080,"height":1080,"caption":"Inclusive - inclus\u00e3o e cidadania"},"image":{"@id":"https:\/\/inclusivenews.com.br\/#\/schema\/logo\/image\/"},"sameAs":["https:\/\/www.facebook.com\/agenciainclusive\/","https:\/\/www.instagram.com\/newsinclusive\/"]},{"@type":"Person","@id":"https:\/\/inclusivenews.com.br\/#\/schema\/person\/ae4ec7087559b8692fb33b6fffd2273b","name":"inclusivenews2024","image":{"@type":"ImageObject","inLanguage":"pt-PT","@id":"https:\/\/secure.gravatar.com\/avatar\/c5a7ef84c66fa914f55bc4f7ce26cfa275a3b9a1c5568b907bd184fb4dde7b40?s=96&d=mm&r=g","url":"https:\/\/secure.gravatar.com\/avatar\/c5a7ef84c66fa914f55bc4f7ce26cfa275a3b9a1c5568b907bd184fb4dde7b40?s=96&d=mm&r=g","contentUrl":"https:\/\/secure.gravatar.com\/avatar\/c5a7ef84c66fa914f55bc4f7ce26cfa275a3b9a1c5568b907bd184fb4dde7b40?s=96&d=mm&r=g","caption":"inclusivenews2024"},"sameAs":["https:\/\/inclusivenews.com.br"],"url":"https:\/\/inclusivenews.com.br\/?author=1"}]}},"_links":{"self":[{"href":"https:\/\/inclusivenews.com.br\/index.php?rest_route=\/wp\/v2\/posts\/13557","targetHints":{"allow":["GET"]}}],"collection":[{"href":"https:\/\/inclusivenews.com.br\/index.php?rest_route=\/wp\/v2\/posts"}],"about":[{"href":"https:\/\/inclusivenews.com.br\/index.php?rest_route=\/wp\/v2\/types\/post"}],"author":[{"embeddable":true,"href":"https:\/\/inclusivenews.com.br\/index.php?rest_route=\/wp\/v2\/users\/1"}],"replies":[{"embeddable":true,"href":"https:\/\/inclusivenews.com.br\/index.php?rest_route=%2Fwp%2Fv2%2Fcomments&post=13557"}],"version-history":[{"count":0,"href":"https:\/\/inclusivenews.com.br\/index.php?rest_route=\/wp\/v2\/posts\/13557\/revisions"}],"wp:attachment":[{"href":"https:\/\/inclusivenews.com.br\/index.php?rest_route=%2Fwp%2Fv2%2Fmedia&parent=13557"}],"wp:term":[{"taxonomy":"category","embeddable":true,"href":"https:\/\/inclusivenews.com.br\/index.php?rest_route=%2Fwp%2Fv2%2Fcategories&post=13557"},{"taxonomy":"post_tag","embeddable":true,"href":"https:\/\/inclusivenews.com.br\/index.php?rest_route=%2Fwp%2Fv2%2Ftags&post=13557"}],"curies":[{"name":"wp","href":"https:\/\/api.w.org\/{rel}","templated":true}]}}