{"id":13563,"date":"2010-01-27T07:00:58","date_gmt":"2010-01-27T10:00:58","guid":{"rendered":"http:\/\/www.inclusive.org.br\/?p=13563"},"modified":"2010-01-27T07:00:58","modified_gmt":"2010-01-27T10:00:58","slug":"e-se-o-seu-filho-for-homossexual","status":"publish","type":"post","link":"https:\/\/inclusivenews.com.br\/?p=13563","title":{"rendered":"E se o seu filho  for homossexual?"},"content":{"rendered":"<figure id=\"attachment_12629\" aria-describedby=\"caption-attachment-12629\" style=\"width: 221px\" class=\"wp-caption alignleft\"><a href=\"http:\/\/www.inclusivenews.com.br\/wp-content\/uploads\/2009\/11\/logo_final_viapolitica.jpg\"><img loading=\"lazy\" decoding=\"async\" class=\"size-full wp-image-12629 \" title=\"Inclusive - logotipo da Via Politica - livre informa\u00e7\u00e3o e cultura.\" src=\"http:\/\/inclusivenews.com.br\/wp-content\/uploads\/2009\/11\/logo_final_viapolitica.jpg\" alt=\"Inclusive - logotipo da Via Politica - livre informa\u00e7\u00e3o e cultura.\" width=\"221\" height=\"221\" srcset=\"https:\/\/inclusivenews.com.br\/wp-content\/uploads\/2009\/11\/logo_final_viapolitica.jpg 276w, https:\/\/inclusivenews.com.br\/wp-content\/uploads\/2009\/11\/logo_final_viapolitica-150x150.jpg 150w\" sizes=\"auto, (max-width: 221px) 100vw, 221px\" \/><\/a><figcaption id=\"caption-attachment-12629\" class=\"wp-caption-text\"> <\/figcaption><\/figure>\n<p style=\"text-align: justify;\"><strong>Por Antonio Oza\u00ed da Silva, de Maring\u00e1, Paran\u00e1<\/strong><\/p>\n<p style=\"text-align: justify;\"><em>\u201cO que eu sou \u00e9 o que me faz viver.\u201d <\/em>Shakespeare, Henrique III<\/p>\n<p style=\"text-align: justify;\"><em>\u00c9, geralmente, no momento da descoberta que o preconceito mostra a sua face mais cruel. <\/em><\/p>\n<p style=\"text-align: justify;\">Claro, a pergunta se dirige aos pais com filhos e filhas heterossexuais, ou que n\u00e3o sabem sobre a homossexualidade deles(as). \u00c9, geralmente, no momento da descoberta que o preconceito mostra a sua face mais cruel. H\u00e1 pais que simplesmente n\u00e3o aceitam, e se perguntam, como o personagem da TV, \u201cOnde foi que errei?!\u201d. Outros, que at\u00e9 se consideram \u201cmodernos\u201d e livres de preconceitos, manifestam-se preconceituosamente e t\u00eam muita dificuldade em aceitar a verdade.<\/p>\n<p style=\"text-align: justify;\">Recordo de algu\u00e9m que fez um trabalho acad\u00eamico sobre o assunto e, cortando na pr\u00f3pria carne, assumiu o sofrimento e as incertezas que teve quando descobriu que o filho era homossexual. No in\u00edcio at\u00e9 achava que o rapaz n\u00e3o era \u201cnormal\u201d, apelou para as explica\u00e7\u00f5es morais e religiosas, profundamente preconceituosas e obscurantistas. O amor de m\u00e3e foi mais forte e ela acabou por aceitar a realidade, mas confessou que n\u00e3o foi f\u00e1cil. Mas do que uma atividade acad\u00eamica, foi uma experi\u00eancia impressionante. O humano em sua plenitude tamb\u00e9m respira no ambiente do campus; a universidade n\u00e3o \u00e9 s\u00f3 teoria, conceitos, abstra\u00e7\u00f5es.<\/p>\n<p style=\"text-align: justify;\">Compreendo o sofrimento dos que se deparam com situa\u00e7\u00f5es como esta. \u00c9 o que vemos no filme Milk, quando ele prop\u00f5e que todos assumam a homossexualidade. Mas h\u00e1 tamb\u00e9m a solidariedade, a compreens\u00e3o e aceita\u00e7\u00e3o do outro como ele\/ela \u00e9. O que \u00e9 dif\u00edcil entender s\u00e3o os argumentos de cunho religioso sobre a homossexualidade e a sua caracteriza\u00e7\u00e3o como \u201canormal\u201d, \u201cdoente\u201d, \u201cdemon\u00edaco\u201d e que at\u00e9 deveria ser declarada ilegal.<\/p>\n<p style=\"text-align: justify;\">\u00c9 irritante ouvir as palavras da personagem Anita Bryant em Milk: a voz da igualdade. Ela expressa bem o tipo de fervor religioso dos candidatos a santos, mas capazes de queimar os \u201cpecadores\u201d para purificar o mundo. \u00c9 uma esp\u00e9cie de crist\u00e3o paradigm\u00e1tico, cuja intoler\u00e2ncia tem o aval da \u201c\u00e9tica dos escolhidos\u201d. Este tipo \u00e9 um perigo n\u00e3o apenas para os \u201celeitos\u201d como o mal a extirpar, mas tamb\u00e9m para a sociedade democr\u00e1tica. O intolerante quer impor seus valores morais \u00e0 minoria, \u00e0 sociedade. No fundo, gostaria de instituir a teocracia.<\/p>\n<p style=\"text-align: justify;\">Estes senhores e senhoras que insanamente acreditam representar Deus, n\u00e3o reconhecem que se Ele os criou tamb\u00e9m \u00e9 Pai das criaturas que eles consideram \u201caberra\u00e7\u00f5es da natureza\u201d. S\u00e3o seus irm\u00e3os em Cristo, irm\u00e3os na carne, filhos e filhas. Eles se dizem crist\u00e3os, mas s\u00e3o incapazes de \u201cAmar o pr\u00f3ximo como a si mesmos\u201d e ensinam a intoler\u00e2ncia me nome de Deus. Em seus pr\u00f3prios termos, s\u00e3o profundamente incoerentes.<\/p>\n<p style=\"text-align: justify;\">Eles se imaginam porta-vozes Dele, e querem nos fazer crer. Questionado, o senador John Briggs responde: \u201cQuer saber, pode discutir comigo, mas n\u00e3o podem discutir com Deus\u201d. Pronto, n\u00e3o h\u00e1 argumento em contr\u00e1rio. Como pode algu\u00e9m que expressa a santa doutrina estar errado? Este procedimento anula o di\u00e1logo e desqualifica o interlocutor \u2013 pois s\u00f3 um endemoninhado, ou coisa do tipo, ousaria duvidar. Transforma, portanto, um tema pol\u00edtico numa quest\u00e3o moral e religiosa.<\/p>\n<p style=\"text-align: justify;\">As palavras e atitudes de pessoas como Anita Bryant e o senador John Briggs, que prop\u00f5e a demiss\u00e3o dos professores homossexuais, supostamente \u201cpervertidos\u201d e \u201cped\u00f3filos\u201d, p\u00f5em em xeque a democracia. Pode esta sobreviver se, em nome da toler\u00e2ncia, permite a intoler\u00e2ncia. E se o discurso intolerante tem o apoio da maioria, \u00e9 democr\u00e1tico negar os direitos da minoria? \u00c9 a tirania da maioria. A quest\u00e3o, ent\u00e3o, n\u00e3o se restringe ao indiv\u00edduo e sua cren\u00e7a religiosa. O problema \u00e9 pol\u00edtico. A resposta n\u00e3o poderia ser diferente: tamb\u00e9m ela \u00e9 pol\u00edtica. E se manifesta pelas palavras e a\u00e7\u00f5es do movimento pelos direitos dos homossexuais. Sexo, enfim, \u00e9 uma quest\u00e3o pol\u00edtica e Milk, o filme, \u00e9 uma mensagem de esperan\u00e7a.<\/p>\n<p style=\"text-align: justify;\">24\/1\/2010<\/p>\n<p>______________________<\/p>\n<p><strong>Fonte: <\/strong><a href=\"http:\/\/www.viapolitica.com.br\/entreato_view.php?id_entreato=233\" target=\"_blank\" rel=\"noopener\">ViaPol\u00edtica\/O autor<\/a><\/p>\n","protected":false},"excerpt":{"rendered":"<p>\u00c9, geralmente, no momento da descoberta que o preconceito mostra a sua face mais cruel. Por Antonio Oza\u00ed da Silva. Da Via Pol\u00edtica.<\/p>\n","protected":false},"author":1,"featured_media":0,"comment_status":"open","ping_status":"open","sticky":false,"template":"","format":"standard","meta":{"site-container-style":"default","site-container-layout":"default","site-sidebar-layout":"default","disable-article-header":"default","disable-site-header":"default","disable-site-footer":"default","disable-content-area-spacing":"default","footnotes":""},"categories":[8,41],"tags":[],"class_list":["post-13563","post","type-post","status-publish","format-standard","hentry","category-textos-e-artigos","category-preconceito"],"yoast_head":"<!-- This site is optimized with the Yoast SEO plugin v27.4 - https:\/\/yoast.com\/product\/yoast-seo-wordpress\/ -->\n<title>E se o seu filho for homossexual? -<\/title>\n<meta name=\"robots\" content=\"index, follow, max-snippet:-1, max-image-preview:large, max-video-preview:-1\" \/>\n<link rel=\"canonical\" href=\"https:\/\/inclusivenews.com.br\/?p=13563\" \/>\n<meta property=\"og:locale\" content=\"pt_PT\" \/>\n<meta property=\"og:type\" content=\"article\" \/>\n<meta property=\"og:title\" content=\"E se o seu filho for homossexual? -\" \/>\n<meta property=\"og:description\" content=\"\u00c9, geralmente, no momento da descoberta que o preconceito mostra a sua face mais cruel. Por Antonio Oza\u00ed da Silva. Da Via Pol\u00edtica.\" \/>\n<meta property=\"og:url\" content=\"https:\/\/inclusivenews.com.br\/?p=13563\" \/>\n<meta property=\"article:publisher\" content=\"https:\/\/www.facebook.com\/agenciainclusive\/\" \/>\n<meta property=\"article:published_time\" content=\"2010-01-27T10:00:58+00:00\" \/>\n<meta property=\"og:image\" content=\"http:\/\/inclusivenews.com.br\/wp-content\/uploads\/2009\/11\/logo_final_viapolitica.jpg\" \/>\n<meta name=\"author\" content=\"inclusivenews2024\" \/>\n<meta name=\"twitter:card\" content=\"summary_large_image\" \/>\n<meta name=\"twitter:label1\" content=\"Escrito por\" \/>\n\t<meta name=\"twitter:data1\" content=\"inclusivenews2024\" \/>\n\t<meta name=\"twitter:label2\" content=\"Tempo estimado de leitura\" \/>\n\t<meta name=\"twitter:data2\" content=\"3 minutos\" \/>\n<script type=\"application\/ld+json\" class=\"yoast-schema-graph\">{\"@context\":\"https:\\\/\\\/schema.org\",\"@graph\":[{\"@type\":\"Article\",\"@id\":\"https:\\\/\\\/inclusivenews.com.br\\\/?p=13563#article\",\"isPartOf\":{\"@id\":\"https:\\\/\\\/inclusivenews.com.br\\\/?p=13563\"},\"author\":{\"name\":\"inclusivenews2024\",\"@id\":\"https:\\\/\\\/inclusivenews.com.br\\\/#\\\/schema\\\/person\\\/ae4ec7087559b8692fb33b6fffd2273b\"},\"headline\":\"E se o seu filho for homossexual?\",\"datePublished\":\"2010-01-27T10:00:58+00:00\",\"mainEntityOfPage\":{\"@id\":\"https:\\\/\\\/inclusivenews.com.br\\\/?p=13563\"},\"wordCount\":702,\"commentCount\":0,\"publisher\":{\"@id\":\"https:\\\/\\\/inclusivenews.com.br\\\/#organization\"},\"image\":{\"@id\":\"https:\\\/\\\/inclusivenews.com.br\\\/?p=13563#primaryimage\"},\"thumbnailUrl\":\"http:\\\/\\\/inclusivenews.com.br\\\/wp-content\\\/uploads\\\/2009\\\/11\\\/logo_final_viapolitica.jpg\",\"articleSection\":[\"OPINI\u00c3O\",\"Preconceito\"],\"inLanguage\":\"pt-PT\",\"potentialAction\":[{\"@type\":\"CommentAction\",\"name\":\"Comment\",\"target\":[\"https:\\\/\\\/inclusivenews.com.br\\\/?p=13563#respond\"]}]},{\"@type\":\"WebPage\",\"@id\":\"https:\\\/\\\/inclusivenews.com.br\\\/?p=13563\",\"url\":\"https:\\\/\\\/inclusivenews.com.br\\\/?p=13563\",\"name\":\"E se o seu filho for homossexual? -\",\"isPartOf\":{\"@id\":\"https:\\\/\\\/inclusivenews.com.br\\\/#website\"},\"primaryImageOfPage\":{\"@id\":\"https:\\\/\\\/inclusivenews.com.br\\\/?p=13563#primaryimage\"},\"image\":{\"@id\":\"https:\\\/\\\/inclusivenews.com.br\\\/?p=13563#primaryimage\"},\"thumbnailUrl\":\"http:\\\/\\\/inclusivenews.com.br\\\/wp-content\\\/uploads\\\/2009\\\/11\\\/logo_final_viapolitica.jpg\",\"datePublished\":\"2010-01-27T10:00:58+00:00\",\"breadcrumb\":{\"@id\":\"https:\\\/\\\/inclusivenews.com.br\\\/?p=13563#breadcrumb\"},\"inLanguage\":\"pt-PT\",\"potentialAction\":[{\"@type\":\"ReadAction\",\"target\":[\"https:\\\/\\\/inclusivenews.com.br\\\/?p=13563\"]}]},{\"@type\":\"ImageObject\",\"inLanguage\":\"pt-PT\",\"@id\":\"https:\\\/\\\/inclusivenews.com.br\\\/?p=13563#primaryimage\",\"url\":\"https:\\\/\\\/inclusivenews.com.br\\\/wp-content\\\/uploads\\\/2009\\\/11\\\/logo_final_viapolitica.jpg\",\"contentUrl\":\"https:\\\/\\\/inclusivenews.com.br\\\/wp-content\\\/uploads\\\/2009\\\/11\\\/logo_final_viapolitica.jpg\",\"width\":276,\"height\":276,\"caption\":\"Inclusive - logotipo da Via Politica - livre informa\u00e7\u00e3o e cultura.\"},{\"@type\":\"BreadcrumbList\",\"@id\":\"https:\\\/\\\/inclusivenews.com.br\\\/?p=13563#breadcrumb\",\"itemListElement\":[{\"@type\":\"ListItem\",\"position\":1,\"name\":\"In\u00edcio\",\"item\":\"https:\\\/\\\/inclusivenews.com.br\\\/\"},{\"@type\":\"ListItem\",\"position\":2,\"name\":\"E se o seu filho for homossexual?\"}]},{\"@type\":\"WebSite\",\"@id\":\"https:\\\/\\\/inclusivenews.com.br\\\/#website\",\"url\":\"https:\\\/\\\/inclusivenews.com.br\\\/\",\"name\":\"Inclusive News\",\"description\":\"Inclusive News\",\"publisher\":{\"@id\":\"https:\\\/\\\/inclusivenews.com.br\\\/#organization\"},\"potentialAction\":[{\"@type\":\"SearchAction\",\"target\":{\"@type\":\"EntryPoint\",\"urlTemplate\":\"https:\\\/\\\/inclusivenews.com.br\\\/?s={search_term_string}\"},\"query-input\":{\"@type\":\"PropertyValueSpecification\",\"valueRequired\":true,\"valueName\":\"search_term_string\"}}],\"inLanguage\":\"pt-PT\"},{\"@type\":\"Organization\",\"@id\":\"https:\\\/\\\/inclusivenews.com.br\\\/#organization\",\"name\":\"Inclusive - inclus\u00e3o e cidadania\",\"url\":\"https:\\\/\\\/inclusivenews.com.br\\\/\",\"logo\":{\"@type\":\"ImageObject\",\"inLanguage\":\"pt-PT\",\"@id\":\"https:\\\/\\\/inclusivenews.com.br\\\/#\\\/schema\\\/logo\\\/image\\\/\",\"url\":\"https:\\\/\\\/inclusivenews.com.br\\\/wp-content\\\/uploads\\\/2024\\\/03\\\/@grandesite.png\",\"contentUrl\":\"https:\\\/\\\/inclusivenews.com.br\\\/wp-content\\\/uploads\\\/2024\\\/03\\\/@grandesite.png\",\"width\":1080,\"height\":1080,\"caption\":\"Inclusive - inclus\u00e3o e cidadania\"},\"image\":{\"@id\":\"https:\\\/\\\/inclusivenews.com.br\\\/#\\\/schema\\\/logo\\\/image\\\/\"},\"sameAs\":[\"https:\\\/\\\/www.facebook.com\\\/agenciainclusive\\\/\",\"https:\\\/\\\/www.instagram.com\\\/newsinclusive\\\/\"]},{\"@type\":\"Person\",\"@id\":\"https:\\\/\\\/inclusivenews.com.br\\\/#\\\/schema\\\/person\\\/ae4ec7087559b8692fb33b6fffd2273b\",\"name\":\"inclusivenews2024\",\"image\":{\"@type\":\"ImageObject\",\"inLanguage\":\"pt-PT\",\"@id\":\"https:\\\/\\\/secure.gravatar.com\\\/avatar\\\/c5a7ef84c66fa914f55bc4f7ce26cfa275a3b9a1c5568b907bd184fb4dde7b40?s=96&d=mm&r=g\",\"url\":\"https:\\\/\\\/secure.gravatar.com\\\/avatar\\\/c5a7ef84c66fa914f55bc4f7ce26cfa275a3b9a1c5568b907bd184fb4dde7b40?s=96&d=mm&r=g\",\"contentUrl\":\"https:\\\/\\\/secure.gravatar.com\\\/avatar\\\/c5a7ef84c66fa914f55bc4f7ce26cfa275a3b9a1c5568b907bd184fb4dde7b40?s=96&d=mm&r=g\",\"caption\":\"inclusivenews2024\"},\"sameAs\":[\"https:\\\/\\\/inclusivenews.com.br\"],\"url\":\"https:\\\/\\\/inclusivenews.com.br\\\/?author=1\"}]}<\/script>\n<!-- \/ Yoast SEO plugin. -->","yoast_head_json":{"title":"E se o seu filho for homossexual? -","robots":{"index":"index","follow":"follow","max-snippet":"max-snippet:-1","max-image-preview":"max-image-preview:large","max-video-preview":"max-video-preview:-1"},"canonical":"https:\/\/inclusivenews.com.br\/?p=13563","og_locale":"pt_PT","og_type":"article","og_title":"E se o seu filho for homossexual? -","og_description":"\u00c9, geralmente, no momento da descoberta que o preconceito mostra a sua face mais cruel. Por Antonio Oza\u00ed da Silva. Da Via Pol\u00edtica.","og_url":"https:\/\/inclusivenews.com.br\/?p=13563","article_publisher":"https:\/\/www.facebook.com\/agenciainclusive\/","article_published_time":"2010-01-27T10:00:58+00:00","og_image":[{"url":"http:\/\/inclusivenews.com.br\/wp-content\/uploads\/2009\/11\/logo_final_viapolitica.jpg","type":"","width":"","height":""}],"author":"inclusivenews2024","twitter_card":"summary_large_image","twitter_misc":{"Escrito por":"inclusivenews2024","Tempo estimado de leitura":"3 minutos"},"schema":{"@context":"https:\/\/schema.org","@graph":[{"@type":"Article","@id":"https:\/\/inclusivenews.com.br\/?p=13563#article","isPartOf":{"@id":"https:\/\/inclusivenews.com.br\/?p=13563"},"author":{"name":"inclusivenews2024","@id":"https:\/\/inclusivenews.com.br\/#\/schema\/person\/ae4ec7087559b8692fb33b6fffd2273b"},"headline":"E se o seu filho for homossexual?","datePublished":"2010-01-27T10:00:58+00:00","mainEntityOfPage":{"@id":"https:\/\/inclusivenews.com.br\/?p=13563"},"wordCount":702,"commentCount":0,"publisher":{"@id":"https:\/\/inclusivenews.com.br\/#organization"},"image":{"@id":"https:\/\/inclusivenews.com.br\/?p=13563#primaryimage"},"thumbnailUrl":"http:\/\/inclusivenews.com.br\/wp-content\/uploads\/2009\/11\/logo_final_viapolitica.jpg","articleSection":["OPINI\u00c3O","Preconceito"],"inLanguage":"pt-PT","potentialAction":[{"@type":"CommentAction","name":"Comment","target":["https:\/\/inclusivenews.com.br\/?p=13563#respond"]}]},{"@type":"WebPage","@id":"https:\/\/inclusivenews.com.br\/?p=13563","url":"https:\/\/inclusivenews.com.br\/?p=13563","name":"E se o seu filho for homossexual? -","isPartOf":{"@id":"https:\/\/inclusivenews.com.br\/#website"},"primaryImageOfPage":{"@id":"https:\/\/inclusivenews.com.br\/?p=13563#primaryimage"},"image":{"@id":"https:\/\/inclusivenews.com.br\/?p=13563#primaryimage"},"thumbnailUrl":"http:\/\/inclusivenews.com.br\/wp-content\/uploads\/2009\/11\/logo_final_viapolitica.jpg","datePublished":"2010-01-27T10:00:58+00:00","breadcrumb":{"@id":"https:\/\/inclusivenews.com.br\/?p=13563#breadcrumb"},"inLanguage":"pt-PT","potentialAction":[{"@type":"ReadAction","target":["https:\/\/inclusivenews.com.br\/?p=13563"]}]},{"@type":"ImageObject","inLanguage":"pt-PT","@id":"https:\/\/inclusivenews.com.br\/?p=13563#primaryimage","url":"https:\/\/inclusivenews.com.br\/wp-content\/uploads\/2009\/11\/logo_final_viapolitica.jpg","contentUrl":"https:\/\/inclusivenews.com.br\/wp-content\/uploads\/2009\/11\/logo_final_viapolitica.jpg","width":276,"height":276,"caption":"Inclusive - logotipo da Via Politica - livre informa\u00e7\u00e3o e cultura."},{"@type":"BreadcrumbList","@id":"https:\/\/inclusivenews.com.br\/?p=13563#breadcrumb","itemListElement":[{"@type":"ListItem","position":1,"name":"In\u00edcio","item":"https:\/\/inclusivenews.com.br\/"},{"@type":"ListItem","position":2,"name":"E se o seu filho for homossexual?"}]},{"@type":"WebSite","@id":"https:\/\/inclusivenews.com.br\/#website","url":"https:\/\/inclusivenews.com.br\/","name":"Inclusive News","description":"Inclusive News","publisher":{"@id":"https:\/\/inclusivenews.com.br\/#organization"},"potentialAction":[{"@type":"SearchAction","target":{"@type":"EntryPoint","urlTemplate":"https:\/\/inclusivenews.com.br\/?s={search_term_string}"},"query-input":{"@type":"PropertyValueSpecification","valueRequired":true,"valueName":"search_term_string"}}],"inLanguage":"pt-PT"},{"@type":"Organization","@id":"https:\/\/inclusivenews.com.br\/#organization","name":"Inclusive - inclus\u00e3o e cidadania","url":"https:\/\/inclusivenews.com.br\/","logo":{"@type":"ImageObject","inLanguage":"pt-PT","@id":"https:\/\/inclusivenews.com.br\/#\/schema\/logo\/image\/","url":"https:\/\/inclusivenews.com.br\/wp-content\/uploads\/2024\/03\/@grandesite.png","contentUrl":"https:\/\/inclusivenews.com.br\/wp-content\/uploads\/2024\/03\/@grandesite.png","width":1080,"height":1080,"caption":"Inclusive - inclus\u00e3o e cidadania"},"image":{"@id":"https:\/\/inclusivenews.com.br\/#\/schema\/logo\/image\/"},"sameAs":["https:\/\/www.facebook.com\/agenciainclusive\/","https:\/\/www.instagram.com\/newsinclusive\/"]},{"@type":"Person","@id":"https:\/\/inclusivenews.com.br\/#\/schema\/person\/ae4ec7087559b8692fb33b6fffd2273b","name":"inclusivenews2024","image":{"@type":"ImageObject","inLanguage":"pt-PT","@id":"https:\/\/secure.gravatar.com\/avatar\/c5a7ef84c66fa914f55bc4f7ce26cfa275a3b9a1c5568b907bd184fb4dde7b40?s=96&d=mm&r=g","url":"https:\/\/secure.gravatar.com\/avatar\/c5a7ef84c66fa914f55bc4f7ce26cfa275a3b9a1c5568b907bd184fb4dde7b40?s=96&d=mm&r=g","contentUrl":"https:\/\/secure.gravatar.com\/avatar\/c5a7ef84c66fa914f55bc4f7ce26cfa275a3b9a1c5568b907bd184fb4dde7b40?s=96&d=mm&r=g","caption":"inclusivenews2024"},"sameAs":["https:\/\/inclusivenews.com.br"],"url":"https:\/\/inclusivenews.com.br\/?author=1"}]}},"_links":{"self":[{"href":"https:\/\/inclusivenews.com.br\/index.php?rest_route=\/wp\/v2\/posts\/13563","targetHints":{"allow":["GET"]}}],"collection":[{"href":"https:\/\/inclusivenews.com.br\/index.php?rest_route=\/wp\/v2\/posts"}],"about":[{"href":"https:\/\/inclusivenews.com.br\/index.php?rest_route=\/wp\/v2\/types\/post"}],"author":[{"embeddable":true,"href":"https:\/\/inclusivenews.com.br\/index.php?rest_route=\/wp\/v2\/users\/1"}],"replies":[{"embeddable":true,"href":"https:\/\/inclusivenews.com.br\/index.php?rest_route=%2Fwp%2Fv2%2Fcomments&post=13563"}],"version-history":[{"count":0,"href":"https:\/\/inclusivenews.com.br\/index.php?rest_route=\/wp\/v2\/posts\/13563\/revisions"}],"wp:attachment":[{"href":"https:\/\/inclusivenews.com.br\/index.php?rest_route=%2Fwp%2Fv2%2Fmedia&parent=13563"}],"wp:term":[{"taxonomy":"category","embeddable":true,"href":"https:\/\/inclusivenews.com.br\/index.php?rest_route=%2Fwp%2Fv2%2Fcategories&post=13563"},{"taxonomy":"post_tag","embeddable":true,"href":"https:\/\/inclusivenews.com.br\/index.php?rest_route=%2Fwp%2Fv2%2Ftags&post=13563"}],"curies":[{"name":"wp","href":"https:\/\/api.w.org\/{rel}","templated":true}]}}