{"id":13569,"date":"2010-01-27T02:56:37","date_gmt":"2010-01-27T05:56:37","guid":{"rendered":"http:\/\/www.inclusive.org.br\/?p=13569"},"modified":"2010-01-27T02:56:37","modified_gmt":"2010-01-27T05:56:37","slug":"parceiros-comunicadores","status":"publish","type":"post","link":"https:\/\/inclusivenews.com.br\/?p=13569","title":{"rendered":"Parceiros Comunicadores"},"content":{"rendered":"<p><span style=\"font-family: Arial, sans-serif;\"><span style=\"font-size: xx-small;\"> <\/span><\/span><\/p>\n<p><span style=\"font-family: Arial, sans-serif;\"><span style=\"font-size: xx-small;\"><a href=\"http:\/\/www.inclusivenews.com.br\/wp-content\/uploads\/2010\/01\/comunicacao.jpg\"><\/a><\/span><\/span><span style=\"font-family: Arial, sans-serif; font-size: small;\"> <\/span><\/p>\n<figure id=\"attachment_13571\" aria-describedby=\"caption-attachment-13571\" style=\"width: 339px\" class=\"wp-caption alignnone\"><a href=\"http:\/\/www.inclusivenews.com.br\/wp-content\/uploads\/2010\/01\/comunicacao1.jpg\"><img loading=\"lazy\" decoding=\"async\" class=\"size-full wp-image-13571\" title=\"comunicacao\" src=\"http:\/\/inclusivenews.com.br\/wp-content\/uploads\/2010\/01\/comunicacao1.jpg\" alt=\"\" width=\"339\" height=\"275\" \/><\/a><figcaption id=\"caption-attachment-13571\" class=\"wp-caption-text\">Duas latinhas amarradas por um barbante<\/figcaption><\/figure>\n<p>Por Patricia Almeida*<\/p>\n<div>Desde que minha filha de 5 anos que tem s\u00edndrome de Down nasceu, me interesso muito pelo desenolvimento da linguagem e comunica\u00e7\u00e3o. Leio tudo o que me cai em m\u00e3os e pesquiso diferentes abordagens fonoaudiol\u00f3gicas, porque sei que a inclus\u00e3o dela ser\u00e1 mais f\u00e1cil se ela conseguir se comunicar com o mundo e o mundo com ela.<\/div>\n<div>Ultimamente ando apaixonada pela filosofia do Dr James Macdonald, criador do Parceiros Comunicadores (Communicating Partners). Ele \u00e9 doutor e pesquisador em Fonoaudiologia e Defici\u00eancia do Desenvolvimento da Universidade de Ohio, com 30 anos de experi\u00eancia, mais de 1000 fam\u00edlias atendidas,1500 terapeutas treinados e 6 livros publicados. O \u00faltimo deles, Play to Talk (Brincar para Falar), \u00e9 um guia pr\u00e1tico sobre como ajudar crian\u00e7as com atraso na fala a se tornarem comunicadores bem sucedidos. Cheio de bom-senso e exemplos pr\u00e1ticos, o livro \u00e9 o melhor que j\u00e1 li na \u00e1rea e o m\u00e9todo, quando bem aplicado, funciona de verdade.<\/div>\n<div>Tenho participado do grupo de discuss\u00e3o no Yahoo do qual o Dr \u201cJim\u201d faz parte. H\u00e1 muitos pais de crian\u00e7as com autismo, s\u00edndrome de Down e outras com atraso de fala sem diagnostico fechado, al\u00e9m de fonoaudi\u00f3logos. \u00c9 impressionante como tudo o que ele fala faz sentido. Uma das coisas que ele defende \u00e9 que \u00e9 bobagem ficar ensinando no\u00e7\u00f5ess acad\u00eamicas (letras, n\u00fameros, formas) para crian\u00e7as pequenas com problemas de desenvolvimento. O neg\u00f3cio \u00e9 trabalhar a intera\u00e7\u00e3o, comunica\u00e7\u00e3o de duas vias, atividades da vida pr\u00e1tica, vocabul\u00e1rio que fa\u00e7a sentido para elas, sempre brincando e se colocando no n\u00edvel da crian\u00e7a.<\/div>\n<div>Outra coisa que ele diz \u00e9 exatamente o oposto do que quase todos os terapeutas pregam \u2013 ao inv\u00e9s de ficar falando, falando, especialmente de maneira muito enrolada com a crian\u00e7a, fique quieto e espere pela resposta dela \u2013 mesmo que seja um gesto, um grunhido. Tudo isso \u00e9 comunica\u00e7\u00e3o.<\/div>\n<div>Tamb\u00e9m \u00e9 pol\u00eamica a instru\u00e7\u00e3o dele para lidar com gritos e birras \u2013 ignore-os solenemente.<\/div>\n<div id=\"_mcePaste\">Como disse, o m\u00e9todo \u00e9 dif\u00edcil de p\u00f4r em pr\u00e1tica, mas faz todo sentido e tem tudo a ver com inclus\u00e3o. E o melhor \u00e9 que ele n\u00e3o serve apenas para pessoas com atraso na fala, mas para compreender e melhorar toda forma de comunica\u00e7\u00e3o. Como com adolescentes, por exemplo&#8230;<\/div>\n<div>Traduzi abaixo alguns trechos que me chamaram aten\u00e7\u00e3o, mas recomendo vivamente tanto o livro quanto o grupo de discuss\u00e3o e o site para aqueles que dominam o ingl\u00eas.<\/div>\n<div>Site:<\/div>\n<div id=\"_mcePaste\"><a href=\"http:\/\/jamesdmacdonald.org\/Articles\/MacDonaldStart.html\">http:\/\/jamesdmacdonald.org\/Articles\/MacDonaldStart.html<\/a><\/div>\n<div id=\"_mcePaste\">Grupo de discuss\u00e3o em ingl\u00eas:<\/div>\n<div id=\"_mcePaste\"><a href=\"http:\/\/health.groups.yahoo.com\/group\/communicating\/\">http:\/\/health.groups.yahoo.com\/group\/communicating\/<\/a><\/div>\n<div id=\"_mcePaste\">Livro \u2013 Brincar para Falar:<\/div>\n<div id=\"_mcePaste\"><a href=\"http:\/\/www.amazon.com\/Play-Talk-Practical-Late-Talking-Conversation\/dp\/0978832027\">http:\/\/www.amazon.com\/Play-Talk-Practical-Late-Talking-Conversation\/dp\/0978832027<\/a><\/div>\n<div style=\"text-align: center;\"><strong>PARCEIRO FALA MUITO<\/strong><\/div>\n<div id=\"_mcePaste\" style=\"text-align: center;\"><strong>CRIAN\u00c7A PRATICA POUCO<\/strong><\/div>\n<div>Por que isso \u00e9 um problema?<\/div>\n<div id=\"_mcePaste\">Pouca pr\u00e1tica para criar o h\u00e1bito de conversar.<\/div>\n<div id=\"_mcePaste\">Aprende a ser passivo.<\/div>\n<div id=\"_mcePaste\">Aprende a falar apenas sobre as id\u00e9ias de outros.<\/div>\n<div id=\"_mcePaste\">N\u00e3o consegue aprender a esperar a vez.<\/div>\n<div id=\"_mcePaste\">Acredita que suas id\u00e9ias n\u00e3o s\u00e3o importantes.<\/div>\n<div id=\"_mcePaste\">Parceiro geralmente oferece modelos de fala que s\u00e3o muito complicados.<\/div>\n<div id=\"_mcePaste\">A conversa dura pouco quando s\u00f3 uma pessoa fala.<\/div>\n<div id=\"_mcePaste\">A CONVERSA LEVA \u00c0 VIDA SOCIAL MAIS DO QUE A LINGUAGEM PROPRIAMENTE DITA.<\/div>\n<div id=\"_mcePaste\">O que voc\u00ea pode fazer para ajudar?<\/div>\n<div id=\"_mcePaste\">PENSE NA CONVERSA\u00c7\u00c3O COMO UMA TROCA, UM JOGO DE PING-PONG,<\/div>\n<div id=\"_mcePaste\">N\u00c3O UMA EXPLANA\u00c7\u00c3O OU UM TESTE.<\/div>\n<div id=\"_mcePaste\">Espere em sil\u00eancio para que seu parceiro tenha sua vez.<\/div>\n<div id=\"_mcePaste\">Demonstre expectativa e estimule-o a participar.<\/div>\n<div id=\"_mcePaste\">Deixe que algumas vezes a comunica\u00e7\u00e3o dele seja f\u00edsica ou n\u00e3o-verbal<\/div>\n<div id=\"_mcePaste\">(se d\u00ea por meio de gestos, express\u00f5es faciais, etc)<\/div>\n<div id=\"_mcePaste\">Fa\u00e7a com que a pessoa saiba que voc\u00ea quer que a conversa continue.<\/div>\n<div id=\"_mcePaste\">Lembre-se de que ele vai aprender mais se voc\u00ea s\u00f3 fizer a metade.<\/div>\n<div id=\"_mcePaste\">A crian\u00e7a aprende a l\u00edngua melhor em conversas.<\/div>\n<div id=\"_mcePaste\">Fa\u00e7a da intera\u00e7\u00e3o f\u00edsica uma conversa.<\/div>\n<div id=\"_mcePaste\">EXEMPLO:<\/div>\n<div id=\"_mcePaste\">MENOS DESSE JEITO<\/div>\n<div id=\"_mcePaste\">M\u00e3e: Seu anivers\u00e1rio est\u00e1 chegando. O que voc\u00ea acha que vai ganhar? Aposto que sua avo vai lhe dar roupas de novo. Quem vai lhe dar brinquedos? Que brinquedo voc\u00ea quer?<\/div>\n<div id=\"_mcePaste\">Crian\u00e7a: Jogos de computador. Aqueles que&#8230;<\/div>\n<div id=\"_mcePaste\">M\u00e3e (Interrompendo) Oh, isso de novo n\u00e3o, voc\u00ea s\u00f3 se esconde e fica grudado nesses jogos.<\/div>\n<div id=\"_mcePaste\">Crian\u00e7a: Voc\u00ea pode jogar comigo no computador.<\/div>\n<div id=\"_mcePaste\">M\u00e3e: Ah, voc\u00ea sabe que eu estou sempre ocupada. E eu n\u00e3o entendo o que voc\u00ea v\u00ea nesses jogos.<\/div>\n<div id=\"_mcePaste\">Crian\u00e7a: Voc\u00ea podia aprender.<\/div>\n<div id=\"_mcePaste\">M\u00e3e: Eu tenho muita coisa pra fazer.<\/div>\n<div style=\"text-align: center;\"><strong>COMO ENTRAR NO MUNDO DA CRIAN\u00c7A?<\/strong><\/div>\n<div><strong>Seja equilibrado<\/strong> \u2013 quanto mais voc\u00ea agir e se comunicar tanto quanto a crian\u00e7a e ficar em sil\u00eancio, mostrando que espera que ela interaja com voc\u00ea, mais ela aprender\u00e1 a se comunicar com voc\u00ea<\/div>\n<div id=\"_mcePaste\"><strong>Copie<\/strong> \u2013 quanto mais voc\u00ea agir e se comunicar de maneira que a crian\u00e7a possa tentar fazer, e com coisas que lhe interesse, mais ela vai aprender a se comunicar com voc\u00ea<\/div>\n<div id=\"_mcePaste\"><strong>Responda <\/strong>\u2013 quanto mais voc\u00ea reagir precisamente ao que a crian\u00e7a est\u00e1 fazendo, dizendo ou sentindo, mais ela vai aprender a se comunicar com voc\u00ea<\/div>\n<div id=\"_mcePaste\"><strong>Divida com ela o controle<\/strong> \u2013 quanto mais cada parceiro dividir o controle da intera\u00e7\u00e3o, mais ele aprender\u00e1 a se comunicar. E quanto mais cada um tiver mais envolvimento com o outro, mais forte ser\u00e1 a rela\u00e7\u00e3o.<\/div>\n<div id=\"_mcePaste\"><strong>Seja brincalh\u00e3o e positivo <\/strong>\u2013 quanto mais animado e divertido voc\u00ea for, e quanto menos s\u00e9rio e tenso, mais a crian\u00e7a querer\u00e1 interagir com voc\u00ea, ficar com voc\u00ea e aprender com voc\u00ea.<\/div>\n<div style=\"text-align: center;\"><strong>H\u00c1BITOS PARA A VIDA<\/strong><\/div>\n<div>\n<ul>\n<li>Espere pacientemente para ouvir o que o seu parceiro tem pra dizer, e seu parceiro deve esperar voc\u00ea falar. Voc\u00ea vai ouvir e saber de coisas sobre ele que pode ter-e escapado antes. E ter\u00e1 uma chance de compartilhar e ensinar a ele coisas que ele pode ter perdido antes.<\/li>\n<li>Comunique-se de maneiras que o seu parceiro consiga se comunicar e sobre assuntos que ele tenha interesse. Voc\u00ea vai descobrir que o seu parceiro conhece e se importa com coisas que voc\u00ea jamais imaginou. Voc\u00ea vai conhecer seu cora\u00e7\u00e3o e suas motiva\u00e7\u00f5es.<\/li>\n<li>Responda com sensibilidade \u00e0s id\u00e9ias e emo\u00e7\u00f5es de sue parceiro. Voc\u00ea se dar\u00e1 conta que h\u00e1 maneiras de pensar que nunca lhe ocorreram. Voc\u00ea tamb\u00e9m far\u00e1 seu parceiro sentir que algu\u00e9m est\u00e1 realmente prestando aten\u00e7\u00e3o nele.<\/li>\n<li>Compartilhe a escolha de assuntos e evite ficar fazendo perguntas sem parar. Voc\u00ea vai ouvir mais sobre o que o seu parceiro pensa e sente, o que o tornar\u00e1 mais aberto a ouvir o que voc\u00ea pensa e sente.<\/li>\n<li>Curta seu parceiro de verdade e entre em intera\u00e7\u00f5es leves e brincalhonas. Seu cora\u00e7\u00e3o vai ficar mais leve, voc\u00eas dois v\u00e3o rir mais juntos e voc\u00ea poder\u00e1 ver e valorizar novas coisas sobre ele.<\/li>\n<\/ul>\n<\/div>\n<div><em>Sobre a autora:<\/em><\/div>\n<div id=\"_mcePaste\"><em>Patricia Almeida, jornalista, criadora e coordenadora da Inclusive <a href=\"www.inclusive.org.br\">www.inclusive.org.br<\/a> , coordenadora estrat\u00e9gica do Instituto MetaSocial, <a href=\"www.metasocial.org.br\">www.metasocial.org.br<\/a> da campanha \u201cSer Diferente \u00e9 Normal\u201d <a href=\"www.serdiferenteenormal.org.br\">www.serdiferenteenormal.org.br<\/a> , moderadora do grupo S\u00edndrome de Down <a href=\"http:\/\/br.groups.yahoo.com\/group\/sindromededown\">http:\/\/br.groups.yahoo.com\/group\/sindromededown<\/a>\/, criadora e moderadora dos Grupos RJDown <a href=\"http:\/\/br.groups.yahoo.com\/group\/dfdown\">http:\/\/br.groups.yahoo.com\/group\/dfdown<\/a>\/ e DFDown <a href=\"http:\/\/br.groups.yahoo.com\/group\/dfdown\/\">http:\/\/br.groups.yahoo.com\/group\/dfdown\/<\/a> e presidente de honra da Associa\u00e7\u00e3o DFDown<\/em>.<\/div>\n","protected":false},"excerpt":{"rendered":"<p>Desde que minha filha de 5 anos que tem s\u00edndrome de Down nasceu, me interesso muito pelo desenolvimento da linguagem e comunica\u00e7\u00e3o. Leio tudo o que me cai em m\u00e3os e pesquiso diferentes abordagens fonoaudiol\u00f3gicas, porque sei que a inclus\u00e3o dela ser\u00e1 mais f\u00e1cil se ela conseguir se comunicar com o mundo e o mundo com ela.<\/p>\n","protected":false},"author":1,"featured_media":0,"comment_status":"open","ping_status":"open","sticky":false,"template":"","format":"standard","meta":{"site-container-style":"default","site-container-layout":"default","site-sidebar-layout":"default","disable-article-header":"default","disable-site-header":"default","disable-site-footer":"default","disable-content-area-spacing":"default","footnotes":""},"categories":[4],"tags":[79],"class_list":["post-13569","post","type-post","status-publish","format-standard","hentry","category-noticias","tag-parceiros-da-comunicacao"],"yoast_head":"<!-- This site is optimized with the Yoast SEO plugin v27.4 - https:\/\/yoast.com\/product\/yoast-seo-wordpress\/ -->\n<title>Parceiros Comunicadores -<\/title>\n<meta name=\"robots\" content=\"index, follow, max-snippet:-1, max-image-preview:large, max-video-preview:-1\" \/>\n<link rel=\"canonical\" href=\"https:\/\/inclusivenews.com.br\/?p=13569\" \/>\n<meta property=\"og:locale\" content=\"pt_PT\" \/>\n<meta property=\"og:type\" content=\"article\" \/>\n<meta property=\"og:title\" content=\"Parceiros Comunicadores -\" \/>\n<meta property=\"og:description\" content=\"Desde que minha filha de 5 anos que tem s\u00edndrome de Down nasceu, me interesso muito pelo desenolvimento da linguagem e comunica\u00e7\u00e3o. Leio tudo o que me cai em m\u00e3os e pesquiso diferentes abordagens fonoaudiol\u00f3gicas, porque sei que a inclus\u00e3o dela ser\u00e1 mais f\u00e1cil se ela conseguir se comunicar com o mundo e o mundo com ela.\" \/>\n<meta property=\"og:url\" content=\"https:\/\/inclusivenews.com.br\/?p=13569\" \/>\n<meta property=\"article:publisher\" content=\"https:\/\/www.facebook.com\/agenciainclusive\/\" \/>\n<meta property=\"article:published_time\" content=\"2010-01-27T05:56:37+00:00\" \/>\n<meta property=\"og:image\" content=\"http:\/\/inclusivenews.com.br\/wp-content\/uploads\/2010\/01\/comunicacao1.jpg\" \/>\n<meta name=\"author\" content=\"inclusivenews2024\" \/>\n<meta name=\"twitter:card\" content=\"summary_large_image\" \/>\n<meta name=\"twitter:label1\" content=\"Escrito por\" \/>\n\t<meta name=\"twitter:data1\" content=\"inclusivenews2024\" \/>\n\t<meta name=\"twitter:label2\" content=\"Tempo estimado de leitura\" \/>\n\t<meta name=\"twitter:data2\" content=\"6 minutos\" \/>\n<script type=\"application\/ld+json\" class=\"yoast-schema-graph\">{\"@context\":\"https:\\\/\\\/schema.org\",\"@graph\":[{\"@type\":\"Article\",\"@id\":\"https:\\\/\\\/inclusivenews.com.br\\\/?p=13569#article\",\"isPartOf\":{\"@id\":\"https:\\\/\\\/inclusivenews.com.br\\\/?p=13569\"},\"author\":{\"name\":\"inclusivenews2024\",\"@id\":\"https:\\\/\\\/inclusivenews.com.br\\\/#\\\/schema\\\/person\\\/ae4ec7087559b8692fb33b6fffd2273b\"},\"headline\":\"Parceiros Comunicadores\",\"datePublished\":\"2010-01-27T05:56:37+00:00\",\"mainEntityOfPage\":{\"@id\":\"https:\\\/\\\/inclusivenews.com.br\\\/?p=13569\"},\"wordCount\":1244,\"commentCount\":3,\"publisher\":{\"@id\":\"https:\\\/\\\/inclusivenews.com.br\\\/#organization\"},\"image\":{\"@id\":\"https:\\\/\\\/inclusivenews.com.br\\\/?p=13569#primaryimage\"},\"thumbnailUrl\":\"http:\\\/\\\/inclusivenews.com.br\\\/wp-content\\\/uploads\\\/2010\\\/01\\\/comunicacao1.jpg\",\"keywords\":[\"Parceiros da Comunica\u00e7\u00e3o\"],\"articleSection\":[\"NOT\u00cdCIAS\"],\"inLanguage\":\"pt-PT\",\"potentialAction\":[{\"@type\":\"CommentAction\",\"name\":\"Comment\",\"target\":[\"https:\\\/\\\/inclusivenews.com.br\\\/?p=13569#respond\"]}]},{\"@type\":\"WebPage\",\"@id\":\"https:\\\/\\\/inclusivenews.com.br\\\/?p=13569\",\"url\":\"https:\\\/\\\/inclusivenews.com.br\\\/?p=13569\",\"name\":\"Parceiros Comunicadores -\",\"isPartOf\":{\"@id\":\"https:\\\/\\\/inclusivenews.com.br\\\/#website\"},\"primaryImageOfPage\":{\"@id\":\"https:\\\/\\\/inclusivenews.com.br\\\/?p=13569#primaryimage\"},\"image\":{\"@id\":\"https:\\\/\\\/inclusivenews.com.br\\\/?p=13569#primaryimage\"},\"thumbnailUrl\":\"http:\\\/\\\/inclusivenews.com.br\\\/wp-content\\\/uploads\\\/2010\\\/01\\\/comunicacao1.jpg\",\"datePublished\":\"2010-01-27T05:56:37+00:00\",\"breadcrumb\":{\"@id\":\"https:\\\/\\\/inclusivenews.com.br\\\/?p=13569#breadcrumb\"},\"inLanguage\":\"pt-PT\",\"potentialAction\":[{\"@type\":\"ReadAction\",\"target\":[\"https:\\\/\\\/inclusivenews.com.br\\\/?p=13569\"]}]},{\"@type\":\"ImageObject\",\"inLanguage\":\"pt-PT\",\"@id\":\"https:\\\/\\\/inclusivenews.com.br\\\/?p=13569#primaryimage\",\"url\":\"\",\"contentUrl\":\"\"},{\"@type\":\"BreadcrumbList\",\"@id\":\"https:\\\/\\\/inclusivenews.com.br\\\/?p=13569#breadcrumb\",\"itemListElement\":[{\"@type\":\"ListItem\",\"position\":1,\"name\":\"In\u00edcio\",\"item\":\"https:\\\/\\\/inclusivenews.com.br\\\/\"},{\"@type\":\"ListItem\",\"position\":2,\"name\":\"Parceiros Comunicadores\"}]},{\"@type\":\"WebSite\",\"@id\":\"https:\\\/\\\/inclusivenews.com.br\\\/#website\",\"url\":\"https:\\\/\\\/inclusivenews.com.br\\\/\",\"name\":\"Inclusive News\",\"description\":\"Inclusive News\",\"publisher\":{\"@id\":\"https:\\\/\\\/inclusivenews.com.br\\\/#organization\"},\"potentialAction\":[{\"@type\":\"SearchAction\",\"target\":{\"@type\":\"EntryPoint\",\"urlTemplate\":\"https:\\\/\\\/inclusivenews.com.br\\\/?s={search_term_string}\"},\"query-input\":{\"@type\":\"PropertyValueSpecification\",\"valueRequired\":true,\"valueName\":\"search_term_string\"}}],\"inLanguage\":\"pt-PT\"},{\"@type\":\"Organization\",\"@id\":\"https:\\\/\\\/inclusivenews.com.br\\\/#organization\",\"name\":\"Inclusive - inclus\u00e3o e cidadania\",\"url\":\"https:\\\/\\\/inclusivenews.com.br\\\/\",\"logo\":{\"@type\":\"ImageObject\",\"inLanguage\":\"pt-PT\",\"@id\":\"https:\\\/\\\/inclusivenews.com.br\\\/#\\\/schema\\\/logo\\\/image\\\/\",\"url\":\"https:\\\/\\\/inclusivenews.com.br\\\/wp-content\\\/uploads\\\/2024\\\/03\\\/@grandesite.png\",\"contentUrl\":\"https:\\\/\\\/inclusivenews.com.br\\\/wp-content\\\/uploads\\\/2024\\\/03\\\/@grandesite.png\",\"width\":1080,\"height\":1080,\"caption\":\"Inclusive - inclus\u00e3o e cidadania\"},\"image\":{\"@id\":\"https:\\\/\\\/inclusivenews.com.br\\\/#\\\/schema\\\/logo\\\/image\\\/\"},\"sameAs\":[\"https:\\\/\\\/www.facebook.com\\\/agenciainclusive\\\/\",\"https:\\\/\\\/www.instagram.com\\\/newsinclusive\\\/\"]},{\"@type\":\"Person\",\"@id\":\"https:\\\/\\\/inclusivenews.com.br\\\/#\\\/schema\\\/person\\\/ae4ec7087559b8692fb33b6fffd2273b\",\"name\":\"inclusivenews2024\",\"image\":{\"@type\":\"ImageObject\",\"inLanguage\":\"pt-PT\",\"@id\":\"https:\\\/\\\/secure.gravatar.com\\\/avatar\\\/c5a7ef84c66fa914f55bc4f7ce26cfa275a3b9a1c5568b907bd184fb4dde7b40?s=96&d=mm&r=g\",\"url\":\"https:\\\/\\\/secure.gravatar.com\\\/avatar\\\/c5a7ef84c66fa914f55bc4f7ce26cfa275a3b9a1c5568b907bd184fb4dde7b40?s=96&d=mm&r=g\",\"contentUrl\":\"https:\\\/\\\/secure.gravatar.com\\\/avatar\\\/c5a7ef84c66fa914f55bc4f7ce26cfa275a3b9a1c5568b907bd184fb4dde7b40?s=96&d=mm&r=g\",\"caption\":\"inclusivenews2024\"},\"sameAs\":[\"https:\\\/\\\/inclusivenews.com.br\"],\"url\":\"https:\\\/\\\/inclusivenews.com.br\\\/?author=1\"}]}<\/script>\n<!-- \/ Yoast SEO plugin. -->","yoast_head_json":{"title":"Parceiros Comunicadores -","robots":{"index":"index","follow":"follow","max-snippet":"max-snippet:-1","max-image-preview":"max-image-preview:large","max-video-preview":"max-video-preview:-1"},"canonical":"https:\/\/inclusivenews.com.br\/?p=13569","og_locale":"pt_PT","og_type":"article","og_title":"Parceiros Comunicadores -","og_description":"Desde que minha filha de 5 anos que tem s\u00edndrome de Down nasceu, me interesso muito pelo desenolvimento da linguagem e comunica\u00e7\u00e3o. Leio tudo o que me cai em m\u00e3os e pesquiso diferentes abordagens fonoaudiol\u00f3gicas, porque sei que a inclus\u00e3o dela ser\u00e1 mais f\u00e1cil se ela conseguir se comunicar com o mundo e o mundo com ela.","og_url":"https:\/\/inclusivenews.com.br\/?p=13569","article_publisher":"https:\/\/www.facebook.com\/agenciainclusive\/","article_published_time":"2010-01-27T05:56:37+00:00","og_image":[{"url":"http:\/\/inclusivenews.com.br\/wp-content\/uploads\/2010\/01\/comunicacao1.jpg","type":"","width":"","height":""}],"author":"inclusivenews2024","twitter_card":"summary_large_image","twitter_misc":{"Escrito por":"inclusivenews2024","Tempo estimado de leitura":"6 minutos"},"schema":{"@context":"https:\/\/schema.org","@graph":[{"@type":"Article","@id":"https:\/\/inclusivenews.com.br\/?p=13569#article","isPartOf":{"@id":"https:\/\/inclusivenews.com.br\/?p=13569"},"author":{"name":"inclusivenews2024","@id":"https:\/\/inclusivenews.com.br\/#\/schema\/person\/ae4ec7087559b8692fb33b6fffd2273b"},"headline":"Parceiros Comunicadores","datePublished":"2010-01-27T05:56:37+00:00","mainEntityOfPage":{"@id":"https:\/\/inclusivenews.com.br\/?p=13569"},"wordCount":1244,"commentCount":3,"publisher":{"@id":"https:\/\/inclusivenews.com.br\/#organization"},"image":{"@id":"https:\/\/inclusivenews.com.br\/?p=13569#primaryimage"},"thumbnailUrl":"http:\/\/inclusivenews.com.br\/wp-content\/uploads\/2010\/01\/comunicacao1.jpg","keywords":["Parceiros da Comunica\u00e7\u00e3o"],"articleSection":["NOT\u00cdCIAS"],"inLanguage":"pt-PT","potentialAction":[{"@type":"CommentAction","name":"Comment","target":["https:\/\/inclusivenews.com.br\/?p=13569#respond"]}]},{"@type":"WebPage","@id":"https:\/\/inclusivenews.com.br\/?p=13569","url":"https:\/\/inclusivenews.com.br\/?p=13569","name":"Parceiros Comunicadores -","isPartOf":{"@id":"https:\/\/inclusivenews.com.br\/#website"},"primaryImageOfPage":{"@id":"https:\/\/inclusivenews.com.br\/?p=13569#primaryimage"},"image":{"@id":"https:\/\/inclusivenews.com.br\/?p=13569#primaryimage"},"thumbnailUrl":"http:\/\/inclusivenews.com.br\/wp-content\/uploads\/2010\/01\/comunicacao1.jpg","datePublished":"2010-01-27T05:56:37+00:00","breadcrumb":{"@id":"https:\/\/inclusivenews.com.br\/?p=13569#breadcrumb"},"inLanguage":"pt-PT","potentialAction":[{"@type":"ReadAction","target":["https:\/\/inclusivenews.com.br\/?p=13569"]}]},{"@type":"ImageObject","inLanguage":"pt-PT","@id":"https:\/\/inclusivenews.com.br\/?p=13569#primaryimage","url":"","contentUrl":""},{"@type":"BreadcrumbList","@id":"https:\/\/inclusivenews.com.br\/?p=13569#breadcrumb","itemListElement":[{"@type":"ListItem","position":1,"name":"In\u00edcio","item":"https:\/\/inclusivenews.com.br\/"},{"@type":"ListItem","position":2,"name":"Parceiros Comunicadores"}]},{"@type":"WebSite","@id":"https:\/\/inclusivenews.com.br\/#website","url":"https:\/\/inclusivenews.com.br\/","name":"Inclusive News","description":"Inclusive News","publisher":{"@id":"https:\/\/inclusivenews.com.br\/#organization"},"potentialAction":[{"@type":"SearchAction","target":{"@type":"EntryPoint","urlTemplate":"https:\/\/inclusivenews.com.br\/?s={search_term_string}"},"query-input":{"@type":"PropertyValueSpecification","valueRequired":true,"valueName":"search_term_string"}}],"inLanguage":"pt-PT"},{"@type":"Organization","@id":"https:\/\/inclusivenews.com.br\/#organization","name":"Inclusive - inclus\u00e3o e cidadania","url":"https:\/\/inclusivenews.com.br\/","logo":{"@type":"ImageObject","inLanguage":"pt-PT","@id":"https:\/\/inclusivenews.com.br\/#\/schema\/logo\/image\/","url":"https:\/\/inclusivenews.com.br\/wp-content\/uploads\/2024\/03\/@grandesite.png","contentUrl":"https:\/\/inclusivenews.com.br\/wp-content\/uploads\/2024\/03\/@grandesite.png","width":1080,"height":1080,"caption":"Inclusive - inclus\u00e3o e cidadania"},"image":{"@id":"https:\/\/inclusivenews.com.br\/#\/schema\/logo\/image\/"},"sameAs":["https:\/\/www.facebook.com\/agenciainclusive\/","https:\/\/www.instagram.com\/newsinclusive\/"]},{"@type":"Person","@id":"https:\/\/inclusivenews.com.br\/#\/schema\/person\/ae4ec7087559b8692fb33b6fffd2273b","name":"inclusivenews2024","image":{"@type":"ImageObject","inLanguage":"pt-PT","@id":"https:\/\/secure.gravatar.com\/avatar\/c5a7ef84c66fa914f55bc4f7ce26cfa275a3b9a1c5568b907bd184fb4dde7b40?s=96&d=mm&r=g","url":"https:\/\/secure.gravatar.com\/avatar\/c5a7ef84c66fa914f55bc4f7ce26cfa275a3b9a1c5568b907bd184fb4dde7b40?s=96&d=mm&r=g","contentUrl":"https:\/\/secure.gravatar.com\/avatar\/c5a7ef84c66fa914f55bc4f7ce26cfa275a3b9a1c5568b907bd184fb4dde7b40?s=96&d=mm&r=g","caption":"inclusivenews2024"},"sameAs":["https:\/\/inclusivenews.com.br"],"url":"https:\/\/inclusivenews.com.br\/?author=1"}]}},"_links":{"self":[{"href":"https:\/\/inclusivenews.com.br\/index.php?rest_route=\/wp\/v2\/posts\/13569","targetHints":{"allow":["GET"]}}],"collection":[{"href":"https:\/\/inclusivenews.com.br\/index.php?rest_route=\/wp\/v2\/posts"}],"about":[{"href":"https:\/\/inclusivenews.com.br\/index.php?rest_route=\/wp\/v2\/types\/post"}],"author":[{"embeddable":true,"href":"https:\/\/inclusivenews.com.br\/index.php?rest_route=\/wp\/v2\/users\/1"}],"replies":[{"embeddable":true,"href":"https:\/\/inclusivenews.com.br\/index.php?rest_route=%2Fwp%2Fv2%2Fcomments&post=13569"}],"version-history":[{"count":0,"href":"https:\/\/inclusivenews.com.br\/index.php?rest_route=\/wp\/v2\/posts\/13569\/revisions"}],"wp:attachment":[{"href":"https:\/\/inclusivenews.com.br\/index.php?rest_route=%2Fwp%2Fv2%2Fmedia&parent=13569"}],"wp:term":[{"taxonomy":"category","embeddable":true,"href":"https:\/\/inclusivenews.com.br\/index.php?rest_route=%2Fwp%2Fv2%2Fcategories&post=13569"},{"taxonomy":"post_tag","embeddable":true,"href":"https:\/\/inclusivenews.com.br\/index.php?rest_route=%2Fwp%2Fv2%2Ftags&post=13569"}],"curies":[{"name":"wp","href":"https:\/\/api.w.org\/{rel}","templated":true}]}}